{"id":26193,"date":"2015-12-31T11:38:25","date_gmt":"2015-12-31T11:38:25","guid":{"rendered":"http:\/\/ddigital.webs.ull.es\/?p=26193"},"modified":"2015-12-31T11:38:25","modified_gmt":"2015-12-31T11:38:25","slug":"la-universidad-de-la-laguna-colaborara-con-la-estrategia-de-desarrollo-urbano-de-la-laguna","status":"publish","type":"post","link":"https:\/\/www.ull.es\/portal\/noticias\/2015\/la-universidad-de-la-laguna-colaborara-con-la-estrategia-de-desarrollo-urbano-de-la-laguna\/","title":{"rendered":"La Universidad de La Laguna colaborar\u00e1 con la estrategia de desarrollo urbano de La Laguna"},"content":{"rendered":"<p>La Universidad de La Laguna colaborar\u00e1 en la definici\u00f3n de la propuesta lagunera a la convocatoria de Desarrollo Urbano Sostenible e Integrado (DUSI) que se pretende aplicar en el sector meridional del municipio. As\u00ed, entre otras actuaciones, se integran las que que se llevar\u00e1n a cabo en el Polo Cient\u00edfico y Tecnol\u00f3gico en los terrenos del \u2018Hogar Gomero\u2019.<\/p>\n<p>La ULL participa en el proceso de definici\u00f3n de la Estrategia aportando un equipo experto, que se canalizar\u00e1 a trav\u00e9s de su Fundaci\u00f3n General y que ya se vincul\u00f3 en su momento a la redacci\u00f3n del Plan Urban.<br \/>\nLa Universidad de Laguna apoya la Estrategia de Desarrollo Urbano Sostenible e Integrado (DUSI) que se est\u00e1 redactando para el sector meridional del municipio, que comprende la intervenci\u00f3n en una franja que incluye el futuro Polo Cient\u00edfico y Tecnol\u00f3gico en la zona de La Higuerita y que se alarga hasta el centro de Taco, incorporando buena parte del espacio industrial de San Crist\u00f3bal de La Laguna y distintos barrios que conforman las localidades de La Cuesta y Taco hasta sumar una poblaci\u00f3n cercana a los 30 mil habitantes.<\/p>\n<p>Durante la semana pasada tuvo lugar una reuni\u00f3n de trabajo en el Vicerrectorado de Relaciones con la Sociedad, en la que participaron su vicerrector, Francisco Garc\u00eda, el gerente de la Fundaci\u00f3n General, Julio Brito, junto a integrantes del equipo redactor de la Estrategia DUSI, para recabar las impresiones de la ULL acerca de las l\u00edneas de actuaci\u00f3n ya definidas con car\u00e1cter preliminar y recoger las aportaciones del centro superior, puesto que la convocatoria hace \u00e9nfasis en el car\u00e1cter participativo de la propuesta que finalmente se configure y la intervenci\u00f3n en la misma de los principales agentes y actores sociales, econ\u00f3micos e institucionales del municipio.<\/p>\n<p>La Universidad ya ven\u00eda participando en el proceso de conformaci\u00f3n de la Estrategia a trav\u00e9s de las aportaciones que uno de sus grupos de trabajo viene\u00a0 haciendo en el seno del equipo redactor del DUSI, con el soporte administrativo de su Fundaci\u00f3n General. Tambi\u00e9n ha conocido las bases de la Estrategia y sus principales elementos mediante su participaci\u00f3n en el Foro Econ\u00f3mico y Social de San Crist\u00f3bal de La Laguna, \u00f3rgano del que forma parte desde su creaci\u00f3n como Foro Anticrisis. La Universidad tiene experiencia en este tipo de actuaciones, puesto que particip\u00f3 en su momento en la redacci\u00f3n del Plan Urban para La Cuesta y Taco.<\/p>\n<p>Asimismo se ha valorado de manera muy positiva que en el proceso de definici\u00f3n de la Estrategia participen profesionales e investigadores vinculados\/as a proyectos que la Universidad actualmente promueve en el territorio de intervenci\u00f3n, como el conocido como ICI-Taco, que se desarrolla desde 2014 a partir de una colaboraci\u00f3n con la Obra Social \u201cla Caixa\u201d, o Barrios por el Empleo y Juntos En la misma direcci\u00f3n, en colaboraci\u00f3n con el Cabildo de Tenerife, que podr\u00e1n tener un papel protagonista en el desarrollo futuro de algunas de las actuaciones contempladas en la propuesta que se est\u00e1 acabando de definir, de manera particular en los objetivos tem\u00e1ticos que pretenden actuar en la esfera de la inclusi\u00f3n social y lucha contra la pobreza.<\/p>\n<p>Con todo, uno de los hitos incorporados a la Estrategia es el futuro Polo Cient\u00edfico y Tecnol\u00f3gico con su Parque Urbano anexo, en cuya configuraci\u00f3n la ULL ha desempe\u00f1ado y pretende desempe\u00f1ar un importante papel junto a su entidad promotora y al resto de organizaciones que formar\u00e1n parte de su configuraci\u00f3n, como el Cabildo de Tenerife, el IAC o el Ayuntamiento de San Crist\u00f3bal de La Laguna. El Polo se considera uno de los principales activos de la Estrategia DUSI por su indudable repercusi\u00f3n en la dinamizaci\u00f3n econ\u00f3mica del entorno en que se desarrollar\u00e1, al mismo tiempo que supone la regeneraci\u00f3n de un sector estrat\u00e9gico para el moderno desarrollo de la conurbaci\u00f3n capitalina de Tenerife.<\/p>\n","protected":false},"excerpt":{"rendered":"<p>La Universidad de La Laguna colaborar\u00e1 en la definici\u00f3n de la propuesta lagunera a la convocatoria de Desarrollo Urbano Sostenible&#8230;<\/p>\n","protected":false},"author":23,"featured_media":26194,"comment_status":"open","ping_status":"open","sticky":false,"template":"","format":"standard","meta":{"inline_featured_image":false,"footnotes":""},"categories":[345,348,1],"tags":[],"acf":[],"yoast_head":"<!-- This site is optimized with the Yoast SEO plugin v21.3 - https:\/\/yoast.com\/wordpress\/plugins\/seo\/ -->\n<title>La Universidad de La Laguna colaborar\u00e1 con la estrategia de desarrollo urbano de La Laguna - ULL - Noticias<\/title>\n<meta name=\"robots\" content=\"index, follow, max-snippet:-1, max-image-preview:large, max-video-preview:-1\" \/>\n<link rel=\"canonical\" href=\"https:\/\/www.ull.es\/portal\/noticias\/2015\/la-universidad-de-la-laguna-colaborara-con-la-estrategia-de-desarrollo-urbano-de-la-laguna\/\" \/>\n<meta property=\"og:locale\" content=\"es_ES\" \/>\n<meta property=\"og:type\" content=\"article\" \/>\n<meta property=\"og:title\" content=\"La Universidad de La Laguna colaborar\u00e1 con la estrategia de desarrollo urbano de La Laguna - ULL - Noticias\" \/>\n<meta property=\"og:description\" content=\"La Universidad de La Laguna colaborar\u00e1 en la definici\u00f3n de la propuesta lagunera a la convocatoria de Desarrollo Urbano Sostenible...\" \/>\n<meta property=\"og:url\" content=\"https:\/\/www.ull.es\/portal\/noticias\/2015\/la-universidad-de-la-laguna-colaborara-con-la-estrategia-de-desarrollo-urbano-de-la-laguna\/\" \/>\n<meta property=\"og:site_name\" content=\"ULL - Noticias\" \/>\n<meta property=\"article:publisher\" content=\"https:\/\/www.facebook.com\/universidaddelalaguna\/\" \/>\n<meta property=\"article:published_time\" content=\"2015-12-31T11:38:25+00:00\" \/>\n<meta property=\"og:image\" content=\"https:\/\/www.ull.es\/portal\/noticias\/wp-content\/uploads\/sites\/13\/2015\/12\/IMG_0293.jpg\" \/>\n\t<meta property=\"og:image:width\" content=\"3264\" \/>\n\t<meta property=\"og:image:height\" content=\"2448\" \/>\n\t<meta property=\"og:image:type\" content=\"image\/jpeg\" \/>\n<meta name=\"author\" content=\"gaprsa\" \/>\n<meta name=\"twitter:card\" content=\"summary_large_image\" \/>\n<meta name=\"twitter:creator\" content=\"@CanalULL\" \/>\n<meta name=\"twitter:site\" content=\"@CanalULL\" \/>\n<meta name=\"twitter:label1\" content=\"Escrito por\" \/>\n\t<meta name=\"twitter:data1\" content=\"gaprsa\" \/>\n\t<meta name=\"twitter:label2\" content=\"Tiempo de lectura\" \/>\n\t<meta name=\"twitter:data2\" content=\"3 minutos\" \/>\n<script type=\"application\/ld+json\" class=\"yoast-schema-graph\">{\"@context\":\"https:\/\/schema.org\",\"@graph\":[{\"@type\":\"WebPage\",\"@id\":\"https:\/\/www.ull.es\/portal\/noticias\/2015\/la-universidad-de-la-laguna-colaborara-con-la-estrategia-de-desarrollo-urbano-de-la-laguna\/\",\"url\":\"https:\/\/www.ull.es\/portal\/noticias\/2015\/la-universidad-de-la-laguna-colaborara-con-la-estrategia-de-desarrollo-urbano-de-la-laguna\/\",\"name\":\"La Universidad de La Laguna colaborar\u00e1 con la estrategia de desarrollo urbano de La Laguna - ULL - Noticias\",\"isPartOf\":{\"@id\":\"https:\/\/www.ull.es\/portal\/noticias\/#website\"},\"datePublished\":\"2015-12-31T11:38:25+00:00\",\"dateModified\":\"2015-12-31T11:38:25+00:00\",\"author\":{\"@id\":\"https:\/\/www.ull.es\/portal\/noticias\/#\/schema\/person\/b2b1a89d43ffa609e591f7df8ef3e817\"},\"breadcrumb\":{\"@id\":\"https:\/\/www.ull.es\/portal\/noticias\/2015\/la-universidad-de-la-laguna-colaborara-con-la-estrategia-de-desarrollo-urbano-de-la-laguna\/#breadcrumb\"},\"inLanguage\":\"es\",\"potentialAction\":[{\"@type\":\"ReadAction\",\"target\":[\"https:\/\/www.ull.es\/portal\/noticias\/2015\/la-universidad-de-la-laguna-colaborara-con-la-estrategia-de-desarrollo-urbano-de-la-laguna\/\"]}]},{\"@type\":\"BreadcrumbList\",\"@id\":\"https:\/\/www.ull.es\/portal\/noticias\/2015\/la-universidad-de-la-laguna-colaborara-con-la-estrategia-de-desarrollo-urbano-de-la-laguna\/#breadcrumb\",\"itemListElement\":[{\"@type\":\"ListItem\",\"position\":1,\"name\":\"Portada\",\"item\":\"https:\/\/www.ull.es\/portal\/noticias\/\"},{\"@type\":\"ListItem\",\"position\":2,\"name\":\"La Universidad de La Laguna colaborar\u00e1 con la estrategia de desarrollo urbano de La Laguna\"}]},{\"@type\":\"WebSite\",\"@id\":\"https:\/\/www.ull.es\/portal\/noticias\/#website\",\"url\":\"https:\/\/www.ull.es\/portal\/noticias\/\",\"name\":\"ULL - Noticias\",\"description\":\"\",\"potentialAction\":[{\"@type\":\"SearchAction\",\"target\":{\"@type\":\"EntryPoint\",\"urlTemplate\":\"https:\/\/www.ull.es\/portal\/noticias\/?s={search_term_string}\"},\"query-input\":\"required name=search_term_string\"}],\"inLanguage\":\"es\"},{\"@type\":\"Person\",\"@id\":\"https:\/\/www.ull.es\/portal\/noticias\/#\/schema\/person\/b2b1a89d43ffa609e591f7df8ef3e817\",\"name\":\"gaprsa\",\"image\":{\"@type\":\"ImageObject\",\"inLanguage\":\"es\",\"@id\":\"https:\/\/www.ull.es\/portal\/noticias\/#\/schema\/person\/image\/\",\"url\":\"https:\/\/secure.gravatar.com\/avatar\/443820550921091458b4823867723b3d?s=96&d=mm&r=g\",\"contentUrl\":\"https:\/\/secure.gravatar.com\/avatar\/443820550921091458b4823867723b3d?s=96&d=mm&r=g\",\"caption\":\"gaprsa\"},\"url\":\"https:\/\/www.ull.es\/portal\/noticias\/author\/gaprsa\/\"}]}<\/script>\n<!-- \/ Yoast SEO plugin. -->","yoast_head_json":{"title":"La Universidad de La Laguna colaborar\u00e1 con la estrategia de desarrollo urbano de La Laguna - ULL - Noticias","robots":{"index":"index","follow":"follow","max-snippet":"max-snippet:-1","max-image-preview":"max-image-preview:large","max-video-preview":"max-video-preview:-1"},"canonical":"https:\/\/www.ull.es\/portal\/noticias\/2015\/la-universidad-de-la-laguna-colaborara-con-la-estrategia-de-desarrollo-urbano-de-la-laguna\/","og_locale":"es_ES","og_type":"article","og_title":"La Universidad de La Laguna colaborar\u00e1 con la estrategia de desarrollo urbano de La Laguna - ULL - Noticias","og_description":"La Universidad de La Laguna colaborar\u00e1 en la definici\u00f3n de la propuesta lagunera a la convocatoria de Desarrollo Urbano Sostenible...","og_url":"https:\/\/www.ull.es\/portal\/noticias\/2015\/la-universidad-de-la-laguna-colaborara-con-la-estrategia-de-desarrollo-urbano-de-la-laguna\/","og_site_name":"ULL - Noticias","article_publisher":"https:\/\/www.facebook.com\/universidaddelalaguna\/","article_published_time":"2015-12-31T11:38:25+00:00","og_image":[{"width":3264,"height":2448,"url":"https:\/\/www.ull.es\/portal\/noticias\/wp-content\/uploads\/sites\/13\/2015\/12\/IMG_0293.jpg","type":"image\/jpeg"}],"author":"gaprsa","twitter_card":"summary_large_image","twitter_creator":"@CanalULL","twitter_site":"@CanalULL","twitter_misc":{"Escrito por":"gaprsa","Tiempo de lectura":"3 minutos"},"schema":{"@context":"https:\/\/schema.org","@graph":[{"@type":"WebPage","@id":"https:\/\/www.ull.es\/portal\/noticias\/2015\/la-universidad-de-la-laguna-colaborara-con-la-estrategia-de-desarrollo-urbano-de-la-laguna\/","url":"https:\/\/www.ull.es\/portal\/noticias\/2015\/la-universidad-de-la-laguna-colaborara-con-la-estrategia-de-desarrollo-urbano-de-la-laguna\/","name":"La Universidad de La Laguna colaborar\u00e1 con la estrategia de desarrollo urbano de La Laguna - ULL - Noticias","isPartOf":{"@id":"https:\/\/www.ull.es\/portal\/noticias\/#website"},"datePublished":"2015-12-31T11:38:25+00:00","dateModified":"2015-12-31T11:38:25+00:00","author":{"@id":"https:\/\/www.ull.es\/portal\/noticias\/#\/schema\/person\/b2b1a89d43ffa609e591f7df8ef3e817"},"breadcrumb":{"@id":"https:\/\/www.ull.es\/portal\/noticias\/2015\/la-universidad-de-la-laguna-colaborara-con-la-estrategia-de-desarrollo-urbano-de-la-laguna\/#breadcrumb"},"inLanguage":"es","potentialAction":[{"@type":"ReadAction","target":["https:\/\/www.ull.es\/portal\/noticias\/2015\/la-universidad-de-la-laguna-colaborara-con-la-estrategia-de-desarrollo-urbano-de-la-laguna\/"]}]},{"@type":"BreadcrumbList","@id":"https:\/\/www.ull.es\/portal\/noticias\/2015\/la-universidad-de-la-laguna-colaborara-con-la-estrategia-de-desarrollo-urbano-de-la-laguna\/#breadcrumb","itemListElement":[{"@type":"ListItem","position":1,"name":"Portada","item":"https:\/\/www.ull.es\/portal\/noticias\/"},{"@type":"ListItem","position":2,"name":"La Universidad de La Laguna colaborar\u00e1 con la estrategia de desarrollo urbano de La Laguna"}]},{"@type":"WebSite","@id":"https:\/\/www.ull.es\/portal\/noticias\/#website","url":"https:\/\/www.ull.es\/portal\/noticias\/","name":"ULL - Noticias","description":"","potentialAction":[{"@type":"SearchAction","target":{"@type":"EntryPoint","urlTemplate":"https:\/\/www.ull.es\/portal\/noticias\/?s={search_term_string}"},"query-input":"required name=search_term_string"}],"inLanguage":"es"},{"@type":"Person","@id":"https:\/\/www.ull.es\/portal\/noticias\/#\/schema\/person\/b2b1a89d43ffa609e591f7df8ef3e817","name":"gaprsa","image":{"@type":"ImageObject","inLanguage":"es","@id":"https:\/\/www.ull.es\/portal\/noticias\/#\/schema\/person\/image\/","url":"https:\/\/secure.gravatar.com\/avatar\/443820550921091458b4823867723b3d?s=96&d=mm&r=g","contentUrl":"https:\/\/secure.gravatar.com\/avatar\/443820550921091458b4823867723b3d?s=96&d=mm&r=g","caption":"gaprsa"},"url":"https:\/\/www.ull.es\/portal\/noticias\/author\/gaprsa\/"}]}},"primary_category":null,"featured_image_thumbnail_url":"https:\/\/www.ull.es\/portal\/noticias\/wp-content\/uploads\/sites\/13\/2015\/12\/IMG_0293-300x225.jpg","_links":{"self":[{"href":"https:\/\/www.ull.es\/portal\/noticias\/wp-json\/wp\/v2\/posts\/26193"}],"collection":[{"href":"https:\/\/www.ull.es\/portal\/noticias\/wp-json\/wp\/v2\/posts"}],"about":[{"href":"https:\/\/www.ull.es\/portal\/noticias\/wp-json\/wp\/v2\/types\/post"}],"author":[{"embeddable":true,"href":"https:\/\/www.ull.es\/portal\/noticias\/wp-json\/wp\/v2\/users\/23"}],"replies":[{"embeddable":true,"href":"https:\/\/www.ull.es\/portal\/noticias\/wp-json\/wp\/v2\/comments?post=26193"}],"version-history":[{"count":0,"href":"https:\/\/www.ull.es\/portal\/noticias\/wp-json\/wp\/v2\/posts\/26193\/revisions"}],"wp:featuredmedia":[{"embeddable":true,"href":"https:\/\/www.ull.es\/portal\/noticias\/wp-json\/wp\/v2\/media\/26194"}],"wp:attachment":[{"href":"https:\/\/www.ull.es\/portal\/noticias\/wp-json\/wp\/v2\/media?parent=26193"}],"wp:term":[{"taxonomy":"category","embeddable":true,"href":"https:\/\/www.ull.es\/portal\/noticias\/wp-json\/wp\/v2\/categories?post=26193"},{"taxonomy":"post_tag","embeddable":true,"href":"https:\/\/www.ull.es\/portal\/noticias\/wp-json\/wp\/v2\/tags?post=26193"}],"curies":[{"name":"wp","href":"https:\/\/api.w.org\/{rel}","templated":true}]}}