{"id":26198,"date":"2016-01-07T13:41:30","date_gmt":"2016-01-07T13:41:30","guid":{"rendered":"http:\/\/ddigital.webs.ull.es\/?p=26198"},"modified":"2016-01-07T13:41:30","modified_gmt":"2016-01-07T13:41:30","slug":"la-universidad-de-la-laguna-recupera-la-actividad-tras-su-cierre-durante-la-primera-semana-de-enero","status":"publish","type":"post","link":"https:\/\/www.ull.es\/portal\/noticias\/2016\/la-universidad-de-la-laguna-recupera-la-actividad-tras-su-cierre-durante-la-primera-semana-de-enero\/","title":{"rendered":"La Universidad de La Laguna recupera la actividad tras su cierre durante la primera semana de enero"},"content":{"rendered":"<p>La Universidad de La Laguna cerr\u00f3 sus instalaciones y ces\u00f3 toda actividad entre el pasado 30 de diciembre de 2015 y el 6 de enero de 2016, como parte de sus medidas de contenci\u00f3n del gasto. Hoy, jueves 7 de enero, las tareas acad\u00e9micas y administrativas de la instituci\u00f3n se han retomado con toda normalidad.<\/p>\n<p>En los pr\u00f3ximos d\u00edas culminar\u00e1 la docencia del primer cuatrimestre del curso 2015-2016, cuyo \u00faltimo d\u00eda de clase ser\u00e1 el martes 12 de enero. Tras dos d\u00edas en los que no habr\u00e1 docencia, pero s\u00ed actividad administrativa en las secretar\u00edas y servicios universitarios, comenzar\u00e1 el periodo de ex\u00e1menes, que se desarrollar\u00e1 entre el viernes 15 de enero y el lunes 1 de febrero. Solamente ser\u00e1 para asignaturas que se hayan impartido durante el primer cuatrimestre, y la fecha l\u00edmite para publicar las actas de estas pruebas ser\u00e1 el viernes 5 de febrero, con lo que concluir\u00e1 esta convocatoria.<\/p>\n<p>El segundo cuatrimestre comenzar\u00e1 el mi\u00e9rcoles 3 de febrero y se prolongar\u00e1 hasta el lunes 23 de mayo. Durante ese tiempo, las \u00fanicas pausas vacacionales destacables ser\u00e1n los d\u00edas 8 y 9 de febrero con motivo del Carnaval, y del 21 al 25 de marzo por la Semana Santa. El siguiente periodo de ex\u00e1menes ser\u00e1 entre el 26 de mayo y el 13 de junio, esta vez para asignaturas tanto del primer\u00a0 como del segundo cuatrimestre y anuales.<\/p>\n<p>Hay que recordar que durante los periodos de ex\u00e1menes cesa la docencia, pero el resto de la actividad universitaria se desarrollar\u00e1 con normalidad.<\/p>\n","protected":false},"excerpt":{"rendered":"<p>La Universidad de La Laguna cerr\u00f3 sus instalaciones y ces\u00f3 toda actividad entre el pasado 30 de diciembre de 2015&#8230;<\/p>\n","protected":false},"author":23,"featured_media":25621,"comment_status":"open","ping_status":"open","sticky":false,"template":"","format":"standard","meta":{"inline_featured_image":false,"footnotes":""},"categories":[345,348,1],"tags":[525,674,822,1196,2527,2560],"acf":[],"yoast_head":"<!-- This site is optimized with the Yoast SEO plugin v21.3 - https:\/\/yoast.com\/wordpress\/plugins\/seo\/ -->\n<title>La Universidad de La Laguna recupera la actividad tras su cierre durante la primera semana de enero - ULL - Noticias<\/title>\n<meta name=\"robots\" content=\"index, follow, max-snippet:-1, max-image-preview:large, max-video-preview:-1\" \/>\n<link rel=\"canonical\" href=\"https:\/\/www.ull.es\/portal\/noticias\/2016\/la-universidad-de-la-laguna-recupera-la-actividad-tras-su-cierre-durante-la-primera-semana-de-enero\/\" \/>\n<meta property=\"og:locale\" content=\"es_ES\" \/>\n<meta property=\"og:type\" content=\"article\" \/>\n<meta property=\"og:title\" content=\"La Universidad de La Laguna recupera la actividad tras su cierre durante la primera semana de enero - ULL - Noticias\" \/>\n<meta property=\"og:description\" content=\"La Universidad de La Laguna cerr\u00f3 sus instalaciones y ces\u00f3 toda actividad entre el pasado 30 de diciembre de 2015...\" \/>\n<meta property=\"og:url\" content=\"https:\/\/www.ull.es\/portal\/noticias\/2016\/la-universidad-de-la-laguna-recupera-la-actividad-tras-su-cierre-durante-la-primera-semana-de-enero\/\" \/>\n<meta property=\"og:site_name\" content=\"ULL - Noticias\" \/>\n<meta property=\"article:publisher\" content=\"https:\/\/www.facebook.com\/universidaddelalaguna\/\" \/>\n<meta property=\"article:published_time\" content=\"2016-01-07T13:41:30+00:00\" \/>\n<meta property=\"og:image\" content=\"https:\/\/www.ull.es\/portal\/noticias\/wp-content\/uploads\/sites\/13\/2015\/11\/Edificio-Central.jpg\" \/>\n\t<meta property=\"og:image:width\" content=\"2000\" \/>\n\t<meta property=\"og:image:height\" content=\"1333\" \/>\n\t<meta property=\"og:image:type\" content=\"image\/jpeg\" \/>\n<meta name=\"author\" content=\"gaprsa\" \/>\n<meta name=\"twitter:card\" content=\"summary_large_image\" \/>\n<meta name=\"twitter:creator\" content=\"@CanalULL\" \/>\n<meta name=\"twitter:site\" content=\"@CanalULL\" \/>\n<meta name=\"twitter:label1\" content=\"Escrito por\" \/>\n\t<meta name=\"twitter:data1\" content=\"gaprsa\" \/>\n\t<meta name=\"twitter:label2\" content=\"Tiempo de lectura\" \/>\n\t<meta name=\"twitter:data2\" content=\"1 minuto\" \/>\n<script type=\"application\/ld+json\" class=\"yoast-schema-graph\">{\"@context\":\"https:\/\/schema.org\",\"@graph\":[{\"@type\":\"WebPage\",\"@id\":\"https:\/\/www.ull.es\/portal\/noticias\/2016\/la-universidad-de-la-laguna-recupera-la-actividad-tras-su-cierre-durante-la-primera-semana-de-enero\/\",\"url\":\"https:\/\/www.ull.es\/portal\/noticias\/2016\/la-universidad-de-la-laguna-recupera-la-actividad-tras-su-cierre-durante-la-primera-semana-de-enero\/\",\"name\":\"La Universidad de La Laguna recupera la actividad tras su cierre durante la primera semana de enero - ULL - Noticias\",\"isPartOf\":{\"@id\":\"https:\/\/www.ull.es\/portal\/noticias\/#website\"},\"datePublished\":\"2016-01-07T13:41:30+00:00\",\"dateModified\":\"2016-01-07T13:41:30+00:00\",\"author\":{\"@id\":\"https:\/\/www.ull.es\/portal\/noticias\/#\/schema\/person\/b2b1a89d43ffa609e591f7df8ef3e817\"},\"breadcrumb\":{\"@id\":\"https:\/\/www.ull.es\/portal\/noticias\/2016\/la-universidad-de-la-laguna-recupera-la-actividad-tras-su-cierre-durante-la-primera-semana-de-enero\/#breadcrumb\"},\"inLanguage\":\"es\",\"potentialAction\":[{\"@type\":\"ReadAction\",\"target\":[\"https:\/\/www.ull.es\/portal\/noticias\/2016\/la-universidad-de-la-laguna-recupera-la-actividad-tras-su-cierre-durante-la-primera-semana-de-enero\/\"]}]},{\"@type\":\"BreadcrumbList\",\"@id\":\"https:\/\/www.ull.es\/portal\/noticias\/2016\/la-universidad-de-la-laguna-recupera-la-actividad-tras-su-cierre-durante-la-primera-semana-de-enero\/#breadcrumb\",\"itemListElement\":[{\"@type\":\"ListItem\",\"position\":1,\"name\":\"Portada\",\"item\":\"https:\/\/www.ull.es\/portal\/noticias\/\"},{\"@type\":\"ListItem\",\"position\":2,\"name\":\"La Universidad de La Laguna recupera la actividad tras su cierre durante la primera semana de enero\"}]},{\"@type\":\"WebSite\",\"@id\":\"https:\/\/www.ull.es\/portal\/noticias\/#website\",\"url\":\"https:\/\/www.ull.es\/portal\/noticias\/\",\"name\":\"ULL - Noticias\",\"description\":\"\",\"potentialAction\":[{\"@type\":\"SearchAction\",\"target\":{\"@type\":\"EntryPoint\",\"urlTemplate\":\"https:\/\/www.ull.es\/portal\/noticias\/?s={search_term_string}\"},\"query-input\":\"required name=search_term_string\"}],\"inLanguage\":\"es\"},{\"@type\":\"Person\",\"@id\":\"https:\/\/www.ull.es\/portal\/noticias\/#\/schema\/person\/b2b1a89d43ffa609e591f7df8ef3e817\",\"name\":\"gaprsa\",\"image\":{\"@type\":\"ImageObject\",\"inLanguage\":\"es\",\"@id\":\"https:\/\/www.ull.es\/portal\/noticias\/#\/schema\/person\/image\/\",\"url\":\"https:\/\/secure.gravatar.com\/avatar\/443820550921091458b4823867723b3d?s=96&d=mm&r=g\",\"contentUrl\":\"https:\/\/secure.gravatar.com\/avatar\/443820550921091458b4823867723b3d?s=96&d=mm&r=g\",\"caption\":\"gaprsa\"},\"url\":\"https:\/\/www.ull.es\/portal\/noticias\/author\/gaprsa\/\"}]}<\/script>\n<!-- \/ Yoast SEO plugin. -->","yoast_head_json":{"title":"La Universidad de La Laguna recupera la actividad tras su cierre durante la primera semana de enero - ULL - Noticias","robots":{"index":"index","follow":"follow","max-snippet":"max-snippet:-1","max-image-preview":"max-image-preview:large","max-video-preview":"max-video-preview:-1"},"canonical":"https:\/\/www.ull.es\/portal\/noticias\/2016\/la-universidad-de-la-laguna-recupera-la-actividad-tras-su-cierre-durante-la-primera-semana-de-enero\/","og_locale":"es_ES","og_type":"article","og_title":"La Universidad de La Laguna recupera la actividad tras su cierre durante la primera semana de enero - ULL - Noticias","og_description":"La Universidad de La Laguna cerr\u00f3 sus instalaciones y ces\u00f3 toda actividad entre el pasado 30 de diciembre de 2015...","og_url":"https:\/\/www.ull.es\/portal\/noticias\/2016\/la-universidad-de-la-laguna-recupera-la-actividad-tras-su-cierre-durante-la-primera-semana-de-enero\/","og_site_name":"ULL - Noticias","article_publisher":"https:\/\/www.facebook.com\/universidaddelalaguna\/","article_published_time":"2016-01-07T13:41:30+00:00","og_image":[{"width":2000,"height":1333,"url":"https:\/\/www.ull.es\/portal\/noticias\/wp-content\/uploads\/sites\/13\/2015\/11\/Edificio-Central.jpg","type":"image\/jpeg"}],"author":"gaprsa","twitter_card":"summary_large_image","twitter_creator":"@CanalULL","twitter_site":"@CanalULL","twitter_misc":{"Escrito por":"gaprsa","Tiempo de lectura":"1 minuto"},"schema":{"@context":"https:\/\/schema.org","@graph":[{"@type":"WebPage","@id":"https:\/\/www.ull.es\/portal\/noticias\/2016\/la-universidad-de-la-laguna-recupera-la-actividad-tras-su-cierre-durante-la-primera-semana-de-enero\/","url":"https:\/\/www.ull.es\/portal\/noticias\/2016\/la-universidad-de-la-laguna-recupera-la-actividad-tras-su-cierre-durante-la-primera-semana-de-enero\/","name":"La Universidad de La Laguna recupera la actividad tras su cierre durante la primera semana de enero - ULL - Noticias","isPartOf":{"@id":"https:\/\/www.ull.es\/portal\/noticias\/#website"},"datePublished":"2016-01-07T13:41:30+00:00","dateModified":"2016-01-07T13:41:30+00:00","author":{"@id":"https:\/\/www.ull.es\/portal\/noticias\/#\/schema\/person\/b2b1a89d43ffa609e591f7df8ef3e817"},"breadcrumb":{"@id":"https:\/\/www.ull.es\/portal\/noticias\/2016\/la-universidad-de-la-laguna-recupera-la-actividad-tras-su-cierre-durante-la-primera-semana-de-enero\/#breadcrumb"},"inLanguage":"es","potentialAction":[{"@type":"ReadAction","target":["https:\/\/www.ull.es\/portal\/noticias\/2016\/la-universidad-de-la-laguna-recupera-la-actividad-tras-su-cierre-durante-la-primera-semana-de-enero\/"]}]},{"@type":"BreadcrumbList","@id":"https:\/\/www.ull.es\/portal\/noticias\/2016\/la-universidad-de-la-laguna-recupera-la-actividad-tras-su-cierre-durante-la-primera-semana-de-enero\/#breadcrumb","itemListElement":[{"@type":"ListItem","position":1,"name":"Portada","item":"https:\/\/www.ull.es\/portal\/noticias\/"},{"@type":"ListItem","position":2,"name":"La Universidad de La Laguna recupera la actividad tras su cierre durante la primera semana de enero"}]},{"@type":"WebSite","@id":"https:\/\/www.ull.es\/portal\/noticias\/#website","url":"https:\/\/www.ull.es\/portal\/noticias\/","name":"ULL - Noticias","description":"","potentialAction":[{"@type":"SearchAction","target":{"@type":"EntryPoint","urlTemplate":"https:\/\/www.ull.es\/portal\/noticias\/?s={search_term_string}"},"query-input":"required name=search_term_string"}],"inLanguage":"es"},{"@type":"Person","@id":"https:\/\/www.ull.es\/portal\/noticias\/#\/schema\/person\/b2b1a89d43ffa609e591f7df8ef3e817","name":"gaprsa","image":{"@type":"ImageObject","inLanguage":"es","@id":"https:\/\/www.ull.es\/portal\/noticias\/#\/schema\/person\/image\/","url":"https:\/\/secure.gravatar.com\/avatar\/443820550921091458b4823867723b3d?s=96&d=mm&r=g","contentUrl":"https:\/\/secure.gravatar.com\/avatar\/443820550921091458b4823867723b3d?s=96&d=mm&r=g","caption":"gaprsa"},"url":"https:\/\/www.ull.es\/portal\/noticias\/author\/gaprsa\/"}]}},"primary_category":null,"featured_image_thumbnail_url":"https:\/\/www.ull.es\/portal\/noticias\/wp-content\/uploads\/sites\/13\/2015\/11\/Edificio-Central-300x200.jpg","_links":{"self":[{"href":"https:\/\/www.ull.es\/portal\/noticias\/wp-json\/wp\/v2\/posts\/26198"}],"collection":[{"href":"https:\/\/www.ull.es\/portal\/noticias\/wp-json\/wp\/v2\/posts"}],"about":[{"href":"https:\/\/www.ull.es\/portal\/noticias\/wp-json\/wp\/v2\/types\/post"}],"author":[{"embeddable":true,"href":"https:\/\/www.ull.es\/portal\/noticias\/wp-json\/wp\/v2\/users\/23"}],"replies":[{"embeddable":true,"href":"https:\/\/www.ull.es\/portal\/noticias\/wp-json\/wp\/v2\/comments?post=26198"}],"version-history":[{"count":0,"href":"https:\/\/www.ull.es\/portal\/noticias\/wp-json\/wp\/v2\/posts\/26198\/revisions"}],"wp:featuredmedia":[{"embeddable":true,"href":"https:\/\/www.ull.es\/portal\/noticias\/wp-json\/wp\/v2\/media\/25621"}],"wp:attachment":[{"href":"https:\/\/www.ull.es\/portal\/noticias\/wp-json\/wp\/v2\/media?parent=26198"}],"wp:term":[{"taxonomy":"category","embeddable":true,"href":"https:\/\/www.ull.es\/portal\/noticias\/wp-json\/wp\/v2\/categories?post=26198"},{"taxonomy":"post_tag","embeddable":true,"href":"https:\/\/www.ull.es\/portal\/noticias\/wp-json\/wp\/v2\/tags?post=26198"}],"curies":[{"name":"wp","href":"https:\/\/api.w.org\/{rel}","templated":true}]}}