{"id":26228,"date":"2016-01-13T14:28:21","date_gmt":"2016-01-13T14:28:21","guid":{"rendered":"http:\/\/ddigital.webs.ull.es\/?p=26228"},"modified":"2016-01-13T14:28:21","modified_gmt":"2016-01-13T14:28:21","slug":"abierta-la-matricula-de-los-cursos-del-servicio-de-idiomas-de-la-ull-para-el-segundo-cuatrimestre","status":"publish","type":"post","link":"https:\/\/www.ull.es\/portal\/noticias\/2016\/abierta-la-matricula-de-los-cursos-del-servicio-de-idiomas-de-la-ull-para-el-segundo-cuatrimestre\/","title":{"rendered":"Abierta la matr\u00edcula de los cursos del Servicio de Idiomas de la ULL para el segundo cuatrimestre"},"content":{"rendered":"<p>El Servicio de Idiomas de la Universidad de La Laguna ha abierto recientemente el periodo de inscripci\u00f3n para su oferta formativa en idiomas que se desarrollar\u00e1 a partir del pr\u00f3ximo 15 de febrero y que se corresponde con el segundo cuatrimestre del curso 2015-2016. Estos cursos son accesibles no s\u00f3lo para la comunidad universitaria sino para cualquier persona interesada en el aprendizaje de idiomas. Si bien tanto el conjunto de investigadores y docentes, el personal administrativo y de servicios y el alumnado de la Universidad de La Laguna pueden beneficiarse de descuentos.<\/p>\n<p>Las personas que lo deseen podr\u00e1n solicitar cita previa para la realizaci\u00f3n de pruebas de nivel gratuitas\u00a0 a trav\u00e9s de la sede electr\u00f3nica de la Fundaci\u00f3n General de la Universidad de La Laguna. Estos testeos son necesarios para el acceso de cursos superiores a los niveles iniciales, siempre que no se haya realizado un curso de forma reciente en el propio servicio universitario, y permiten situar al alumnado en el curso m\u00e1s adecuado.<\/p>\n<p>La programaci\u00f3n formativa est\u00e1 compuesta por cursos de distintos niveles, siempre en correspondencia con lo planteado en el Marco Com\u00fan Europeo de Referencia para las Lenguas, desde el m\u00e1s elemental, A.1.1,\u00a0 hasta niveles avanzados. Se contin\u00faa con la oferta de ingl\u00e9s, alem\u00e1n, franc\u00e9s, italiano, ruso, Lengua de Signos Espa\u00f1ola, portugu\u00e9s, griego y \u00e1rabe.<\/p>\n<p>Adem\u00e1s, tambi\u00e9n se ofrecen cursos espec\u00edficos para j\u00f3venes, de conversaci\u00f3n o de atenci\u00f3n al cliente, as\u00ed como preparatorios para la obtenci\u00f3n de certificaciones internacionales de las principales instituciones acreditadoras de idiomas como es la Universidad de Cambridge o el British Council para el ingl\u00e9s, el Goethe Institute para el alem\u00e1n, la colaboraci\u00f3n con el consulado de Italia para el Italiano, la Alianza Francesa para el franc\u00e9s o la Universidad de Lisboa para el portugu\u00e9s.<\/p>\n<p>En el caso del ingl\u00e9s, el Servicio de Idiomas de la ULL es un centro acreditado por la Asociaci\u00f3n de Centros de Lenguas en la Educaci\u00f3n Superior (ACLES) para expedir certificados de examen de dominio del idioma ingl\u00e9s, que son reconocidos por ACLES y por la Conferencia de Rectores de Universidades Espa\u00f1olas (CRUE). Esto supone que m\u00e1s de 200 centros de lenguas en Europa se reconozcan mutuamente los ex\u00e1menes realizados. As\u00ed, los niveles B1 y B2 de ingl\u00e9s otorgados por el Servicio de Idiomas de la ULL, desde mayo de 2014, tienen validez en Francia, Reino Unido, B\u00e9lgica, Holanda, Luxemburgo, Suiza, Austria, Alemania, Polonia, Finlandia e Italia, entre otros pa\u00edses.<\/p>\n<p>La matr\u00edcula se puede formalizar de manera presencial en la secretar\u00eda de la Fundaci\u00f3n General de la ULL, situada en el Campus Central universitario,\u00a0 o a trav\u00e9s de su sede electr\u00f3nica. La mayor\u00eda de los cursos tienen una duraci\u00f3n de 50 horas. Las sesiones formativas se llevar\u00e1n a cabo durante el segundo cuatrimestre en sesiones de dos horas, dos d\u00edas a la semana en horario de ma\u00f1ana y tarde, que var\u00edan seg\u00fan idioma y nivel.<\/p>\n<p>Al finalizar el curso, el alumnado habr\u00e1 adquirido el nivel de competencia correspondiente para el cu\u00e1l se ha matriculado. La formaci\u00f3n ofertada dispone de varias modalidades de impartici\u00f3n tales como presencial, semipresencial, que se desarrollar\u00e1n en los distintos campus de la ULL, adem\u00e1s de la modalidad online para recibir la formaci\u00f3n de forma telem\u00e1tica.<\/p>\n<p><strong>Becas \u201cUniversitas Prolingua\u201d<\/strong><\/p>\n<p>Para el segundo cuatrimestre de este curso acad\u00e9mico se han convocado 135 becas \u2018Universitas Prolingua\u2019, que cubrir\u00e1n parcialmente los gastos de matr\u00edcula en diferentes cursos de entre los ofertados. Las becas se encuentran distribuidas en dos cupos independientes: 35 becas para alumnado que se matricule de franc\u00e9s y portugu\u00e9s, cuyo importe financia el Consejo Social de la Universidad de La Laguna, y 100 becas para alumnado que se matricule de alem\u00e1n, ingl\u00e9s, italiano y lengua de signos, financiadas por Cajasiete y la Fundaci\u00f3n General de la Universidad de La Laguna.<\/p>\n<p>Estas becas cubrir\u00e1n cien euros del precio de la matr\u00edcula y se podr\u00e1n solicitar hasta el 15 de febrero en la secretar\u00eda de la Fundaci\u00f3n.<\/p>\n","protected":false},"excerpt":{"rendered":"<p>El Servicio de Idiomas de la Universidad de La Laguna ha abierto recientemente el periodo de inscripci\u00f3n para su oferta&#8230;<\/p>\n","protected":false},"author":23,"featured_media":26229,"comment_status":"open","ping_status":"open","sticky":false,"template":"","format":"standard","meta":{"inline_featured_image":false,"footnotes":""},"categories":[345,349,1],"tags":[2381],"acf":[],"yoast_head":"<!-- This site is optimized with the Yoast SEO plugin v21.3 - https:\/\/yoast.com\/wordpress\/plugins\/seo\/ -->\n<title>Abierta la matr\u00edcula de los cursos del Servicio de Idiomas de la ULL para el segundo cuatrimestre - ULL - Noticias<\/title>\n<meta name=\"robots\" content=\"index, follow, max-snippet:-1, max-image-preview:large, max-video-preview:-1\" \/>\n<link rel=\"canonical\" href=\"https:\/\/www.ull.es\/portal\/noticias\/2016\/abierta-la-matricula-de-los-cursos-del-servicio-de-idiomas-de-la-ull-para-el-segundo-cuatrimestre\/\" \/>\n<meta property=\"og:locale\" content=\"es_ES\" \/>\n<meta property=\"og:type\" content=\"article\" \/>\n<meta property=\"og:title\" content=\"Abierta la matr\u00edcula de los cursos del Servicio de Idiomas de la ULL para el segundo cuatrimestre - ULL - Noticias\" \/>\n<meta property=\"og:description\" content=\"El Servicio de Idiomas de la Universidad de La Laguna ha abierto recientemente el periodo de inscripci\u00f3n para su oferta...\" \/>\n<meta property=\"og:url\" content=\"https:\/\/www.ull.es\/portal\/noticias\/2016\/abierta-la-matricula-de-los-cursos-del-servicio-de-idiomas-de-la-ull-para-el-segundo-cuatrimestre\/\" \/>\n<meta property=\"og:site_name\" content=\"ULL - Noticias\" \/>\n<meta property=\"article:publisher\" content=\"https:\/\/www.facebook.com\/universidaddelalaguna\/\" \/>\n<meta property=\"article:published_time\" content=\"2016-01-13T14:28:21+00:00\" \/>\n<meta property=\"og:image\" content=\"https:\/\/www.ull.es\/portal\/noticias\/wp-content\/uploads\/sites\/13\/2016\/01\/servicio-idiomas.jpg\" \/>\n\t<meta property=\"og:image:width\" content=\"1280\" \/>\n\t<meta property=\"og:image:height\" content=\"720\" \/>\n\t<meta property=\"og:image:type\" content=\"image\/jpeg\" \/>\n<meta name=\"author\" content=\"gaprsa\" \/>\n<meta name=\"twitter:card\" content=\"summary_large_image\" \/>\n<meta name=\"twitter:creator\" content=\"@CanalULL\" \/>\n<meta name=\"twitter:site\" content=\"@CanalULL\" \/>\n<meta name=\"twitter:label1\" content=\"Escrito por\" \/>\n\t<meta name=\"twitter:data1\" content=\"gaprsa\" \/>\n\t<meta name=\"twitter:label2\" content=\"Tiempo de lectura\" \/>\n\t<meta name=\"twitter:data2\" content=\"4 minutos\" \/>\n<script type=\"application\/ld+json\" class=\"yoast-schema-graph\">{\"@context\":\"https:\/\/schema.org\",\"@graph\":[{\"@type\":\"WebPage\",\"@id\":\"https:\/\/www.ull.es\/portal\/noticias\/2016\/abierta-la-matricula-de-los-cursos-del-servicio-de-idiomas-de-la-ull-para-el-segundo-cuatrimestre\/\",\"url\":\"https:\/\/www.ull.es\/portal\/noticias\/2016\/abierta-la-matricula-de-los-cursos-del-servicio-de-idiomas-de-la-ull-para-el-segundo-cuatrimestre\/\",\"name\":\"Abierta la matr\u00edcula de los cursos del Servicio de Idiomas de la ULL para el segundo cuatrimestre - ULL - Noticias\",\"isPartOf\":{\"@id\":\"https:\/\/www.ull.es\/portal\/noticias\/#website\"},\"datePublished\":\"2016-01-13T14:28:21+00:00\",\"dateModified\":\"2016-01-13T14:28:21+00:00\",\"author\":{\"@id\":\"https:\/\/www.ull.es\/portal\/noticias\/#\/schema\/person\/b2b1a89d43ffa609e591f7df8ef3e817\"},\"breadcrumb\":{\"@id\":\"https:\/\/www.ull.es\/portal\/noticias\/2016\/abierta-la-matricula-de-los-cursos-del-servicio-de-idiomas-de-la-ull-para-el-segundo-cuatrimestre\/#breadcrumb\"},\"inLanguage\":\"es\",\"potentialAction\":[{\"@type\":\"ReadAction\",\"target\":[\"https:\/\/www.ull.es\/portal\/noticias\/2016\/abierta-la-matricula-de-los-cursos-del-servicio-de-idiomas-de-la-ull-para-el-segundo-cuatrimestre\/\"]}]},{\"@type\":\"BreadcrumbList\",\"@id\":\"https:\/\/www.ull.es\/portal\/noticias\/2016\/abierta-la-matricula-de-los-cursos-del-servicio-de-idiomas-de-la-ull-para-el-segundo-cuatrimestre\/#breadcrumb\",\"itemListElement\":[{\"@type\":\"ListItem\",\"position\":1,\"name\":\"Portada\",\"item\":\"https:\/\/www.ull.es\/portal\/noticias\/\"},{\"@type\":\"ListItem\",\"position\":2,\"name\":\"Abierta la matr\u00edcula de los cursos del Servicio de Idiomas de la ULL para el segundo cuatrimestre\"}]},{\"@type\":\"WebSite\",\"@id\":\"https:\/\/www.ull.es\/portal\/noticias\/#website\",\"url\":\"https:\/\/www.ull.es\/portal\/noticias\/\",\"name\":\"ULL - Noticias\",\"description\":\"\",\"potentialAction\":[{\"@type\":\"SearchAction\",\"target\":{\"@type\":\"EntryPoint\",\"urlTemplate\":\"https:\/\/www.ull.es\/portal\/noticias\/?s={search_term_string}\"},\"query-input\":\"required name=search_term_string\"}],\"inLanguage\":\"es\"},{\"@type\":\"Person\",\"@id\":\"https:\/\/www.ull.es\/portal\/noticias\/#\/schema\/person\/b2b1a89d43ffa609e591f7df8ef3e817\",\"name\":\"gaprsa\",\"image\":{\"@type\":\"ImageObject\",\"inLanguage\":\"es\",\"@id\":\"https:\/\/www.ull.es\/portal\/noticias\/#\/schema\/person\/image\/\",\"url\":\"https:\/\/secure.gravatar.com\/avatar\/443820550921091458b4823867723b3d?s=96&d=mm&r=g\",\"contentUrl\":\"https:\/\/secure.gravatar.com\/avatar\/443820550921091458b4823867723b3d?s=96&d=mm&r=g\",\"caption\":\"gaprsa\"},\"url\":\"https:\/\/www.ull.es\/portal\/noticias\/author\/gaprsa\/\"}]}<\/script>\n<!-- \/ Yoast SEO plugin. -->","yoast_head_json":{"title":"Abierta la matr\u00edcula de los cursos del Servicio de Idiomas de la ULL para el segundo cuatrimestre - ULL - Noticias","robots":{"index":"index","follow":"follow","max-snippet":"max-snippet:-1","max-image-preview":"max-image-preview:large","max-video-preview":"max-video-preview:-1"},"canonical":"https:\/\/www.ull.es\/portal\/noticias\/2016\/abierta-la-matricula-de-los-cursos-del-servicio-de-idiomas-de-la-ull-para-el-segundo-cuatrimestre\/","og_locale":"es_ES","og_type":"article","og_title":"Abierta la matr\u00edcula de los cursos del Servicio de Idiomas de la ULL para el segundo cuatrimestre - ULL - Noticias","og_description":"El Servicio de Idiomas de la Universidad de La Laguna ha abierto recientemente el periodo de inscripci\u00f3n para su oferta...","og_url":"https:\/\/www.ull.es\/portal\/noticias\/2016\/abierta-la-matricula-de-los-cursos-del-servicio-de-idiomas-de-la-ull-para-el-segundo-cuatrimestre\/","og_site_name":"ULL - Noticias","article_publisher":"https:\/\/www.facebook.com\/universidaddelalaguna\/","article_published_time":"2016-01-13T14:28:21+00:00","og_image":[{"width":1280,"height":720,"url":"https:\/\/www.ull.es\/portal\/noticias\/wp-content\/uploads\/sites\/13\/2016\/01\/servicio-idiomas.jpg","type":"image\/jpeg"}],"author":"gaprsa","twitter_card":"summary_large_image","twitter_creator":"@CanalULL","twitter_site":"@CanalULL","twitter_misc":{"Escrito por":"gaprsa","Tiempo de lectura":"4 minutos"},"schema":{"@context":"https:\/\/schema.org","@graph":[{"@type":"WebPage","@id":"https:\/\/www.ull.es\/portal\/noticias\/2016\/abierta-la-matricula-de-los-cursos-del-servicio-de-idiomas-de-la-ull-para-el-segundo-cuatrimestre\/","url":"https:\/\/www.ull.es\/portal\/noticias\/2016\/abierta-la-matricula-de-los-cursos-del-servicio-de-idiomas-de-la-ull-para-el-segundo-cuatrimestre\/","name":"Abierta la matr\u00edcula de los cursos del Servicio de Idiomas de la ULL para el segundo cuatrimestre - ULL - Noticias","isPartOf":{"@id":"https:\/\/www.ull.es\/portal\/noticias\/#website"},"datePublished":"2016-01-13T14:28:21+00:00","dateModified":"2016-01-13T14:28:21+00:00","author":{"@id":"https:\/\/www.ull.es\/portal\/noticias\/#\/schema\/person\/b2b1a89d43ffa609e591f7df8ef3e817"},"breadcrumb":{"@id":"https:\/\/www.ull.es\/portal\/noticias\/2016\/abierta-la-matricula-de-los-cursos-del-servicio-de-idiomas-de-la-ull-para-el-segundo-cuatrimestre\/#breadcrumb"},"inLanguage":"es","potentialAction":[{"@type":"ReadAction","target":["https:\/\/www.ull.es\/portal\/noticias\/2016\/abierta-la-matricula-de-los-cursos-del-servicio-de-idiomas-de-la-ull-para-el-segundo-cuatrimestre\/"]}]},{"@type":"BreadcrumbList","@id":"https:\/\/www.ull.es\/portal\/noticias\/2016\/abierta-la-matricula-de-los-cursos-del-servicio-de-idiomas-de-la-ull-para-el-segundo-cuatrimestre\/#breadcrumb","itemListElement":[{"@type":"ListItem","position":1,"name":"Portada","item":"https:\/\/www.ull.es\/portal\/noticias\/"},{"@type":"ListItem","position":2,"name":"Abierta la matr\u00edcula de los cursos del Servicio de Idiomas de la ULL para el segundo cuatrimestre"}]},{"@type":"WebSite","@id":"https:\/\/www.ull.es\/portal\/noticias\/#website","url":"https:\/\/www.ull.es\/portal\/noticias\/","name":"ULL - Noticias","description":"","potentialAction":[{"@type":"SearchAction","target":{"@type":"EntryPoint","urlTemplate":"https:\/\/www.ull.es\/portal\/noticias\/?s={search_term_string}"},"query-input":"required name=search_term_string"}],"inLanguage":"es"},{"@type":"Person","@id":"https:\/\/www.ull.es\/portal\/noticias\/#\/schema\/person\/b2b1a89d43ffa609e591f7df8ef3e817","name":"gaprsa","image":{"@type":"ImageObject","inLanguage":"es","@id":"https:\/\/www.ull.es\/portal\/noticias\/#\/schema\/person\/image\/","url":"https:\/\/secure.gravatar.com\/avatar\/443820550921091458b4823867723b3d?s=96&d=mm&r=g","contentUrl":"https:\/\/secure.gravatar.com\/avatar\/443820550921091458b4823867723b3d?s=96&d=mm&r=g","caption":"gaprsa"},"url":"https:\/\/www.ull.es\/portal\/noticias\/author\/gaprsa\/"}]}},"primary_category":null,"featured_image_thumbnail_url":"https:\/\/www.ull.es\/portal\/noticias\/wp-content\/uploads\/sites\/13\/2016\/01\/servicio-idiomas-300x169.jpg","_links":{"self":[{"href":"https:\/\/www.ull.es\/portal\/noticias\/wp-json\/wp\/v2\/posts\/26228"}],"collection":[{"href":"https:\/\/www.ull.es\/portal\/noticias\/wp-json\/wp\/v2\/posts"}],"about":[{"href":"https:\/\/www.ull.es\/portal\/noticias\/wp-json\/wp\/v2\/types\/post"}],"author":[{"embeddable":true,"href":"https:\/\/www.ull.es\/portal\/noticias\/wp-json\/wp\/v2\/users\/23"}],"replies":[{"embeddable":true,"href":"https:\/\/www.ull.es\/portal\/noticias\/wp-json\/wp\/v2\/comments?post=26228"}],"version-history":[{"count":0,"href":"https:\/\/www.ull.es\/portal\/noticias\/wp-json\/wp\/v2\/posts\/26228\/revisions"}],"wp:featuredmedia":[{"embeddable":true,"href":"https:\/\/www.ull.es\/portal\/noticias\/wp-json\/wp\/v2\/media\/26229"}],"wp:attachment":[{"href":"https:\/\/www.ull.es\/portal\/noticias\/wp-json\/wp\/v2\/media?parent=26228"}],"wp:term":[{"taxonomy":"category","embeddable":true,"href":"https:\/\/www.ull.es\/portal\/noticias\/wp-json\/wp\/v2\/categories?post=26228"},{"taxonomy":"post_tag","embeddable":true,"href":"https:\/\/www.ull.es\/portal\/noticias\/wp-json\/wp\/v2\/tags?post=26228"}],"curies":[{"name":"wp","href":"https:\/\/api.w.org\/{rel}","templated":true}]}}