{"id":26237,"date":"2016-01-14T13:01:12","date_gmt":"2016-01-14T13:01:12","guid":{"rendered":"http:\/\/ddigital.webs.ull.es\/?p=26237"},"modified":"2016-01-14T13:01:12","modified_gmt":"2016-01-14T13:01:12","slug":"el-duo-canaytecla-ofrecera-el-concierto-el-sajorin-de-valbanera-en-el-paraninfo-de-la-universidad-de-la-laguna","status":"publish","type":"post","link":"https:\/\/www.ull.es\/portal\/noticias\/2016\/el-duo-canaytecla-ofrecera-el-concierto-el-sajorin-de-valbanera-en-el-paraninfo-de-la-universidad-de-la-laguna\/","title":{"rendered":"El d\u00fao Ca\u00f1aytecla ofrecer\u00e1 el concierto \u00abEl Sajor\u00edn de Valbanera\u00bb en el Paraninfo de la Universidad de La Laguna"},"content":{"rendered":"<p>La agrupaci\u00f3n camer\u00edstica Ca\u00f1aytecla actuar\u00e1n ma\u00f1ana viernes 15 de enero, a las 20:30 horas, en el Paraninfo de la Universidad de La Laguna. El concierto que lleva por t\u00edtulo \u201cEl Sajor\u00edn de Valbanera\u201d es un homenaje a los emigrantes canarios que, buscando un futuro mejor, encontraron la muerte en el hundimiento del trasatl\u00e1ntico Valbanera en las costas cubanas en la d\u00e9cada de los a\u00f1os 20.<\/p>\n<p>El concierto del d\u00fao Ca\u00f1aytecla trasladar\u00e1 musicalmente al p\u00fablico desde Canarias y llegar\u00e1 a Cuba y Venezuela, con nuevos ritmos y con recuerdos canarios. Continuar\u00e1 hacia Uruguay, cuya capital fue fundada por canarios y comenzar\u00e1 con los tangos. De Uruguay a Argentina, donde llegar\u00e1 al auge del tango, y al jazz, ese comienzo del jazz que protagoniz\u00f3 la Am\u00e9rica de principios de siglo. Finalmente, desde Canarias y desde la actualidad homenajean el valor y la lucha de todos aquellos que buscaban una vida mejor. Ernesto Lecuona, Carlos Gardel, Astor Piazzolla, Teobaldo Power o George Gershwin, son parte del viaje que desarrollar\u00e1n sobre el escenario del Paraninfo y, sin duda, el de muchos de los emigrantes canarios.<\/p>\n<p>El grupo de reciente creaci\u00f3n Ca\u00f1aytecla est\u00e1 formado por la pianista Mari Luz Trujillo y el clarinetista Samuel Heav, compa\u00f1eros a lo largo de su carrera en el Conservatorio Superior de M\u00fasica de Canarias, que han unido su m\u00fasica al reencontrarse de nuevo en Tenerife, tras ampliar sus estudios en Europa.<\/p>\n<p>Samuel Heav destaca hoy en d\u00eda como uno de los mejores clarinetistas espa\u00f1oles de su generaci\u00f3n. Fue becado para ampliar sus estudios de Posgrado y Master en el Royal Conservatoire of Scotland, gradu\u00e1ndose con Honores y cuenta con premios importantes como el RSAMD Trust, Governor\u00b4s Soloist Woodwind Competition y el Mary D. Adams Prize.<\/p>\n<p>En la actualidad es clarinete invitado de la Macao Orchera (China),Orquesta Sinf\u00f3nica Verum (Madrid), profesor de clarinete de la Escuela de M\u00fasica San Sebasti\u00e1n de Tejina, director titular de la Banda Juvenil AMC \u201cErnesto Beteta\u201d de Santa \u00darsula y miembro del Quinteto de Vientos \u201cUcanca\u201d y director art\u00edstico del \u201cTenerife Wind Ensemble\u201d.<\/p>\n<p>Mari Luz Trujillo forma parte del d\u00fao camer\u00edstico Ca\u00f1aytecla y Akbal, junto al pianista Diego Exp\u00f3sito. Adem\u00e1s, es creadora de \u201cSonidos de colores\u201d, espect\u00e1culo de m\u00fasica y pintura en directo, junto al artista Juan Antonio Mart\u00edn, estrenado en 2014 y seleccionado para el D\u00eda Mundial del Medio Ambiente en su Forum Internacional celebrado por la Aquae Fundaci\u00f3n en Gran Canaria. Ese mismo a\u00f1o finaliza su M\u00e1ster en Gesti\u00f3n de Industrias Culturales por la Universidad Europea Miguel de Cervantes.<\/p>\n<p>Las entradas est\u00e1n a la venta al precio de 8 euros en el Vicerrectorado de Relaciones con la Sociedad (C\/Viana, 50. La Laguna) en horario de 9 a 15 horas, en la cafeter\u00eda del Edificio Central de la ULL de 8 a 20 horas, en <a href=\"http:\/\/www.tomaticket.es\/paraninfoull\" target=\"_blank\" rel=\"noopener\">www.tomaticket.es\/paraninfoull<\/a>, y en la taquilla el mismo d\u00eda del concierto, a partir de las 19 horas. Los asistentes disponen de aparcamiento gratuito en el parquin del Edificio Central de la Universidad de La Laguna.<\/p>\n","protected":false},"excerpt":{"rendered":"<p>La agrupaci\u00f3n camer\u00edstica Ca\u00f1aytecla actuar\u00e1n ma\u00f1ana viernes 15 de enero, a las 20:30 horas, en el Paraninfo de la Universidad&#8230;<\/p>\n","protected":false},"author":23,"featured_media":26238,"comment_status":"open","ping_status":"open","sticky":false,"template":"","format":"standard","meta":{"inline_featured_image":false,"footnotes":""},"categories":[344,345,1],"tags":[],"acf":[],"yoast_head":"<!-- This site is optimized with the Yoast SEO plugin v21.3 - https:\/\/yoast.com\/wordpress\/plugins\/seo\/ -->\n<title>El d\u00fao Ca\u00f1aytecla ofrecer\u00e1 el concierto &quot;El Sajor\u00edn de Valbanera&quot; en el Paraninfo de la Universidad de La Laguna - ULL - Noticias<\/title>\n<meta name=\"robots\" content=\"index, follow, max-snippet:-1, max-image-preview:large, max-video-preview:-1\" \/>\n<link rel=\"canonical\" href=\"https:\/\/www.ull.es\/portal\/noticias\/2016\/el-duo-canaytecla-ofrecera-el-concierto-el-sajorin-de-valbanera-en-el-paraninfo-de-la-universidad-de-la-laguna\/\" \/>\n<meta property=\"og:locale\" content=\"es_ES\" \/>\n<meta property=\"og:type\" content=\"article\" \/>\n<meta property=\"og:title\" content=\"El d\u00fao Ca\u00f1aytecla ofrecer\u00e1 el concierto &quot;El Sajor\u00edn de Valbanera&quot; en el Paraninfo de la Universidad de La Laguna - ULL - Noticias\" \/>\n<meta property=\"og:description\" content=\"La agrupaci\u00f3n camer\u00edstica Ca\u00f1aytecla actuar\u00e1n ma\u00f1ana viernes 15 de enero, a las 20:30 horas, en el Paraninfo de la Universidad...\" \/>\n<meta property=\"og:url\" content=\"https:\/\/www.ull.es\/portal\/noticias\/2016\/el-duo-canaytecla-ofrecera-el-concierto-el-sajorin-de-valbanera-en-el-paraninfo-de-la-universidad-de-la-laguna\/\" \/>\n<meta property=\"og:site_name\" content=\"ULL - Noticias\" \/>\n<meta property=\"article:publisher\" content=\"https:\/\/www.facebook.com\/universidaddelalaguna\/\" \/>\n<meta property=\"article:published_time\" content=\"2016-01-14T13:01:12+00:00\" \/>\n<meta property=\"og:image\" content=\"https:\/\/www.ull.es\/portal\/noticias\/wp-content\/uploads\/sites\/13\/2016\/01\/sajorin.jpg\" \/>\n\t<meta property=\"og:image:width\" content=\"625\" \/>\n\t<meta property=\"og:image:height\" content=\"879\" \/>\n\t<meta property=\"og:image:type\" content=\"image\/jpeg\" \/>\n<meta name=\"author\" content=\"gaprsa\" \/>\n<meta name=\"twitter:card\" content=\"summary_large_image\" \/>\n<meta name=\"twitter:creator\" content=\"@CanalULL\" \/>\n<meta name=\"twitter:site\" content=\"@CanalULL\" \/>\n<meta name=\"twitter:label1\" content=\"Escrito por\" \/>\n\t<meta name=\"twitter:data1\" content=\"gaprsa\" \/>\n\t<meta name=\"twitter:label2\" content=\"Tiempo de lectura\" \/>\n\t<meta name=\"twitter:data2\" content=\"3 minutos\" \/>\n<script type=\"application\/ld+json\" class=\"yoast-schema-graph\">{\"@context\":\"https:\/\/schema.org\",\"@graph\":[{\"@type\":\"WebPage\",\"@id\":\"https:\/\/www.ull.es\/portal\/noticias\/2016\/el-duo-canaytecla-ofrecera-el-concierto-el-sajorin-de-valbanera-en-el-paraninfo-de-la-universidad-de-la-laguna\/\",\"url\":\"https:\/\/www.ull.es\/portal\/noticias\/2016\/el-duo-canaytecla-ofrecera-el-concierto-el-sajorin-de-valbanera-en-el-paraninfo-de-la-universidad-de-la-laguna\/\",\"name\":\"El d\u00fao Ca\u00f1aytecla ofrecer\u00e1 el concierto \\\"El Sajor\u00edn de Valbanera\\\" en el Paraninfo de la Universidad de La Laguna - ULL - Noticias\",\"isPartOf\":{\"@id\":\"https:\/\/www.ull.es\/portal\/noticias\/#website\"},\"datePublished\":\"2016-01-14T13:01:12+00:00\",\"dateModified\":\"2016-01-14T13:01:12+00:00\",\"author\":{\"@id\":\"https:\/\/www.ull.es\/portal\/noticias\/#\/schema\/person\/b2b1a89d43ffa609e591f7df8ef3e817\"},\"breadcrumb\":{\"@id\":\"https:\/\/www.ull.es\/portal\/noticias\/2016\/el-duo-canaytecla-ofrecera-el-concierto-el-sajorin-de-valbanera-en-el-paraninfo-de-la-universidad-de-la-laguna\/#breadcrumb\"},\"inLanguage\":\"es\",\"potentialAction\":[{\"@type\":\"ReadAction\",\"target\":[\"https:\/\/www.ull.es\/portal\/noticias\/2016\/el-duo-canaytecla-ofrecera-el-concierto-el-sajorin-de-valbanera-en-el-paraninfo-de-la-universidad-de-la-laguna\/\"]}]},{\"@type\":\"BreadcrumbList\",\"@id\":\"https:\/\/www.ull.es\/portal\/noticias\/2016\/el-duo-canaytecla-ofrecera-el-concierto-el-sajorin-de-valbanera-en-el-paraninfo-de-la-universidad-de-la-laguna\/#breadcrumb\",\"itemListElement\":[{\"@type\":\"ListItem\",\"position\":1,\"name\":\"Portada\",\"item\":\"https:\/\/www.ull.es\/portal\/noticias\/\"},{\"@type\":\"ListItem\",\"position\":2,\"name\":\"El d\u00fao Ca\u00f1aytecla ofrecer\u00e1 el concierto \u00abEl Sajor\u00edn de Valbanera\u00bb en el Paraninfo de la Universidad de La Laguna\"}]},{\"@type\":\"WebSite\",\"@id\":\"https:\/\/www.ull.es\/portal\/noticias\/#website\",\"url\":\"https:\/\/www.ull.es\/portal\/noticias\/\",\"name\":\"ULL - Noticias\",\"description\":\"\",\"potentialAction\":[{\"@type\":\"SearchAction\",\"target\":{\"@type\":\"EntryPoint\",\"urlTemplate\":\"https:\/\/www.ull.es\/portal\/noticias\/?s={search_term_string}\"},\"query-input\":\"required name=search_term_string\"}],\"inLanguage\":\"es\"},{\"@type\":\"Person\",\"@id\":\"https:\/\/www.ull.es\/portal\/noticias\/#\/schema\/person\/b2b1a89d43ffa609e591f7df8ef3e817\",\"name\":\"gaprsa\",\"image\":{\"@type\":\"ImageObject\",\"inLanguage\":\"es\",\"@id\":\"https:\/\/www.ull.es\/portal\/noticias\/#\/schema\/person\/image\/\",\"url\":\"https:\/\/secure.gravatar.com\/avatar\/443820550921091458b4823867723b3d?s=96&d=mm&r=g\",\"contentUrl\":\"https:\/\/secure.gravatar.com\/avatar\/443820550921091458b4823867723b3d?s=96&d=mm&r=g\",\"caption\":\"gaprsa\"},\"url\":\"https:\/\/www.ull.es\/portal\/noticias\/author\/gaprsa\/\"}]}<\/script>\n<!-- \/ Yoast SEO plugin. -->","yoast_head_json":{"title":"El d\u00fao Ca\u00f1aytecla ofrecer\u00e1 el concierto \"El Sajor\u00edn de Valbanera\" en el Paraninfo de la Universidad de La Laguna - ULL - Noticias","robots":{"index":"index","follow":"follow","max-snippet":"max-snippet:-1","max-image-preview":"max-image-preview:large","max-video-preview":"max-video-preview:-1"},"canonical":"https:\/\/www.ull.es\/portal\/noticias\/2016\/el-duo-canaytecla-ofrecera-el-concierto-el-sajorin-de-valbanera-en-el-paraninfo-de-la-universidad-de-la-laguna\/","og_locale":"es_ES","og_type":"article","og_title":"El d\u00fao Ca\u00f1aytecla ofrecer\u00e1 el concierto \"El Sajor\u00edn de Valbanera\" en el Paraninfo de la Universidad de La Laguna - ULL - Noticias","og_description":"La agrupaci\u00f3n camer\u00edstica Ca\u00f1aytecla actuar\u00e1n ma\u00f1ana viernes 15 de enero, a las 20:30 horas, en el Paraninfo de la Universidad...","og_url":"https:\/\/www.ull.es\/portal\/noticias\/2016\/el-duo-canaytecla-ofrecera-el-concierto-el-sajorin-de-valbanera-en-el-paraninfo-de-la-universidad-de-la-laguna\/","og_site_name":"ULL - Noticias","article_publisher":"https:\/\/www.facebook.com\/universidaddelalaguna\/","article_published_time":"2016-01-14T13:01:12+00:00","og_image":[{"width":625,"height":879,"url":"https:\/\/www.ull.es\/portal\/noticias\/wp-content\/uploads\/sites\/13\/2016\/01\/sajorin.jpg","type":"image\/jpeg"}],"author":"gaprsa","twitter_card":"summary_large_image","twitter_creator":"@CanalULL","twitter_site":"@CanalULL","twitter_misc":{"Escrito por":"gaprsa","Tiempo de lectura":"3 minutos"},"schema":{"@context":"https:\/\/schema.org","@graph":[{"@type":"WebPage","@id":"https:\/\/www.ull.es\/portal\/noticias\/2016\/el-duo-canaytecla-ofrecera-el-concierto-el-sajorin-de-valbanera-en-el-paraninfo-de-la-universidad-de-la-laguna\/","url":"https:\/\/www.ull.es\/portal\/noticias\/2016\/el-duo-canaytecla-ofrecera-el-concierto-el-sajorin-de-valbanera-en-el-paraninfo-de-la-universidad-de-la-laguna\/","name":"El d\u00fao Ca\u00f1aytecla ofrecer\u00e1 el concierto \"El Sajor\u00edn de Valbanera\" en el Paraninfo de la Universidad de La Laguna - ULL - Noticias","isPartOf":{"@id":"https:\/\/www.ull.es\/portal\/noticias\/#website"},"datePublished":"2016-01-14T13:01:12+00:00","dateModified":"2016-01-14T13:01:12+00:00","author":{"@id":"https:\/\/www.ull.es\/portal\/noticias\/#\/schema\/person\/b2b1a89d43ffa609e591f7df8ef3e817"},"breadcrumb":{"@id":"https:\/\/www.ull.es\/portal\/noticias\/2016\/el-duo-canaytecla-ofrecera-el-concierto-el-sajorin-de-valbanera-en-el-paraninfo-de-la-universidad-de-la-laguna\/#breadcrumb"},"inLanguage":"es","potentialAction":[{"@type":"ReadAction","target":["https:\/\/www.ull.es\/portal\/noticias\/2016\/el-duo-canaytecla-ofrecera-el-concierto-el-sajorin-de-valbanera-en-el-paraninfo-de-la-universidad-de-la-laguna\/"]}]},{"@type":"BreadcrumbList","@id":"https:\/\/www.ull.es\/portal\/noticias\/2016\/el-duo-canaytecla-ofrecera-el-concierto-el-sajorin-de-valbanera-en-el-paraninfo-de-la-universidad-de-la-laguna\/#breadcrumb","itemListElement":[{"@type":"ListItem","position":1,"name":"Portada","item":"https:\/\/www.ull.es\/portal\/noticias\/"},{"@type":"ListItem","position":2,"name":"El d\u00fao Ca\u00f1aytecla ofrecer\u00e1 el concierto \u00abEl Sajor\u00edn de Valbanera\u00bb en el Paraninfo de la Universidad de La Laguna"}]},{"@type":"WebSite","@id":"https:\/\/www.ull.es\/portal\/noticias\/#website","url":"https:\/\/www.ull.es\/portal\/noticias\/","name":"ULL - Noticias","description":"","potentialAction":[{"@type":"SearchAction","target":{"@type":"EntryPoint","urlTemplate":"https:\/\/www.ull.es\/portal\/noticias\/?s={search_term_string}"},"query-input":"required name=search_term_string"}],"inLanguage":"es"},{"@type":"Person","@id":"https:\/\/www.ull.es\/portal\/noticias\/#\/schema\/person\/b2b1a89d43ffa609e591f7df8ef3e817","name":"gaprsa","image":{"@type":"ImageObject","inLanguage":"es","@id":"https:\/\/www.ull.es\/portal\/noticias\/#\/schema\/person\/image\/","url":"https:\/\/secure.gravatar.com\/avatar\/443820550921091458b4823867723b3d?s=96&d=mm&r=g","contentUrl":"https:\/\/secure.gravatar.com\/avatar\/443820550921091458b4823867723b3d?s=96&d=mm&r=g","caption":"gaprsa"},"url":"https:\/\/www.ull.es\/portal\/noticias\/author\/gaprsa\/"}]}},"primary_category":null,"featured_image_thumbnail_url":"https:\/\/www.ull.es\/portal\/noticias\/wp-content\/uploads\/sites\/13\/2016\/01\/sajorin-213x300.jpg","_links":{"self":[{"href":"https:\/\/www.ull.es\/portal\/noticias\/wp-json\/wp\/v2\/posts\/26237"}],"collection":[{"href":"https:\/\/www.ull.es\/portal\/noticias\/wp-json\/wp\/v2\/posts"}],"about":[{"href":"https:\/\/www.ull.es\/portal\/noticias\/wp-json\/wp\/v2\/types\/post"}],"author":[{"embeddable":true,"href":"https:\/\/www.ull.es\/portal\/noticias\/wp-json\/wp\/v2\/users\/23"}],"replies":[{"embeddable":true,"href":"https:\/\/www.ull.es\/portal\/noticias\/wp-json\/wp\/v2\/comments?post=26237"}],"version-history":[{"count":0,"href":"https:\/\/www.ull.es\/portal\/noticias\/wp-json\/wp\/v2\/posts\/26237\/revisions"}],"wp:featuredmedia":[{"embeddable":true,"href":"https:\/\/www.ull.es\/portal\/noticias\/wp-json\/wp\/v2\/media\/26238"}],"wp:attachment":[{"href":"https:\/\/www.ull.es\/portal\/noticias\/wp-json\/wp\/v2\/media?parent=26237"}],"wp:term":[{"taxonomy":"category","embeddable":true,"href":"https:\/\/www.ull.es\/portal\/noticias\/wp-json\/wp\/v2\/categories?post=26237"},{"taxonomy":"post_tag","embeddable":true,"href":"https:\/\/www.ull.es\/portal\/noticias\/wp-json\/wp\/v2\/tags?post=26237"}],"curies":[{"name":"wp","href":"https:\/\/api.w.org\/{rel}","templated":true}]}}