{"id":26258,"date":"2016-01-15T10:24:20","date_gmt":"2016-01-15T10:24:20","guid":{"rendered":"http:\/\/ddigital.webs.ull.es\/?p=26258"},"modified":"2016-01-15T10:24:20","modified_gmt":"2016-01-15T10:24:20","slug":"la-ull-acoge-la-celebracion-de-la-fase-local-de-la-olimpiada-matematica-espanola","status":"publish","type":"post","link":"https:\/\/www.ull.es\/portal\/noticias\/2016\/la-ull-acoge-la-celebracion-de-la-fase-local-de-la-olimpiada-matematica-espanola\/","title":{"rendered":"La ULL acoge la celebraci\u00f3n de la fase local de la Olimpiada Matem\u00e1tica Espa\u00f1ola"},"content":{"rendered":"<p>Hoy viernes 15 de enero se est\u00e1 celebrando en el edificio de las Secciones de Matem\u00e1ticas y F\u00edsica de la Universidad de La Laguna la quincuag\u00e9simo segunda edici\u00f3n de la fase local de la Olimpiada Matem\u00e1tica Espa\u00f1ola correspondiente al distrito universitario de La Laguna. Han tomado parte en este concurso un total de 50 alumnos de diferentes centros de educaci\u00f3n secundaria de la provincia de Santa Cruz de Tenerife, entre los que se incluye un estudiante de la isla de El Hierro.<\/p>\n<p>&nbsp;<\/p>\n<p>La prueba, que consiste en la resoluci\u00f3n de seis problemas de matem\u00e1ticas, se dirige a alumnado matriculado en el curso actual en Bachillerato y, excepcionalmente, en tercer y cuarto curso de Educaci\u00f3n Secundaria Obligatoria, cuando sea avalado por su profesorado y destaque por sus capacidades.<\/p>\n<p>&nbsp;<\/p>\n<p>Tras el concurso se proceder\u00e1 a seleccionar al equipo de tres estudiantes que representar\u00e1n a la Comunidad Aut\u00f3noma de Canarias en la fase final de la LII Olimp\u00edada Matem\u00e1tica Espa\u00f1ola, que se celebrar\u00e1 en Barcelona entre los d\u00edas 31 de marzo y 3 de abril de 2016.<\/p>\n<p>&nbsp;<\/p>\n<p>Los estudiantes espa\u00f1oles que obtengan medalla de oro en el concurso final formar\u00e1n parte del Equipo Ol\u00edmpico de Espa\u00f1a que participar\u00e1 en la LVII Olimpiada Matem\u00e1tica Internacional, que tendr\u00e1 lugar en Hong Kong en julio de 2016.<\/p>\n<p>&nbsp;<\/p>\n<p>Asimismo, la Comisi\u00f3n de Olimpiadas de la Real Sociedad Matem\u00e1tica Espa\u00f1ola decidir\u00e1 la composici\u00f3n del equipo que representar\u00e1 a Espa\u00f1a en la XXXI Olimpiada Iberoamericana de Matem\u00e1ticas, prevista en Chile en septiembre de 2016.<\/p>\n","protected":false},"excerpt":{"rendered":"<p>Hoy viernes 15 de enero se est\u00e1 celebrando en el edificio de las Secciones de Matem\u00e1ticas y F\u00edsica de la&#8230;<\/p>\n","protected":false},"author":23,"featured_media":26259,"comment_status":"open","ping_status":"open","sticky":false,"template":"","format":"standard","meta":{"inline_featured_image":false,"footnotes":""},"categories":[343,345,1],"tags":[],"acf":[],"yoast_head":"<!-- This site is optimized with the Yoast SEO plugin v21.3 - https:\/\/yoast.com\/wordpress\/plugins\/seo\/ -->\n<title>La ULL acoge la celebraci\u00f3n de la fase local de la Olimpiada Matem\u00e1tica Espa\u00f1ola - ULL - Noticias<\/title>\n<meta name=\"robots\" content=\"index, follow, max-snippet:-1, max-image-preview:large, max-video-preview:-1\" \/>\n<link rel=\"canonical\" href=\"https:\/\/www.ull.es\/portal\/noticias\/2016\/la-ull-acoge-la-celebracion-de-la-fase-local-de-la-olimpiada-matematica-espanola\/\" \/>\n<meta property=\"og:locale\" content=\"es_ES\" \/>\n<meta property=\"og:type\" content=\"article\" \/>\n<meta property=\"og:title\" content=\"La ULL acoge la celebraci\u00f3n de la fase local de la Olimpiada Matem\u00e1tica Espa\u00f1ola - ULL - Noticias\" \/>\n<meta property=\"og:description\" content=\"Hoy viernes 15 de enero se est\u00e1 celebrando en el edificio de las Secciones de Matem\u00e1ticas y F\u00edsica de la...\" \/>\n<meta property=\"og:url\" content=\"https:\/\/www.ull.es\/portal\/noticias\/2016\/la-ull-acoge-la-celebracion-de-la-fase-local-de-la-olimpiada-matematica-espanola\/\" \/>\n<meta property=\"og:site_name\" content=\"ULL - Noticias\" \/>\n<meta property=\"article:publisher\" content=\"https:\/\/www.facebook.com\/universidaddelalaguna\/\" \/>\n<meta property=\"article:published_time\" content=\"2016-01-15T10:24:20+00:00\" \/>\n<meta property=\"og:image\" content=\"https:\/\/www.ull.es\/portal\/noticias\/wp-content\/uploads\/sites\/13\/2016\/01\/olimpiada_matematicas.jpg\" \/>\n\t<meta property=\"og:image:width\" content=\"3072\" \/>\n\t<meta property=\"og:image:height\" content=\"2304\" \/>\n\t<meta property=\"og:image:type\" content=\"image\/jpeg\" \/>\n<meta name=\"author\" content=\"gaprsa\" \/>\n<meta name=\"twitter:card\" content=\"summary_large_image\" \/>\n<meta name=\"twitter:creator\" content=\"@CanalULL\" \/>\n<meta name=\"twitter:site\" content=\"@CanalULL\" \/>\n<meta name=\"twitter:label1\" content=\"Escrito por\" \/>\n\t<meta name=\"twitter:data1\" content=\"gaprsa\" \/>\n\t<meta name=\"twitter:label2\" content=\"Tiempo de lectura\" \/>\n\t<meta name=\"twitter:data2\" content=\"1 minuto\" \/>\n<script type=\"application\/ld+json\" class=\"yoast-schema-graph\">{\"@context\":\"https:\/\/schema.org\",\"@graph\":[{\"@type\":\"WebPage\",\"@id\":\"https:\/\/www.ull.es\/portal\/noticias\/2016\/la-ull-acoge-la-celebracion-de-la-fase-local-de-la-olimpiada-matematica-espanola\/\",\"url\":\"https:\/\/www.ull.es\/portal\/noticias\/2016\/la-ull-acoge-la-celebracion-de-la-fase-local-de-la-olimpiada-matematica-espanola\/\",\"name\":\"La ULL acoge la celebraci\u00f3n de la fase local de la Olimpiada Matem\u00e1tica Espa\u00f1ola - ULL - Noticias\",\"isPartOf\":{\"@id\":\"https:\/\/www.ull.es\/portal\/noticias\/#website\"},\"datePublished\":\"2016-01-15T10:24:20+00:00\",\"dateModified\":\"2016-01-15T10:24:20+00:00\",\"author\":{\"@id\":\"https:\/\/www.ull.es\/portal\/noticias\/#\/schema\/person\/b2b1a89d43ffa609e591f7df8ef3e817\"},\"breadcrumb\":{\"@id\":\"https:\/\/www.ull.es\/portal\/noticias\/2016\/la-ull-acoge-la-celebracion-de-la-fase-local-de-la-olimpiada-matematica-espanola\/#breadcrumb\"},\"inLanguage\":\"es\",\"potentialAction\":[{\"@type\":\"ReadAction\",\"target\":[\"https:\/\/www.ull.es\/portal\/noticias\/2016\/la-ull-acoge-la-celebracion-de-la-fase-local-de-la-olimpiada-matematica-espanola\/\"]}]},{\"@type\":\"BreadcrumbList\",\"@id\":\"https:\/\/www.ull.es\/portal\/noticias\/2016\/la-ull-acoge-la-celebracion-de-la-fase-local-de-la-olimpiada-matematica-espanola\/#breadcrumb\",\"itemListElement\":[{\"@type\":\"ListItem\",\"position\":1,\"name\":\"Portada\",\"item\":\"https:\/\/www.ull.es\/portal\/noticias\/\"},{\"@type\":\"ListItem\",\"position\":2,\"name\":\"La ULL acoge la celebraci\u00f3n de la fase local de la Olimpiada Matem\u00e1tica Espa\u00f1ola\"}]},{\"@type\":\"WebSite\",\"@id\":\"https:\/\/www.ull.es\/portal\/noticias\/#website\",\"url\":\"https:\/\/www.ull.es\/portal\/noticias\/\",\"name\":\"ULL - Noticias\",\"description\":\"\",\"potentialAction\":[{\"@type\":\"SearchAction\",\"target\":{\"@type\":\"EntryPoint\",\"urlTemplate\":\"https:\/\/www.ull.es\/portal\/noticias\/?s={search_term_string}\"},\"query-input\":\"required name=search_term_string\"}],\"inLanguage\":\"es\"},{\"@type\":\"Person\",\"@id\":\"https:\/\/www.ull.es\/portal\/noticias\/#\/schema\/person\/b2b1a89d43ffa609e591f7df8ef3e817\",\"name\":\"gaprsa\",\"image\":{\"@type\":\"ImageObject\",\"inLanguage\":\"es\",\"@id\":\"https:\/\/www.ull.es\/portal\/noticias\/#\/schema\/person\/image\/\",\"url\":\"https:\/\/secure.gravatar.com\/avatar\/443820550921091458b4823867723b3d?s=96&d=mm&r=g\",\"contentUrl\":\"https:\/\/secure.gravatar.com\/avatar\/443820550921091458b4823867723b3d?s=96&d=mm&r=g\",\"caption\":\"gaprsa\"},\"url\":\"https:\/\/www.ull.es\/portal\/noticias\/author\/gaprsa\/\"}]}<\/script>\n<!-- \/ Yoast SEO plugin. -->","yoast_head_json":{"title":"La ULL acoge la celebraci\u00f3n de la fase local de la Olimpiada Matem\u00e1tica Espa\u00f1ola - ULL - Noticias","robots":{"index":"index","follow":"follow","max-snippet":"max-snippet:-1","max-image-preview":"max-image-preview:large","max-video-preview":"max-video-preview:-1"},"canonical":"https:\/\/www.ull.es\/portal\/noticias\/2016\/la-ull-acoge-la-celebracion-de-la-fase-local-de-la-olimpiada-matematica-espanola\/","og_locale":"es_ES","og_type":"article","og_title":"La ULL acoge la celebraci\u00f3n de la fase local de la Olimpiada Matem\u00e1tica Espa\u00f1ola - ULL - Noticias","og_description":"Hoy viernes 15 de enero se est\u00e1 celebrando en el edificio de las Secciones de Matem\u00e1ticas y F\u00edsica de la...","og_url":"https:\/\/www.ull.es\/portal\/noticias\/2016\/la-ull-acoge-la-celebracion-de-la-fase-local-de-la-olimpiada-matematica-espanola\/","og_site_name":"ULL - Noticias","article_publisher":"https:\/\/www.facebook.com\/universidaddelalaguna\/","article_published_time":"2016-01-15T10:24:20+00:00","og_image":[{"width":3072,"height":2304,"url":"https:\/\/www.ull.es\/portal\/noticias\/wp-content\/uploads\/sites\/13\/2016\/01\/olimpiada_matematicas.jpg","type":"image\/jpeg"}],"author":"gaprsa","twitter_card":"summary_large_image","twitter_creator":"@CanalULL","twitter_site":"@CanalULL","twitter_misc":{"Escrito por":"gaprsa","Tiempo de lectura":"1 minuto"},"schema":{"@context":"https:\/\/schema.org","@graph":[{"@type":"WebPage","@id":"https:\/\/www.ull.es\/portal\/noticias\/2016\/la-ull-acoge-la-celebracion-de-la-fase-local-de-la-olimpiada-matematica-espanola\/","url":"https:\/\/www.ull.es\/portal\/noticias\/2016\/la-ull-acoge-la-celebracion-de-la-fase-local-de-la-olimpiada-matematica-espanola\/","name":"La ULL acoge la celebraci\u00f3n de la fase local de la Olimpiada Matem\u00e1tica Espa\u00f1ola - ULL - Noticias","isPartOf":{"@id":"https:\/\/www.ull.es\/portal\/noticias\/#website"},"datePublished":"2016-01-15T10:24:20+00:00","dateModified":"2016-01-15T10:24:20+00:00","author":{"@id":"https:\/\/www.ull.es\/portal\/noticias\/#\/schema\/person\/b2b1a89d43ffa609e591f7df8ef3e817"},"breadcrumb":{"@id":"https:\/\/www.ull.es\/portal\/noticias\/2016\/la-ull-acoge-la-celebracion-de-la-fase-local-de-la-olimpiada-matematica-espanola\/#breadcrumb"},"inLanguage":"es","potentialAction":[{"@type":"ReadAction","target":["https:\/\/www.ull.es\/portal\/noticias\/2016\/la-ull-acoge-la-celebracion-de-la-fase-local-de-la-olimpiada-matematica-espanola\/"]}]},{"@type":"BreadcrumbList","@id":"https:\/\/www.ull.es\/portal\/noticias\/2016\/la-ull-acoge-la-celebracion-de-la-fase-local-de-la-olimpiada-matematica-espanola\/#breadcrumb","itemListElement":[{"@type":"ListItem","position":1,"name":"Portada","item":"https:\/\/www.ull.es\/portal\/noticias\/"},{"@type":"ListItem","position":2,"name":"La ULL acoge la celebraci\u00f3n de la fase local de la Olimpiada Matem\u00e1tica Espa\u00f1ola"}]},{"@type":"WebSite","@id":"https:\/\/www.ull.es\/portal\/noticias\/#website","url":"https:\/\/www.ull.es\/portal\/noticias\/","name":"ULL - Noticias","description":"","potentialAction":[{"@type":"SearchAction","target":{"@type":"EntryPoint","urlTemplate":"https:\/\/www.ull.es\/portal\/noticias\/?s={search_term_string}"},"query-input":"required name=search_term_string"}],"inLanguage":"es"},{"@type":"Person","@id":"https:\/\/www.ull.es\/portal\/noticias\/#\/schema\/person\/b2b1a89d43ffa609e591f7df8ef3e817","name":"gaprsa","image":{"@type":"ImageObject","inLanguage":"es","@id":"https:\/\/www.ull.es\/portal\/noticias\/#\/schema\/person\/image\/","url":"https:\/\/secure.gravatar.com\/avatar\/443820550921091458b4823867723b3d?s=96&d=mm&r=g","contentUrl":"https:\/\/secure.gravatar.com\/avatar\/443820550921091458b4823867723b3d?s=96&d=mm&r=g","caption":"gaprsa"},"url":"https:\/\/www.ull.es\/portal\/noticias\/author\/gaprsa\/"}]}},"primary_category":null,"featured_image_thumbnail_url":"https:\/\/www.ull.es\/portal\/noticias\/wp-content\/uploads\/sites\/13\/2016\/01\/olimpiada_matematicas-300x225.jpg","_links":{"self":[{"href":"https:\/\/www.ull.es\/portal\/noticias\/wp-json\/wp\/v2\/posts\/26258"}],"collection":[{"href":"https:\/\/www.ull.es\/portal\/noticias\/wp-json\/wp\/v2\/posts"}],"about":[{"href":"https:\/\/www.ull.es\/portal\/noticias\/wp-json\/wp\/v2\/types\/post"}],"author":[{"embeddable":true,"href":"https:\/\/www.ull.es\/portal\/noticias\/wp-json\/wp\/v2\/users\/23"}],"replies":[{"embeddable":true,"href":"https:\/\/www.ull.es\/portal\/noticias\/wp-json\/wp\/v2\/comments?post=26258"}],"version-history":[{"count":0,"href":"https:\/\/www.ull.es\/portal\/noticias\/wp-json\/wp\/v2\/posts\/26258\/revisions"}],"wp:featuredmedia":[{"embeddable":true,"href":"https:\/\/www.ull.es\/portal\/noticias\/wp-json\/wp\/v2\/media\/26259"}],"wp:attachment":[{"href":"https:\/\/www.ull.es\/portal\/noticias\/wp-json\/wp\/v2\/media?parent=26258"}],"wp:term":[{"taxonomy":"category","embeddable":true,"href":"https:\/\/www.ull.es\/portal\/noticias\/wp-json\/wp\/v2\/categories?post=26258"},{"taxonomy":"post_tag","embeddable":true,"href":"https:\/\/www.ull.es\/portal\/noticias\/wp-json\/wp\/v2\/tags?post=26258"}],"curies":[{"name":"wp","href":"https:\/\/api.w.org\/{rel}","templated":true}]}}