{"id":26265,"date":"2016-01-15T11:12:16","date_gmt":"2016-01-15T11:12:16","guid":{"rendered":"http:\/\/ddigital.webs.ull.es\/?p=26265"},"modified":"2016-01-15T11:12:16","modified_gmt":"2016-01-15T11:12:16","slug":"la-universidad-de-la-laguna-se-suma-a-la-campana-mundial-de-apoyo-a-los-estudiantes-bahais-de-iran","status":"publish","type":"post","link":"https:\/\/www.ull.es\/portal\/noticias\/2016\/la-universidad-de-la-laguna-se-suma-a-la-campana-mundial-de-apoyo-a-los-estudiantes-bahais-de-iran\/","title":{"rendered":"La Universidad de La Laguna se suma a la campa\u00f1a mundial de apoyo a los estudiantes Bah\u00e1&#8217;is de Ir\u00e1n"},"content":{"rendered":"<p>La Universidad de La Laguna se ha sumado a la campa\u00f1a mundial de apoyo a los estudiantes bah\u00e1\u2019is de Ir\u00e1n, a los que se les proh\u00edbe el acceso a la universidad por profesar este credo. Bajo el lema \u201cLa educaci\u00f3n no es un crimen\u201d, ya se han celebrado varios actos en ciudades espa\u00f1olas que sirven de denuncia de esta actitud discriminatoria por parte del gobierno iran\u00ed.<\/p>\n<p>Ahora, este centro acad\u00e9mico, a trav\u00e9s de su Vicerrectorado de Estudiantes y con la colaboraci\u00f3n de comunidad bah\u00e1\u2019i de Canarias, celebrar\u00e1 una actividad el pr\u00f3ximo lunes 18 de enero a las 18 horas en el Aula Magna de la Facultad de Econom\u00eda, Empresa y Turismo en la que se expondr\u00e1 la situaci\u00f3n que vive este colectivo de alumnos.<\/p>\n<p>Adem\u00e1s, se proyectar\u00e1 el documental \u201cEncender una vela\u201d, del director canadiense-iran\u00ed Maziar Bahari, que aborda en esta cinta las privaciones de derechos humanos en Ir\u00e1n. De hecho, la pel\u00edcula narra la experiencia de una familia bah\u00e1\u2019i y su relaci\u00f3n con el IBES (Instituto Bah\u00e1\u2019i de Estudios Superiores), una iniciativa informal, que tambi\u00e9n es objeto de persecuci\u00f3n por parte de las autoridades iran\u00edes, desarrollada por esta comunidad para permitir a sus j\u00f3venes acceder al conocimiento, ya que este es uno de los principios de su fe.<\/p>\n<p>\u201cEn 1982 fuimos la primera generaci\u00f3n de j\u00f3venes bah\u00e1\u2019is a quienes se les priv\u00f3 de acceder a la universidad. Aqu\u00ed los estudiantes parecen no apreciar este privilegio, pero nosotros, al no poder hacerlo, ten\u00edamos ansias por aprender, sed de conocer, anhel\u00e1bamos poder estudiar\u201d, ha se\u00f1alado Shohreh Rezaie, una representante de la primera generaci\u00f3n de estudiantes bah\u00e1\u2019is que fueron privados de este derecho fundamental.<\/p>\n<p><strong>M\u00e1s informaci\u00f3n:<\/strong> <a href=\"http:\/\/www.educationisnotacrime.me\" target=\"_blank\" rel=\"noopener\">www.educationisnotacrime.me<\/a><\/p>\n","protected":false},"excerpt":{"rendered":"<p>La Universidad de La Laguna se ha sumado a la campa\u00f1a mundial de apoyo a los estudiantes bah\u00e1\u2019is de Ir\u00e1n,&#8230;<\/p>\n","protected":false},"author":23,"featured_media":26267,"comment_status":"open","ping_status":"open","sticky":false,"template":"","format":"standard","meta":{"inline_featured_image":false,"footnotes":""},"categories":[343,345,1],"tags":[609,1548],"acf":[],"yoast_head":"<!-- This site is optimized with the Yoast SEO plugin v21.3 - https:\/\/yoast.com\/wordpress\/plugins\/seo\/ -->\n<title>La Universidad de La Laguna se suma a la campa\u00f1a mundial de apoyo a los estudiantes Bah\u00e1&#039;is de Ir\u00e1n - ULL - Noticias<\/title>\n<meta name=\"robots\" content=\"index, follow, max-snippet:-1, max-image-preview:large, max-video-preview:-1\" \/>\n<link rel=\"canonical\" href=\"https:\/\/www.ull.es\/portal\/noticias\/2016\/la-universidad-de-la-laguna-se-suma-a-la-campana-mundial-de-apoyo-a-los-estudiantes-bahais-de-iran\/\" \/>\n<meta property=\"og:locale\" content=\"es_ES\" \/>\n<meta property=\"og:type\" content=\"article\" \/>\n<meta property=\"og:title\" content=\"La Universidad de La Laguna se suma a la campa\u00f1a mundial de apoyo a los estudiantes Bah\u00e1&#039;is de Ir\u00e1n - ULL - Noticias\" \/>\n<meta property=\"og:description\" content=\"La Universidad de La Laguna se ha sumado a la campa\u00f1a mundial de apoyo a los estudiantes bah\u00e1\u2019is de Ir\u00e1n,...\" \/>\n<meta property=\"og:url\" content=\"https:\/\/www.ull.es\/portal\/noticias\/2016\/la-universidad-de-la-laguna-se-suma-a-la-campana-mundial-de-apoyo-a-los-estudiantes-bahais-de-iran\/\" \/>\n<meta property=\"og:site_name\" content=\"ULL - Noticias\" \/>\n<meta property=\"article:publisher\" content=\"https:\/\/www.facebook.com\/universidaddelalaguna\/\" \/>\n<meta property=\"article:published_time\" content=\"2016-01-15T11:12:16+00:00\" \/>\n<meta property=\"og:image\" content=\"https:\/\/www.ull.es\/portal\/noticias\/wp-content\/uploads\/sites\/13\/2016\/01\/educacion_no_crimen.jpg\" \/>\n\t<meta property=\"og:image:width\" content=\"728\" \/>\n\t<meta property=\"og:image:height\" content=\"1024\" \/>\n\t<meta property=\"og:image:type\" content=\"image\/jpeg\" \/>\n<meta name=\"author\" content=\"gaprsa\" \/>\n<meta name=\"twitter:card\" content=\"summary_large_image\" \/>\n<meta name=\"twitter:creator\" content=\"@CanalULL\" \/>\n<meta name=\"twitter:site\" content=\"@CanalULL\" \/>\n<meta name=\"twitter:label1\" content=\"Escrito por\" \/>\n\t<meta name=\"twitter:data1\" content=\"gaprsa\" \/>\n\t<meta name=\"twitter:label2\" content=\"Tiempo de lectura\" \/>\n\t<meta name=\"twitter:data2\" content=\"2 minutos\" \/>\n<script type=\"application\/ld+json\" class=\"yoast-schema-graph\">{\"@context\":\"https:\/\/schema.org\",\"@graph\":[{\"@type\":\"WebPage\",\"@id\":\"https:\/\/www.ull.es\/portal\/noticias\/2016\/la-universidad-de-la-laguna-se-suma-a-la-campana-mundial-de-apoyo-a-los-estudiantes-bahais-de-iran\/\",\"url\":\"https:\/\/www.ull.es\/portal\/noticias\/2016\/la-universidad-de-la-laguna-se-suma-a-la-campana-mundial-de-apoyo-a-los-estudiantes-bahais-de-iran\/\",\"name\":\"La Universidad de La Laguna se suma a la campa\u00f1a mundial de apoyo a los estudiantes Bah\u00e1'is de Ir\u00e1n - ULL - Noticias\",\"isPartOf\":{\"@id\":\"https:\/\/www.ull.es\/portal\/noticias\/#website\"},\"datePublished\":\"2016-01-15T11:12:16+00:00\",\"dateModified\":\"2016-01-15T11:12:16+00:00\",\"author\":{\"@id\":\"https:\/\/www.ull.es\/portal\/noticias\/#\/schema\/person\/b2b1a89d43ffa609e591f7df8ef3e817\"},\"breadcrumb\":{\"@id\":\"https:\/\/www.ull.es\/portal\/noticias\/2016\/la-universidad-de-la-laguna-se-suma-a-la-campana-mundial-de-apoyo-a-los-estudiantes-bahais-de-iran\/#breadcrumb\"},\"inLanguage\":\"es\",\"potentialAction\":[{\"@type\":\"ReadAction\",\"target\":[\"https:\/\/www.ull.es\/portal\/noticias\/2016\/la-universidad-de-la-laguna-se-suma-a-la-campana-mundial-de-apoyo-a-los-estudiantes-bahais-de-iran\/\"]}]},{\"@type\":\"BreadcrumbList\",\"@id\":\"https:\/\/www.ull.es\/portal\/noticias\/2016\/la-universidad-de-la-laguna-se-suma-a-la-campana-mundial-de-apoyo-a-los-estudiantes-bahais-de-iran\/#breadcrumb\",\"itemListElement\":[{\"@type\":\"ListItem\",\"position\":1,\"name\":\"Portada\",\"item\":\"https:\/\/www.ull.es\/portal\/noticias\/\"},{\"@type\":\"ListItem\",\"position\":2,\"name\":\"La Universidad de La Laguna se suma a la campa\u00f1a mundial de apoyo a los estudiantes Bah\u00e1&#8217;is de Ir\u00e1n\"}]},{\"@type\":\"WebSite\",\"@id\":\"https:\/\/www.ull.es\/portal\/noticias\/#website\",\"url\":\"https:\/\/www.ull.es\/portal\/noticias\/\",\"name\":\"ULL - Noticias\",\"description\":\"\",\"potentialAction\":[{\"@type\":\"SearchAction\",\"target\":{\"@type\":\"EntryPoint\",\"urlTemplate\":\"https:\/\/www.ull.es\/portal\/noticias\/?s={search_term_string}\"},\"query-input\":\"required name=search_term_string\"}],\"inLanguage\":\"es\"},{\"@type\":\"Person\",\"@id\":\"https:\/\/www.ull.es\/portal\/noticias\/#\/schema\/person\/b2b1a89d43ffa609e591f7df8ef3e817\",\"name\":\"gaprsa\",\"image\":{\"@type\":\"ImageObject\",\"inLanguage\":\"es\",\"@id\":\"https:\/\/www.ull.es\/portal\/noticias\/#\/schema\/person\/image\/\",\"url\":\"https:\/\/secure.gravatar.com\/avatar\/443820550921091458b4823867723b3d?s=96&d=mm&r=g\",\"contentUrl\":\"https:\/\/secure.gravatar.com\/avatar\/443820550921091458b4823867723b3d?s=96&d=mm&r=g\",\"caption\":\"gaprsa\"},\"url\":\"https:\/\/www.ull.es\/portal\/noticias\/author\/gaprsa\/\"}]}<\/script>\n<!-- \/ Yoast SEO plugin. -->","yoast_head_json":{"title":"La Universidad de La Laguna se suma a la campa\u00f1a mundial de apoyo a los estudiantes Bah\u00e1'is de Ir\u00e1n - ULL - Noticias","robots":{"index":"index","follow":"follow","max-snippet":"max-snippet:-1","max-image-preview":"max-image-preview:large","max-video-preview":"max-video-preview:-1"},"canonical":"https:\/\/www.ull.es\/portal\/noticias\/2016\/la-universidad-de-la-laguna-se-suma-a-la-campana-mundial-de-apoyo-a-los-estudiantes-bahais-de-iran\/","og_locale":"es_ES","og_type":"article","og_title":"La Universidad de La Laguna se suma a la campa\u00f1a mundial de apoyo a los estudiantes Bah\u00e1'is de Ir\u00e1n - ULL - Noticias","og_description":"La Universidad de La Laguna se ha sumado a la campa\u00f1a mundial de apoyo a los estudiantes bah\u00e1\u2019is de Ir\u00e1n,...","og_url":"https:\/\/www.ull.es\/portal\/noticias\/2016\/la-universidad-de-la-laguna-se-suma-a-la-campana-mundial-de-apoyo-a-los-estudiantes-bahais-de-iran\/","og_site_name":"ULL - Noticias","article_publisher":"https:\/\/www.facebook.com\/universidaddelalaguna\/","article_published_time":"2016-01-15T11:12:16+00:00","og_image":[{"width":728,"height":1024,"url":"https:\/\/www.ull.es\/portal\/noticias\/wp-content\/uploads\/sites\/13\/2016\/01\/educacion_no_crimen.jpg","type":"image\/jpeg"}],"author":"gaprsa","twitter_card":"summary_large_image","twitter_creator":"@CanalULL","twitter_site":"@CanalULL","twitter_misc":{"Escrito por":"gaprsa","Tiempo de lectura":"2 minutos"},"schema":{"@context":"https:\/\/schema.org","@graph":[{"@type":"WebPage","@id":"https:\/\/www.ull.es\/portal\/noticias\/2016\/la-universidad-de-la-laguna-se-suma-a-la-campana-mundial-de-apoyo-a-los-estudiantes-bahais-de-iran\/","url":"https:\/\/www.ull.es\/portal\/noticias\/2016\/la-universidad-de-la-laguna-se-suma-a-la-campana-mundial-de-apoyo-a-los-estudiantes-bahais-de-iran\/","name":"La Universidad de La Laguna se suma a la campa\u00f1a mundial de apoyo a los estudiantes Bah\u00e1'is de Ir\u00e1n - ULL - Noticias","isPartOf":{"@id":"https:\/\/www.ull.es\/portal\/noticias\/#website"},"datePublished":"2016-01-15T11:12:16+00:00","dateModified":"2016-01-15T11:12:16+00:00","author":{"@id":"https:\/\/www.ull.es\/portal\/noticias\/#\/schema\/person\/b2b1a89d43ffa609e591f7df8ef3e817"},"breadcrumb":{"@id":"https:\/\/www.ull.es\/portal\/noticias\/2016\/la-universidad-de-la-laguna-se-suma-a-la-campana-mundial-de-apoyo-a-los-estudiantes-bahais-de-iran\/#breadcrumb"},"inLanguage":"es","potentialAction":[{"@type":"ReadAction","target":["https:\/\/www.ull.es\/portal\/noticias\/2016\/la-universidad-de-la-laguna-se-suma-a-la-campana-mundial-de-apoyo-a-los-estudiantes-bahais-de-iran\/"]}]},{"@type":"BreadcrumbList","@id":"https:\/\/www.ull.es\/portal\/noticias\/2016\/la-universidad-de-la-laguna-se-suma-a-la-campana-mundial-de-apoyo-a-los-estudiantes-bahais-de-iran\/#breadcrumb","itemListElement":[{"@type":"ListItem","position":1,"name":"Portada","item":"https:\/\/www.ull.es\/portal\/noticias\/"},{"@type":"ListItem","position":2,"name":"La Universidad de La Laguna se suma a la campa\u00f1a mundial de apoyo a los estudiantes Bah\u00e1&#8217;is de Ir\u00e1n"}]},{"@type":"WebSite","@id":"https:\/\/www.ull.es\/portal\/noticias\/#website","url":"https:\/\/www.ull.es\/portal\/noticias\/","name":"ULL - Noticias","description":"","potentialAction":[{"@type":"SearchAction","target":{"@type":"EntryPoint","urlTemplate":"https:\/\/www.ull.es\/portal\/noticias\/?s={search_term_string}"},"query-input":"required name=search_term_string"}],"inLanguage":"es"},{"@type":"Person","@id":"https:\/\/www.ull.es\/portal\/noticias\/#\/schema\/person\/b2b1a89d43ffa609e591f7df8ef3e817","name":"gaprsa","image":{"@type":"ImageObject","inLanguage":"es","@id":"https:\/\/www.ull.es\/portal\/noticias\/#\/schema\/person\/image\/","url":"https:\/\/secure.gravatar.com\/avatar\/443820550921091458b4823867723b3d?s=96&d=mm&r=g","contentUrl":"https:\/\/secure.gravatar.com\/avatar\/443820550921091458b4823867723b3d?s=96&d=mm&r=g","caption":"gaprsa"},"url":"https:\/\/www.ull.es\/portal\/noticias\/author\/gaprsa\/"}]}},"primary_category":null,"featured_image_thumbnail_url":"https:\/\/www.ull.es\/portal\/noticias\/wp-content\/uploads\/sites\/13\/2016\/01\/educacion_no_crimen-213x300.jpg","_links":{"self":[{"href":"https:\/\/www.ull.es\/portal\/noticias\/wp-json\/wp\/v2\/posts\/26265"}],"collection":[{"href":"https:\/\/www.ull.es\/portal\/noticias\/wp-json\/wp\/v2\/posts"}],"about":[{"href":"https:\/\/www.ull.es\/portal\/noticias\/wp-json\/wp\/v2\/types\/post"}],"author":[{"embeddable":true,"href":"https:\/\/www.ull.es\/portal\/noticias\/wp-json\/wp\/v2\/users\/23"}],"replies":[{"embeddable":true,"href":"https:\/\/www.ull.es\/portal\/noticias\/wp-json\/wp\/v2\/comments?post=26265"}],"version-history":[{"count":0,"href":"https:\/\/www.ull.es\/portal\/noticias\/wp-json\/wp\/v2\/posts\/26265\/revisions"}],"wp:featuredmedia":[{"embeddable":true,"href":"https:\/\/www.ull.es\/portal\/noticias\/wp-json\/wp\/v2\/media\/26267"}],"wp:attachment":[{"href":"https:\/\/www.ull.es\/portal\/noticias\/wp-json\/wp\/v2\/media?parent=26265"}],"wp:term":[{"taxonomy":"category","embeddable":true,"href":"https:\/\/www.ull.es\/portal\/noticias\/wp-json\/wp\/v2\/categories?post=26265"},{"taxonomy":"post_tag","embeddable":true,"href":"https:\/\/www.ull.es\/portal\/noticias\/wp-json\/wp\/v2\/tags?post=26265"}],"curies":[{"name":"wp","href":"https:\/\/api.w.org\/{rel}","templated":true}]}}