{"id":26269,"date":"2016-01-18T11:44:11","date_gmt":"2016-01-18T11:44:11","guid":{"rendered":"http:\/\/ddigital.webs.ull.es\/?p=26269"},"modified":"2016-01-18T11:44:11","modified_gmt":"2016-01-18T11:44:11","slug":"alumni-ull-convoca-sus-premios-anuales-nava-y-grimon-y-a-los-valores-humanos","status":"publish","type":"post","link":"https:\/\/www.ull.es\/portal\/noticias\/2016\/alumni-ull-convoca-sus-premios-anuales-nava-y-grimon-y-a-los-valores-humanos\/","title":{"rendered":"Alumni ULL convoca sus premios anuales Nava y Grim\u00f3n y a los Valores Humanos"},"content":{"rendered":"<p>Alumni ULL (Asociaci\u00f3n de Antiguos Alumnos y Amigos de la Universidad de La Laguna) ha convocado la VI edici\u00f3n del Premio Alonso de Nava Grim\u00f3n, un reconocimiento hacia una persona distinguida que tenga o haya tenido relaci\u00f3n con la Universidad de La Laguna, y el XIII Premio a los Valores Humanos en el Alumnado de la ULL Jos\u00e9 Luis Garc\u00eda P\u00e9rez, que recompensa a aquellos que hayan resaltado por sus cualidades humanitarias en el seno de la instituci\u00f3n acad\u00e9mica.<\/p>\n<p>El plazo para presentar candidaturas al Premio Alonso de Nava y Grim\u00f3n expira el pr\u00f3ximo 25 de febrero. Cuenta con un jurado formado por el rector de la ULL, la presidenta y el secretario de Alumni ULL, as\u00ed como los ex rectores de la instituci\u00f3n acad\u00e9mica y los premiados en ediciones anteriores. Se trata de un galard\u00f3n honor\u00edfico sin dotaci\u00f3n econ\u00f3mica, que destaca una trayectoria caracterizada por el trabajo y el af\u00e1n de servicio a la comunidad de sus acreedores.<\/p>\n<p>El Premio a los Valores Humanos Jos\u00e9 Luis Garc\u00eda P\u00e9rez va dirigido tanto a la comunidad universitaria, como a los colectivos en los que participen los alumnos de la ULL. La dotaci\u00f3n ser\u00e1 de 1.500 euros, que el ganador destinar\u00e1 a una entidad sin \u00e1nimo de lucro. El plazo para presentar candidaturas expira el pr\u00f3ximo d\u00eda 26 de febrero.<\/p>\n<p>Para poder concurrir a esta convocatoria hay que estar matriculado en la ULL y tener aprobado al menos un curso acad\u00e9mico, en el caso de los alumnos; para el personal, tener como m\u00ednimo tres a\u00f1os de vigencia en la instituci\u00f3n; y para el colectivo solicitante, estar vinculado con la Universidad de La Laguna, o que al menos un 50% del grupo est\u00e9 formado por alumnos de la ULL. El jurado lo compone la Junta Directiva de la Alumni ULL.<\/p>\n<p>Los fallos de ambos premios se har\u00e1n p\u00fablicos el 11 de marzo, D\u00eda Institucional de la Universidad de La Laguna. En sendos casos, los promotores de las candidaturas que ser\u00e1n consideradas por parte de los jurados deber\u00e1n presentar memorias que avalen los m\u00e9ritos de las personas o entidades propuestas. La documentaci\u00f3n para poder participar en las convocatorias ha de presentarse en la sede de la entidad convocante, en la calle Viana 50, de La Laguna.<\/p>\n<p>Para conocer los detalles de ambas convocatorias se puede consultar este enlace: <a href=\"http:\/\/www.alumniull.es\/index.php?option=com_content&amp;view=article&amp;id=704:convocatoria-anual-de-los-premios-alumni&amp;catid=8:ultimas&amp;Itemid=100066\" target=\"_blank\" rel=\"noopener\">http:\/\/www.alumniull.es\/index.php?option=com_content&amp;view=article&amp;id=704:convocatoria-anual-de-los-premios-alumni&amp;catid=8:ultimas&amp;Itemid=100066<\/a><\/p>\n","protected":false},"excerpt":{"rendered":"<p>Alumni ULL (Asociaci\u00f3n de Antiguos Alumnos y Amigos de la Universidad de La Laguna) ha convocado la VI edici\u00f3n del&#8230;<\/p>\n","protected":false},"author":23,"featured_media":26270,"comment_status":"open","ping_status":"open","sticky":false,"template":"","format":"standard","meta":{"inline_featured_image":false,"footnotes":""},"categories":[345,348,1],"tags":[464],"acf":[],"yoast_head":"<!-- This site is optimized with the Yoast SEO plugin v21.3 - https:\/\/yoast.com\/wordpress\/plugins\/seo\/ -->\n<title>Alumni ULL convoca sus premios anuales Nava y Grim\u00f3n y a los Valores Humanos - ULL - Noticias<\/title>\n<meta name=\"robots\" content=\"index, follow, max-snippet:-1, max-image-preview:large, max-video-preview:-1\" \/>\n<link rel=\"canonical\" href=\"https:\/\/www.ull.es\/portal\/noticias\/2016\/alumni-ull-convoca-sus-premios-anuales-nava-y-grimon-y-a-los-valores-humanos\/\" \/>\n<meta property=\"og:locale\" content=\"es_ES\" \/>\n<meta property=\"og:type\" content=\"article\" \/>\n<meta property=\"og:title\" content=\"Alumni ULL convoca sus premios anuales Nava y Grim\u00f3n y a los Valores Humanos - ULL - Noticias\" \/>\n<meta property=\"og:description\" content=\"Alumni ULL (Asociaci\u00f3n de Antiguos Alumnos y Amigos de la Universidad de La Laguna) ha convocado la VI edici\u00f3n del...\" \/>\n<meta property=\"og:url\" content=\"https:\/\/www.ull.es\/portal\/noticias\/2016\/alumni-ull-convoca-sus-premios-anuales-nava-y-grimon-y-a-los-valores-humanos\/\" \/>\n<meta property=\"og:site_name\" content=\"ULL - Noticias\" \/>\n<meta property=\"article:publisher\" content=\"https:\/\/www.facebook.com\/universidaddelalaguna\/\" \/>\n<meta property=\"article:published_time\" content=\"2016-01-18T11:44:11+00:00\" \/>\n<meta property=\"og:image\" content=\"https:\/\/www.ull.es\/portal\/noticias\/wp-content\/uploads\/sites\/13\/2016\/01\/alumni.jpg\" \/>\n\t<meta property=\"og:image:width\" content=\"1400\" \/>\n\t<meta property=\"og:image:height\" content=\"1088\" \/>\n\t<meta property=\"og:image:type\" content=\"image\/jpeg\" \/>\n<meta name=\"author\" content=\"gaprsa\" \/>\n<meta name=\"twitter:card\" content=\"summary_large_image\" \/>\n<meta name=\"twitter:creator\" content=\"@CanalULL\" \/>\n<meta name=\"twitter:site\" content=\"@CanalULL\" \/>\n<meta name=\"twitter:label1\" content=\"Escrito por\" \/>\n\t<meta name=\"twitter:data1\" content=\"gaprsa\" \/>\n\t<meta name=\"twitter:label2\" content=\"Tiempo de lectura\" \/>\n\t<meta name=\"twitter:data2\" content=\"2 minutos\" \/>\n<script type=\"application\/ld+json\" class=\"yoast-schema-graph\">{\"@context\":\"https:\/\/schema.org\",\"@graph\":[{\"@type\":\"WebPage\",\"@id\":\"https:\/\/www.ull.es\/portal\/noticias\/2016\/alumni-ull-convoca-sus-premios-anuales-nava-y-grimon-y-a-los-valores-humanos\/\",\"url\":\"https:\/\/www.ull.es\/portal\/noticias\/2016\/alumni-ull-convoca-sus-premios-anuales-nava-y-grimon-y-a-los-valores-humanos\/\",\"name\":\"Alumni ULL convoca sus premios anuales Nava y Grim\u00f3n y a los Valores Humanos - ULL - Noticias\",\"isPartOf\":{\"@id\":\"https:\/\/www.ull.es\/portal\/noticias\/#website\"},\"datePublished\":\"2016-01-18T11:44:11+00:00\",\"dateModified\":\"2016-01-18T11:44:11+00:00\",\"author\":{\"@id\":\"https:\/\/www.ull.es\/portal\/noticias\/#\/schema\/person\/b2b1a89d43ffa609e591f7df8ef3e817\"},\"breadcrumb\":{\"@id\":\"https:\/\/www.ull.es\/portal\/noticias\/2016\/alumni-ull-convoca-sus-premios-anuales-nava-y-grimon-y-a-los-valores-humanos\/#breadcrumb\"},\"inLanguage\":\"es\",\"potentialAction\":[{\"@type\":\"ReadAction\",\"target\":[\"https:\/\/www.ull.es\/portal\/noticias\/2016\/alumni-ull-convoca-sus-premios-anuales-nava-y-grimon-y-a-los-valores-humanos\/\"]}]},{\"@type\":\"BreadcrumbList\",\"@id\":\"https:\/\/www.ull.es\/portal\/noticias\/2016\/alumni-ull-convoca-sus-premios-anuales-nava-y-grimon-y-a-los-valores-humanos\/#breadcrumb\",\"itemListElement\":[{\"@type\":\"ListItem\",\"position\":1,\"name\":\"Portada\",\"item\":\"https:\/\/www.ull.es\/portal\/noticias\/\"},{\"@type\":\"ListItem\",\"position\":2,\"name\":\"Alumni ULL convoca sus premios anuales Nava y Grim\u00f3n y a los Valores Humanos\"}]},{\"@type\":\"WebSite\",\"@id\":\"https:\/\/www.ull.es\/portal\/noticias\/#website\",\"url\":\"https:\/\/www.ull.es\/portal\/noticias\/\",\"name\":\"ULL - Noticias\",\"description\":\"\",\"potentialAction\":[{\"@type\":\"SearchAction\",\"target\":{\"@type\":\"EntryPoint\",\"urlTemplate\":\"https:\/\/www.ull.es\/portal\/noticias\/?s={search_term_string}\"},\"query-input\":\"required name=search_term_string\"}],\"inLanguage\":\"es\"},{\"@type\":\"Person\",\"@id\":\"https:\/\/www.ull.es\/portal\/noticias\/#\/schema\/person\/b2b1a89d43ffa609e591f7df8ef3e817\",\"name\":\"gaprsa\",\"image\":{\"@type\":\"ImageObject\",\"inLanguage\":\"es\",\"@id\":\"https:\/\/www.ull.es\/portal\/noticias\/#\/schema\/person\/image\/\",\"url\":\"https:\/\/secure.gravatar.com\/avatar\/443820550921091458b4823867723b3d?s=96&d=mm&r=g\",\"contentUrl\":\"https:\/\/secure.gravatar.com\/avatar\/443820550921091458b4823867723b3d?s=96&d=mm&r=g\",\"caption\":\"gaprsa\"},\"url\":\"https:\/\/www.ull.es\/portal\/noticias\/author\/gaprsa\/\"}]}<\/script>\n<!-- \/ Yoast SEO plugin. -->","yoast_head_json":{"title":"Alumni ULL convoca sus premios anuales Nava y Grim\u00f3n y a los Valores Humanos - ULL - Noticias","robots":{"index":"index","follow":"follow","max-snippet":"max-snippet:-1","max-image-preview":"max-image-preview:large","max-video-preview":"max-video-preview:-1"},"canonical":"https:\/\/www.ull.es\/portal\/noticias\/2016\/alumni-ull-convoca-sus-premios-anuales-nava-y-grimon-y-a-los-valores-humanos\/","og_locale":"es_ES","og_type":"article","og_title":"Alumni ULL convoca sus premios anuales Nava y Grim\u00f3n y a los Valores Humanos - ULL - Noticias","og_description":"Alumni ULL (Asociaci\u00f3n de Antiguos Alumnos y Amigos de la Universidad de La Laguna) ha convocado la VI edici\u00f3n del...","og_url":"https:\/\/www.ull.es\/portal\/noticias\/2016\/alumni-ull-convoca-sus-premios-anuales-nava-y-grimon-y-a-los-valores-humanos\/","og_site_name":"ULL - Noticias","article_publisher":"https:\/\/www.facebook.com\/universidaddelalaguna\/","article_published_time":"2016-01-18T11:44:11+00:00","og_image":[{"width":1400,"height":1088,"url":"https:\/\/www.ull.es\/portal\/noticias\/wp-content\/uploads\/sites\/13\/2016\/01\/alumni.jpg","type":"image\/jpeg"}],"author":"gaprsa","twitter_card":"summary_large_image","twitter_creator":"@CanalULL","twitter_site":"@CanalULL","twitter_misc":{"Escrito por":"gaprsa","Tiempo de lectura":"2 minutos"},"schema":{"@context":"https:\/\/schema.org","@graph":[{"@type":"WebPage","@id":"https:\/\/www.ull.es\/portal\/noticias\/2016\/alumni-ull-convoca-sus-premios-anuales-nava-y-grimon-y-a-los-valores-humanos\/","url":"https:\/\/www.ull.es\/portal\/noticias\/2016\/alumni-ull-convoca-sus-premios-anuales-nava-y-grimon-y-a-los-valores-humanos\/","name":"Alumni ULL convoca sus premios anuales Nava y Grim\u00f3n y a los Valores Humanos - ULL - Noticias","isPartOf":{"@id":"https:\/\/www.ull.es\/portal\/noticias\/#website"},"datePublished":"2016-01-18T11:44:11+00:00","dateModified":"2016-01-18T11:44:11+00:00","author":{"@id":"https:\/\/www.ull.es\/portal\/noticias\/#\/schema\/person\/b2b1a89d43ffa609e591f7df8ef3e817"},"breadcrumb":{"@id":"https:\/\/www.ull.es\/portal\/noticias\/2016\/alumni-ull-convoca-sus-premios-anuales-nava-y-grimon-y-a-los-valores-humanos\/#breadcrumb"},"inLanguage":"es","potentialAction":[{"@type":"ReadAction","target":["https:\/\/www.ull.es\/portal\/noticias\/2016\/alumni-ull-convoca-sus-premios-anuales-nava-y-grimon-y-a-los-valores-humanos\/"]}]},{"@type":"BreadcrumbList","@id":"https:\/\/www.ull.es\/portal\/noticias\/2016\/alumni-ull-convoca-sus-premios-anuales-nava-y-grimon-y-a-los-valores-humanos\/#breadcrumb","itemListElement":[{"@type":"ListItem","position":1,"name":"Portada","item":"https:\/\/www.ull.es\/portal\/noticias\/"},{"@type":"ListItem","position":2,"name":"Alumni ULL convoca sus premios anuales Nava y Grim\u00f3n y a los Valores Humanos"}]},{"@type":"WebSite","@id":"https:\/\/www.ull.es\/portal\/noticias\/#website","url":"https:\/\/www.ull.es\/portal\/noticias\/","name":"ULL - Noticias","description":"","potentialAction":[{"@type":"SearchAction","target":{"@type":"EntryPoint","urlTemplate":"https:\/\/www.ull.es\/portal\/noticias\/?s={search_term_string}"},"query-input":"required name=search_term_string"}],"inLanguage":"es"},{"@type":"Person","@id":"https:\/\/www.ull.es\/portal\/noticias\/#\/schema\/person\/b2b1a89d43ffa609e591f7df8ef3e817","name":"gaprsa","image":{"@type":"ImageObject","inLanguage":"es","@id":"https:\/\/www.ull.es\/portal\/noticias\/#\/schema\/person\/image\/","url":"https:\/\/secure.gravatar.com\/avatar\/443820550921091458b4823867723b3d?s=96&d=mm&r=g","contentUrl":"https:\/\/secure.gravatar.com\/avatar\/443820550921091458b4823867723b3d?s=96&d=mm&r=g","caption":"gaprsa"},"url":"https:\/\/www.ull.es\/portal\/noticias\/author\/gaprsa\/"}]}},"primary_category":null,"featured_image_thumbnail_url":"https:\/\/www.ull.es\/portal\/noticias\/wp-content\/uploads\/sites\/13\/2016\/01\/alumni-300x233.jpg","_links":{"self":[{"href":"https:\/\/www.ull.es\/portal\/noticias\/wp-json\/wp\/v2\/posts\/26269"}],"collection":[{"href":"https:\/\/www.ull.es\/portal\/noticias\/wp-json\/wp\/v2\/posts"}],"about":[{"href":"https:\/\/www.ull.es\/portal\/noticias\/wp-json\/wp\/v2\/types\/post"}],"author":[{"embeddable":true,"href":"https:\/\/www.ull.es\/portal\/noticias\/wp-json\/wp\/v2\/users\/23"}],"replies":[{"embeddable":true,"href":"https:\/\/www.ull.es\/portal\/noticias\/wp-json\/wp\/v2\/comments?post=26269"}],"version-history":[{"count":0,"href":"https:\/\/www.ull.es\/portal\/noticias\/wp-json\/wp\/v2\/posts\/26269\/revisions"}],"wp:featuredmedia":[{"embeddable":true,"href":"https:\/\/www.ull.es\/portal\/noticias\/wp-json\/wp\/v2\/media\/26270"}],"wp:attachment":[{"href":"https:\/\/www.ull.es\/portal\/noticias\/wp-json\/wp\/v2\/media?parent=26269"}],"wp:term":[{"taxonomy":"category","embeddable":true,"href":"https:\/\/www.ull.es\/portal\/noticias\/wp-json\/wp\/v2\/categories?post=26269"},{"taxonomy":"post_tag","embeddable":true,"href":"https:\/\/www.ull.es\/portal\/noticias\/wp-json\/wp\/v2\/tags?post=26269"}],"curies":[{"name":"wp","href":"https:\/\/api.w.org\/{rel}","templated":true}]}}