{"id":26285,"date":"2016-01-19T14:25:58","date_gmt":"2016-01-19T14:25:58","guid":{"rendered":"http:\/\/ddigital.webs.ull.es\/?p=26285"},"modified":"2016-01-19T14:25:58","modified_gmt":"2016-01-19T14:25:58","slug":"la-universidad-de-la-laguna-acoge-un-acto-de-apoyo-a-la-educacion-superior-de-la-comunidad-bahai-de-iran","status":"publish","type":"post","link":"https:\/\/www.ull.es\/portal\/noticias\/2016\/la-universidad-de-la-laguna-acoge-un-acto-de-apoyo-a-la-educacion-superior-de-la-comunidad-bahai-de-iran\/","title":{"rendered":"La Universidad de La Laguna acoge un acto de apoyo a la educaci\u00f3n superior de la comunidad bah\u00e1&#8217;i de Ir\u00e1n"},"content":{"rendered":"<p>Los bah\u00e1\u2019is de Ir\u00e1n son un colectivo que, al no profesar una de las religiones oficiales del pa\u00eds, han sido hist\u00f3ricamente perseguidos. Si bien en la actualidad ya no se ejerce la brutal represi\u00f3n de anta\u00f1o porque la presi\u00f3n internacional as\u00ed lo ha impedido, sigue habiendo formas sutiles de coartar su libertad. Tanto es as\u00ed que hoy en d\u00eda se proh\u00edbe a los j\u00f3venes que profesan este credo su asistencia a la universidad p\u00fablica iran\u00ed y se les deniega el acceso a la educaci\u00f3n superior.<\/p>\n<p>Desde 2015 se est\u00e1n celebrando movilizaciones en distintas partes del mundo para dar a conocer esta situaci\u00f3n, a todas luces discriminatoria. La Universidad de La Laguna acogi\u00f3 ayer 18 de enero un acto de apoyo a este colectivo, expandido por el mundo y formado, seg\u00fan distintas fuentes, por entre uno y cinco millones de personas. Organizado por el Vicerrectorado de Estudiantes de la ULL y por la comunidad bah\u00e1\u2019i de Canarias, sirvi\u00f3 para recabar apoyos de la poblaci\u00f3n universitaria y visibilizar una causa todav\u00eda muy desconocida por el p\u00fablico general.<\/p>\n<p>El vicerrector de Estudiantes, Alfonso Garc\u00eda, estuvo acompa\u00f1ado en el acto por el representante de la\u00a0 comunidad bah\u00e1\u2019i en Canarias, Eugenio Alonso, y por el director de la Oficina de Asuntos P\u00fablicos de esta comunidad iran\u00ed en Espa\u00f1a, Sergio Garc\u00eda, quien defini\u00f3 la actitud de sus paisanos como de resiliencia constructiva, en el sentido de que pese a ser perseguidos y masacrados, han seguido trabajando por el bien de su pa\u00eds y han procurado la modernizaci\u00f3n y la extensi\u00f3n del conocimiento en su naci\u00f3n.<\/p>\n<p>Sergio Garc\u00eda record\u00f3 de hecho que las ansias de aprender de las personas que conforman este credo les oblig\u00f3 en 1987 a establecer un programa educativo que dio lugar al Instituto Bah\u00e1\u2019i de Educaci\u00f3n Superior, una entidad clandestina que cuenta con un millar de alumnos y alrededor de 150 profesores, expulsados de la universidad p\u00fablica por sus creencias religiosas. Las clases se imparten por correspondencia, en los hogares de los estudiantes, que se re\u00fanen en grupo para poder trabajar y adquirir sus conocimientos.<\/p>\n<p>Para Alfonso Garc\u00eda este acto celebrado en la Universidad de La Laguna es de justicia y cuenta con todo el apoyo del Rectorado de la instituci\u00f3n acad\u00e9mica. \u201cLa educaci\u00f3n debe dar libertad, cultivar el esp\u00edritu, debe hacer crecer y posibilitar la formaci\u00f3n de ciudadanos \u00edntegros. Por eso cuando el miedo y la rabia paralizan hay que poner en marcha acciones como \u00e9sta, porque son la \u00fanica v\u00eda para conseguir una sociedad mejor\u201d.<\/p>\n<p>El acto se complet\u00f3 con la proyecci\u00f3n de la pel\u00edcula \u201cEncender una vela\u201d, del director canadiense-iran\u00ed Maziar Bahari, quien aborda en esta cinta las privaciones de derechos humanos en Ir\u00e1n y la persecuci\u00f3n sistem\u00e1tica a la que este pueblo ha sido sometido durante d\u00e9cadas.<\/p>\n","protected":false},"excerpt":{"rendered":"<p>Los bah\u00e1\u2019is de Ir\u00e1n son un colectivo que, al no profesar una de las religiones oficiales del pa\u00eds, han sido&#8230;<\/p>\n","protected":false},"author":23,"featured_media":26288,"comment_status":"open","ping_status":"open","sticky":false,"template":"","format":"gallery","meta":{"inline_featured_image":false,"footnotes":""},"categories":[345,348,1],"tags":[609],"acf":[],"yoast_head":"<!-- This site is optimized with the Yoast SEO plugin v21.3 - https:\/\/yoast.com\/wordpress\/plugins\/seo\/ -->\n<title>La Universidad de La Laguna acoge un acto de apoyo a la educaci\u00f3n superior de la comunidad bah\u00e1&#039;i de Ir\u00e1n - ULL - Noticias<\/title>\n<meta name=\"robots\" content=\"index, follow, max-snippet:-1, max-image-preview:large, max-video-preview:-1\" \/>\n<link rel=\"canonical\" href=\"https:\/\/www.ull.es\/portal\/noticias\/2016\/la-universidad-de-la-laguna-acoge-un-acto-de-apoyo-a-la-educacion-superior-de-la-comunidad-bahai-de-iran\/\" \/>\n<meta property=\"og:locale\" content=\"es_ES\" \/>\n<meta property=\"og:type\" content=\"article\" \/>\n<meta property=\"og:title\" content=\"La Universidad de La Laguna acoge un acto de apoyo a la educaci\u00f3n superior de la comunidad bah\u00e1&#039;i de Ir\u00e1n - ULL - Noticias\" \/>\n<meta property=\"og:description\" content=\"Los bah\u00e1\u2019is de Ir\u00e1n son un colectivo que, al no profesar una de las religiones oficiales del pa\u00eds, han sido...\" \/>\n<meta property=\"og:url\" content=\"https:\/\/www.ull.es\/portal\/noticias\/2016\/la-universidad-de-la-laguna-acoge-un-acto-de-apoyo-a-la-educacion-superior-de-la-comunidad-bahai-de-iran\/\" \/>\n<meta property=\"og:site_name\" content=\"ULL - Noticias\" \/>\n<meta property=\"article:publisher\" content=\"https:\/\/www.facebook.com\/universidaddelalaguna\/\" \/>\n<meta property=\"article:published_time\" content=\"2016-01-19T14:25:58+00:00\" \/>\n<meta property=\"og:image\" content=\"https:\/\/www.ull.es\/portal\/noticias\/wp-content\/uploads\/sites\/13\/2016\/01\/bahai-mesa-vertical.jpg\" \/>\n\t<meta property=\"og:image:width\" content=\"693\" \/>\n\t<meta property=\"og:image:height\" content=\"1049\" \/>\n\t<meta property=\"og:image:type\" content=\"image\/jpeg\" \/>\n<meta name=\"author\" content=\"gaprsa\" \/>\n<meta name=\"twitter:card\" content=\"summary_large_image\" \/>\n<meta name=\"twitter:creator\" content=\"@CanalULL\" \/>\n<meta name=\"twitter:site\" content=\"@CanalULL\" \/>\n<meta name=\"twitter:label1\" content=\"Escrito por\" \/>\n\t<meta name=\"twitter:data1\" content=\"gaprsa\" \/>\n\t<meta name=\"twitter:label2\" content=\"Tiempo de lectura\" \/>\n\t<meta name=\"twitter:data2\" content=\"3 minutos\" \/>\n<script type=\"application\/ld+json\" class=\"yoast-schema-graph\">{\"@context\":\"https:\/\/schema.org\",\"@graph\":[{\"@type\":\"WebPage\",\"@id\":\"https:\/\/www.ull.es\/portal\/noticias\/2016\/la-universidad-de-la-laguna-acoge-un-acto-de-apoyo-a-la-educacion-superior-de-la-comunidad-bahai-de-iran\/\",\"url\":\"https:\/\/www.ull.es\/portal\/noticias\/2016\/la-universidad-de-la-laguna-acoge-un-acto-de-apoyo-a-la-educacion-superior-de-la-comunidad-bahai-de-iran\/\",\"name\":\"La Universidad de La Laguna acoge un acto de apoyo a la educaci\u00f3n superior de la comunidad bah\u00e1'i de Ir\u00e1n - ULL - Noticias\",\"isPartOf\":{\"@id\":\"https:\/\/www.ull.es\/portal\/noticias\/#website\"},\"datePublished\":\"2016-01-19T14:25:58+00:00\",\"dateModified\":\"2016-01-19T14:25:58+00:00\",\"author\":{\"@id\":\"https:\/\/www.ull.es\/portal\/noticias\/#\/schema\/person\/b2b1a89d43ffa609e591f7df8ef3e817\"},\"breadcrumb\":{\"@id\":\"https:\/\/www.ull.es\/portal\/noticias\/2016\/la-universidad-de-la-laguna-acoge-un-acto-de-apoyo-a-la-educacion-superior-de-la-comunidad-bahai-de-iran\/#breadcrumb\"},\"inLanguage\":\"es\",\"potentialAction\":[{\"@type\":\"ReadAction\",\"target\":[\"https:\/\/www.ull.es\/portal\/noticias\/2016\/la-universidad-de-la-laguna-acoge-un-acto-de-apoyo-a-la-educacion-superior-de-la-comunidad-bahai-de-iran\/\"]}]},{\"@type\":\"BreadcrumbList\",\"@id\":\"https:\/\/www.ull.es\/portal\/noticias\/2016\/la-universidad-de-la-laguna-acoge-un-acto-de-apoyo-a-la-educacion-superior-de-la-comunidad-bahai-de-iran\/#breadcrumb\",\"itemListElement\":[{\"@type\":\"ListItem\",\"position\":1,\"name\":\"Portada\",\"item\":\"https:\/\/www.ull.es\/portal\/noticias\/\"},{\"@type\":\"ListItem\",\"position\":2,\"name\":\"La Universidad de La Laguna acoge un acto de apoyo a la educaci\u00f3n superior de la comunidad bah\u00e1&#8217;i de Ir\u00e1n\"}]},{\"@type\":\"WebSite\",\"@id\":\"https:\/\/www.ull.es\/portal\/noticias\/#website\",\"url\":\"https:\/\/www.ull.es\/portal\/noticias\/\",\"name\":\"ULL - Noticias\",\"description\":\"\",\"potentialAction\":[{\"@type\":\"SearchAction\",\"target\":{\"@type\":\"EntryPoint\",\"urlTemplate\":\"https:\/\/www.ull.es\/portal\/noticias\/?s={search_term_string}\"},\"query-input\":\"required name=search_term_string\"}],\"inLanguage\":\"es\"},{\"@type\":\"Person\",\"@id\":\"https:\/\/www.ull.es\/portal\/noticias\/#\/schema\/person\/b2b1a89d43ffa609e591f7df8ef3e817\",\"name\":\"gaprsa\",\"image\":{\"@type\":\"ImageObject\",\"inLanguage\":\"es\",\"@id\":\"https:\/\/www.ull.es\/portal\/noticias\/#\/schema\/person\/image\/\",\"url\":\"https:\/\/secure.gravatar.com\/avatar\/443820550921091458b4823867723b3d?s=96&d=mm&r=g\",\"contentUrl\":\"https:\/\/secure.gravatar.com\/avatar\/443820550921091458b4823867723b3d?s=96&d=mm&r=g\",\"caption\":\"gaprsa\"},\"url\":\"https:\/\/www.ull.es\/portal\/noticias\/author\/gaprsa\/\"}]}<\/script>\n<!-- \/ Yoast SEO plugin. -->","yoast_head_json":{"title":"La Universidad de La Laguna acoge un acto de apoyo a la educaci\u00f3n superior de la comunidad bah\u00e1'i de Ir\u00e1n - ULL - Noticias","robots":{"index":"index","follow":"follow","max-snippet":"max-snippet:-1","max-image-preview":"max-image-preview:large","max-video-preview":"max-video-preview:-1"},"canonical":"https:\/\/www.ull.es\/portal\/noticias\/2016\/la-universidad-de-la-laguna-acoge-un-acto-de-apoyo-a-la-educacion-superior-de-la-comunidad-bahai-de-iran\/","og_locale":"es_ES","og_type":"article","og_title":"La Universidad de La Laguna acoge un acto de apoyo a la educaci\u00f3n superior de la comunidad bah\u00e1'i de Ir\u00e1n - ULL - Noticias","og_description":"Los bah\u00e1\u2019is de Ir\u00e1n son un colectivo que, al no profesar una de las religiones oficiales del pa\u00eds, han sido...","og_url":"https:\/\/www.ull.es\/portal\/noticias\/2016\/la-universidad-de-la-laguna-acoge-un-acto-de-apoyo-a-la-educacion-superior-de-la-comunidad-bahai-de-iran\/","og_site_name":"ULL - Noticias","article_publisher":"https:\/\/www.facebook.com\/universidaddelalaguna\/","article_published_time":"2016-01-19T14:25:58+00:00","og_image":[{"width":693,"height":1049,"url":"https:\/\/www.ull.es\/portal\/noticias\/wp-content\/uploads\/sites\/13\/2016\/01\/bahai-mesa-vertical.jpg","type":"image\/jpeg"}],"author":"gaprsa","twitter_card":"summary_large_image","twitter_creator":"@CanalULL","twitter_site":"@CanalULL","twitter_misc":{"Escrito por":"gaprsa","Tiempo de lectura":"3 minutos"},"schema":{"@context":"https:\/\/schema.org","@graph":[{"@type":"WebPage","@id":"https:\/\/www.ull.es\/portal\/noticias\/2016\/la-universidad-de-la-laguna-acoge-un-acto-de-apoyo-a-la-educacion-superior-de-la-comunidad-bahai-de-iran\/","url":"https:\/\/www.ull.es\/portal\/noticias\/2016\/la-universidad-de-la-laguna-acoge-un-acto-de-apoyo-a-la-educacion-superior-de-la-comunidad-bahai-de-iran\/","name":"La Universidad de La Laguna acoge un acto de apoyo a la educaci\u00f3n superior de la comunidad bah\u00e1'i de Ir\u00e1n - ULL - Noticias","isPartOf":{"@id":"https:\/\/www.ull.es\/portal\/noticias\/#website"},"datePublished":"2016-01-19T14:25:58+00:00","dateModified":"2016-01-19T14:25:58+00:00","author":{"@id":"https:\/\/www.ull.es\/portal\/noticias\/#\/schema\/person\/b2b1a89d43ffa609e591f7df8ef3e817"},"breadcrumb":{"@id":"https:\/\/www.ull.es\/portal\/noticias\/2016\/la-universidad-de-la-laguna-acoge-un-acto-de-apoyo-a-la-educacion-superior-de-la-comunidad-bahai-de-iran\/#breadcrumb"},"inLanguage":"es","potentialAction":[{"@type":"ReadAction","target":["https:\/\/www.ull.es\/portal\/noticias\/2016\/la-universidad-de-la-laguna-acoge-un-acto-de-apoyo-a-la-educacion-superior-de-la-comunidad-bahai-de-iran\/"]}]},{"@type":"BreadcrumbList","@id":"https:\/\/www.ull.es\/portal\/noticias\/2016\/la-universidad-de-la-laguna-acoge-un-acto-de-apoyo-a-la-educacion-superior-de-la-comunidad-bahai-de-iran\/#breadcrumb","itemListElement":[{"@type":"ListItem","position":1,"name":"Portada","item":"https:\/\/www.ull.es\/portal\/noticias\/"},{"@type":"ListItem","position":2,"name":"La Universidad de La Laguna acoge un acto de apoyo a la educaci\u00f3n superior de la comunidad bah\u00e1&#8217;i de Ir\u00e1n"}]},{"@type":"WebSite","@id":"https:\/\/www.ull.es\/portal\/noticias\/#website","url":"https:\/\/www.ull.es\/portal\/noticias\/","name":"ULL - Noticias","description":"","potentialAction":[{"@type":"SearchAction","target":{"@type":"EntryPoint","urlTemplate":"https:\/\/www.ull.es\/portal\/noticias\/?s={search_term_string}"},"query-input":"required name=search_term_string"}],"inLanguage":"es"},{"@type":"Person","@id":"https:\/\/www.ull.es\/portal\/noticias\/#\/schema\/person\/b2b1a89d43ffa609e591f7df8ef3e817","name":"gaprsa","image":{"@type":"ImageObject","inLanguage":"es","@id":"https:\/\/www.ull.es\/portal\/noticias\/#\/schema\/person\/image\/","url":"https:\/\/secure.gravatar.com\/avatar\/443820550921091458b4823867723b3d?s=96&d=mm&r=g","contentUrl":"https:\/\/secure.gravatar.com\/avatar\/443820550921091458b4823867723b3d?s=96&d=mm&r=g","caption":"gaprsa"},"url":"https:\/\/www.ull.es\/portal\/noticias\/author\/gaprsa\/"}]}},"primary_category":null,"featured_image_thumbnail_url":"https:\/\/www.ull.es\/portal\/noticias\/wp-content\/uploads\/sites\/13\/2016\/01\/bahai-mesa-vertical-198x300.jpg","_links":{"self":[{"href":"https:\/\/www.ull.es\/portal\/noticias\/wp-json\/wp\/v2\/posts\/26285"}],"collection":[{"href":"https:\/\/www.ull.es\/portal\/noticias\/wp-json\/wp\/v2\/posts"}],"about":[{"href":"https:\/\/www.ull.es\/portal\/noticias\/wp-json\/wp\/v2\/types\/post"}],"author":[{"embeddable":true,"href":"https:\/\/www.ull.es\/portal\/noticias\/wp-json\/wp\/v2\/users\/23"}],"replies":[{"embeddable":true,"href":"https:\/\/www.ull.es\/portal\/noticias\/wp-json\/wp\/v2\/comments?post=26285"}],"version-history":[{"count":0,"href":"https:\/\/www.ull.es\/portal\/noticias\/wp-json\/wp\/v2\/posts\/26285\/revisions"}],"wp:featuredmedia":[{"embeddable":true,"href":"https:\/\/www.ull.es\/portal\/noticias\/wp-json\/wp\/v2\/media\/26288"}],"wp:attachment":[{"href":"https:\/\/www.ull.es\/portal\/noticias\/wp-json\/wp\/v2\/media?parent=26285"}],"wp:term":[{"taxonomy":"category","embeddable":true,"href":"https:\/\/www.ull.es\/portal\/noticias\/wp-json\/wp\/v2\/categories?post=26285"},{"taxonomy":"post_tag","embeddable":true,"href":"https:\/\/www.ull.es\/portal\/noticias\/wp-json\/wp\/v2\/tags?post=26285"}],"curies":[{"name":"wp","href":"https:\/\/api.w.org\/{rel}","templated":true}]}}