{"id":26316,"date":"2016-01-21T14:41:53","date_gmt":"2016-01-21T14:41:53","guid":{"rendered":"http:\/\/ddigital.webs.ull.es\/?p=26316"},"modified":"2016-01-21T14:41:53","modified_gmt":"2016-01-21T14:41:53","slug":"un-investigador-de-la-ull-participa-en-una-investigacion-internacional-sobre-la-acidificacion-de-los-oceanos","status":"publish","type":"post","link":"https:\/\/www.ull.es\/portal\/noticias\/2016\/un-investigador-de-la-ull-participa-en-una-investigacion-internacional-sobre-la-acidificacion-de-los-oceanos\/","title":{"rendered":"Un investigador de la ULL participa en una investigaci\u00f3n internacional sobre la acidificaci\u00f3n de los oc\u00e9anos"},"content":{"rendered":"<p>La prestigiosa revista cient\u00edfica Nature Climate Change acaba de publicar un estudio que revela c\u00f3mo la acidificaci\u00f3n que est\u00e1n experimentando los oc\u00e9anos en la actualidad, causadas por las emisiones humanas de di\u00f3xido de carbono, est\u00e1n afectando a las bacterias encargadas de limpiar las aguas. La investigaci\u00f3n ha sido coordinada por el equipo de la universidad sueca de Linneo dirigido por Jarone Pinhassi, aunque tambi\u00e9n ha participado investigadores internacionales de otras instituciones, entre ellos Jos\u00e9 M. Gonz\u00e1lez, del Departamento de Bioqu\u00edmica, Microbiolog\u00eda, Biolog\u00eda Celular y Gen\u00e9tica de la Universidad de La Laguna.<\/p>\n<p>Gonz\u00e1lez explica que para conocer los cambios que ocurren en el bacterioplancton marino, se manipular\u00e1n unos tanques con gran volumen de agua a la que se someti\u00f3 a un proceso de acidificaci\u00f3n. Este experimento se hizo en Barcelona, en el Instituto de Ciencias del Mar del CSIC. A continuaci\u00f3n se extrajo el ADN y ARN de las comunidades y se secuenciaron estos \u00e1cidos nucleicos. De este modo, se describe as\u00ed la comunidad de organismos por medio del ADN y la expresi\u00f3n de los genes por medio del ARN.<\/p>\n<p>\u201cMi aportaci\u00f3n\u201d, explica el cient\u00edfico de la ULL, \u201cfue la relacionada con las t\u00e9cnicas de bioinform\u00e1tica para el an\u00e1lisis de estas secuencias de ADN y ARN. Las secuencias suponen un gran volumen de informaci\u00f3n que solo se pueden analizar por medio de programas inform\u00e1ticos y ordenadores potentes. Este trabajo dur\u00f3 aproximadamente un a\u00f1o desde que se obtuvieron las secuencias\u201d.<\/p>\n<p><strong>Acidificaci\u00f3n de los oc\u00e9anos<\/strong><\/p>\n<p>Esta investigaci\u00f3n alerta sobre los peligros de la acidificaci\u00f3n de los oc\u00e9anos. \u201cYa era sabida que \u00e9sta degrada los arrecifes de coral y perturba la producci\u00f3n de las conchas calc\u00e1reas del fitoplancton\u00bb, explica Jarone Pinhassi. \u00abSin embargo, es novedoso descubrir que las bacterias tambi\u00e9n se ven afectados negativamente\u201d. La investigaci\u00f3n demuestra que las bacterias expuestas a la acidificaci\u00f3n oce\u00e1nica se ven obligadas a alterar significativamente su metabolismo e invertir su energ\u00eda en tratar con el \u00e1cido en el agua.<\/p>\n<p>Las bacterias de los oc\u00e9anos juegan un papel crucial en el ciclo global de los elementos necesarios para la vida. Act\u00faan principalmente como degradadores de la materia org\u00e1nica producida por algas microsc\u00f3picas o de los materiales liberados a trav\u00e9s de las aguas residuales. Cuando las algas u otros organismos mueren, las bacterias act\u00faan como las plantas de tratamiento de aguas residuales al mar. Al mismo tiempo, ayudan a liberar nutrientes como el nitr\u00f3geno y el f\u00f3sforo, esenciales para la cadena alimentaria.<\/p>\n<p>Se estima que los oc\u00e9anos del planeta se volver\u00e1n tres veces m\u00e1s \u00e1cidos a finales de este siglo si las emisiones humanas de di\u00f3xido de carbono procedentes de la combusti\u00f3n de combustibles f\u00f3siles contin\u00faan al ritmo actual.<\/p>\n<p>\u00abGeneralmente, se ha supuesto que el aumento de las concentraciones de di\u00f3xido de carbono en el agua -y la acidificaci\u00f3n de los oc\u00e9anos que ello causa- afectar\u00e1 sobre todo a la producci\u00f3n del ecosistema marino, al afectar la fotos\u00edntesis de las algas\u00bb, explica Pinhassi. \u00abAhora nuestros an\u00e1lisis gen\u00e9ticos muestran que la acidificaci\u00f3n del oc\u00e9ano repercute directamente en c\u00f3mo las bacterias regulan su metabolismo\u00bb.<\/p>\n<p>En cada litro del agua de mar hay alrededor de mil millones de c\u00e9lulas bacterianas. De una manera similar a c\u00f3mo la microbiota intestinal es importante para el bienestar de los seres humanos, las bacterias en los oc\u00e9anos juegan un papel determinante en la salud de los ecosistemas marinos. Por ejemplo, las bacterias sintetizan vitaminas de las que dependen las algas y otros organismos.<\/p>\n<p>\u00abPara comprender las consecuencias del cambio clim\u00e1tico futuro en la productividad del oc\u00e9ano, es esencial investigar c\u00f3mo las bacterias responden a las emisiones humanas de di\u00f3xido de carbono\u00bb, explica el coordinador del proyecto. \u00abTal vez incluso podamos aprender a aprovechar las adaptaciones gen\u00e9ticas de las bacterias marinas, con el fin de hacer un mejor uso de los recursos de nuestro planeta\u00bb.<\/p>\n<p>En este proyecto coordinado desde la Universidad de Linneo (Suecia) han participado, adem\u00e1s de investigadores de la Universidad de La Laguna y del Instituto de Ciencias del Mar del CSIC en Barcelona, cient\u00edficos del Centro de Estudios Avanzados del CSIC en Blanes (Girona), el Instituto Catal\u00e1n de Investigaci\u00f3n y Estudios Avanzados, la Universidad de Wageningen (Pa\u00edses Bajos) y el Instituto de Tecnolog\u00eda de la Informaci\u00f3n de Islamabad (Pakist\u00e1n).<\/p>\n","protected":false},"excerpt":{"rendered":"<p>La prestigiosa revista cient\u00edfica Nature Climate Change acaba de publicar un estudio que revela c\u00f3mo la acidificaci\u00f3n que est\u00e1n experimentando&#8230;<\/p>\n","protected":false},"author":23,"featured_media":26317,"comment_status":"open","ping_status":"open","sticky":false,"template":"","format":"standard","meta":{"inline_featured_image":false,"footnotes":""},"categories":[345,350,1],"tags":[375,1955],"acf":[],"yoast_head":"<!-- This site is optimized with the Yoast SEO plugin v21.3 - https:\/\/yoast.com\/wordpress\/plugins\/seo\/ -->\n<title>Un investigador de la ULL participa en una investigaci\u00f3n internacional sobre la acidificaci\u00f3n de los oc\u00e9anos - ULL - Noticias<\/title>\n<meta name=\"robots\" content=\"index, follow, max-snippet:-1, max-image-preview:large, max-video-preview:-1\" \/>\n<link rel=\"canonical\" href=\"https:\/\/www.ull.es\/portal\/noticias\/2016\/un-investigador-de-la-ull-participa-en-una-investigacion-internacional-sobre-la-acidificacion-de-los-oceanos\/\" \/>\n<meta property=\"og:locale\" content=\"es_ES\" \/>\n<meta property=\"og:type\" content=\"article\" \/>\n<meta property=\"og:title\" content=\"Un investigador de la ULL participa en una investigaci\u00f3n internacional sobre la acidificaci\u00f3n de los oc\u00e9anos - ULL - Noticias\" \/>\n<meta property=\"og:description\" content=\"La prestigiosa revista cient\u00edfica Nature Climate Change acaba de publicar un estudio que revela c\u00f3mo la acidificaci\u00f3n que est\u00e1n experimentando...\" \/>\n<meta property=\"og:url\" content=\"https:\/\/www.ull.es\/portal\/noticias\/2016\/un-investigador-de-la-ull-participa-en-una-investigacion-internacional-sobre-la-acidificacion-de-los-oceanos\/\" \/>\n<meta property=\"og:site_name\" content=\"ULL - Noticias\" \/>\n<meta property=\"article:publisher\" content=\"https:\/\/www.facebook.com\/universidaddelalaguna\/\" \/>\n<meta property=\"article:published_time\" content=\"2016-01-21T14:41:53+00:00\" \/>\n<meta property=\"og:image\" content=\"https:\/\/www.ull.es\/portal\/noticias\/wp-content\/uploads\/sites\/13\/2016\/01\/jose_gonzalez.jpg\" \/>\n\t<meta property=\"og:image:width\" content=\"1034\" \/>\n\t<meta property=\"og:image:height\" content=\"708\" \/>\n\t<meta property=\"og:image:type\" content=\"image\/jpeg\" \/>\n<meta name=\"author\" content=\"gaprsa\" \/>\n<meta name=\"twitter:card\" content=\"summary_large_image\" \/>\n<meta name=\"twitter:creator\" content=\"@CanalULL\" \/>\n<meta name=\"twitter:site\" content=\"@CanalULL\" \/>\n<meta name=\"twitter:label1\" content=\"Escrito por\" \/>\n\t<meta name=\"twitter:data1\" content=\"gaprsa\" \/>\n\t<meta name=\"twitter:label2\" content=\"Tiempo de lectura\" \/>\n\t<meta name=\"twitter:data2\" content=\"4 minutos\" \/>\n<script type=\"application\/ld+json\" class=\"yoast-schema-graph\">{\"@context\":\"https:\/\/schema.org\",\"@graph\":[{\"@type\":\"WebPage\",\"@id\":\"https:\/\/www.ull.es\/portal\/noticias\/2016\/un-investigador-de-la-ull-participa-en-una-investigacion-internacional-sobre-la-acidificacion-de-los-oceanos\/\",\"url\":\"https:\/\/www.ull.es\/portal\/noticias\/2016\/un-investigador-de-la-ull-participa-en-una-investigacion-internacional-sobre-la-acidificacion-de-los-oceanos\/\",\"name\":\"Un investigador de la ULL participa en una investigaci\u00f3n internacional sobre la acidificaci\u00f3n de los oc\u00e9anos - ULL - Noticias\",\"isPartOf\":{\"@id\":\"https:\/\/www.ull.es\/portal\/noticias\/#website\"},\"datePublished\":\"2016-01-21T14:41:53+00:00\",\"dateModified\":\"2016-01-21T14:41:53+00:00\",\"author\":{\"@id\":\"https:\/\/www.ull.es\/portal\/noticias\/#\/schema\/person\/b2b1a89d43ffa609e591f7df8ef3e817\"},\"breadcrumb\":{\"@id\":\"https:\/\/www.ull.es\/portal\/noticias\/2016\/un-investigador-de-la-ull-participa-en-una-investigacion-internacional-sobre-la-acidificacion-de-los-oceanos\/#breadcrumb\"},\"inLanguage\":\"es\",\"potentialAction\":[{\"@type\":\"ReadAction\",\"target\":[\"https:\/\/www.ull.es\/portal\/noticias\/2016\/un-investigador-de-la-ull-participa-en-una-investigacion-internacional-sobre-la-acidificacion-de-los-oceanos\/\"]}]},{\"@type\":\"BreadcrumbList\",\"@id\":\"https:\/\/www.ull.es\/portal\/noticias\/2016\/un-investigador-de-la-ull-participa-en-una-investigacion-internacional-sobre-la-acidificacion-de-los-oceanos\/#breadcrumb\",\"itemListElement\":[{\"@type\":\"ListItem\",\"position\":1,\"name\":\"Portada\",\"item\":\"https:\/\/www.ull.es\/portal\/noticias\/\"},{\"@type\":\"ListItem\",\"position\":2,\"name\":\"Un investigador de la ULL participa en una investigaci\u00f3n internacional sobre la acidificaci\u00f3n de los oc\u00e9anos\"}]},{\"@type\":\"WebSite\",\"@id\":\"https:\/\/www.ull.es\/portal\/noticias\/#website\",\"url\":\"https:\/\/www.ull.es\/portal\/noticias\/\",\"name\":\"ULL - Noticias\",\"description\":\"\",\"potentialAction\":[{\"@type\":\"SearchAction\",\"target\":{\"@type\":\"EntryPoint\",\"urlTemplate\":\"https:\/\/www.ull.es\/portal\/noticias\/?s={search_term_string}\"},\"query-input\":\"required name=search_term_string\"}],\"inLanguage\":\"es\"},{\"@type\":\"Person\",\"@id\":\"https:\/\/www.ull.es\/portal\/noticias\/#\/schema\/person\/b2b1a89d43ffa609e591f7df8ef3e817\",\"name\":\"gaprsa\",\"image\":{\"@type\":\"ImageObject\",\"inLanguage\":\"es\",\"@id\":\"https:\/\/www.ull.es\/portal\/noticias\/#\/schema\/person\/image\/\",\"url\":\"https:\/\/secure.gravatar.com\/avatar\/443820550921091458b4823867723b3d?s=96&d=mm&r=g\",\"contentUrl\":\"https:\/\/secure.gravatar.com\/avatar\/443820550921091458b4823867723b3d?s=96&d=mm&r=g\",\"caption\":\"gaprsa\"},\"url\":\"https:\/\/www.ull.es\/portal\/noticias\/author\/gaprsa\/\"}]}<\/script>\n<!-- \/ Yoast SEO plugin. -->","yoast_head_json":{"title":"Un investigador de la ULL participa en una investigaci\u00f3n internacional sobre la acidificaci\u00f3n de los oc\u00e9anos - ULL - Noticias","robots":{"index":"index","follow":"follow","max-snippet":"max-snippet:-1","max-image-preview":"max-image-preview:large","max-video-preview":"max-video-preview:-1"},"canonical":"https:\/\/www.ull.es\/portal\/noticias\/2016\/un-investigador-de-la-ull-participa-en-una-investigacion-internacional-sobre-la-acidificacion-de-los-oceanos\/","og_locale":"es_ES","og_type":"article","og_title":"Un investigador de la ULL participa en una investigaci\u00f3n internacional sobre la acidificaci\u00f3n de los oc\u00e9anos - ULL - Noticias","og_description":"La prestigiosa revista cient\u00edfica Nature Climate Change acaba de publicar un estudio que revela c\u00f3mo la acidificaci\u00f3n que est\u00e1n experimentando...","og_url":"https:\/\/www.ull.es\/portal\/noticias\/2016\/un-investigador-de-la-ull-participa-en-una-investigacion-internacional-sobre-la-acidificacion-de-los-oceanos\/","og_site_name":"ULL - Noticias","article_publisher":"https:\/\/www.facebook.com\/universidaddelalaguna\/","article_published_time":"2016-01-21T14:41:53+00:00","og_image":[{"width":1034,"height":708,"url":"https:\/\/www.ull.es\/portal\/noticias\/wp-content\/uploads\/sites\/13\/2016\/01\/jose_gonzalez.jpg","type":"image\/jpeg"}],"author":"gaprsa","twitter_card":"summary_large_image","twitter_creator":"@CanalULL","twitter_site":"@CanalULL","twitter_misc":{"Escrito por":"gaprsa","Tiempo de lectura":"4 minutos"},"schema":{"@context":"https:\/\/schema.org","@graph":[{"@type":"WebPage","@id":"https:\/\/www.ull.es\/portal\/noticias\/2016\/un-investigador-de-la-ull-participa-en-una-investigacion-internacional-sobre-la-acidificacion-de-los-oceanos\/","url":"https:\/\/www.ull.es\/portal\/noticias\/2016\/un-investigador-de-la-ull-participa-en-una-investigacion-internacional-sobre-la-acidificacion-de-los-oceanos\/","name":"Un investigador de la ULL participa en una investigaci\u00f3n internacional sobre la acidificaci\u00f3n de los oc\u00e9anos - ULL - Noticias","isPartOf":{"@id":"https:\/\/www.ull.es\/portal\/noticias\/#website"},"datePublished":"2016-01-21T14:41:53+00:00","dateModified":"2016-01-21T14:41:53+00:00","author":{"@id":"https:\/\/www.ull.es\/portal\/noticias\/#\/schema\/person\/b2b1a89d43ffa609e591f7df8ef3e817"},"breadcrumb":{"@id":"https:\/\/www.ull.es\/portal\/noticias\/2016\/un-investigador-de-la-ull-participa-en-una-investigacion-internacional-sobre-la-acidificacion-de-los-oceanos\/#breadcrumb"},"inLanguage":"es","potentialAction":[{"@type":"ReadAction","target":["https:\/\/www.ull.es\/portal\/noticias\/2016\/un-investigador-de-la-ull-participa-en-una-investigacion-internacional-sobre-la-acidificacion-de-los-oceanos\/"]}]},{"@type":"BreadcrumbList","@id":"https:\/\/www.ull.es\/portal\/noticias\/2016\/un-investigador-de-la-ull-participa-en-una-investigacion-internacional-sobre-la-acidificacion-de-los-oceanos\/#breadcrumb","itemListElement":[{"@type":"ListItem","position":1,"name":"Portada","item":"https:\/\/www.ull.es\/portal\/noticias\/"},{"@type":"ListItem","position":2,"name":"Un investigador de la ULL participa en una investigaci\u00f3n internacional sobre la acidificaci\u00f3n de los oc\u00e9anos"}]},{"@type":"WebSite","@id":"https:\/\/www.ull.es\/portal\/noticias\/#website","url":"https:\/\/www.ull.es\/portal\/noticias\/","name":"ULL - Noticias","description":"","potentialAction":[{"@type":"SearchAction","target":{"@type":"EntryPoint","urlTemplate":"https:\/\/www.ull.es\/portal\/noticias\/?s={search_term_string}"},"query-input":"required name=search_term_string"}],"inLanguage":"es"},{"@type":"Person","@id":"https:\/\/www.ull.es\/portal\/noticias\/#\/schema\/person\/b2b1a89d43ffa609e591f7df8ef3e817","name":"gaprsa","image":{"@type":"ImageObject","inLanguage":"es","@id":"https:\/\/www.ull.es\/portal\/noticias\/#\/schema\/person\/image\/","url":"https:\/\/secure.gravatar.com\/avatar\/443820550921091458b4823867723b3d?s=96&d=mm&r=g","contentUrl":"https:\/\/secure.gravatar.com\/avatar\/443820550921091458b4823867723b3d?s=96&d=mm&r=g","caption":"gaprsa"},"url":"https:\/\/www.ull.es\/portal\/noticias\/author\/gaprsa\/"}]}},"primary_category":null,"featured_image_thumbnail_url":"https:\/\/www.ull.es\/portal\/noticias\/wp-content\/uploads\/sites\/13\/2016\/01\/jose_gonzalez-300x205.jpg","_links":{"self":[{"href":"https:\/\/www.ull.es\/portal\/noticias\/wp-json\/wp\/v2\/posts\/26316"}],"collection":[{"href":"https:\/\/www.ull.es\/portal\/noticias\/wp-json\/wp\/v2\/posts"}],"about":[{"href":"https:\/\/www.ull.es\/portal\/noticias\/wp-json\/wp\/v2\/types\/post"}],"author":[{"embeddable":true,"href":"https:\/\/www.ull.es\/portal\/noticias\/wp-json\/wp\/v2\/users\/23"}],"replies":[{"embeddable":true,"href":"https:\/\/www.ull.es\/portal\/noticias\/wp-json\/wp\/v2\/comments?post=26316"}],"version-history":[{"count":0,"href":"https:\/\/www.ull.es\/portal\/noticias\/wp-json\/wp\/v2\/posts\/26316\/revisions"}],"wp:featuredmedia":[{"embeddable":true,"href":"https:\/\/www.ull.es\/portal\/noticias\/wp-json\/wp\/v2\/media\/26317"}],"wp:attachment":[{"href":"https:\/\/www.ull.es\/portal\/noticias\/wp-json\/wp\/v2\/media?parent=26316"}],"wp:term":[{"taxonomy":"category","embeddable":true,"href":"https:\/\/www.ull.es\/portal\/noticias\/wp-json\/wp\/v2\/categories?post=26316"},{"taxonomy":"post_tag","embeddable":true,"href":"https:\/\/www.ull.es\/portal\/noticias\/wp-json\/wp\/v2\/tags?post=26316"}],"curies":[{"name":"wp","href":"https:\/\/api.w.org\/{rel}","templated":true}]}}