{"id":26598,"date":"2016-02-19T13:23:16","date_gmt":"2016-02-19T13:23:16","guid":{"rendered":"http:\/\/ddigital.webs.ull.es\/?p=26598"},"modified":"2016-02-19T13:23:16","modified_gmt":"2016-02-19T13:23:16","slug":"la-compania-medley-representa-este-fin-de-semana-en-el-paraninfo-de-la-ull-su-version-del-musical-chicago","status":"publish","type":"post","link":"https:\/\/www.ull.es\/portal\/noticias\/2016\/la-compania-medley-representa-este-fin-de-semana-en-el-paraninfo-de-la-ull-su-version-del-musical-chicago\/","title":{"rendered":"La compa\u00f1\u00eda Medley representa este fin de semana en el Paraninfo de la ULL su versi\u00f3n del musical \u201cChicago\u201d"},"content":{"rendered":"<p>La programaci\u00f3n cultural de febrero del Paraninfo de la Universidad de La Laguna incluye ma\u00f1ana s\u00e1bado 20 de febrero a las 20:30 horas y el domingo 21 a las 19:00,\u00a0 la representaci\u00f3n de la versi\u00f3n del c\u00e9lebre musical \u201cChicago\u201d a cargo de la compa\u00f1\u00eda Medley. Las entradas tienen un precio de 5 euros y dan derecho a aparcamiento gratuito en el Edificio Central de la instituci\u00f3n acad\u00e9mica.<\/p>\n<p>La compa\u00f1\u00eda Medley ya llev\u00f3 con \u00e9xito en 2015 este espect\u00e1culo al escenario universitario, adaptando el cl\u00e1sico de Broadway con una producci\u00f3n fiel al esp\u00edritu de sus creadores: el compositor John Kander, el letrista Fred Ebb y el director Bob Fosse. En esta ocasi\u00f3n, este grupo formado por artistas profesionales y \u2018amateurs\u2019 regresan con una doble funci\u00f3n de la versi\u00f3n de \u201cChicago\u201d estrenada en Broadway en 1996.<\/p>\n<p>\u201cChicago\u201d cuenta una historia real y atemporal sobre amor, avaricia y pasi\u00f3n al son del jazz, narrada con emoci\u00f3n y sensualidad. Ambientada en la extravagante decadencia de los a\u00f1os 20, cuenta la historia de Roxie Hart, ama de casa y bailarina de un club nocturno que asesina con malicia a su amante cuando \u00e9l amenaza con abandonarla. Desesperada por evitar la condena, enga\u00f1a al p\u00fablico, a los medios de comunicaci\u00f3n y a su compa\u00f1era de celda y rival, Velma Kelly\u037e y contrata al abogado m\u00e1s habilidoso de la ciudad de Chicago, Billy Flynn. Este famoso abogado convertir\u00e1 su premeditado crimen en una cortina de humo de titulares sensacionalistas. Una gran historia de asesinatos, avaricia, corrupci\u00f3n, adulterio, traici\u00f3n y sensualidad.<\/p>\n<p>Roberto Matchez es el fundador Medley y director de este musical que, desde su creaci\u00f3n, se ha escenificado en diferentes salas de la isla. Tras realizar sus estudios en Teatro Musical en la Escuela de Mar\u00eda Beltr\u00e1n en Madrid, regresa en 2010 a Tenerife con la idea de crear una compa\u00f1\u00eda de teatro musical \u2018amateur\u2019. Durante estos \u00faltimos a\u00f1os, Matchez compagina su labor de director con otros proyectos personales como la interpretaci\u00f3n de Teobaldo Power en el musical \u201cCantos Canarios\u201d, por el que es nombrado mejor actor en los Premios R\u00e9plica 2010.<\/p>\n<p>Es miembro fundador del \u201cEuropean Youth Choir\u201d en Riga, Letonia, y obtuvo en 2011 el primer premio \u201cCaracola de Oro\u201d en el Festival de Candelaria. En 2013 particip\u00f3 en el programa televisivo \u201cLa Voz\u201d. Entre sus \u00faltimos trabajos figura la interpretaci\u00f3n de \u201cAn\u00e1s\u201d en el musical producido por el Auditorio de Tenerife \u201cJesucristo Superstar\u201d.<\/p>\n","protected":false},"excerpt":{"rendered":"<p>La programaci\u00f3n cultural de febrero del Paraninfo de la Universidad de La Laguna incluye ma\u00f1ana s\u00e1bado 20 de febrero a&#8230;<\/p>\n","protected":false},"author":23,"featured_media":26599,"comment_status":"open","ping_status":"open","sticky":false,"template":"","format":"standard","meta":{"inline_featured_image":false,"footnotes":""},"categories":[344,345,1],"tags":[804,1880,2047,2454],"acf":[],"yoast_head":"<!-- This site is optimized with the Yoast SEO plugin v21.3 - https:\/\/yoast.com\/wordpress\/plugins\/seo\/ -->\n<title>La compa\u00f1\u00eda Medley representa este fin de semana en el Paraninfo de la ULL su versi\u00f3n del musical \u201cChicago\u201d - ULL - Noticias<\/title>\n<meta name=\"robots\" content=\"index, follow, max-snippet:-1, max-image-preview:large, max-video-preview:-1\" \/>\n<link rel=\"canonical\" href=\"https:\/\/www.ull.es\/portal\/noticias\/2016\/la-compania-medley-representa-este-fin-de-semana-en-el-paraninfo-de-la-ull-su-version-del-musical-chicago\/\" \/>\n<meta property=\"og:locale\" content=\"es_ES\" \/>\n<meta property=\"og:type\" content=\"article\" \/>\n<meta property=\"og:title\" content=\"La compa\u00f1\u00eda Medley representa este fin de semana en el Paraninfo de la ULL su versi\u00f3n del musical \u201cChicago\u201d - ULL - Noticias\" \/>\n<meta property=\"og:description\" content=\"La programaci\u00f3n cultural de febrero del Paraninfo de la Universidad de La Laguna incluye ma\u00f1ana s\u00e1bado 20 de febrero a...\" \/>\n<meta property=\"og:url\" content=\"https:\/\/www.ull.es\/portal\/noticias\/2016\/la-compania-medley-representa-este-fin-de-semana-en-el-paraninfo-de-la-ull-su-version-del-musical-chicago\/\" \/>\n<meta property=\"og:site_name\" content=\"ULL - Noticias\" \/>\n<meta property=\"article:publisher\" content=\"https:\/\/www.facebook.com\/universidaddelalaguna\/\" \/>\n<meta property=\"article:published_time\" content=\"2016-02-19T13:23:16+00:00\" \/>\n<meta property=\"og:image\" content=\"https:\/\/www.ull.es\/portal\/noticias\/wp-content\/uploads\/sites\/13\/2016\/02\/medley.jpg\" \/>\n\t<meta property=\"og:image:width\" content=\"1536\" \/>\n\t<meta property=\"og:image:height\" content=\"2172\" \/>\n\t<meta property=\"og:image:type\" content=\"image\/jpeg\" \/>\n<meta name=\"author\" content=\"gaprsa\" \/>\n<meta name=\"twitter:card\" content=\"summary_large_image\" \/>\n<meta name=\"twitter:creator\" content=\"@CanalULL\" \/>\n<meta name=\"twitter:site\" content=\"@CanalULL\" \/>\n<meta name=\"twitter:label1\" content=\"Escrito por\" \/>\n\t<meta name=\"twitter:data1\" content=\"gaprsa\" \/>\n\t<meta name=\"twitter:label2\" content=\"Tiempo de lectura\" \/>\n\t<meta name=\"twitter:data2\" content=\"2 minutos\" \/>\n<script type=\"application\/ld+json\" class=\"yoast-schema-graph\">{\"@context\":\"https:\/\/schema.org\",\"@graph\":[{\"@type\":\"WebPage\",\"@id\":\"https:\/\/www.ull.es\/portal\/noticias\/2016\/la-compania-medley-representa-este-fin-de-semana-en-el-paraninfo-de-la-ull-su-version-del-musical-chicago\/\",\"url\":\"https:\/\/www.ull.es\/portal\/noticias\/2016\/la-compania-medley-representa-este-fin-de-semana-en-el-paraninfo-de-la-ull-su-version-del-musical-chicago\/\",\"name\":\"La compa\u00f1\u00eda Medley representa este fin de semana en el Paraninfo de la ULL su versi\u00f3n del musical \u201cChicago\u201d - ULL - Noticias\",\"isPartOf\":{\"@id\":\"https:\/\/www.ull.es\/portal\/noticias\/#website\"},\"datePublished\":\"2016-02-19T13:23:16+00:00\",\"dateModified\":\"2016-02-19T13:23:16+00:00\",\"author\":{\"@id\":\"https:\/\/www.ull.es\/portal\/noticias\/#\/schema\/person\/b2b1a89d43ffa609e591f7df8ef3e817\"},\"breadcrumb\":{\"@id\":\"https:\/\/www.ull.es\/portal\/noticias\/2016\/la-compania-medley-representa-este-fin-de-semana-en-el-paraninfo-de-la-ull-su-version-del-musical-chicago\/#breadcrumb\"},\"inLanguage\":\"es\",\"potentialAction\":[{\"@type\":\"ReadAction\",\"target\":[\"https:\/\/www.ull.es\/portal\/noticias\/2016\/la-compania-medley-representa-este-fin-de-semana-en-el-paraninfo-de-la-ull-su-version-del-musical-chicago\/\"]}]},{\"@type\":\"BreadcrumbList\",\"@id\":\"https:\/\/www.ull.es\/portal\/noticias\/2016\/la-compania-medley-representa-este-fin-de-semana-en-el-paraninfo-de-la-ull-su-version-del-musical-chicago\/#breadcrumb\",\"itemListElement\":[{\"@type\":\"ListItem\",\"position\":1,\"name\":\"Portada\",\"item\":\"https:\/\/www.ull.es\/portal\/noticias\/\"},{\"@type\":\"ListItem\",\"position\":2,\"name\":\"La compa\u00f1\u00eda Medley representa este fin de semana en el Paraninfo de la ULL su versi\u00f3n del musical \u201cChicago\u201d\"}]},{\"@type\":\"WebSite\",\"@id\":\"https:\/\/www.ull.es\/portal\/noticias\/#website\",\"url\":\"https:\/\/www.ull.es\/portal\/noticias\/\",\"name\":\"ULL - Noticias\",\"description\":\"\",\"potentialAction\":[{\"@type\":\"SearchAction\",\"target\":{\"@type\":\"EntryPoint\",\"urlTemplate\":\"https:\/\/www.ull.es\/portal\/noticias\/?s={search_term_string}\"},\"query-input\":\"required name=search_term_string\"}],\"inLanguage\":\"es\"},{\"@type\":\"Person\",\"@id\":\"https:\/\/www.ull.es\/portal\/noticias\/#\/schema\/person\/b2b1a89d43ffa609e591f7df8ef3e817\",\"name\":\"gaprsa\",\"image\":{\"@type\":\"ImageObject\",\"inLanguage\":\"es\",\"@id\":\"https:\/\/www.ull.es\/portal\/noticias\/#\/schema\/person\/image\/\",\"url\":\"https:\/\/secure.gravatar.com\/avatar\/443820550921091458b4823867723b3d?s=96&d=mm&r=g\",\"contentUrl\":\"https:\/\/secure.gravatar.com\/avatar\/443820550921091458b4823867723b3d?s=96&d=mm&r=g\",\"caption\":\"gaprsa\"},\"url\":\"https:\/\/www.ull.es\/portal\/noticias\/author\/gaprsa\/\"}]}<\/script>\n<!-- \/ Yoast SEO plugin. -->","yoast_head_json":{"title":"La compa\u00f1\u00eda Medley representa este fin de semana en el Paraninfo de la ULL su versi\u00f3n del musical \u201cChicago\u201d - ULL - Noticias","robots":{"index":"index","follow":"follow","max-snippet":"max-snippet:-1","max-image-preview":"max-image-preview:large","max-video-preview":"max-video-preview:-1"},"canonical":"https:\/\/www.ull.es\/portal\/noticias\/2016\/la-compania-medley-representa-este-fin-de-semana-en-el-paraninfo-de-la-ull-su-version-del-musical-chicago\/","og_locale":"es_ES","og_type":"article","og_title":"La compa\u00f1\u00eda Medley representa este fin de semana en el Paraninfo de la ULL su versi\u00f3n del musical \u201cChicago\u201d - ULL - Noticias","og_description":"La programaci\u00f3n cultural de febrero del Paraninfo de la Universidad de La Laguna incluye ma\u00f1ana s\u00e1bado 20 de febrero a...","og_url":"https:\/\/www.ull.es\/portal\/noticias\/2016\/la-compania-medley-representa-este-fin-de-semana-en-el-paraninfo-de-la-ull-su-version-del-musical-chicago\/","og_site_name":"ULL - Noticias","article_publisher":"https:\/\/www.facebook.com\/universidaddelalaguna\/","article_published_time":"2016-02-19T13:23:16+00:00","og_image":[{"width":1536,"height":2172,"url":"https:\/\/www.ull.es\/portal\/noticias\/wp-content\/uploads\/sites\/13\/2016\/02\/medley.jpg","type":"image\/jpeg"}],"author":"gaprsa","twitter_card":"summary_large_image","twitter_creator":"@CanalULL","twitter_site":"@CanalULL","twitter_misc":{"Escrito por":"gaprsa","Tiempo de lectura":"2 minutos"},"schema":{"@context":"https:\/\/schema.org","@graph":[{"@type":"WebPage","@id":"https:\/\/www.ull.es\/portal\/noticias\/2016\/la-compania-medley-representa-este-fin-de-semana-en-el-paraninfo-de-la-ull-su-version-del-musical-chicago\/","url":"https:\/\/www.ull.es\/portal\/noticias\/2016\/la-compania-medley-representa-este-fin-de-semana-en-el-paraninfo-de-la-ull-su-version-del-musical-chicago\/","name":"La compa\u00f1\u00eda Medley representa este fin de semana en el Paraninfo de la ULL su versi\u00f3n del musical \u201cChicago\u201d - ULL - Noticias","isPartOf":{"@id":"https:\/\/www.ull.es\/portal\/noticias\/#website"},"datePublished":"2016-02-19T13:23:16+00:00","dateModified":"2016-02-19T13:23:16+00:00","author":{"@id":"https:\/\/www.ull.es\/portal\/noticias\/#\/schema\/person\/b2b1a89d43ffa609e591f7df8ef3e817"},"breadcrumb":{"@id":"https:\/\/www.ull.es\/portal\/noticias\/2016\/la-compania-medley-representa-este-fin-de-semana-en-el-paraninfo-de-la-ull-su-version-del-musical-chicago\/#breadcrumb"},"inLanguage":"es","potentialAction":[{"@type":"ReadAction","target":["https:\/\/www.ull.es\/portal\/noticias\/2016\/la-compania-medley-representa-este-fin-de-semana-en-el-paraninfo-de-la-ull-su-version-del-musical-chicago\/"]}]},{"@type":"BreadcrumbList","@id":"https:\/\/www.ull.es\/portal\/noticias\/2016\/la-compania-medley-representa-este-fin-de-semana-en-el-paraninfo-de-la-ull-su-version-del-musical-chicago\/#breadcrumb","itemListElement":[{"@type":"ListItem","position":1,"name":"Portada","item":"https:\/\/www.ull.es\/portal\/noticias\/"},{"@type":"ListItem","position":2,"name":"La compa\u00f1\u00eda Medley representa este fin de semana en el Paraninfo de la ULL su versi\u00f3n del musical \u201cChicago\u201d"}]},{"@type":"WebSite","@id":"https:\/\/www.ull.es\/portal\/noticias\/#website","url":"https:\/\/www.ull.es\/portal\/noticias\/","name":"ULL - Noticias","description":"","potentialAction":[{"@type":"SearchAction","target":{"@type":"EntryPoint","urlTemplate":"https:\/\/www.ull.es\/portal\/noticias\/?s={search_term_string}"},"query-input":"required name=search_term_string"}],"inLanguage":"es"},{"@type":"Person","@id":"https:\/\/www.ull.es\/portal\/noticias\/#\/schema\/person\/b2b1a89d43ffa609e591f7df8ef3e817","name":"gaprsa","image":{"@type":"ImageObject","inLanguage":"es","@id":"https:\/\/www.ull.es\/portal\/noticias\/#\/schema\/person\/image\/","url":"https:\/\/secure.gravatar.com\/avatar\/443820550921091458b4823867723b3d?s=96&d=mm&r=g","contentUrl":"https:\/\/secure.gravatar.com\/avatar\/443820550921091458b4823867723b3d?s=96&d=mm&r=g","caption":"gaprsa"},"url":"https:\/\/www.ull.es\/portal\/noticias\/author\/gaprsa\/"}]}},"primary_category":null,"featured_image_thumbnail_url":"https:\/\/www.ull.es\/portal\/noticias\/wp-content\/uploads\/sites\/13\/2016\/02\/medley-212x300.jpg","_links":{"self":[{"href":"https:\/\/www.ull.es\/portal\/noticias\/wp-json\/wp\/v2\/posts\/26598"}],"collection":[{"href":"https:\/\/www.ull.es\/portal\/noticias\/wp-json\/wp\/v2\/posts"}],"about":[{"href":"https:\/\/www.ull.es\/portal\/noticias\/wp-json\/wp\/v2\/types\/post"}],"author":[{"embeddable":true,"href":"https:\/\/www.ull.es\/portal\/noticias\/wp-json\/wp\/v2\/users\/23"}],"replies":[{"embeddable":true,"href":"https:\/\/www.ull.es\/portal\/noticias\/wp-json\/wp\/v2\/comments?post=26598"}],"version-history":[{"count":0,"href":"https:\/\/www.ull.es\/portal\/noticias\/wp-json\/wp\/v2\/posts\/26598\/revisions"}],"wp:featuredmedia":[{"embeddable":true,"href":"https:\/\/www.ull.es\/portal\/noticias\/wp-json\/wp\/v2\/media\/26599"}],"wp:attachment":[{"href":"https:\/\/www.ull.es\/portal\/noticias\/wp-json\/wp\/v2\/media?parent=26598"}],"wp:term":[{"taxonomy":"category","embeddable":true,"href":"https:\/\/www.ull.es\/portal\/noticias\/wp-json\/wp\/v2\/categories?post=26598"},{"taxonomy":"post_tag","embeddable":true,"href":"https:\/\/www.ull.es\/portal\/noticias\/wp-json\/wp\/v2\/tags?post=26598"}],"curies":[{"name":"wp","href":"https:\/\/api.w.org\/{rel}","templated":true}]}}