{"id":26620,"date":"2016-02-22T13:54:51","date_gmt":"2016-02-22T13:54:51","guid":{"rendered":"http:\/\/ddigital.webs.ull.es\/?p=26620"},"modified":"2016-02-22T13:54:51","modified_gmt":"2016-02-22T13:54:51","slug":"presentado-un-estudio-sobre-restauracion-de-espacios-degradados-en-la-region-de-la-macaronesia","status":"publish","type":"post","link":"https:\/\/www.ull.es\/portal\/noticias\/2016\/presentado-un-estudio-sobre-restauracion-de-espacios-degradados-en-la-region-de-la-macaronesia\/","title":{"rendered":"Presentado un estudio sobre restauraci\u00f3n de espacios degradados en la regi\u00f3n de la Macaronesia"},"content":{"rendered":"<p>Recientemente se present\u00f3 en el Aula Magna de las secciones de F\u00edsica y Matem\u00e1ticas de la Facultad de Ciencias de la Universidad de La Laguna el libro \u201cRestauraci\u00f3n de Cubierta Vegetal y Espacios Degradados en la Regi\u00f3n de la Macaronesia\u201d, editado por el Colegio de Ingenieros de Montes y coordinado por los doctores Juan Carlos Santamarta Cerezal, de la Universidad de La Laguna, y Jorge Naranjo Borges, del Gobierno de Canarias.<\/p>\n<p>La presentaci\u00f3n corri\u00f3 a cargo del director de Secretariado de Extensi\u00f3n Universitaria y Proyecci\u00f3n Social de la ULL, Mois\u00e9s Simancas, acompa\u00f1ado por la viceconsejera de Medio Ambiente del Gobierno de Canarias, Delia P\u00e9rez Delgado, y quien fuera responsable de los Parques Nacionales del Teide y Garajonay, Isidoro S\u00e1nchez. Los presentadores recalcaron la importancia de publicaciones cuyo objetivo es proteger y restaurar el medio natural, en particular para las islas volc\u00e1nicas que componen la regi\u00f3n de la Macaronesia, lugar donde tiene aplicaci\u00f3n el libro.<\/p>\n<p>Con m\u00e1s de 450 p\u00e1ginas, la obra se compone de 15 cap\u00edtulos y 6 casos de aplicaci\u00f3n divididos en 4 bloques: fundamentos te\u00f3ricos de la restauraci\u00f3n, restauraci\u00f3n de la cubierta vegetal, restauraci\u00f3n de espacios degradados y casos pr\u00e1cticos de aplicaci\u00f3n. Ha sido redactado por un equipo interdisciplinar donde se han dado cabida a diferentes profesiones como ingenieros de montes, forestales, bi\u00f3logos, ingenieros de minas y de caminos, etc.<\/p>\n<p>Con este libro se pretende hacer una introducci\u00f3n a las t\u00e9cnicas de restauraci\u00f3n ambiental y recuperaci\u00f3n de la cubierta vegetal. Entre otras cuestiones, contempla la conservaci\u00f3n y restauraci\u00f3n de suelos, reforestaci\u00f3n, restauraci\u00f3n hidrol\u00f3gica forestal, recuperaci\u00f3n del litoral costero y el dominio p\u00fablico, la restauraci\u00f3n tras incendios forestales, incluyendo la evaluaci\u00f3n ambiental de planes y proyectos. En la mayor\u00eda de los casos se particulariza para las Islas Canarias, contemplando casos de cada isla y siendo extensible a los dem\u00e1s archipi\u00e9lagos macaron\u00e9sicos.<\/p>\n<p><strong>Los coordinadores<\/strong><\/p>\n<p>Los coordinadores y autores de algunos de los cap\u00edtulos de la obra, Juan Carlos Santamarta Cerezal y Jorge Naranjo Borges, son doctores ingenieros de montes, representantes del colegio profesional en Canarias desde 2010, con una dilatada experiencia en la gesti\u00f3n e ingenier\u00eda forestal y ambiental en las islas. Entre ambos han firmado cerca de 160 publicaciones relacionadas con el medio ambiente y la sostenibilidad, y han participado tambi\u00e9n activamente en la docencia y coordinaci\u00f3n de m\u00e1s de 90 cursos de especializaci\u00f3n.<\/p>\n<p>Con este libro, cierran una colecci\u00f3n de obras dedicadas al medio ambiente en Canarias, en particular los recursos forestales, que comenz\u00f3 con el libro \u201cIngenier\u00eda Forestal y Ambiental en Medios Insulares\u201d (2013). Todas las publicaciones est\u00e1n disponibles en su versi\u00f3n digital en Internet y son de libre acceso.<\/p>\n","protected":false},"excerpt":{"rendered":"<p>Recientemente se present\u00f3 en el Aula Magna de las secciones de F\u00edsica y Matem\u00e1ticas de la Facultad de Ciencias de&#8230;<\/p>\n","protected":false},"author":23,"featured_media":26621,"comment_status":"open","ping_status":"open","sticky":false,"template":"","format":"standard","meta":{"inline_featured_image":false,"footnotes":""},"categories":[345,350,1],"tags":[942,1168,1685,1758,1788],"acf":[],"yoast_head":"<!-- This site is optimized with the Yoast SEO plugin v21.3 - https:\/\/yoast.com\/wordpress\/plugins\/seo\/ -->\n<title>Presentado un estudio sobre restauraci\u00f3n de espacios degradados en la regi\u00f3n de la Macaronesia - ULL - Noticias<\/title>\n<meta name=\"robots\" content=\"index, follow, max-snippet:-1, max-image-preview:large, max-video-preview:-1\" \/>\n<link rel=\"canonical\" href=\"https:\/\/www.ull.es\/portal\/noticias\/2016\/presentado-un-estudio-sobre-restauracion-de-espacios-degradados-en-la-region-de-la-macaronesia\/\" \/>\n<meta property=\"og:locale\" content=\"es_ES\" \/>\n<meta property=\"og:type\" content=\"article\" \/>\n<meta property=\"og:title\" content=\"Presentado un estudio sobre restauraci\u00f3n de espacios degradados en la regi\u00f3n de la Macaronesia - ULL - Noticias\" \/>\n<meta property=\"og:description\" content=\"Recientemente se present\u00f3 en el Aula Magna de las secciones de F\u00edsica y Matem\u00e1ticas de la Facultad de Ciencias de...\" \/>\n<meta property=\"og:url\" content=\"https:\/\/www.ull.es\/portal\/noticias\/2016\/presentado-un-estudio-sobre-restauracion-de-espacios-degradados-en-la-region-de-la-macaronesia\/\" \/>\n<meta property=\"og:site_name\" content=\"ULL - Noticias\" \/>\n<meta property=\"article:publisher\" content=\"https:\/\/www.facebook.com\/universidaddelalaguna\/\" \/>\n<meta property=\"article:published_time\" content=\"2016-02-22T13:54:51+00:00\" \/>\n<meta property=\"og:image\" content=\"https:\/\/www.ull.es\/portal\/noticias\/wp-content\/uploads\/sites\/13\/2016\/02\/cubierta-vegetal.jpg\" \/>\n\t<meta property=\"og:image:width\" content=\"1062\" \/>\n\t<meta property=\"og:image:height\" content=\"1500\" \/>\n\t<meta property=\"og:image:type\" content=\"image\/jpeg\" \/>\n<meta name=\"author\" content=\"gaprsa\" \/>\n<meta name=\"twitter:card\" content=\"summary_large_image\" \/>\n<meta name=\"twitter:creator\" content=\"@CanalULL\" \/>\n<meta name=\"twitter:site\" content=\"@CanalULL\" \/>\n<meta name=\"twitter:label1\" content=\"Escrito por\" \/>\n\t<meta name=\"twitter:data1\" content=\"gaprsa\" \/>\n\t<meta name=\"twitter:label2\" content=\"Tiempo de lectura\" \/>\n\t<meta name=\"twitter:data2\" content=\"2 minutos\" \/>\n<script type=\"application\/ld+json\" class=\"yoast-schema-graph\">{\"@context\":\"https:\/\/schema.org\",\"@graph\":[{\"@type\":\"WebPage\",\"@id\":\"https:\/\/www.ull.es\/portal\/noticias\/2016\/presentado-un-estudio-sobre-restauracion-de-espacios-degradados-en-la-region-de-la-macaronesia\/\",\"url\":\"https:\/\/www.ull.es\/portal\/noticias\/2016\/presentado-un-estudio-sobre-restauracion-de-espacios-degradados-en-la-region-de-la-macaronesia\/\",\"name\":\"Presentado un estudio sobre restauraci\u00f3n de espacios degradados en la regi\u00f3n de la Macaronesia - ULL - Noticias\",\"isPartOf\":{\"@id\":\"https:\/\/www.ull.es\/portal\/noticias\/#website\"},\"datePublished\":\"2016-02-22T13:54:51+00:00\",\"dateModified\":\"2016-02-22T13:54:51+00:00\",\"author\":{\"@id\":\"https:\/\/www.ull.es\/portal\/noticias\/#\/schema\/person\/b2b1a89d43ffa609e591f7df8ef3e817\"},\"breadcrumb\":{\"@id\":\"https:\/\/www.ull.es\/portal\/noticias\/2016\/presentado-un-estudio-sobre-restauracion-de-espacios-degradados-en-la-region-de-la-macaronesia\/#breadcrumb\"},\"inLanguage\":\"es\",\"potentialAction\":[{\"@type\":\"ReadAction\",\"target\":[\"https:\/\/www.ull.es\/portal\/noticias\/2016\/presentado-un-estudio-sobre-restauracion-de-espacios-degradados-en-la-region-de-la-macaronesia\/\"]}]},{\"@type\":\"BreadcrumbList\",\"@id\":\"https:\/\/www.ull.es\/portal\/noticias\/2016\/presentado-un-estudio-sobre-restauracion-de-espacios-degradados-en-la-region-de-la-macaronesia\/#breadcrumb\",\"itemListElement\":[{\"@type\":\"ListItem\",\"position\":1,\"name\":\"Portada\",\"item\":\"https:\/\/www.ull.es\/portal\/noticias\/\"},{\"@type\":\"ListItem\",\"position\":2,\"name\":\"Presentado un estudio sobre restauraci\u00f3n de espacios degradados en la regi\u00f3n de la Macaronesia\"}]},{\"@type\":\"WebSite\",\"@id\":\"https:\/\/www.ull.es\/portal\/noticias\/#website\",\"url\":\"https:\/\/www.ull.es\/portal\/noticias\/\",\"name\":\"ULL - Noticias\",\"description\":\"\",\"potentialAction\":[{\"@type\":\"SearchAction\",\"target\":{\"@type\":\"EntryPoint\",\"urlTemplate\":\"https:\/\/www.ull.es\/portal\/noticias\/?s={search_term_string}\"},\"query-input\":\"required name=search_term_string\"}],\"inLanguage\":\"es\"},{\"@type\":\"Person\",\"@id\":\"https:\/\/www.ull.es\/portal\/noticias\/#\/schema\/person\/b2b1a89d43ffa609e591f7df8ef3e817\",\"name\":\"gaprsa\",\"image\":{\"@type\":\"ImageObject\",\"inLanguage\":\"es\",\"@id\":\"https:\/\/www.ull.es\/portal\/noticias\/#\/schema\/person\/image\/\",\"url\":\"https:\/\/secure.gravatar.com\/avatar\/443820550921091458b4823867723b3d?s=96&d=mm&r=g\",\"contentUrl\":\"https:\/\/secure.gravatar.com\/avatar\/443820550921091458b4823867723b3d?s=96&d=mm&r=g\",\"caption\":\"gaprsa\"},\"url\":\"https:\/\/www.ull.es\/portal\/noticias\/author\/gaprsa\/\"}]}<\/script>\n<!-- \/ Yoast SEO plugin. -->","yoast_head_json":{"title":"Presentado un estudio sobre restauraci\u00f3n de espacios degradados en la regi\u00f3n de la Macaronesia - ULL - Noticias","robots":{"index":"index","follow":"follow","max-snippet":"max-snippet:-1","max-image-preview":"max-image-preview:large","max-video-preview":"max-video-preview:-1"},"canonical":"https:\/\/www.ull.es\/portal\/noticias\/2016\/presentado-un-estudio-sobre-restauracion-de-espacios-degradados-en-la-region-de-la-macaronesia\/","og_locale":"es_ES","og_type":"article","og_title":"Presentado un estudio sobre restauraci\u00f3n de espacios degradados en la regi\u00f3n de la Macaronesia - ULL - Noticias","og_description":"Recientemente se present\u00f3 en el Aula Magna de las secciones de F\u00edsica y Matem\u00e1ticas de la Facultad de Ciencias de...","og_url":"https:\/\/www.ull.es\/portal\/noticias\/2016\/presentado-un-estudio-sobre-restauracion-de-espacios-degradados-en-la-region-de-la-macaronesia\/","og_site_name":"ULL - Noticias","article_publisher":"https:\/\/www.facebook.com\/universidaddelalaguna\/","article_published_time":"2016-02-22T13:54:51+00:00","og_image":[{"width":1062,"height":1500,"url":"https:\/\/www.ull.es\/portal\/noticias\/wp-content\/uploads\/sites\/13\/2016\/02\/cubierta-vegetal.jpg","type":"image\/jpeg"}],"author":"gaprsa","twitter_card":"summary_large_image","twitter_creator":"@CanalULL","twitter_site":"@CanalULL","twitter_misc":{"Escrito por":"gaprsa","Tiempo de lectura":"2 minutos"},"schema":{"@context":"https:\/\/schema.org","@graph":[{"@type":"WebPage","@id":"https:\/\/www.ull.es\/portal\/noticias\/2016\/presentado-un-estudio-sobre-restauracion-de-espacios-degradados-en-la-region-de-la-macaronesia\/","url":"https:\/\/www.ull.es\/portal\/noticias\/2016\/presentado-un-estudio-sobre-restauracion-de-espacios-degradados-en-la-region-de-la-macaronesia\/","name":"Presentado un estudio sobre restauraci\u00f3n de espacios degradados en la regi\u00f3n de la Macaronesia - ULL - Noticias","isPartOf":{"@id":"https:\/\/www.ull.es\/portal\/noticias\/#website"},"datePublished":"2016-02-22T13:54:51+00:00","dateModified":"2016-02-22T13:54:51+00:00","author":{"@id":"https:\/\/www.ull.es\/portal\/noticias\/#\/schema\/person\/b2b1a89d43ffa609e591f7df8ef3e817"},"breadcrumb":{"@id":"https:\/\/www.ull.es\/portal\/noticias\/2016\/presentado-un-estudio-sobre-restauracion-de-espacios-degradados-en-la-region-de-la-macaronesia\/#breadcrumb"},"inLanguage":"es","potentialAction":[{"@type":"ReadAction","target":["https:\/\/www.ull.es\/portal\/noticias\/2016\/presentado-un-estudio-sobre-restauracion-de-espacios-degradados-en-la-region-de-la-macaronesia\/"]}]},{"@type":"BreadcrumbList","@id":"https:\/\/www.ull.es\/portal\/noticias\/2016\/presentado-un-estudio-sobre-restauracion-de-espacios-degradados-en-la-region-de-la-macaronesia\/#breadcrumb","itemListElement":[{"@type":"ListItem","position":1,"name":"Portada","item":"https:\/\/www.ull.es\/portal\/noticias\/"},{"@type":"ListItem","position":2,"name":"Presentado un estudio sobre restauraci\u00f3n de espacios degradados en la regi\u00f3n de la Macaronesia"}]},{"@type":"WebSite","@id":"https:\/\/www.ull.es\/portal\/noticias\/#website","url":"https:\/\/www.ull.es\/portal\/noticias\/","name":"ULL - Noticias","description":"","potentialAction":[{"@type":"SearchAction","target":{"@type":"EntryPoint","urlTemplate":"https:\/\/www.ull.es\/portal\/noticias\/?s={search_term_string}"},"query-input":"required name=search_term_string"}],"inLanguage":"es"},{"@type":"Person","@id":"https:\/\/www.ull.es\/portal\/noticias\/#\/schema\/person\/b2b1a89d43ffa609e591f7df8ef3e817","name":"gaprsa","image":{"@type":"ImageObject","inLanguage":"es","@id":"https:\/\/www.ull.es\/portal\/noticias\/#\/schema\/person\/image\/","url":"https:\/\/secure.gravatar.com\/avatar\/443820550921091458b4823867723b3d?s=96&d=mm&r=g","contentUrl":"https:\/\/secure.gravatar.com\/avatar\/443820550921091458b4823867723b3d?s=96&d=mm&r=g","caption":"gaprsa"},"url":"https:\/\/www.ull.es\/portal\/noticias\/author\/gaprsa\/"}]}},"primary_category":null,"featured_image_thumbnail_url":"https:\/\/www.ull.es\/portal\/noticias\/wp-content\/uploads\/sites\/13\/2016\/02\/cubierta-vegetal-212x300.jpg","_links":{"self":[{"href":"https:\/\/www.ull.es\/portal\/noticias\/wp-json\/wp\/v2\/posts\/26620"}],"collection":[{"href":"https:\/\/www.ull.es\/portal\/noticias\/wp-json\/wp\/v2\/posts"}],"about":[{"href":"https:\/\/www.ull.es\/portal\/noticias\/wp-json\/wp\/v2\/types\/post"}],"author":[{"embeddable":true,"href":"https:\/\/www.ull.es\/portal\/noticias\/wp-json\/wp\/v2\/users\/23"}],"replies":[{"embeddable":true,"href":"https:\/\/www.ull.es\/portal\/noticias\/wp-json\/wp\/v2\/comments?post=26620"}],"version-history":[{"count":0,"href":"https:\/\/www.ull.es\/portal\/noticias\/wp-json\/wp\/v2\/posts\/26620\/revisions"}],"wp:featuredmedia":[{"embeddable":true,"href":"https:\/\/www.ull.es\/portal\/noticias\/wp-json\/wp\/v2\/media\/26621"}],"wp:attachment":[{"href":"https:\/\/www.ull.es\/portal\/noticias\/wp-json\/wp\/v2\/media?parent=26620"}],"wp:term":[{"taxonomy":"category","embeddable":true,"href":"https:\/\/www.ull.es\/portal\/noticias\/wp-json\/wp\/v2\/categories?post=26620"},{"taxonomy":"post_tag","embeddable":true,"href":"https:\/\/www.ull.es\/portal\/noticias\/wp-json\/wp\/v2\/tags?post=26620"}],"curies":[{"name":"wp","href":"https:\/\/api.w.org\/{rel}","templated":true}]}}