{"id":26665,"date":"2016-02-24T14:44:26","date_gmt":"2016-02-24T14:44:26","guid":{"rendered":"http:\/\/ddigital.webs.ull.es\/?p=26665"},"modified":"2016-02-24T14:44:26","modified_gmt":"2016-02-24T14:44:26","slug":"el-consejero-de-economia-del-gobierno-de-canarias-se-interesa-por-la-oferta-de-servicios-tecnologicos-de-la-ull","status":"publish","type":"post","link":"https:\/\/www.ull.es\/portal\/noticias\/2016\/el-consejero-de-economia-del-gobierno-de-canarias-se-interesa-por-la-oferta-de-servicios-tecnologicos-de-la-ull\/","title":{"rendered":"El consejero de Econom\u00eda del Gobierno de Canarias se interesa por la oferta de servicios tecnol\u00f3gicos de la ULL"},"content":{"rendered":"<p>El consejero de Econom\u00eda, Industria, Comercio y Conocimiento, Pedro Ortega, visit\u00f3 hoy, mi\u00e9rcoles 24 de febrero, las instalaciones del Servicio General de Apoyo a la Investigaci\u00f3n de la Universidad de La Laguna (SEGAI). Estuvo acompa\u00f1ado por el rector de la instituci\u00f3n acad\u00e9mica, Antonio Martin\u00f3n; el vicerrector de Investigaci\u00f3n, Francisco Almeida; el director del servicio universitario, Fernando Lahoz; y el director de la Agencia Canaria de Investigaci\u00f3n, Innovaci\u00f3n y Sociedad de la Informaci\u00f3n (ACIISI), Manuel Miranda. Posteriormente, el consejero conoci\u00f3 las dependencias del Instituto de Productos Naturales y Agrobiolog\u00eda (IPNA) del CSIC.<\/p>\n<p>Durante la visita, Pedro Ortega resalt\u00f3 la importancia de ambos centros para la I+D+i en Canarias y la necesidad de continuar impulsando y difundiendo la labor de sus proyectos e iniciativas ya que, gracias al SEGAI, se cuenta con m\u00e1s de una treintena de servicios especializados, lo cual permite ofertar cerca de un centenar de aplicaciones industriales en \u00e1reas de conocimiento diversas para la econom\u00eda de nuestras islas.<\/p>\n<p>El Servicio General de Apoyo a la Investigaci\u00f3n (SEGAI) de la Universidad de La Laguna dispone de infraestructuras cient\u00edficas de car\u00e1cter instrumental y t\u00e9cnico que sirven de apoyo para los grupos de investigaci\u00f3n de la propia instituci\u00f3n y de otros centros de investigaci\u00f3n. Tambi\u00e9n tiene como finalidad ofrecer servicios y tecnolog\u00eda a las empresas, con el fin de colaborar en la innovaci\u00f3n empresarial y en el desarrollo regional.<\/p>\n<p>La visita consisti\u00f3 en una presentaci\u00f3n a cargo del vicerrector de Investigaci\u00f3n en la que se present\u00f3 someramente el cat\u00e1logo de prestaciones del SEGAI, as\u00ed como algunos datos econ\u00f3micos y casos de \u00e9xito en las colaboraciones que ha realizado con empresas e instituciones externas. Seguidamente, la comitiva visit\u00f3 algunos de los servicios del centro, como el de Microscop\u00eda Electr\u00f3nica o el de Gen\u00f3mica.<\/p>\n<p>En la actualidad, esta infraestructura re\u00fane a 35 servicios especializados, que podr\u00edan dividirse en cuatro grandes grupos: tecnolog\u00edas biom\u00e9dicas; caracterizaci\u00f3n de materiales y superficies; electr\u00f3nica, mec\u00e1nica y fabricaci\u00f3n en 3D; y an\u00e1lisis elemental y molecular. Esto permite ofertar cerca de un centenar de aplicaciones industriales en \u00e1reas de conocimiento diversas.<\/p>\n<p>Durante la visita, la representaci\u00f3n de la ULL plante\u00f3 al consejero la posibilidad de que el SEGAI pueda percibir parte del dinero disponible del extinto Impuesto General sobre el Tr\u00e1fico de Empresas (IGTE). El representante gubernamental se mostr\u00f3 receptivo a esa idea y se\u00f1al\u00f3 que ambas partes deben estudiar qu\u00e9 formato es el m\u00e1s id\u00f3neo para presentar el proyecto para optar a dicha financiaci\u00f3n.<\/p>\n<p>Ortega record\u00f3 que el Gobierno de Canarias tiene una clara apuesta por la investigaci\u00f3n en las islas, con un presupuesto de 19 millones de euros destinados a tal fin. Asimismo, afirm\u00f3 que \u201cel disponer de estas instalaciones para investigadores y empresas facilita, en gran medida, su labor. En este nuevo escenario econ\u00f3mico, empresarios e investigadores deben trabajar conjuntamente y contar con un gran laboratorio de \u00faltima generaci\u00f3n como el SEGAI es un recurso que no podemos desaprovechar\u201d.<\/p>\n<p>Por su parte, para el rector de la ULL es importante este tipo de visitas porque, adem\u00e1s de dar a conocer a las autoridades uno de los puntos fuertes de la instituci\u00f3n, ayuda a desterrar la \u201ccreencia injusta\u201d en que la universidad est\u00e1 alejada de la sociedad. Record\u00f3 que el SEGAI mantiene colaboraciones estrechas con numerosas instituciones y empresas locales e incluso nacionales, lo cual ayuda a materializar le compromiso universitario con el desarrollo social.<\/p>\n<p>Para el director de la ACISII, es importante que el consejero de Econom\u00eda haya visitado este servicio, puesto que su \u00e1rea es la que, de alg\u00fan modo, articula las pol\u00edticas relacionadas con el cambio del modelo productivo, en el cual la investigaci\u00f3n e innovaci\u00f3n tienen gran importancia. Una idea compartida por el director del SEGAI, para quien este servicio entronca perfectamente con el objetivo de apostar por un modelo econ\u00f3mico m\u00e1s centrado en la ciencia.<\/p>\n","protected":false},"excerpt":{"rendered":"<p>El consejero de Econom\u00eda, Industria, Comercio y Conocimiento, Pedro Ortega, visit\u00f3 hoy, mi\u00e9rcoles 24 de febrero, las instalaciones del Servicio&#8230;<\/p>\n","protected":false},"author":23,"featured_media":26668,"comment_status":"open","ping_status":"open","sticky":false,"template":"","format":"gallery","meta":{"inline_featured_image":false,"footnotes":""},"categories":[345,350,1],"tags":[376,517,1249,1301,1816,2079,2355,2527,2560],"acf":[],"yoast_head":"<!-- This site is optimized with the Yoast SEO plugin v21.3 - https:\/\/yoast.com\/wordpress\/plugins\/seo\/ -->\n<title>El consejero de Econom\u00eda del Gobierno de Canarias se interesa por la oferta de servicios tecnol\u00f3gicos de la ULL - ULL - Noticias<\/title>\n<meta name=\"robots\" content=\"index, follow, max-snippet:-1, max-image-preview:large, max-video-preview:-1\" \/>\n<link rel=\"canonical\" href=\"https:\/\/www.ull.es\/portal\/noticias\/2016\/el-consejero-de-economia-del-gobierno-de-canarias-se-interesa-por-la-oferta-de-servicios-tecnologicos-de-la-ull\/\" \/>\n<meta property=\"og:locale\" content=\"es_ES\" \/>\n<meta property=\"og:type\" content=\"article\" \/>\n<meta property=\"og:title\" content=\"El consejero de Econom\u00eda del Gobierno de Canarias se interesa por la oferta de servicios tecnol\u00f3gicos de la ULL - ULL - Noticias\" \/>\n<meta property=\"og:description\" content=\"El consejero de Econom\u00eda, Industria, Comercio y Conocimiento, Pedro Ortega, visit\u00f3 hoy, mi\u00e9rcoles 24 de febrero, las instalaciones del Servicio...\" \/>\n<meta property=\"og:url\" content=\"https:\/\/www.ull.es\/portal\/noticias\/2016\/el-consejero-de-economia-del-gobierno-de-canarias-se-interesa-por-la-oferta-de-servicios-tecnologicos-de-la-ull\/\" \/>\n<meta property=\"og:site_name\" content=\"ULL - Noticias\" \/>\n<meta property=\"article:publisher\" content=\"https:\/\/www.facebook.com\/universidaddelalaguna\/\" \/>\n<meta property=\"article:published_time\" content=\"2016-02-24T14:44:26+00:00\" \/>\n<meta property=\"og:image\" content=\"https:\/\/www.ull.es\/portal\/noticias\/wp-content\/uploads\/sites\/13\/2016\/02\/segai-grupo.jpg\" \/>\n\t<meta property=\"og:image:width\" content=\"1034\" \/>\n\t<meta property=\"og:image:height\" content=\"708\" \/>\n\t<meta property=\"og:image:type\" content=\"image\/jpeg\" \/>\n<meta name=\"author\" content=\"gaprsa\" \/>\n<meta name=\"twitter:card\" content=\"summary_large_image\" \/>\n<meta name=\"twitter:creator\" content=\"@CanalULL\" \/>\n<meta name=\"twitter:site\" content=\"@CanalULL\" \/>\n<meta name=\"twitter:label1\" content=\"Escrito por\" \/>\n\t<meta name=\"twitter:data1\" content=\"gaprsa\" \/>\n\t<meta name=\"twitter:label2\" content=\"Tiempo de lectura\" \/>\n\t<meta name=\"twitter:data2\" content=\"3 minutos\" \/>\n<script type=\"application\/ld+json\" class=\"yoast-schema-graph\">{\"@context\":\"https:\/\/schema.org\",\"@graph\":[{\"@type\":\"WebPage\",\"@id\":\"https:\/\/www.ull.es\/portal\/noticias\/2016\/el-consejero-de-economia-del-gobierno-de-canarias-se-interesa-por-la-oferta-de-servicios-tecnologicos-de-la-ull\/\",\"url\":\"https:\/\/www.ull.es\/portal\/noticias\/2016\/el-consejero-de-economia-del-gobierno-de-canarias-se-interesa-por-la-oferta-de-servicios-tecnologicos-de-la-ull\/\",\"name\":\"El consejero de Econom\u00eda del Gobierno de Canarias se interesa por la oferta de servicios tecnol\u00f3gicos de la ULL - ULL - Noticias\",\"isPartOf\":{\"@id\":\"https:\/\/www.ull.es\/portal\/noticias\/#website\"},\"datePublished\":\"2016-02-24T14:44:26+00:00\",\"dateModified\":\"2016-02-24T14:44:26+00:00\",\"author\":{\"@id\":\"https:\/\/www.ull.es\/portal\/noticias\/#\/schema\/person\/b2b1a89d43ffa609e591f7df8ef3e817\"},\"breadcrumb\":{\"@id\":\"https:\/\/www.ull.es\/portal\/noticias\/2016\/el-consejero-de-economia-del-gobierno-de-canarias-se-interesa-por-la-oferta-de-servicios-tecnologicos-de-la-ull\/#breadcrumb\"},\"inLanguage\":\"es\",\"potentialAction\":[{\"@type\":\"ReadAction\",\"target\":[\"https:\/\/www.ull.es\/portal\/noticias\/2016\/el-consejero-de-economia-del-gobierno-de-canarias-se-interesa-por-la-oferta-de-servicios-tecnologicos-de-la-ull\/\"]}]},{\"@type\":\"BreadcrumbList\",\"@id\":\"https:\/\/www.ull.es\/portal\/noticias\/2016\/el-consejero-de-economia-del-gobierno-de-canarias-se-interesa-por-la-oferta-de-servicios-tecnologicos-de-la-ull\/#breadcrumb\",\"itemListElement\":[{\"@type\":\"ListItem\",\"position\":1,\"name\":\"Portada\",\"item\":\"https:\/\/www.ull.es\/portal\/noticias\/\"},{\"@type\":\"ListItem\",\"position\":2,\"name\":\"El consejero de Econom\u00eda del Gobierno de Canarias se interesa por la oferta de servicios tecnol\u00f3gicos de la ULL\"}]},{\"@type\":\"WebSite\",\"@id\":\"https:\/\/www.ull.es\/portal\/noticias\/#website\",\"url\":\"https:\/\/www.ull.es\/portal\/noticias\/\",\"name\":\"ULL - Noticias\",\"description\":\"\",\"potentialAction\":[{\"@type\":\"SearchAction\",\"target\":{\"@type\":\"EntryPoint\",\"urlTemplate\":\"https:\/\/www.ull.es\/portal\/noticias\/?s={search_term_string}\"},\"query-input\":\"required name=search_term_string\"}],\"inLanguage\":\"es\"},{\"@type\":\"Person\",\"@id\":\"https:\/\/www.ull.es\/portal\/noticias\/#\/schema\/person\/b2b1a89d43ffa609e591f7df8ef3e817\",\"name\":\"gaprsa\",\"image\":{\"@type\":\"ImageObject\",\"inLanguage\":\"es\",\"@id\":\"https:\/\/www.ull.es\/portal\/noticias\/#\/schema\/person\/image\/\",\"url\":\"https:\/\/secure.gravatar.com\/avatar\/443820550921091458b4823867723b3d?s=96&d=mm&r=g\",\"contentUrl\":\"https:\/\/secure.gravatar.com\/avatar\/443820550921091458b4823867723b3d?s=96&d=mm&r=g\",\"caption\":\"gaprsa\"},\"url\":\"https:\/\/www.ull.es\/portal\/noticias\/author\/gaprsa\/\"}]}<\/script>\n<!-- \/ Yoast SEO plugin. -->","yoast_head_json":{"title":"El consejero de Econom\u00eda del Gobierno de Canarias se interesa por la oferta de servicios tecnol\u00f3gicos de la ULL - ULL - Noticias","robots":{"index":"index","follow":"follow","max-snippet":"max-snippet:-1","max-image-preview":"max-image-preview:large","max-video-preview":"max-video-preview:-1"},"canonical":"https:\/\/www.ull.es\/portal\/noticias\/2016\/el-consejero-de-economia-del-gobierno-de-canarias-se-interesa-por-la-oferta-de-servicios-tecnologicos-de-la-ull\/","og_locale":"es_ES","og_type":"article","og_title":"El consejero de Econom\u00eda del Gobierno de Canarias se interesa por la oferta de servicios tecnol\u00f3gicos de la ULL - ULL - Noticias","og_description":"El consejero de Econom\u00eda, Industria, Comercio y Conocimiento, Pedro Ortega, visit\u00f3 hoy, mi\u00e9rcoles 24 de febrero, las instalaciones del Servicio...","og_url":"https:\/\/www.ull.es\/portal\/noticias\/2016\/el-consejero-de-economia-del-gobierno-de-canarias-se-interesa-por-la-oferta-de-servicios-tecnologicos-de-la-ull\/","og_site_name":"ULL - Noticias","article_publisher":"https:\/\/www.facebook.com\/universidaddelalaguna\/","article_published_time":"2016-02-24T14:44:26+00:00","og_image":[{"width":1034,"height":708,"url":"https:\/\/www.ull.es\/portal\/noticias\/wp-content\/uploads\/sites\/13\/2016\/02\/segai-grupo.jpg","type":"image\/jpeg"}],"author":"gaprsa","twitter_card":"summary_large_image","twitter_creator":"@CanalULL","twitter_site":"@CanalULL","twitter_misc":{"Escrito por":"gaprsa","Tiempo de lectura":"3 minutos"},"schema":{"@context":"https:\/\/schema.org","@graph":[{"@type":"WebPage","@id":"https:\/\/www.ull.es\/portal\/noticias\/2016\/el-consejero-de-economia-del-gobierno-de-canarias-se-interesa-por-la-oferta-de-servicios-tecnologicos-de-la-ull\/","url":"https:\/\/www.ull.es\/portal\/noticias\/2016\/el-consejero-de-economia-del-gobierno-de-canarias-se-interesa-por-la-oferta-de-servicios-tecnologicos-de-la-ull\/","name":"El consejero de Econom\u00eda del Gobierno de Canarias se interesa por la oferta de servicios tecnol\u00f3gicos de la ULL - ULL - Noticias","isPartOf":{"@id":"https:\/\/www.ull.es\/portal\/noticias\/#website"},"datePublished":"2016-02-24T14:44:26+00:00","dateModified":"2016-02-24T14:44:26+00:00","author":{"@id":"https:\/\/www.ull.es\/portal\/noticias\/#\/schema\/person\/b2b1a89d43ffa609e591f7df8ef3e817"},"breadcrumb":{"@id":"https:\/\/www.ull.es\/portal\/noticias\/2016\/el-consejero-de-economia-del-gobierno-de-canarias-se-interesa-por-la-oferta-de-servicios-tecnologicos-de-la-ull\/#breadcrumb"},"inLanguage":"es","potentialAction":[{"@type":"ReadAction","target":["https:\/\/www.ull.es\/portal\/noticias\/2016\/el-consejero-de-economia-del-gobierno-de-canarias-se-interesa-por-la-oferta-de-servicios-tecnologicos-de-la-ull\/"]}]},{"@type":"BreadcrumbList","@id":"https:\/\/www.ull.es\/portal\/noticias\/2016\/el-consejero-de-economia-del-gobierno-de-canarias-se-interesa-por-la-oferta-de-servicios-tecnologicos-de-la-ull\/#breadcrumb","itemListElement":[{"@type":"ListItem","position":1,"name":"Portada","item":"https:\/\/www.ull.es\/portal\/noticias\/"},{"@type":"ListItem","position":2,"name":"El consejero de Econom\u00eda del Gobierno de Canarias se interesa por la oferta de servicios tecnol\u00f3gicos de la ULL"}]},{"@type":"WebSite","@id":"https:\/\/www.ull.es\/portal\/noticias\/#website","url":"https:\/\/www.ull.es\/portal\/noticias\/","name":"ULL - Noticias","description":"","potentialAction":[{"@type":"SearchAction","target":{"@type":"EntryPoint","urlTemplate":"https:\/\/www.ull.es\/portal\/noticias\/?s={search_term_string}"},"query-input":"required name=search_term_string"}],"inLanguage":"es"},{"@type":"Person","@id":"https:\/\/www.ull.es\/portal\/noticias\/#\/schema\/person\/b2b1a89d43ffa609e591f7df8ef3e817","name":"gaprsa","image":{"@type":"ImageObject","inLanguage":"es","@id":"https:\/\/www.ull.es\/portal\/noticias\/#\/schema\/person\/image\/","url":"https:\/\/secure.gravatar.com\/avatar\/443820550921091458b4823867723b3d?s=96&d=mm&r=g","contentUrl":"https:\/\/secure.gravatar.com\/avatar\/443820550921091458b4823867723b3d?s=96&d=mm&r=g","caption":"gaprsa"},"url":"https:\/\/www.ull.es\/portal\/noticias\/author\/gaprsa\/"}]}},"primary_category":null,"featured_image_thumbnail_url":"https:\/\/www.ull.es\/portal\/noticias\/wp-content\/uploads\/sites\/13\/2016\/02\/segai-grupo-300x205.jpg","_links":{"self":[{"href":"https:\/\/www.ull.es\/portal\/noticias\/wp-json\/wp\/v2\/posts\/26665"}],"collection":[{"href":"https:\/\/www.ull.es\/portal\/noticias\/wp-json\/wp\/v2\/posts"}],"about":[{"href":"https:\/\/www.ull.es\/portal\/noticias\/wp-json\/wp\/v2\/types\/post"}],"author":[{"embeddable":true,"href":"https:\/\/www.ull.es\/portal\/noticias\/wp-json\/wp\/v2\/users\/23"}],"replies":[{"embeddable":true,"href":"https:\/\/www.ull.es\/portal\/noticias\/wp-json\/wp\/v2\/comments?post=26665"}],"version-history":[{"count":0,"href":"https:\/\/www.ull.es\/portal\/noticias\/wp-json\/wp\/v2\/posts\/26665\/revisions"}],"wp:featuredmedia":[{"embeddable":true,"href":"https:\/\/www.ull.es\/portal\/noticias\/wp-json\/wp\/v2\/media\/26668"}],"wp:attachment":[{"href":"https:\/\/www.ull.es\/portal\/noticias\/wp-json\/wp\/v2\/media?parent=26665"}],"wp:term":[{"taxonomy":"category","embeddable":true,"href":"https:\/\/www.ull.es\/portal\/noticias\/wp-json\/wp\/v2\/categories?post=26665"},{"taxonomy":"post_tag","embeddable":true,"href":"https:\/\/www.ull.es\/portal\/noticias\/wp-json\/wp\/v2\/tags?post=26665"}],"curies":[{"name":"wp","href":"https:\/\/api.w.org\/{rel}","templated":true}]}}