{"id":26717,"date":"2016-02-29T15:06:04","date_gmt":"2016-02-29T15:06:04","guid":{"rendered":"http:\/\/ddigital.webs.ull.es\/?p=26717"},"modified":"2016-02-29T15:06:04","modified_gmt":"2016-02-29T15:06:04","slug":"aprobadas-las-cuentas-la-memoria-de-actividades-y-la-nueva-estructura-de-la-fundacion-general-de-la-universidad-de-la-laguna","status":"publish","type":"post","link":"https:\/\/www.ull.es\/portal\/noticias\/2016\/aprobadas-las-cuentas-la-memoria-de-actividades-y-la-nueva-estructura-de-la-fundacion-general-de-la-universidad-de-la-laguna\/","title":{"rendered":"Aprobadas las cuentas, la memoria de actividades y la nueva estructura de la Fundaci\u00f3n General de la Universidad de La Laguna"},"content":{"rendered":"<p>Hoy, a las 11 horas, en las propias instalaciones de la Fundaci\u00f3n, situada en la Torre Profesor Agust\u00edn Ar\u00e9valo de la Universidad de La Laguna, ten\u00eda lugar la reuni\u00f3n ordinaria de Patronato destinada al repaso de la actividad econ\u00f3mica y de la labor desarrollada por la Fundaci\u00f3n General de la Universidad de La Laguna (FGULL) durante el ejercicio 2015. Los otros asuntos importantes fueron: la incorporaci\u00f3n al Patronato, como vicepresidente, del actual presidente del Consejo Social, Raimundo Baroja Rieu, y la ampliaci\u00f3n de los fines de la Fundaci\u00f3n, recogidos en sus estatutos, para el desarrollo de acciones de voluntariado y de cooperaci\u00f3n internacional, dos l\u00edneas estrat\u00e9gicas del actual equipo rectoral.<\/p>\n<p>En el encuentro se despacharon tambi\u00e9n otros asuntos como la presentaci\u00f3n de una nueva estructura para la organizaci\u00f3n que, a partir de ahora, pasa a funcionar en torno a dos grandes agencias de actividad. Igualmente se present\u00f3 y dio visto bueno al nuevo manual de identidad corporativa que regir\u00e1 las l\u00edneas maestras en cuestiones gr\u00e1ficas y las normas b\u00e1sicas para el uso correcto de los distintos elementos gr\u00e1ficos que conforman la imagen corporativa de la Fundaci\u00f3n.<\/p>\n<p>Asist\u00edan a este encuentro el presidente del Patronato, Antonio Martin\u00f3n; los patronos por parte de la Universidad: Francisco Javier Garc\u00eda Rodr\u00edguez, vicerrector de Relaciones con la Sociedad; Francisco Almeida Rodr\u00edguez, vicerrector de Investigaci\u00f3n y Ana Isabel Jim\u00e9nez Abizanda, vicerrectora de Docencia y el presidente del Consejo Social universitario, Raimundo Baroja Rieu. Como patronos de entidades p\u00fablicas, miembros de este Patronato desde el pasado 19 de diciembre de 2014, asistieron Antonio Garc\u00eda Marichal, en representaci\u00f3n del PCTT (Parque Cient\u00edfico y Tecnol\u00f3gico de Tenerife); y Candelaria D\u00edaz, concejala de Hacienda y Servicios Econ\u00f3micos, Ordenaci\u00f3n del Territorio y Patrimonio Hist\u00f3rico Art\u00edstico por parte del Ayuntamiento de La Laguna. Tambi\u00e9n tomaron parte Julio Brito, gerente de la Fundaci\u00f3n en calidad de secretario del Patronato y Montserrat Mestres Jim\u00e9nez, interventora de la organizaci\u00f3n.<\/p>\n<p>La primera parte de la reuni\u00f3n se centr\u00f3 en el an\u00e1lisis del ejercicio 2015. Se aprobaba, por una parte, lo correspondiente al cap\u00edtulo econ\u00f3mico de la Fundaci\u00f3n incluyendo su inventario, balance de situaci\u00f3n, cuentas de resultados y la liquidaci\u00f3n del presupuesto y, por otra, la memoria de actividades desarrolladas durante al \u00faltimo a\u00f1o. Lo relativo a la materia econ\u00f3mica se encuentra ya disponible para su consulta en la p\u00e1gina web de la Fundaci\u00f3n General; la memoria de actividades se har\u00e1 p\u00fablica igualmente en las pr\u00f3ximas semanas ya que, tras aprobarse su contenido, se encuentra en fase de maquetaci\u00f3n. El siguiente punto fue la incorporaci\u00f3n a la directiva del Patronato de Raimundo Baroja Rieu, actual presidente del Consejo Social, que, a partir de hoy, ostentar\u00e1 el cargo de vicepresidente. Acto seguido se trat\u00f3 una modificaci\u00f3n de los estatutos, en el cap\u00edtulo de \u201cfines\u201d, a trav\u00e9s de la que se incluyen las acciones de voluntariado y de cooperaci\u00f3n internacional aline\u00e1ndose con dos nuevos ejes estrat\u00e9gicos de la Universidad de La Laguna.<\/p>\n<p>Como novedad destacable en relaci\u00f3n a los servicios ofrecidos desde esta organizaci\u00f3n, se expuso la nueva estructura de la Fundaci\u00f3n que pasa a organizarse en torno a dos grandes \u00e1mbitos: la innovaci\u00f3n y el empleo. As\u00ed, por un lado, el, hasta ahora, \u00c1rea de Innovaci\u00f3n, pasar\u00e1 a ser la Agencia Universitaria de Innovaci\u00f3n. Y, por otro, el \u00c1rea de Formaci\u00f3n pasa a integrarse en la ya existente Agencia Universitaria de Empleo, con el prop\u00f3sito de dotar de un car\u00e1cter profesionalizante a\u00fan m\u00e1s potente a todas las acciones formativas que se desarrollan en Fundaci\u00f3n y que incluyen cursos de especializaci\u00f3n, de idiomas y formaci\u00f3n de posgrado.<\/p>\n","protected":false},"excerpt":{"rendered":"<p>Hoy, a las 11 horas, en las propias instalaciones de la Fundaci\u00f3n, situada en la Torre Profesor Agust\u00edn Ar\u00e9valo de&#8230;<\/p>\n","protected":false},"author":23,"featured_media":26720,"comment_status":"open","ping_status":"open","sticky":false,"template":"","format":"standard","meta":{"inline_featured_image":false,"footnotes":""},"categories":[345,348,1],"tags":[],"acf":[],"yoast_head":"<!-- This site is optimized with the Yoast SEO plugin v21.3 - https:\/\/yoast.com\/wordpress\/plugins\/seo\/ -->\n<title>Aprobadas las cuentas, la memoria de actividades y la nueva estructura de la Fundaci\u00f3n General de la Universidad de La Laguna - ULL - Noticias<\/title>\n<meta name=\"robots\" content=\"index, follow, max-snippet:-1, max-image-preview:large, max-video-preview:-1\" \/>\n<link rel=\"canonical\" href=\"https:\/\/www.ull.es\/portal\/noticias\/2016\/aprobadas-las-cuentas-la-memoria-de-actividades-y-la-nueva-estructura-de-la-fundacion-general-de-la-universidad-de-la-laguna\/\" \/>\n<meta property=\"og:locale\" content=\"es_ES\" \/>\n<meta property=\"og:type\" content=\"article\" \/>\n<meta property=\"og:title\" content=\"Aprobadas las cuentas, la memoria de actividades y la nueva estructura de la Fundaci\u00f3n General de la Universidad de La Laguna - ULL - Noticias\" \/>\n<meta property=\"og:description\" content=\"Hoy, a las 11 horas, en las propias instalaciones de la Fundaci\u00f3n, situada en la Torre Profesor Agust\u00edn Ar\u00e9valo de...\" \/>\n<meta property=\"og:url\" content=\"https:\/\/www.ull.es\/portal\/noticias\/2016\/aprobadas-las-cuentas-la-memoria-de-actividades-y-la-nueva-estructura-de-la-fundacion-general-de-la-universidad-de-la-laguna\/\" \/>\n<meta property=\"og:site_name\" content=\"ULL - Noticias\" \/>\n<meta property=\"article:publisher\" content=\"https:\/\/www.facebook.com\/universidaddelalaguna\/\" \/>\n<meta property=\"article:published_time\" content=\"2016-02-29T15:06:04+00:00\" \/>\n<meta property=\"og:image\" content=\"https:\/\/www.ull.es\/portal\/noticias\/wp-content\/uploads\/sites\/13\/2016\/02\/Patronato_Fgull_29-feb-2.jpg\" \/>\n\t<meta property=\"og:image:width\" content=\"2728\" \/>\n\t<meta property=\"og:image:height\" content=\"1920\" \/>\n\t<meta property=\"og:image:type\" content=\"image\/jpeg\" \/>\n<meta name=\"author\" content=\"gaprsa\" \/>\n<meta name=\"twitter:card\" content=\"summary_large_image\" \/>\n<meta name=\"twitter:creator\" content=\"@CanalULL\" \/>\n<meta name=\"twitter:site\" content=\"@CanalULL\" \/>\n<meta name=\"twitter:label1\" content=\"Escrito por\" \/>\n\t<meta name=\"twitter:data1\" content=\"gaprsa\" \/>\n\t<meta name=\"twitter:label2\" content=\"Tiempo de lectura\" \/>\n\t<meta name=\"twitter:data2\" content=\"3 minutos\" \/>\n<script type=\"application\/ld+json\" class=\"yoast-schema-graph\">{\"@context\":\"https:\/\/schema.org\",\"@graph\":[{\"@type\":\"WebPage\",\"@id\":\"https:\/\/www.ull.es\/portal\/noticias\/2016\/aprobadas-las-cuentas-la-memoria-de-actividades-y-la-nueva-estructura-de-la-fundacion-general-de-la-universidad-de-la-laguna\/\",\"url\":\"https:\/\/www.ull.es\/portal\/noticias\/2016\/aprobadas-las-cuentas-la-memoria-de-actividades-y-la-nueva-estructura-de-la-fundacion-general-de-la-universidad-de-la-laguna\/\",\"name\":\"Aprobadas las cuentas, la memoria de actividades y la nueva estructura de la Fundaci\u00f3n General de la Universidad de La Laguna - ULL - Noticias\",\"isPartOf\":{\"@id\":\"https:\/\/www.ull.es\/portal\/noticias\/#website\"},\"datePublished\":\"2016-02-29T15:06:04+00:00\",\"dateModified\":\"2016-02-29T15:06:04+00:00\",\"author\":{\"@id\":\"https:\/\/www.ull.es\/portal\/noticias\/#\/schema\/person\/b2b1a89d43ffa609e591f7df8ef3e817\"},\"breadcrumb\":{\"@id\":\"https:\/\/www.ull.es\/portal\/noticias\/2016\/aprobadas-las-cuentas-la-memoria-de-actividades-y-la-nueva-estructura-de-la-fundacion-general-de-la-universidad-de-la-laguna\/#breadcrumb\"},\"inLanguage\":\"es\",\"potentialAction\":[{\"@type\":\"ReadAction\",\"target\":[\"https:\/\/www.ull.es\/portal\/noticias\/2016\/aprobadas-las-cuentas-la-memoria-de-actividades-y-la-nueva-estructura-de-la-fundacion-general-de-la-universidad-de-la-laguna\/\"]}]},{\"@type\":\"BreadcrumbList\",\"@id\":\"https:\/\/www.ull.es\/portal\/noticias\/2016\/aprobadas-las-cuentas-la-memoria-de-actividades-y-la-nueva-estructura-de-la-fundacion-general-de-la-universidad-de-la-laguna\/#breadcrumb\",\"itemListElement\":[{\"@type\":\"ListItem\",\"position\":1,\"name\":\"Portada\",\"item\":\"https:\/\/www.ull.es\/portal\/noticias\/\"},{\"@type\":\"ListItem\",\"position\":2,\"name\":\"Aprobadas las cuentas, la memoria de actividades y la nueva estructura de la Fundaci\u00f3n General de la Universidad de La Laguna\"}]},{\"@type\":\"WebSite\",\"@id\":\"https:\/\/www.ull.es\/portal\/noticias\/#website\",\"url\":\"https:\/\/www.ull.es\/portal\/noticias\/\",\"name\":\"ULL - Noticias\",\"description\":\"\",\"potentialAction\":[{\"@type\":\"SearchAction\",\"target\":{\"@type\":\"EntryPoint\",\"urlTemplate\":\"https:\/\/www.ull.es\/portal\/noticias\/?s={search_term_string}\"},\"query-input\":\"required name=search_term_string\"}],\"inLanguage\":\"es\"},{\"@type\":\"Person\",\"@id\":\"https:\/\/www.ull.es\/portal\/noticias\/#\/schema\/person\/b2b1a89d43ffa609e591f7df8ef3e817\",\"name\":\"gaprsa\",\"image\":{\"@type\":\"ImageObject\",\"inLanguage\":\"es\",\"@id\":\"https:\/\/www.ull.es\/portal\/noticias\/#\/schema\/person\/image\/\",\"url\":\"https:\/\/secure.gravatar.com\/avatar\/443820550921091458b4823867723b3d?s=96&d=mm&r=g\",\"contentUrl\":\"https:\/\/secure.gravatar.com\/avatar\/443820550921091458b4823867723b3d?s=96&d=mm&r=g\",\"caption\":\"gaprsa\"},\"url\":\"https:\/\/www.ull.es\/portal\/noticias\/author\/gaprsa\/\"}]}<\/script>\n<!-- \/ Yoast SEO plugin. -->","yoast_head_json":{"title":"Aprobadas las cuentas, la memoria de actividades y la nueva estructura de la Fundaci\u00f3n General de la Universidad de La Laguna - ULL - Noticias","robots":{"index":"index","follow":"follow","max-snippet":"max-snippet:-1","max-image-preview":"max-image-preview:large","max-video-preview":"max-video-preview:-1"},"canonical":"https:\/\/www.ull.es\/portal\/noticias\/2016\/aprobadas-las-cuentas-la-memoria-de-actividades-y-la-nueva-estructura-de-la-fundacion-general-de-la-universidad-de-la-laguna\/","og_locale":"es_ES","og_type":"article","og_title":"Aprobadas las cuentas, la memoria de actividades y la nueva estructura de la Fundaci\u00f3n General de la Universidad de La Laguna - ULL - Noticias","og_description":"Hoy, a las 11 horas, en las propias instalaciones de la Fundaci\u00f3n, situada en la Torre Profesor Agust\u00edn Ar\u00e9valo de...","og_url":"https:\/\/www.ull.es\/portal\/noticias\/2016\/aprobadas-las-cuentas-la-memoria-de-actividades-y-la-nueva-estructura-de-la-fundacion-general-de-la-universidad-de-la-laguna\/","og_site_name":"ULL - Noticias","article_publisher":"https:\/\/www.facebook.com\/universidaddelalaguna\/","article_published_time":"2016-02-29T15:06:04+00:00","og_image":[{"width":2728,"height":1920,"url":"https:\/\/www.ull.es\/portal\/noticias\/wp-content\/uploads\/sites\/13\/2016\/02\/Patronato_Fgull_29-feb-2.jpg","type":"image\/jpeg"}],"author":"gaprsa","twitter_card":"summary_large_image","twitter_creator":"@CanalULL","twitter_site":"@CanalULL","twitter_misc":{"Escrito por":"gaprsa","Tiempo de lectura":"3 minutos"},"schema":{"@context":"https:\/\/schema.org","@graph":[{"@type":"WebPage","@id":"https:\/\/www.ull.es\/portal\/noticias\/2016\/aprobadas-las-cuentas-la-memoria-de-actividades-y-la-nueva-estructura-de-la-fundacion-general-de-la-universidad-de-la-laguna\/","url":"https:\/\/www.ull.es\/portal\/noticias\/2016\/aprobadas-las-cuentas-la-memoria-de-actividades-y-la-nueva-estructura-de-la-fundacion-general-de-la-universidad-de-la-laguna\/","name":"Aprobadas las cuentas, la memoria de actividades y la nueva estructura de la Fundaci\u00f3n General de la Universidad de La Laguna - ULL - Noticias","isPartOf":{"@id":"https:\/\/www.ull.es\/portal\/noticias\/#website"},"datePublished":"2016-02-29T15:06:04+00:00","dateModified":"2016-02-29T15:06:04+00:00","author":{"@id":"https:\/\/www.ull.es\/portal\/noticias\/#\/schema\/person\/b2b1a89d43ffa609e591f7df8ef3e817"},"breadcrumb":{"@id":"https:\/\/www.ull.es\/portal\/noticias\/2016\/aprobadas-las-cuentas-la-memoria-de-actividades-y-la-nueva-estructura-de-la-fundacion-general-de-la-universidad-de-la-laguna\/#breadcrumb"},"inLanguage":"es","potentialAction":[{"@type":"ReadAction","target":["https:\/\/www.ull.es\/portal\/noticias\/2016\/aprobadas-las-cuentas-la-memoria-de-actividades-y-la-nueva-estructura-de-la-fundacion-general-de-la-universidad-de-la-laguna\/"]}]},{"@type":"BreadcrumbList","@id":"https:\/\/www.ull.es\/portal\/noticias\/2016\/aprobadas-las-cuentas-la-memoria-de-actividades-y-la-nueva-estructura-de-la-fundacion-general-de-la-universidad-de-la-laguna\/#breadcrumb","itemListElement":[{"@type":"ListItem","position":1,"name":"Portada","item":"https:\/\/www.ull.es\/portal\/noticias\/"},{"@type":"ListItem","position":2,"name":"Aprobadas las cuentas, la memoria de actividades y la nueva estructura de la Fundaci\u00f3n General de la Universidad de La Laguna"}]},{"@type":"WebSite","@id":"https:\/\/www.ull.es\/portal\/noticias\/#website","url":"https:\/\/www.ull.es\/portal\/noticias\/","name":"ULL - Noticias","description":"","potentialAction":[{"@type":"SearchAction","target":{"@type":"EntryPoint","urlTemplate":"https:\/\/www.ull.es\/portal\/noticias\/?s={search_term_string}"},"query-input":"required name=search_term_string"}],"inLanguage":"es"},{"@type":"Person","@id":"https:\/\/www.ull.es\/portal\/noticias\/#\/schema\/person\/b2b1a89d43ffa609e591f7df8ef3e817","name":"gaprsa","image":{"@type":"ImageObject","inLanguage":"es","@id":"https:\/\/www.ull.es\/portal\/noticias\/#\/schema\/person\/image\/","url":"https:\/\/secure.gravatar.com\/avatar\/443820550921091458b4823867723b3d?s=96&d=mm&r=g","contentUrl":"https:\/\/secure.gravatar.com\/avatar\/443820550921091458b4823867723b3d?s=96&d=mm&r=g","caption":"gaprsa"},"url":"https:\/\/www.ull.es\/portal\/noticias\/author\/gaprsa\/"}]}},"primary_category":null,"featured_image_thumbnail_url":"https:\/\/www.ull.es\/portal\/noticias\/wp-content\/uploads\/sites\/13\/2016\/02\/Patronato_Fgull_29-feb-2-300x211.jpg","_links":{"self":[{"href":"https:\/\/www.ull.es\/portal\/noticias\/wp-json\/wp\/v2\/posts\/26717"}],"collection":[{"href":"https:\/\/www.ull.es\/portal\/noticias\/wp-json\/wp\/v2\/posts"}],"about":[{"href":"https:\/\/www.ull.es\/portal\/noticias\/wp-json\/wp\/v2\/types\/post"}],"author":[{"embeddable":true,"href":"https:\/\/www.ull.es\/portal\/noticias\/wp-json\/wp\/v2\/users\/23"}],"replies":[{"embeddable":true,"href":"https:\/\/www.ull.es\/portal\/noticias\/wp-json\/wp\/v2\/comments?post=26717"}],"version-history":[{"count":0,"href":"https:\/\/www.ull.es\/portal\/noticias\/wp-json\/wp\/v2\/posts\/26717\/revisions"}],"wp:featuredmedia":[{"embeddable":true,"href":"https:\/\/www.ull.es\/portal\/noticias\/wp-json\/wp\/v2\/media\/26720"}],"wp:attachment":[{"href":"https:\/\/www.ull.es\/portal\/noticias\/wp-json\/wp\/v2\/media?parent=26717"}],"wp:term":[{"taxonomy":"category","embeddable":true,"href":"https:\/\/www.ull.es\/portal\/noticias\/wp-json\/wp\/v2\/categories?post=26717"},{"taxonomy":"post_tag","embeddable":true,"href":"https:\/\/www.ull.es\/portal\/noticias\/wp-json\/wp\/v2\/tags?post=26717"}],"curies":[{"name":"wp","href":"https:\/\/api.w.org\/{rel}","templated":true}]}}