{"id":26730,"date":"2016-03-01T14:41:53","date_gmt":"2016-03-01T14:41:53","guid":{"rendered":"http:\/\/ddigital.webs.ull.es\/?p=26730"},"modified":"2016-03-01T14:41:53","modified_gmt":"2016-03-01T14:41:53","slug":"la-ull-firma-un-convenio-de-colaboracion-con-la-empresa-publica-gsc-para-practicas-del-alumnado","status":"publish","type":"post","link":"https:\/\/www.ull.es\/portal\/noticias\/2016\/la-ull-firma-un-convenio-de-colaboracion-con-la-empresa-publica-gsc-para-practicas-del-alumnado\/","title":{"rendered":"La ULL firma un convenio de colaboraci\u00f3n con la empresa p\u00fablica GSC para pr\u00e1cticas del alumnado"},"content":{"rendered":"<p>La empresa p\u00fablica Gesti\u00f3n de Servicios para la Salud y Seguridad en Canarias (GSC), adscrita a las Consejer\u00edas de Sanidad y de Pol\u00edtica Territorial, Sostenibilidad y Seguridad del Gobierno de Canarias, ha suscrito un convenio de colaboraci\u00f3n con la Universidad de La Laguna para la realizaci\u00f3n de pr\u00e1cticas externas tanto para el alumnado de grado como el de m\u00e1steres.<\/p>\n<p>Por parte de la ULL form\u00f3 el acuerdo el vicerrector de Estudiantes, Alfonso Garc\u00eda Hern\u00e1ndez, mientras que por GSC lo hizo su director gerente, Luis Rodr\u00edguez Neyra.<\/p>\n<p>El acuerdo permitir\u00e1 la formaci\u00f3n de los estudiantes de grado y m\u00e1ster en un ambiente real del mundo laboral en los diferentes puestos de trabajo que ofrece la empresa p\u00fablica en el \u00e1rea de la gesti\u00f3n de la seguridad y las emergencias, y que est\u00e9n relacionados con los estudios que curse el alumno. GSC posee una actividad amplia y variada, aunque sus servicios m\u00e1s visibles son la gesti\u00f3n del Servicio de Urgencias Canario (SUC) y del Centro Coordinador de Emergencias y Seguridad (CECOES) 1-1-2.<\/p>\n<p>Aunque el perfil de los servicios ofrecidos por GSC lo hace id\u00f3neo para pr\u00e1cticas de alumnado relacionado con materias sanitarias, las pr\u00e1cticas ofrecidas no se circunscribir\u00e1n \u00fanicamente a estudios de la rama de Ciencias de la Salud. De hecho, la empresa ya ha manifestado su inter\u00e9s en atraer a alumnado para pr\u00e1cticas en \u00e1reas como inform\u00e1tica, administraci\u00f3n y recursos humanos.<\/p>\n<p>En este sentido, para el vicerrector de Estudiantes, este primer convenio suscrito con GSC debe ser un punto de partida de la colaboraci\u00f3n entre ambas instituciones para continuar incorporando otro tipo de estudios a los convenios de pr\u00e1cticas del alumnado.<\/p>\n<p>El director gerente se manifest\u00f3 en un sentido similar, al recalcar la posibilidad de ampliar en el futuro las titulaciones a las que se abran las pr\u00e1cticas ofertadas. Rodr\u00edguez Neyra valor\u00f3 que esta colaboraci\u00f3n es un medio para que los estudiantes se acerquen a esta empresa p\u00fablica, vinculada a unos servicios tan esenciales para la poblaci\u00f3n como son la seguridad y las urgencias sanitarias, cuya gesti\u00f3n incluye la protecci\u00f3n de estos servicios b\u00e1sicos como prioridad estrat\u00e9gica de la Administraci\u00f3n.<\/p>\n<p>Este convenio marco tendr\u00e1 una duraci\u00f3n inicial de tres cursos acad\u00e9micos y habr\u00e1 de complementarse con la firma de acuerdos espec\u00edficos anexos al convenio marco que la ULL, la Fundaci\u00f3n General y GSC firmen para las asignaturas de pr\u00e1cticas externas de cada titulaci\u00f3n y cada curso acad\u00e9mico.<\/p>\n<p>Como es habitual en este tipo de convenios, se estipula que cada estudiante en pr\u00e1cticas tendr\u00e1 un tutor externo que forme parte de la plantilla de la empresa, y un tutor acad\u00e9mico entre el profesorado de la ULL. Ser\u00e1 GSC la que designe el n\u00famero de plazas que oferta para pr\u00e1cticas, as\u00ed como su perfil.<\/p>\n","protected":false},"excerpt":{"rendered":"<p>La empresa p\u00fablica Gesti\u00f3n de Servicios para la Salud y Seguridad en Canarias (GSC), adscrita a las Consejer\u00edas de Sanidad&#8230;<\/p>\n","protected":false},"author":23,"featured_media":26732,"comment_status":"open","ping_status":"open","sticky":false,"template":"","format":"image","meta":{"inline_featured_image":false,"footnotes":""},"categories":[343,345,1],"tags":[447,910,1332,1407,1778,2132,2527,2560,2610],"acf":[],"yoast_head":"<!-- This site is optimized with the Yoast SEO plugin v21.3 - https:\/\/yoast.com\/wordpress\/plugins\/seo\/ -->\n<title>La ULL firma un convenio de colaboraci\u00f3n con la empresa p\u00fablica GSC para pr\u00e1cticas del alumnado - ULL - Noticias<\/title>\n<meta name=\"robots\" content=\"index, follow, max-snippet:-1, max-image-preview:large, max-video-preview:-1\" \/>\n<link rel=\"canonical\" href=\"https:\/\/www.ull.es\/portal\/noticias\/2016\/la-ull-firma-un-convenio-de-colaboracion-con-la-empresa-publica-gsc-para-practicas-del-alumnado\/\" \/>\n<meta property=\"og:locale\" content=\"es_ES\" \/>\n<meta property=\"og:type\" content=\"article\" \/>\n<meta property=\"og:title\" content=\"La ULL firma un convenio de colaboraci\u00f3n con la empresa p\u00fablica GSC para pr\u00e1cticas del alumnado - ULL - Noticias\" \/>\n<meta property=\"og:description\" content=\"La empresa p\u00fablica Gesti\u00f3n de Servicios para la Salud y Seguridad en Canarias (GSC), adscrita a las Consejer\u00edas de Sanidad...\" \/>\n<meta property=\"og:url\" content=\"https:\/\/www.ull.es\/portal\/noticias\/2016\/la-ull-firma-un-convenio-de-colaboracion-con-la-empresa-publica-gsc-para-practicas-del-alumnado\/\" \/>\n<meta property=\"og:site_name\" content=\"ULL - Noticias\" \/>\n<meta property=\"article:publisher\" content=\"https:\/\/www.facebook.com\/universidaddelalaguna\/\" \/>\n<meta property=\"article:published_time\" content=\"2016-03-01T14:41:53+00:00\" \/>\n<meta property=\"og:image\" content=\"https:\/\/www.ull.es\/portal\/noticias\/wp-content\/uploads\/sites\/13\/2016\/03\/Conv-112-04.jpg\" \/>\n\t<meta property=\"og:image:width\" content=\"1034\" \/>\n\t<meta property=\"og:image:height\" content=\"708\" \/>\n\t<meta property=\"og:image:type\" content=\"image\/jpeg\" \/>\n<meta name=\"author\" content=\"gaprsa\" \/>\n<meta name=\"twitter:card\" content=\"summary_large_image\" \/>\n<meta name=\"twitter:creator\" content=\"@CanalULL\" \/>\n<meta name=\"twitter:site\" content=\"@CanalULL\" \/>\n<meta name=\"twitter:label1\" content=\"Escrito por\" \/>\n\t<meta name=\"twitter:data1\" content=\"gaprsa\" \/>\n\t<meta name=\"twitter:label2\" content=\"Tiempo de lectura\" \/>\n\t<meta name=\"twitter:data2\" content=\"3 minutos\" \/>\n<script type=\"application\/ld+json\" class=\"yoast-schema-graph\">{\"@context\":\"https:\/\/schema.org\",\"@graph\":[{\"@type\":\"WebPage\",\"@id\":\"https:\/\/www.ull.es\/portal\/noticias\/2016\/la-ull-firma-un-convenio-de-colaboracion-con-la-empresa-publica-gsc-para-practicas-del-alumnado\/\",\"url\":\"https:\/\/www.ull.es\/portal\/noticias\/2016\/la-ull-firma-un-convenio-de-colaboracion-con-la-empresa-publica-gsc-para-practicas-del-alumnado\/\",\"name\":\"La ULL firma un convenio de colaboraci\u00f3n con la empresa p\u00fablica GSC para pr\u00e1cticas del alumnado - ULL - Noticias\",\"isPartOf\":{\"@id\":\"https:\/\/www.ull.es\/portal\/noticias\/#website\"},\"datePublished\":\"2016-03-01T14:41:53+00:00\",\"dateModified\":\"2016-03-01T14:41:53+00:00\",\"author\":{\"@id\":\"https:\/\/www.ull.es\/portal\/noticias\/#\/schema\/person\/b2b1a89d43ffa609e591f7df8ef3e817\"},\"breadcrumb\":{\"@id\":\"https:\/\/www.ull.es\/portal\/noticias\/2016\/la-ull-firma-un-convenio-de-colaboracion-con-la-empresa-publica-gsc-para-practicas-del-alumnado\/#breadcrumb\"},\"inLanguage\":\"es\",\"potentialAction\":[{\"@type\":\"ReadAction\",\"target\":[\"https:\/\/www.ull.es\/portal\/noticias\/2016\/la-ull-firma-un-convenio-de-colaboracion-con-la-empresa-publica-gsc-para-practicas-del-alumnado\/\"]}]},{\"@type\":\"BreadcrumbList\",\"@id\":\"https:\/\/www.ull.es\/portal\/noticias\/2016\/la-ull-firma-un-convenio-de-colaboracion-con-la-empresa-publica-gsc-para-practicas-del-alumnado\/#breadcrumb\",\"itemListElement\":[{\"@type\":\"ListItem\",\"position\":1,\"name\":\"Portada\",\"item\":\"https:\/\/www.ull.es\/portal\/noticias\/\"},{\"@type\":\"ListItem\",\"position\":2,\"name\":\"La ULL firma un convenio de colaboraci\u00f3n con la empresa p\u00fablica GSC para pr\u00e1cticas del alumnado\"}]},{\"@type\":\"WebSite\",\"@id\":\"https:\/\/www.ull.es\/portal\/noticias\/#website\",\"url\":\"https:\/\/www.ull.es\/portal\/noticias\/\",\"name\":\"ULL - Noticias\",\"description\":\"\",\"potentialAction\":[{\"@type\":\"SearchAction\",\"target\":{\"@type\":\"EntryPoint\",\"urlTemplate\":\"https:\/\/www.ull.es\/portal\/noticias\/?s={search_term_string}\"},\"query-input\":\"required name=search_term_string\"}],\"inLanguage\":\"es\"},{\"@type\":\"Person\",\"@id\":\"https:\/\/www.ull.es\/portal\/noticias\/#\/schema\/person\/b2b1a89d43ffa609e591f7df8ef3e817\",\"name\":\"gaprsa\",\"image\":{\"@type\":\"ImageObject\",\"inLanguage\":\"es\",\"@id\":\"https:\/\/www.ull.es\/portal\/noticias\/#\/schema\/person\/image\/\",\"url\":\"https:\/\/secure.gravatar.com\/avatar\/443820550921091458b4823867723b3d?s=96&d=mm&r=g\",\"contentUrl\":\"https:\/\/secure.gravatar.com\/avatar\/443820550921091458b4823867723b3d?s=96&d=mm&r=g\",\"caption\":\"gaprsa\"},\"url\":\"https:\/\/www.ull.es\/portal\/noticias\/author\/gaprsa\/\"}]}<\/script>\n<!-- \/ Yoast SEO plugin. -->","yoast_head_json":{"title":"La ULL firma un convenio de colaboraci\u00f3n con la empresa p\u00fablica GSC para pr\u00e1cticas del alumnado - ULL - Noticias","robots":{"index":"index","follow":"follow","max-snippet":"max-snippet:-1","max-image-preview":"max-image-preview:large","max-video-preview":"max-video-preview:-1"},"canonical":"https:\/\/www.ull.es\/portal\/noticias\/2016\/la-ull-firma-un-convenio-de-colaboracion-con-la-empresa-publica-gsc-para-practicas-del-alumnado\/","og_locale":"es_ES","og_type":"article","og_title":"La ULL firma un convenio de colaboraci\u00f3n con la empresa p\u00fablica GSC para pr\u00e1cticas del alumnado - ULL - Noticias","og_description":"La empresa p\u00fablica Gesti\u00f3n de Servicios para la Salud y Seguridad en Canarias (GSC), adscrita a las Consejer\u00edas de Sanidad...","og_url":"https:\/\/www.ull.es\/portal\/noticias\/2016\/la-ull-firma-un-convenio-de-colaboracion-con-la-empresa-publica-gsc-para-practicas-del-alumnado\/","og_site_name":"ULL - Noticias","article_publisher":"https:\/\/www.facebook.com\/universidaddelalaguna\/","article_published_time":"2016-03-01T14:41:53+00:00","og_image":[{"width":1034,"height":708,"url":"https:\/\/www.ull.es\/portal\/noticias\/wp-content\/uploads\/sites\/13\/2016\/03\/Conv-112-04.jpg","type":"image\/jpeg"}],"author":"gaprsa","twitter_card":"summary_large_image","twitter_creator":"@CanalULL","twitter_site":"@CanalULL","twitter_misc":{"Escrito por":"gaprsa","Tiempo de lectura":"3 minutos"},"schema":{"@context":"https:\/\/schema.org","@graph":[{"@type":"WebPage","@id":"https:\/\/www.ull.es\/portal\/noticias\/2016\/la-ull-firma-un-convenio-de-colaboracion-con-la-empresa-publica-gsc-para-practicas-del-alumnado\/","url":"https:\/\/www.ull.es\/portal\/noticias\/2016\/la-ull-firma-un-convenio-de-colaboracion-con-la-empresa-publica-gsc-para-practicas-del-alumnado\/","name":"La ULL firma un convenio de colaboraci\u00f3n con la empresa p\u00fablica GSC para pr\u00e1cticas del alumnado - ULL - Noticias","isPartOf":{"@id":"https:\/\/www.ull.es\/portal\/noticias\/#website"},"datePublished":"2016-03-01T14:41:53+00:00","dateModified":"2016-03-01T14:41:53+00:00","author":{"@id":"https:\/\/www.ull.es\/portal\/noticias\/#\/schema\/person\/b2b1a89d43ffa609e591f7df8ef3e817"},"breadcrumb":{"@id":"https:\/\/www.ull.es\/portal\/noticias\/2016\/la-ull-firma-un-convenio-de-colaboracion-con-la-empresa-publica-gsc-para-practicas-del-alumnado\/#breadcrumb"},"inLanguage":"es","potentialAction":[{"@type":"ReadAction","target":["https:\/\/www.ull.es\/portal\/noticias\/2016\/la-ull-firma-un-convenio-de-colaboracion-con-la-empresa-publica-gsc-para-practicas-del-alumnado\/"]}]},{"@type":"BreadcrumbList","@id":"https:\/\/www.ull.es\/portal\/noticias\/2016\/la-ull-firma-un-convenio-de-colaboracion-con-la-empresa-publica-gsc-para-practicas-del-alumnado\/#breadcrumb","itemListElement":[{"@type":"ListItem","position":1,"name":"Portada","item":"https:\/\/www.ull.es\/portal\/noticias\/"},{"@type":"ListItem","position":2,"name":"La ULL firma un convenio de colaboraci\u00f3n con la empresa p\u00fablica GSC para pr\u00e1cticas del alumnado"}]},{"@type":"WebSite","@id":"https:\/\/www.ull.es\/portal\/noticias\/#website","url":"https:\/\/www.ull.es\/portal\/noticias\/","name":"ULL - Noticias","description":"","potentialAction":[{"@type":"SearchAction","target":{"@type":"EntryPoint","urlTemplate":"https:\/\/www.ull.es\/portal\/noticias\/?s={search_term_string}"},"query-input":"required name=search_term_string"}],"inLanguage":"es"},{"@type":"Person","@id":"https:\/\/www.ull.es\/portal\/noticias\/#\/schema\/person\/b2b1a89d43ffa609e591f7df8ef3e817","name":"gaprsa","image":{"@type":"ImageObject","inLanguage":"es","@id":"https:\/\/www.ull.es\/portal\/noticias\/#\/schema\/person\/image\/","url":"https:\/\/secure.gravatar.com\/avatar\/443820550921091458b4823867723b3d?s=96&d=mm&r=g","contentUrl":"https:\/\/secure.gravatar.com\/avatar\/443820550921091458b4823867723b3d?s=96&d=mm&r=g","caption":"gaprsa"},"url":"https:\/\/www.ull.es\/portal\/noticias\/author\/gaprsa\/"}]}},"primary_category":null,"featured_image_thumbnail_url":"https:\/\/www.ull.es\/portal\/noticias\/wp-content\/uploads\/sites\/13\/2016\/03\/Conv-112-04-300x205.jpg","_links":{"self":[{"href":"https:\/\/www.ull.es\/portal\/noticias\/wp-json\/wp\/v2\/posts\/26730"}],"collection":[{"href":"https:\/\/www.ull.es\/portal\/noticias\/wp-json\/wp\/v2\/posts"}],"about":[{"href":"https:\/\/www.ull.es\/portal\/noticias\/wp-json\/wp\/v2\/types\/post"}],"author":[{"embeddable":true,"href":"https:\/\/www.ull.es\/portal\/noticias\/wp-json\/wp\/v2\/users\/23"}],"replies":[{"embeddable":true,"href":"https:\/\/www.ull.es\/portal\/noticias\/wp-json\/wp\/v2\/comments?post=26730"}],"version-history":[{"count":0,"href":"https:\/\/www.ull.es\/portal\/noticias\/wp-json\/wp\/v2\/posts\/26730\/revisions"}],"wp:featuredmedia":[{"embeddable":true,"href":"https:\/\/www.ull.es\/portal\/noticias\/wp-json\/wp\/v2\/media\/26732"}],"wp:attachment":[{"href":"https:\/\/www.ull.es\/portal\/noticias\/wp-json\/wp\/v2\/media?parent=26730"}],"wp:term":[{"taxonomy":"category","embeddable":true,"href":"https:\/\/www.ull.es\/portal\/noticias\/wp-json\/wp\/v2\/categories?post=26730"},{"taxonomy":"post_tag","embeddable":true,"href":"https:\/\/www.ull.es\/portal\/noticias\/wp-json\/wp\/v2\/tags?post=26730"}],"curies":[{"name":"wp","href":"https:\/\/api.w.org\/{rel}","templated":true}]}}