{"id":26731,"date":"2016-03-01T12:41:32","date_gmt":"2016-03-01T12:41:32","guid":{"rendered":"http:\/\/ddigital.webs.ull.es\/?p=26731"},"modified":"2016-03-01T12:41:32","modified_gmt":"2016-03-01T12:41:32","slug":"el-vicerrectorado-de-estudiantes-prepara-unas-jornadas-de-medicina-ambiental-en-la-ull","status":"publish","type":"post","link":"https:\/\/www.ull.es\/portal\/noticias\/2016\/el-vicerrectorado-de-estudiantes-prepara-unas-jornadas-de-medicina-ambiental-en-la-ull\/","title":{"rendered":"El Vicerrectorado de Estudiantes prepara unas Jornadas de Medicina Ambiental en la ULL"},"content":{"rendered":"<p>El vicerrector de Estudiantes, Alfonso Garc\u00eda, se ha reunido recientemente con varios expertos italianos en medicina ambiental, para preparar las primeras jornadas sobre esta disciplina que se celebrar\u00edan en Canarias y tend\u00edan lugar en al Universidad de La Laguna. Se trata de Antonio Maria Pasciuto, presidente de ASSIMAS (Associazione Italiana di Medicina Ambientale e Salute),\u00a0 Giulio Crescenzi, m\u00e9dico y odont\u00f3logo y miembro del Consejo Directivo de la citada asociaci\u00f3n; Cosimo Carlo Pasciuto, consultor de dicha entidad; y Fernando Guill\u00e9n Pino, experto en esta materia. La medicina ambiental se ocupa de las patolog\u00edas relacionadas con al degradaci\u00f3n del entorno en el que vivimos. De hecho, el efecto de la alta toxicidad en el ambiente, en los alimentos y el agua ha generado una variedad de enfermedades que comparten caracter\u00edsticas bioqu\u00edmicas: sensibilidad qu\u00edmica m\u00faltiple, fibromialgia, fatiga cr\u00f3nica, electro sensibilidad, Parkinson, Alzheimer o esclerosis, aseguran Ecologistas en Acci\u00f3n.<\/p>\n","protected":false},"excerpt":{"rendered":"<p>El vicerrector de Estudiantes, Alfonso Garc\u00eda, se ha reunido recientemente con varios expertos italianos en medicina ambiental, para preparar las&#8230;<\/p>\n","protected":false},"author":23,"featured_media":26733,"comment_status":"open","ping_status":"open","sticky":false,"template":"","format":"standard","meta":{"inline_featured_image":false,"footnotes":""},"categories":[345,348,1],"tags":[1875,2606],"acf":[],"yoast_head":"<!-- This site is optimized with the Yoast SEO plugin v21.3 - https:\/\/yoast.com\/wordpress\/plugins\/seo\/ -->\n<title>El Vicerrectorado de Estudiantes prepara unas Jornadas de Medicina Ambiental en la ULL - ULL - Noticias<\/title>\n<meta name=\"robots\" content=\"index, follow, max-snippet:-1, max-image-preview:large, max-video-preview:-1\" \/>\n<link rel=\"canonical\" href=\"https:\/\/www.ull.es\/portal\/noticias\/2016\/el-vicerrectorado-de-estudiantes-prepara-unas-jornadas-de-medicina-ambiental-en-la-ull\/\" \/>\n<meta property=\"og:locale\" content=\"es_ES\" \/>\n<meta property=\"og:type\" content=\"article\" \/>\n<meta property=\"og:title\" content=\"El Vicerrectorado de Estudiantes prepara unas Jornadas de Medicina Ambiental en la ULL - ULL - Noticias\" \/>\n<meta property=\"og:description\" content=\"El vicerrector de Estudiantes, Alfonso Garc\u00eda, se ha reunido recientemente con varios expertos italianos en medicina ambiental, para preparar las...\" \/>\n<meta property=\"og:url\" content=\"https:\/\/www.ull.es\/portal\/noticias\/2016\/el-vicerrectorado-de-estudiantes-prepara-unas-jornadas-de-medicina-ambiental-en-la-ull\/\" \/>\n<meta property=\"og:site_name\" content=\"ULL - Noticias\" \/>\n<meta property=\"article:publisher\" content=\"https:\/\/www.facebook.com\/universidaddelalaguna\/\" \/>\n<meta property=\"article:published_time\" content=\"2016-03-01T12:41:32+00:00\" \/>\n<meta property=\"og:image\" content=\"https:\/\/www.ull.es\/portal\/noticias\/wp-content\/uploads\/sites\/13\/2016\/03\/medicina-ambiental.jpg\" \/>\n\t<meta property=\"og:image:width\" content=\"1034\" \/>\n\t<meta property=\"og:image:height\" content=\"708\" \/>\n\t<meta property=\"og:image:type\" content=\"image\/jpeg\" \/>\n<meta name=\"author\" content=\"gaprsa\" \/>\n<meta name=\"twitter:card\" content=\"summary_large_image\" \/>\n<meta name=\"twitter:creator\" content=\"@CanalULL\" \/>\n<meta name=\"twitter:site\" content=\"@CanalULL\" \/>\n<meta name=\"twitter:label1\" content=\"Escrito por\" \/>\n\t<meta name=\"twitter:data1\" content=\"gaprsa\" \/>\n\t<meta name=\"twitter:label2\" content=\"Tiempo de lectura\" \/>\n\t<meta name=\"twitter:data2\" content=\"1 minuto\" \/>\n<script type=\"application\/ld+json\" class=\"yoast-schema-graph\">{\"@context\":\"https:\/\/schema.org\",\"@graph\":[{\"@type\":\"WebPage\",\"@id\":\"https:\/\/www.ull.es\/portal\/noticias\/2016\/el-vicerrectorado-de-estudiantes-prepara-unas-jornadas-de-medicina-ambiental-en-la-ull\/\",\"url\":\"https:\/\/www.ull.es\/portal\/noticias\/2016\/el-vicerrectorado-de-estudiantes-prepara-unas-jornadas-de-medicina-ambiental-en-la-ull\/\",\"name\":\"El Vicerrectorado de Estudiantes prepara unas Jornadas de Medicina Ambiental en la ULL - ULL - Noticias\",\"isPartOf\":{\"@id\":\"https:\/\/www.ull.es\/portal\/noticias\/#website\"},\"datePublished\":\"2016-03-01T12:41:32+00:00\",\"dateModified\":\"2016-03-01T12:41:32+00:00\",\"author\":{\"@id\":\"https:\/\/www.ull.es\/portal\/noticias\/#\/schema\/person\/b2b1a89d43ffa609e591f7df8ef3e817\"},\"breadcrumb\":{\"@id\":\"https:\/\/www.ull.es\/portal\/noticias\/2016\/el-vicerrectorado-de-estudiantes-prepara-unas-jornadas-de-medicina-ambiental-en-la-ull\/#breadcrumb\"},\"inLanguage\":\"es\",\"potentialAction\":[{\"@type\":\"ReadAction\",\"target\":[\"https:\/\/www.ull.es\/portal\/noticias\/2016\/el-vicerrectorado-de-estudiantes-prepara-unas-jornadas-de-medicina-ambiental-en-la-ull\/\"]}]},{\"@type\":\"BreadcrumbList\",\"@id\":\"https:\/\/www.ull.es\/portal\/noticias\/2016\/el-vicerrectorado-de-estudiantes-prepara-unas-jornadas-de-medicina-ambiental-en-la-ull\/#breadcrumb\",\"itemListElement\":[{\"@type\":\"ListItem\",\"position\":1,\"name\":\"Portada\",\"item\":\"https:\/\/www.ull.es\/portal\/noticias\/\"},{\"@type\":\"ListItem\",\"position\":2,\"name\":\"El Vicerrectorado de Estudiantes prepara unas Jornadas de Medicina Ambiental en la ULL\"}]},{\"@type\":\"WebSite\",\"@id\":\"https:\/\/www.ull.es\/portal\/noticias\/#website\",\"url\":\"https:\/\/www.ull.es\/portal\/noticias\/\",\"name\":\"ULL - Noticias\",\"description\":\"\",\"potentialAction\":[{\"@type\":\"SearchAction\",\"target\":{\"@type\":\"EntryPoint\",\"urlTemplate\":\"https:\/\/www.ull.es\/portal\/noticias\/?s={search_term_string}\"},\"query-input\":\"required name=search_term_string\"}],\"inLanguage\":\"es\"},{\"@type\":\"Person\",\"@id\":\"https:\/\/www.ull.es\/portal\/noticias\/#\/schema\/person\/b2b1a89d43ffa609e591f7df8ef3e817\",\"name\":\"gaprsa\",\"image\":{\"@type\":\"ImageObject\",\"inLanguage\":\"es\",\"@id\":\"https:\/\/www.ull.es\/portal\/noticias\/#\/schema\/person\/image\/\",\"url\":\"https:\/\/secure.gravatar.com\/avatar\/443820550921091458b4823867723b3d?s=96&d=mm&r=g\",\"contentUrl\":\"https:\/\/secure.gravatar.com\/avatar\/443820550921091458b4823867723b3d?s=96&d=mm&r=g\",\"caption\":\"gaprsa\"},\"url\":\"https:\/\/www.ull.es\/portal\/noticias\/author\/gaprsa\/\"}]}<\/script>\n<!-- \/ Yoast SEO plugin. -->","yoast_head_json":{"title":"El Vicerrectorado de Estudiantes prepara unas Jornadas de Medicina Ambiental en la ULL - ULL - Noticias","robots":{"index":"index","follow":"follow","max-snippet":"max-snippet:-1","max-image-preview":"max-image-preview:large","max-video-preview":"max-video-preview:-1"},"canonical":"https:\/\/www.ull.es\/portal\/noticias\/2016\/el-vicerrectorado-de-estudiantes-prepara-unas-jornadas-de-medicina-ambiental-en-la-ull\/","og_locale":"es_ES","og_type":"article","og_title":"El Vicerrectorado de Estudiantes prepara unas Jornadas de Medicina Ambiental en la ULL - ULL - Noticias","og_description":"El vicerrector de Estudiantes, Alfonso Garc\u00eda, se ha reunido recientemente con varios expertos italianos en medicina ambiental, para preparar las...","og_url":"https:\/\/www.ull.es\/portal\/noticias\/2016\/el-vicerrectorado-de-estudiantes-prepara-unas-jornadas-de-medicina-ambiental-en-la-ull\/","og_site_name":"ULL - Noticias","article_publisher":"https:\/\/www.facebook.com\/universidaddelalaguna\/","article_published_time":"2016-03-01T12:41:32+00:00","og_image":[{"width":1034,"height":708,"url":"https:\/\/www.ull.es\/portal\/noticias\/wp-content\/uploads\/sites\/13\/2016\/03\/medicina-ambiental.jpg","type":"image\/jpeg"}],"author":"gaprsa","twitter_card":"summary_large_image","twitter_creator":"@CanalULL","twitter_site":"@CanalULL","twitter_misc":{"Escrito por":"gaprsa","Tiempo de lectura":"1 minuto"},"schema":{"@context":"https:\/\/schema.org","@graph":[{"@type":"WebPage","@id":"https:\/\/www.ull.es\/portal\/noticias\/2016\/el-vicerrectorado-de-estudiantes-prepara-unas-jornadas-de-medicina-ambiental-en-la-ull\/","url":"https:\/\/www.ull.es\/portal\/noticias\/2016\/el-vicerrectorado-de-estudiantes-prepara-unas-jornadas-de-medicina-ambiental-en-la-ull\/","name":"El Vicerrectorado de Estudiantes prepara unas Jornadas de Medicina Ambiental en la ULL - ULL - Noticias","isPartOf":{"@id":"https:\/\/www.ull.es\/portal\/noticias\/#website"},"datePublished":"2016-03-01T12:41:32+00:00","dateModified":"2016-03-01T12:41:32+00:00","author":{"@id":"https:\/\/www.ull.es\/portal\/noticias\/#\/schema\/person\/b2b1a89d43ffa609e591f7df8ef3e817"},"breadcrumb":{"@id":"https:\/\/www.ull.es\/portal\/noticias\/2016\/el-vicerrectorado-de-estudiantes-prepara-unas-jornadas-de-medicina-ambiental-en-la-ull\/#breadcrumb"},"inLanguage":"es","potentialAction":[{"@type":"ReadAction","target":["https:\/\/www.ull.es\/portal\/noticias\/2016\/el-vicerrectorado-de-estudiantes-prepara-unas-jornadas-de-medicina-ambiental-en-la-ull\/"]}]},{"@type":"BreadcrumbList","@id":"https:\/\/www.ull.es\/portal\/noticias\/2016\/el-vicerrectorado-de-estudiantes-prepara-unas-jornadas-de-medicina-ambiental-en-la-ull\/#breadcrumb","itemListElement":[{"@type":"ListItem","position":1,"name":"Portada","item":"https:\/\/www.ull.es\/portal\/noticias\/"},{"@type":"ListItem","position":2,"name":"El Vicerrectorado de Estudiantes prepara unas Jornadas de Medicina Ambiental en la ULL"}]},{"@type":"WebSite","@id":"https:\/\/www.ull.es\/portal\/noticias\/#website","url":"https:\/\/www.ull.es\/portal\/noticias\/","name":"ULL - Noticias","description":"","potentialAction":[{"@type":"SearchAction","target":{"@type":"EntryPoint","urlTemplate":"https:\/\/www.ull.es\/portal\/noticias\/?s={search_term_string}"},"query-input":"required name=search_term_string"}],"inLanguage":"es"},{"@type":"Person","@id":"https:\/\/www.ull.es\/portal\/noticias\/#\/schema\/person\/b2b1a89d43ffa609e591f7df8ef3e817","name":"gaprsa","image":{"@type":"ImageObject","inLanguage":"es","@id":"https:\/\/www.ull.es\/portal\/noticias\/#\/schema\/person\/image\/","url":"https:\/\/secure.gravatar.com\/avatar\/443820550921091458b4823867723b3d?s=96&d=mm&r=g","contentUrl":"https:\/\/secure.gravatar.com\/avatar\/443820550921091458b4823867723b3d?s=96&d=mm&r=g","caption":"gaprsa"},"url":"https:\/\/www.ull.es\/portal\/noticias\/author\/gaprsa\/"}]}},"primary_category":null,"featured_image_thumbnail_url":"https:\/\/www.ull.es\/portal\/noticias\/wp-content\/uploads\/sites\/13\/2016\/03\/medicina-ambiental-300x205.jpg","_links":{"self":[{"href":"https:\/\/www.ull.es\/portal\/noticias\/wp-json\/wp\/v2\/posts\/26731"}],"collection":[{"href":"https:\/\/www.ull.es\/portal\/noticias\/wp-json\/wp\/v2\/posts"}],"about":[{"href":"https:\/\/www.ull.es\/portal\/noticias\/wp-json\/wp\/v2\/types\/post"}],"author":[{"embeddable":true,"href":"https:\/\/www.ull.es\/portal\/noticias\/wp-json\/wp\/v2\/users\/23"}],"replies":[{"embeddable":true,"href":"https:\/\/www.ull.es\/portal\/noticias\/wp-json\/wp\/v2\/comments?post=26731"}],"version-history":[{"count":0,"href":"https:\/\/www.ull.es\/portal\/noticias\/wp-json\/wp\/v2\/posts\/26731\/revisions"}],"wp:featuredmedia":[{"embeddable":true,"href":"https:\/\/www.ull.es\/portal\/noticias\/wp-json\/wp\/v2\/media\/26733"}],"wp:attachment":[{"href":"https:\/\/www.ull.es\/portal\/noticias\/wp-json\/wp\/v2\/media?parent=26731"}],"wp:term":[{"taxonomy":"category","embeddable":true,"href":"https:\/\/www.ull.es\/portal\/noticias\/wp-json\/wp\/v2\/categories?post=26731"},{"taxonomy":"post_tag","embeddable":true,"href":"https:\/\/www.ull.es\/portal\/noticias\/wp-json\/wp\/v2\/tags?post=26731"}],"curies":[{"name":"wp","href":"https:\/\/api.w.org\/{rel}","templated":true}]}}