{"id":26742,"date":"2016-03-01T15:26:08","date_gmt":"2016-03-01T15:26:08","guid":{"rendered":"http:\/\/ddigital.webs.ull.es\/?p=26742"},"modified":"2016-03-01T15:26:08","modified_gmt":"2016-03-01T15:26:08","slug":"concluye-con-exito-en-la-ull-la-primera-temporada-del-programa-demola-que-ofrece-nuevas-oportunidades-a-jovenes-talentos-canarios","status":"publish","type":"post","link":"https:\/\/www.ull.es\/portal\/noticias\/2016\/concluye-con-exito-en-la-ull-la-primera-temporada-del-programa-demola-que-ofrece-nuevas-oportunidades-a-jovenes-talentos-canarios\/","title":{"rendered":"Concluye con \u00e9xito en la ULL la primera temporada del programa Demola que ofrece nuevas oportunidades a j\u00f3venes talentos canarios"},"content":{"rendered":"<p>El presidente del Gobierno de Canarias, Fernando Clavijo, presidi\u00f3 hoy martes 1 de marzo la clausura de la Primera Temporada de Demola Canarias en la Universidad de La Laguna, un proyecto pionero a nivel nacional que fomenta la innovaci\u00f3n colaborativa y que conecta la universidad con el mundo laboral para emprender retos con \u00e9xito.<\/p>\n<p>En el acto tambi\u00e9n estuvieron presentes el rector de la Universidad de La Laguna, Antonio Martin\u00f3n, y el consejero de Econom\u00eda, Industria, Comercio y Conocimiento, Pedro Ortega, as\u00ed como el director de la Agencia Canaria de Investigaci\u00f3n, Innovaci\u00f3n y Sociedad de la Informaci\u00f3n, Manuel Miranda.<br \/>\nCon este programa, el Archipi\u00e9lago impulsa el modelo de innovaci\u00f3n abierta que ofrece oportunidades para los j\u00f3venes talentos con este modelo colaborativo, pionero en Espa\u00f1a y que lidera el Gobierno de Canarias.<\/p>\n<p>Al respecto, el presidente del Gobierno destac\u00f3 este programa \u201ccomo una v\u00eda para que los j\u00f3venes muestren sus capacidades y para que las empresas se beneficien de su talento, su formaci\u00f3n en definitiva -agreg\u00f3- para mejorar la productividad, los procesos y su competitividad en un entorno econ\u00f3mico complejo, como es nuestro Archipi\u00e9lago\u201d.<\/p>\n<p>Esta iniciativa hace especial hincapi\u00e9 en buscar nuevas f\u00f3rmulas para impulsar y diversificar el sector econ\u00f3mico de las Islas y responde a la hoja de ruta que se ha marcado el Gobierno de Canarias, ya que \u201cconstituye uno de los ejes estrat\u00e9gicos del Gobierno de Canarias en esta legislatura, como es el de impulsar un modelo de desarrollo basado en la econom\u00eda del conocimiento. Para ello, es indispensable impulsar la conexi\u00f3n entre la Universidad y la empresa\u201d, se\u00f1al\u00f3 Fernando Clavijo.<br \/>\nEl rector de la univerisdad anfitriona apunt\u00f3 por su parte que el centro acad\u00e9mico est\u00e1 haciendo un gran esfuerzo por transferir conocimiento al mundo de la empresa, y que esta acci\u00f3n es una buena muestra del enorme talento que hay en las aulas universitarias.<\/p>\n<p>Tras la presentaci\u00f3n de Demola Canarias, a cargo del director de la Agencia Canaria de Investigaci\u00f3n, Innovaci\u00f3n y Sociedad de la Informaci\u00f3n, Manuel Miranda; los tres grupos de alumnos universitarios expusieron las DEMOS con las soluciones a los retos planteados por las entidades y empresas y finalmente, se procedi\u00f3 a la entrega de diplomas.<\/p>\n<p>Los equipos que han participado en esta primera edici\u00f3n, formados por alumnos de grado y posgrado de la Universidad de La Laguna, han sido LIBBY\u00b4S (&#8216;Exeriencia Libby\u00b4s&#8217;), Ayuntamiento de la Villa de Tegueste (&#8216;Lo rural como tractor del talento&#8217;) y TURIESFERA (&#8216;I Love Tenerife&#8217;).<br \/>\nLa primera edici\u00f3n de Demola Canarias es el producto de un trabajo de m\u00e1s de 6 meses en el que se ha firmado convenios con las dos Universidades P\u00fablicas de Canarias, se ha contactado con m\u00e1s de 30 empresas, se han impartido alrededor de una 40 charlas para la captaci\u00f3n de alumnos en las aulas para lograr que casi 300 alumnos se registren, que se inscriban 117 retos y obtener el resultado final de 7 retos en los que participan un total de 30 alumnos.<\/p>\n<p><strong>Demola Canarias<\/strong><\/p>\n<p>Se trata de un sistema de trabajo colaborativo donde estudiantes universitarios idean y dise\u00f1an &#8216;demos&#8217; de productos y\/o servicios que aporten soluciones innovadoras a los retos planteados por empresas, pymes, emprendedores\u00a0 y organizaciones, y tambi\u00e9n instituciones p\u00fablicas, que desean explorar nuevas oportunidades de mejora junto con un equipo multidisciplinar de j\u00f3venes talentos.<\/p>\n<p>El Gobierno de Canarias ya ha abierto la segunda convocatoria con el objetivo de consolidar esta actividad en Canarias y que forme parte, como una herramienta m\u00e1s, del ecosistema innovador de la regi\u00f3n. A trav\u00e9s de dicho instrumento se favorece el acercamiento entre la comunidad acad\u00e9mica y las empresas, facilitando procesos de co-creaci\u00f3n conjunta y buscando soluciones innovadoras a necesidades reales.<\/p>\n<p>El modelo de innovaci\u00f3n abierta DEMOLA tiene su origen en Finlandia y en la actualidad opera en 8 pa\u00edses de Europa y 1 de Am\u00e9rica a trav\u00e9s de una red que engloba a cerca de 6.000 estudiantes de unas 60 universidades y a m\u00e1s de 500 empresas, con aproximadamente un millar de proyectos en cartera.<br \/>\nLa primera temporada acoge a siete equipos de estudiantes de diferentes facultades de ambas universidades p\u00fablicas (ULL y ULPGC) que trabajan, desde diferentes \u00e1mbitos, para dar respuesta a los desaf\u00edos propuestos por siete organizaciones del sector p\u00fablico y\u00a0 privado. Concretamente se trata de dos empresas &#8211; Libby\u2019s y LOPESAN-, tres asociaciones \u2013FEMEPA, Cl\u00faster Tenerife de Innovaci\u00f3n Tur\u00edstica (TURISFERA) y Asociaci\u00f3n de Reparaciones Navales de Las Palmas (ARN)-, y dos organizaciones p\u00fablicas -Plataforma Oce\u00e1nica de Canarias (PLOCAN) y Ayuntamiento de la Villa de Tegueste-.<\/p>\n<p>(Nota cedida).<\/p>\n","protected":false},"excerpt":{"rendered":"<p>El presidente del Gobierno de Canarias, Fernando Clavijo, presidi\u00f3 hoy martes 1 de marzo la clausura de la Primera Temporada&#8230;<\/p>\n","protected":false},"author":23,"featured_media":26743,"comment_status":"open","ping_status":"open","sticky":false,"template":"","format":"gallery","meta":{"inline_featured_image":false,"footnotes":""},"categories":[345,348,1],"tags":[],"acf":[],"yoast_head":"<!-- This site is optimized with the Yoast SEO plugin v21.3 - https:\/\/yoast.com\/wordpress\/plugins\/seo\/ -->\n<title>Concluye con \u00e9xito en la ULL la primera temporada del programa Demola que ofrece nuevas oportunidades a j\u00f3venes talentos canarios - ULL - Noticias<\/title>\n<meta name=\"robots\" content=\"index, follow, max-snippet:-1, max-image-preview:large, max-video-preview:-1\" \/>\n<link rel=\"canonical\" href=\"https:\/\/www.ull.es\/portal\/noticias\/2016\/concluye-con-exito-en-la-ull-la-primera-temporada-del-programa-demola-que-ofrece-nuevas-oportunidades-a-jovenes-talentos-canarios\/\" \/>\n<meta property=\"og:locale\" content=\"es_ES\" \/>\n<meta property=\"og:type\" content=\"article\" \/>\n<meta property=\"og:title\" content=\"Concluye con \u00e9xito en la ULL la primera temporada del programa Demola que ofrece nuevas oportunidades a j\u00f3venes talentos canarios - ULL - Noticias\" \/>\n<meta property=\"og:description\" content=\"El presidente del Gobierno de Canarias, Fernando Clavijo, presidi\u00f3 hoy martes 1 de marzo la clausura de la Primera Temporada...\" \/>\n<meta property=\"og:url\" content=\"https:\/\/www.ull.es\/portal\/noticias\/2016\/concluye-con-exito-en-la-ull-la-primera-temporada-del-programa-demola-que-ofrece-nuevas-oportunidades-a-jovenes-talentos-canarios\/\" \/>\n<meta property=\"og:site_name\" content=\"ULL - Noticias\" \/>\n<meta property=\"article:publisher\" content=\"https:\/\/www.facebook.com\/universidaddelalaguna\/\" \/>\n<meta property=\"article:published_time\" content=\"2016-03-01T15:26:08+00:00\" \/>\n<meta property=\"og:image\" content=\"https:\/\/www.ull.es\/portal\/noticias\/wp-content\/uploads\/sites\/13\/2016\/03\/demola-grupo.jpg\" \/>\n\t<meta property=\"og:image:width\" content=\"1034\" \/>\n\t<meta property=\"og:image:height\" content=\"708\" \/>\n\t<meta property=\"og:image:type\" content=\"image\/jpeg\" \/>\n<meta name=\"author\" content=\"gaprsa\" \/>\n<meta name=\"twitter:card\" content=\"summary_large_image\" \/>\n<meta name=\"twitter:creator\" content=\"@CanalULL\" \/>\n<meta name=\"twitter:site\" content=\"@CanalULL\" \/>\n<meta name=\"twitter:label1\" content=\"Escrito por\" \/>\n\t<meta name=\"twitter:data1\" content=\"gaprsa\" \/>\n\t<meta name=\"twitter:label2\" content=\"Tiempo de lectura\" \/>\n\t<meta name=\"twitter:data2\" content=\"4 minutos\" \/>\n<script type=\"application\/ld+json\" class=\"yoast-schema-graph\">{\"@context\":\"https:\/\/schema.org\",\"@graph\":[{\"@type\":\"WebPage\",\"@id\":\"https:\/\/www.ull.es\/portal\/noticias\/2016\/concluye-con-exito-en-la-ull-la-primera-temporada-del-programa-demola-que-ofrece-nuevas-oportunidades-a-jovenes-talentos-canarios\/\",\"url\":\"https:\/\/www.ull.es\/portal\/noticias\/2016\/concluye-con-exito-en-la-ull-la-primera-temporada-del-programa-demola-que-ofrece-nuevas-oportunidades-a-jovenes-talentos-canarios\/\",\"name\":\"Concluye con \u00e9xito en la ULL la primera temporada del programa Demola que ofrece nuevas oportunidades a j\u00f3venes talentos canarios - ULL - Noticias\",\"isPartOf\":{\"@id\":\"https:\/\/www.ull.es\/portal\/noticias\/#website\"},\"datePublished\":\"2016-03-01T15:26:08+00:00\",\"dateModified\":\"2016-03-01T15:26:08+00:00\",\"author\":{\"@id\":\"https:\/\/www.ull.es\/portal\/noticias\/#\/schema\/person\/b2b1a89d43ffa609e591f7df8ef3e817\"},\"breadcrumb\":{\"@id\":\"https:\/\/www.ull.es\/portal\/noticias\/2016\/concluye-con-exito-en-la-ull-la-primera-temporada-del-programa-demola-que-ofrece-nuevas-oportunidades-a-jovenes-talentos-canarios\/#breadcrumb\"},\"inLanguage\":\"es\",\"potentialAction\":[{\"@type\":\"ReadAction\",\"target\":[\"https:\/\/www.ull.es\/portal\/noticias\/2016\/concluye-con-exito-en-la-ull-la-primera-temporada-del-programa-demola-que-ofrece-nuevas-oportunidades-a-jovenes-talentos-canarios\/\"]}]},{\"@type\":\"BreadcrumbList\",\"@id\":\"https:\/\/www.ull.es\/portal\/noticias\/2016\/concluye-con-exito-en-la-ull-la-primera-temporada-del-programa-demola-que-ofrece-nuevas-oportunidades-a-jovenes-talentos-canarios\/#breadcrumb\",\"itemListElement\":[{\"@type\":\"ListItem\",\"position\":1,\"name\":\"Portada\",\"item\":\"https:\/\/www.ull.es\/portal\/noticias\/\"},{\"@type\":\"ListItem\",\"position\":2,\"name\":\"Concluye con \u00e9xito en la ULL la primera temporada del programa Demola que ofrece nuevas oportunidades a j\u00f3venes talentos canarios\"}]},{\"@type\":\"WebSite\",\"@id\":\"https:\/\/www.ull.es\/portal\/noticias\/#website\",\"url\":\"https:\/\/www.ull.es\/portal\/noticias\/\",\"name\":\"ULL - Noticias\",\"description\":\"\",\"potentialAction\":[{\"@type\":\"SearchAction\",\"target\":{\"@type\":\"EntryPoint\",\"urlTemplate\":\"https:\/\/www.ull.es\/portal\/noticias\/?s={search_term_string}\"},\"query-input\":\"required name=search_term_string\"}],\"inLanguage\":\"es\"},{\"@type\":\"Person\",\"@id\":\"https:\/\/www.ull.es\/portal\/noticias\/#\/schema\/person\/b2b1a89d43ffa609e591f7df8ef3e817\",\"name\":\"gaprsa\",\"image\":{\"@type\":\"ImageObject\",\"inLanguage\":\"es\",\"@id\":\"https:\/\/www.ull.es\/portal\/noticias\/#\/schema\/person\/image\/\",\"url\":\"https:\/\/secure.gravatar.com\/avatar\/443820550921091458b4823867723b3d?s=96&d=mm&r=g\",\"contentUrl\":\"https:\/\/secure.gravatar.com\/avatar\/443820550921091458b4823867723b3d?s=96&d=mm&r=g\",\"caption\":\"gaprsa\"},\"url\":\"https:\/\/www.ull.es\/portal\/noticias\/author\/gaprsa\/\"}]}<\/script>\n<!-- \/ Yoast SEO plugin. -->","yoast_head_json":{"title":"Concluye con \u00e9xito en la ULL la primera temporada del programa Demola que ofrece nuevas oportunidades a j\u00f3venes talentos canarios - ULL - Noticias","robots":{"index":"index","follow":"follow","max-snippet":"max-snippet:-1","max-image-preview":"max-image-preview:large","max-video-preview":"max-video-preview:-1"},"canonical":"https:\/\/www.ull.es\/portal\/noticias\/2016\/concluye-con-exito-en-la-ull-la-primera-temporada-del-programa-demola-que-ofrece-nuevas-oportunidades-a-jovenes-talentos-canarios\/","og_locale":"es_ES","og_type":"article","og_title":"Concluye con \u00e9xito en la ULL la primera temporada del programa Demola que ofrece nuevas oportunidades a j\u00f3venes talentos canarios - ULL - Noticias","og_description":"El presidente del Gobierno de Canarias, Fernando Clavijo, presidi\u00f3 hoy martes 1 de marzo la clausura de la Primera Temporada...","og_url":"https:\/\/www.ull.es\/portal\/noticias\/2016\/concluye-con-exito-en-la-ull-la-primera-temporada-del-programa-demola-que-ofrece-nuevas-oportunidades-a-jovenes-talentos-canarios\/","og_site_name":"ULL - Noticias","article_publisher":"https:\/\/www.facebook.com\/universidaddelalaguna\/","article_published_time":"2016-03-01T15:26:08+00:00","og_image":[{"width":1034,"height":708,"url":"https:\/\/www.ull.es\/portal\/noticias\/wp-content\/uploads\/sites\/13\/2016\/03\/demola-grupo.jpg","type":"image\/jpeg"}],"author":"gaprsa","twitter_card":"summary_large_image","twitter_creator":"@CanalULL","twitter_site":"@CanalULL","twitter_misc":{"Escrito por":"gaprsa","Tiempo de lectura":"4 minutos"},"schema":{"@context":"https:\/\/schema.org","@graph":[{"@type":"WebPage","@id":"https:\/\/www.ull.es\/portal\/noticias\/2016\/concluye-con-exito-en-la-ull-la-primera-temporada-del-programa-demola-que-ofrece-nuevas-oportunidades-a-jovenes-talentos-canarios\/","url":"https:\/\/www.ull.es\/portal\/noticias\/2016\/concluye-con-exito-en-la-ull-la-primera-temporada-del-programa-demola-que-ofrece-nuevas-oportunidades-a-jovenes-talentos-canarios\/","name":"Concluye con \u00e9xito en la ULL la primera temporada del programa Demola que ofrece nuevas oportunidades a j\u00f3venes talentos canarios - ULL - Noticias","isPartOf":{"@id":"https:\/\/www.ull.es\/portal\/noticias\/#website"},"datePublished":"2016-03-01T15:26:08+00:00","dateModified":"2016-03-01T15:26:08+00:00","author":{"@id":"https:\/\/www.ull.es\/portal\/noticias\/#\/schema\/person\/b2b1a89d43ffa609e591f7df8ef3e817"},"breadcrumb":{"@id":"https:\/\/www.ull.es\/portal\/noticias\/2016\/concluye-con-exito-en-la-ull-la-primera-temporada-del-programa-demola-que-ofrece-nuevas-oportunidades-a-jovenes-talentos-canarios\/#breadcrumb"},"inLanguage":"es","potentialAction":[{"@type":"ReadAction","target":["https:\/\/www.ull.es\/portal\/noticias\/2016\/concluye-con-exito-en-la-ull-la-primera-temporada-del-programa-demola-que-ofrece-nuevas-oportunidades-a-jovenes-talentos-canarios\/"]}]},{"@type":"BreadcrumbList","@id":"https:\/\/www.ull.es\/portal\/noticias\/2016\/concluye-con-exito-en-la-ull-la-primera-temporada-del-programa-demola-que-ofrece-nuevas-oportunidades-a-jovenes-talentos-canarios\/#breadcrumb","itemListElement":[{"@type":"ListItem","position":1,"name":"Portada","item":"https:\/\/www.ull.es\/portal\/noticias\/"},{"@type":"ListItem","position":2,"name":"Concluye con \u00e9xito en la ULL la primera temporada del programa Demola que ofrece nuevas oportunidades a j\u00f3venes talentos canarios"}]},{"@type":"WebSite","@id":"https:\/\/www.ull.es\/portal\/noticias\/#website","url":"https:\/\/www.ull.es\/portal\/noticias\/","name":"ULL - Noticias","description":"","potentialAction":[{"@type":"SearchAction","target":{"@type":"EntryPoint","urlTemplate":"https:\/\/www.ull.es\/portal\/noticias\/?s={search_term_string}"},"query-input":"required name=search_term_string"}],"inLanguage":"es"},{"@type":"Person","@id":"https:\/\/www.ull.es\/portal\/noticias\/#\/schema\/person\/b2b1a89d43ffa609e591f7df8ef3e817","name":"gaprsa","image":{"@type":"ImageObject","inLanguage":"es","@id":"https:\/\/www.ull.es\/portal\/noticias\/#\/schema\/person\/image\/","url":"https:\/\/secure.gravatar.com\/avatar\/443820550921091458b4823867723b3d?s=96&d=mm&r=g","contentUrl":"https:\/\/secure.gravatar.com\/avatar\/443820550921091458b4823867723b3d?s=96&d=mm&r=g","caption":"gaprsa"},"url":"https:\/\/www.ull.es\/portal\/noticias\/author\/gaprsa\/"}]}},"primary_category":null,"featured_image_thumbnail_url":"https:\/\/www.ull.es\/portal\/noticias\/wp-content\/uploads\/sites\/13\/2016\/03\/demola-grupo-300x205.jpg","_links":{"self":[{"href":"https:\/\/www.ull.es\/portal\/noticias\/wp-json\/wp\/v2\/posts\/26742"}],"collection":[{"href":"https:\/\/www.ull.es\/portal\/noticias\/wp-json\/wp\/v2\/posts"}],"about":[{"href":"https:\/\/www.ull.es\/portal\/noticias\/wp-json\/wp\/v2\/types\/post"}],"author":[{"embeddable":true,"href":"https:\/\/www.ull.es\/portal\/noticias\/wp-json\/wp\/v2\/users\/23"}],"replies":[{"embeddable":true,"href":"https:\/\/www.ull.es\/portal\/noticias\/wp-json\/wp\/v2\/comments?post=26742"}],"version-history":[{"count":0,"href":"https:\/\/www.ull.es\/portal\/noticias\/wp-json\/wp\/v2\/posts\/26742\/revisions"}],"wp:featuredmedia":[{"embeddable":true,"href":"https:\/\/www.ull.es\/portal\/noticias\/wp-json\/wp\/v2\/media\/26743"}],"wp:attachment":[{"href":"https:\/\/www.ull.es\/portal\/noticias\/wp-json\/wp\/v2\/media?parent=26742"}],"wp:term":[{"taxonomy":"category","embeddable":true,"href":"https:\/\/www.ull.es\/portal\/noticias\/wp-json\/wp\/v2\/categories?post=26742"},{"taxonomy":"post_tag","embeddable":true,"href":"https:\/\/www.ull.es\/portal\/noticias\/wp-json\/wp\/v2\/tags?post=26742"}],"curies":[{"name":"wp","href":"https:\/\/api.w.org\/{rel}","templated":true}]}}