{"id":26828,"date":"2016-03-04T12:13:38","date_gmt":"2016-03-04T12:13:38","guid":{"rendered":"http:\/\/ddigital.webs.ull.es\/?p=26828"},"modified":"2016-03-04T12:13:38","modified_gmt":"2016-03-04T12:13:38","slug":"el-programa-aulasempresas-de-fundacion-disa-y-apd-reune-en-la-ull-a-300-estudiantes-en-la-inauguracion-de-su-segunda-edicion","status":"publish","type":"post","link":"https:\/\/www.ull.es\/portal\/noticias\/2016\/el-programa-aulasempresas-de-fundacion-disa-y-apd-reune-en-la-ull-a-300-estudiantes-en-la-inauguracion-de-su-segunda-edicion\/","title":{"rendered":"El programa \u00abAulas&amp;Empresas\u00bb de Fundaci\u00f3n DISA y APD re\u00fane en la ULL a 300 estudiantes en la inauguraci\u00f3n de su segunda edici\u00f3n"},"content":{"rendered":"<p>Cerca de 300 estudiantes de la Universidad de La Laguna asistieron el 4 de marzo a la jornada inaugural de la segunda edici\u00f3n del programa Aulas&amp;Empresas, impulsado por la Fundaci\u00f3n DISA y la Asociaci\u00f3n para el Progreso de la Direcci\u00f3n (APD). La encargada de iniciar el ciclo de conferencias fue la emprendedora experta en Medios Sociales y Comunicaci\u00f3n Digital, Ida Vega.<\/p>\n<p>A trav\u00e9s de la ponencia titulada \u201cY T\u00fa, \u00bfEst\u00e1s On?\u201d, Ida Vega ha analizado la revoluci\u00f3n conceptual y tecnol\u00f3gica que han supuesto las redes sociales en el entorno del marketing y su potencial como motor de nuevas oportunidades y empleo a trav\u00e9s de su propia experiencia empresarial.<\/p>\n<p>Como novedad en esta edici\u00f3n el proyecto busca incentivar la interactuaci\u00f3n con los estudiantes y completa el ciclo de conferencias abiertas y gratuitas con la creaci\u00f3n del microsite <a href=\"http:\/\/www.aulasyempresas.es\" target=\"_blank\" rel=\"noopener\">www.aulasyempresas.es<\/a> , que aglutinar\u00e1 toda la informaci\u00f3n del proyecto y una presencia din\u00e1mica en Twitter con el hashtag #memotiva.<\/p>\n<p>El acto cont\u00f3 con la participaci\u00f3n del vicerrector de Relaciones con la Sociedad de la Universidad de La Laguna, Francisco Garc\u00eda, el director general de la Asociaci\u00f3n para el Progreso de la Direcci\u00f3n en Canarias, Francisco Javier Torres, y la directora de la Fundaci\u00f3n DISA, Raquel Montes.<\/p>\n<p>El vicerrector de Relaciones con la Sociedad de la Universidad de La Laguna, Francisco Garc\u00eda, destac\u00f3 que \u201cla tasa de paro entre los universitarios es un diez por ciento menor, sin embargo es fundamental desarrollar y cultivar otras competencias transversales como la capacidad para hablar en p\u00fablico a la hora de dar el salto al mundo laboral\u201d.<\/p>\n<p>La directora de la Fundaci\u00f3n DISA, Raquel Montes, explic\u00f3 que \u00abEl proyecto \u00abAulas&amp;Empresas\u00bb tiene como objetivo servir como canal para estrechar lazos entre empresarios y emprendedores con la universidad, generando un espacio para la difusi\u00f3n de conocimiento\u00bb. Asimismo destac\u00f3 el potencial de las redes sociales para contribuir a que el proyecto \u00abAulasyEmpresas\u00bb d\u00e9 un paso m\u00e1s y se convirtiera en un espacio para impulsar la creatividad y motivar a los j\u00f3venes emprendedores.<\/p>\n<p>Por su parte, el director general de la Asociaci\u00f3n para el Progreso de la Direcci\u00f3n en Canarias, Francisco Javier Torres, destac\u00f3 \u201cla importancia de contar con espacios como el programa Aulas&amp;Empresas para el di\u00e1logo y para acercar a los estudiantes la experiencia de empresarios que, como Ida Vega, han creado negocios innovadores o gestionan empresas de \u00e9xito\u201d.<\/p>\n<p><strong>Aulas&amp;Empresas<\/strong><\/p>\n<p>El proyecto Aulas&amp; Empresas es una apuesta de la Fundaci\u00f3n DISA en colaboraci\u00f3n con la Asociaci\u00f3n para el Progreso de la Direcci\u00f3n, la Universidad de La Laguna y la Universidad de Las Palmas de Gran Canaria, que busca acercar a empresarios de referencia en el Archipi\u00e9lago al alumnado de las dos universidades p\u00fablicas con el objetivo de fomentar el esp\u00edritu emprendedor.<\/p>\n<p>Este programa est\u00e1 estructurado como un ciclo de conferencias abiertas y gratuitas y los ponentes, empresarios y directivos de prestigio, exponen sus experiencias profesionales a los estudiantes y profesores de la universidad. Adem\u00e1s, los asistentes tienen la posibilidad de intercambiar impresiones con personas que han creado negocios innovadores o gestionan empresas de \u00e9xito.<\/p>\n<p>La primera edici\u00f3n, celebrada en el curso acad\u00e9mico 2014-2015, cont\u00f3 con una quincena de encuentros y una participaci\u00f3n acumulada de unos 1.975 estudiantes de las dos universidades canarias.<\/p>\n","protected":false},"excerpt":{"rendered":"<p>Cerca de 300 estudiantes de la Universidad de La Laguna asistieron el 4 de marzo a la jornada inaugural de&#8230;<\/p>\n","protected":false},"author":23,"featured_media":26829,"comment_status":"open","ping_status":"open","sticky":false,"template":"","format":"standard","meta":{"inline_featured_image":false,"footnotes":""},"categories":[343,345,1],"tags":[597,1173,1463],"acf":[],"yoast_head":"<!-- This site is optimized with the Yoast SEO plugin v21.3 - https:\/\/yoast.com\/wordpress\/plugins\/seo\/ -->\n<title>El programa &quot;Aulas&amp;Empresas&quot; de Fundaci\u00f3n DISA y APD re\u00fane en la ULL a 300 estudiantes en la inauguraci\u00f3n de su segunda edici\u00f3n - ULL - Noticias<\/title>\n<meta name=\"robots\" content=\"index, follow, max-snippet:-1, max-image-preview:large, max-video-preview:-1\" \/>\n<link rel=\"canonical\" href=\"https:\/\/www.ull.es\/portal\/noticias\/2016\/el-programa-aulasempresas-de-fundacion-disa-y-apd-reune-en-la-ull-a-300-estudiantes-en-la-inauguracion-de-su-segunda-edicion\/\" \/>\n<meta property=\"og:locale\" content=\"es_ES\" \/>\n<meta property=\"og:type\" content=\"article\" \/>\n<meta property=\"og:title\" content=\"El programa &quot;Aulas&amp;Empresas&quot; de Fundaci\u00f3n DISA y APD re\u00fane en la ULL a 300 estudiantes en la inauguraci\u00f3n de su segunda edici\u00f3n - ULL - Noticias\" \/>\n<meta property=\"og:description\" content=\"Cerca de 300 estudiantes de la Universidad de La Laguna asistieron el 4 de marzo a la jornada inaugural de...\" \/>\n<meta property=\"og:url\" content=\"https:\/\/www.ull.es\/portal\/noticias\/2016\/el-programa-aulasempresas-de-fundacion-disa-y-apd-reune-en-la-ull-a-300-estudiantes-en-la-inauguracion-de-su-segunda-edicion\/\" \/>\n<meta property=\"og:site_name\" content=\"ULL - Noticias\" \/>\n<meta property=\"article:publisher\" content=\"https:\/\/www.facebook.com\/universidaddelalaguna\/\" \/>\n<meta property=\"article:published_time\" content=\"2016-03-04T12:13:38+00:00\" \/>\n<meta property=\"og:image\" content=\"https:\/\/www.ull.es\/portal\/noticias\/wp-content\/uploads\/sites\/13\/2016\/03\/momento-de-la-charla.jpg\" \/>\n\t<meta property=\"og:image:width\" content=\"900\" \/>\n\t<meta property=\"og:image:height\" content=\"600\" \/>\n\t<meta property=\"og:image:type\" content=\"image\/jpeg\" \/>\n<meta name=\"author\" content=\"gaprsa\" \/>\n<meta name=\"twitter:card\" content=\"summary_large_image\" \/>\n<meta name=\"twitter:creator\" content=\"@CanalULL\" \/>\n<meta name=\"twitter:site\" content=\"@CanalULL\" \/>\n<meta name=\"twitter:label1\" content=\"Escrito por\" \/>\n\t<meta name=\"twitter:data1\" content=\"gaprsa\" \/>\n\t<meta name=\"twitter:label2\" content=\"Tiempo de lectura\" \/>\n\t<meta name=\"twitter:data2\" content=\"3 minutos\" \/>\n<script type=\"application\/ld+json\" class=\"yoast-schema-graph\">{\"@context\":\"https:\/\/schema.org\",\"@graph\":[{\"@type\":\"WebPage\",\"@id\":\"https:\/\/www.ull.es\/portal\/noticias\/2016\/el-programa-aulasempresas-de-fundacion-disa-y-apd-reune-en-la-ull-a-300-estudiantes-en-la-inauguracion-de-su-segunda-edicion\/\",\"url\":\"https:\/\/www.ull.es\/portal\/noticias\/2016\/el-programa-aulasempresas-de-fundacion-disa-y-apd-reune-en-la-ull-a-300-estudiantes-en-la-inauguracion-de-su-segunda-edicion\/\",\"name\":\"El programa \\\"Aulas&amp;Empresas\\\" de Fundaci\u00f3n DISA y APD re\u00fane en la ULL a 300 estudiantes en la inauguraci\u00f3n de su segunda edici\u00f3n - ULL - Noticias\",\"isPartOf\":{\"@id\":\"https:\/\/www.ull.es\/portal\/noticias\/#website\"},\"datePublished\":\"2016-03-04T12:13:38+00:00\",\"dateModified\":\"2016-03-04T12:13:38+00:00\",\"author\":{\"@id\":\"https:\/\/www.ull.es\/portal\/noticias\/#\/schema\/person\/b2b1a89d43ffa609e591f7df8ef3e817\"},\"breadcrumb\":{\"@id\":\"https:\/\/www.ull.es\/portal\/noticias\/2016\/el-programa-aulasempresas-de-fundacion-disa-y-apd-reune-en-la-ull-a-300-estudiantes-en-la-inauguracion-de-su-segunda-edicion\/#breadcrumb\"},\"inLanguage\":\"es\",\"potentialAction\":[{\"@type\":\"ReadAction\",\"target\":[\"https:\/\/www.ull.es\/portal\/noticias\/2016\/el-programa-aulasempresas-de-fundacion-disa-y-apd-reune-en-la-ull-a-300-estudiantes-en-la-inauguracion-de-su-segunda-edicion\/\"]}]},{\"@type\":\"BreadcrumbList\",\"@id\":\"https:\/\/www.ull.es\/portal\/noticias\/2016\/el-programa-aulasempresas-de-fundacion-disa-y-apd-reune-en-la-ull-a-300-estudiantes-en-la-inauguracion-de-su-segunda-edicion\/#breadcrumb\",\"itemListElement\":[{\"@type\":\"ListItem\",\"position\":1,\"name\":\"Portada\",\"item\":\"https:\/\/www.ull.es\/portal\/noticias\/\"},{\"@type\":\"ListItem\",\"position\":2,\"name\":\"El programa \u00abAulas&amp;Empresas\u00bb de Fundaci\u00f3n DISA y APD re\u00fane en la ULL a 300 estudiantes en la inauguraci\u00f3n de su segunda edici\u00f3n\"}]},{\"@type\":\"WebSite\",\"@id\":\"https:\/\/www.ull.es\/portal\/noticias\/#website\",\"url\":\"https:\/\/www.ull.es\/portal\/noticias\/\",\"name\":\"ULL - Noticias\",\"description\":\"\",\"potentialAction\":[{\"@type\":\"SearchAction\",\"target\":{\"@type\":\"EntryPoint\",\"urlTemplate\":\"https:\/\/www.ull.es\/portal\/noticias\/?s={search_term_string}\"},\"query-input\":\"required name=search_term_string\"}],\"inLanguage\":\"es\"},{\"@type\":\"Person\",\"@id\":\"https:\/\/www.ull.es\/portal\/noticias\/#\/schema\/person\/b2b1a89d43ffa609e591f7df8ef3e817\",\"name\":\"gaprsa\",\"image\":{\"@type\":\"ImageObject\",\"inLanguage\":\"es\",\"@id\":\"https:\/\/www.ull.es\/portal\/noticias\/#\/schema\/person\/image\/\",\"url\":\"https:\/\/secure.gravatar.com\/avatar\/443820550921091458b4823867723b3d?s=96&d=mm&r=g\",\"contentUrl\":\"https:\/\/secure.gravatar.com\/avatar\/443820550921091458b4823867723b3d?s=96&d=mm&r=g\",\"caption\":\"gaprsa\"},\"url\":\"https:\/\/www.ull.es\/portal\/noticias\/author\/gaprsa\/\"}]}<\/script>\n<!-- \/ Yoast SEO plugin. -->","yoast_head_json":{"title":"El programa \"Aulas&amp;Empresas\" de Fundaci\u00f3n DISA y APD re\u00fane en la ULL a 300 estudiantes en la inauguraci\u00f3n de su segunda edici\u00f3n - ULL - Noticias","robots":{"index":"index","follow":"follow","max-snippet":"max-snippet:-1","max-image-preview":"max-image-preview:large","max-video-preview":"max-video-preview:-1"},"canonical":"https:\/\/www.ull.es\/portal\/noticias\/2016\/el-programa-aulasempresas-de-fundacion-disa-y-apd-reune-en-la-ull-a-300-estudiantes-en-la-inauguracion-de-su-segunda-edicion\/","og_locale":"es_ES","og_type":"article","og_title":"El programa \"Aulas&amp;Empresas\" de Fundaci\u00f3n DISA y APD re\u00fane en la ULL a 300 estudiantes en la inauguraci\u00f3n de su segunda edici\u00f3n - ULL - Noticias","og_description":"Cerca de 300 estudiantes de la Universidad de La Laguna asistieron el 4 de marzo a la jornada inaugural de...","og_url":"https:\/\/www.ull.es\/portal\/noticias\/2016\/el-programa-aulasempresas-de-fundacion-disa-y-apd-reune-en-la-ull-a-300-estudiantes-en-la-inauguracion-de-su-segunda-edicion\/","og_site_name":"ULL - Noticias","article_publisher":"https:\/\/www.facebook.com\/universidaddelalaguna\/","article_published_time":"2016-03-04T12:13:38+00:00","og_image":[{"width":900,"height":600,"url":"https:\/\/www.ull.es\/portal\/noticias\/wp-content\/uploads\/sites\/13\/2016\/03\/momento-de-la-charla.jpg","type":"image\/jpeg"}],"author":"gaprsa","twitter_card":"summary_large_image","twitter_creator":"@CanalULL","twitter_site":"@CanalULL","twitter_misc":{"Escrito por":"gaprsa","Tiempo de lectura":"3 minutos"},"schema":{"@context":"https:\/\/schema.org","@graph":[{"@type":"WebPage","@id":"https:\/\/www.ull.es\/portal\/noticias\/2016\/el-programa-aulasempresas-de-fundacion-disa-y-apd-reune-en-la-ull-a-300-estudiantes-en-la-inauguracion-de-su-segunda-edicion\/","url":"https:\/\/www.ull.es\/portal\/noticias\/2016\/el-programa-aulasempresas-de-fundacion-disa-y-apd-reune-en-la-ull-a-300-estudiantes-en-la-inauguracion-de-su-segunda-edicion\/","name":"El programa \"Aulas&amp;Empresas\" de Fundaci\u00f3n DISA y APD re\u00fane en la ULL a 300 estudiantes en la inauguraci\u00f3n de su segunda edici\u00f3n - ULL - Noticias","isPartOf":{"@id":"https:\/\/www.ull.es\/portal\/noticias\/#website"},"datePublished":"2016-03-04T12:13:38+00:00","dateModified":"2016-03-04T12:13:38+00:00","author":{"@id":"https:\/\/www.ull.es\/portal\/noticias\/#\/schema\/person\/b2b1a89d43ffa609e591f7df8ef3e817"},"breadcrumb":{"@id":"https:\/\/www.ull.es\/portal\/noticias\/2016\/el-programa-aulasempresas-de-fundacion-disa-y-apd-reune-en-la-ull-a-300-estudiantes-en-la-inauguracion-de-su-segunda-edicion\/#breadcrumb"},"inLanguage":"es","potentialAction":[{"@type":"ReadAction","target":["https:\/\/www.ull.es\/portal\/noticias\/2016\/el-programa-aulasempresas-de-fundacion-disa-y-apd-reune-en-la-ull-a-300-estudiantes-en-la-inauguracion-de-su-segunda-edicion\/"]}]},{"@type":"BreadcrumbList","@id":"https:\/\/www.ull.es\/portal\/noticias\/2016\/el-programa-aulasempresas-de-fundacion-disa-y-apd-reune-en-la-ull-a-300-estudiantes-en-la-inauguracion-de-su-segunda-edicion\/#breadcrumb","itemListElement":[{"@type":"ListItem","position":1,"name":"Portada","item":"https:\/\/www.ull.es\/portal\/noticias\/"},{"@type":"ListItem","position":2,"name":"El programa \u00abAulas&amp;Empresas\u00bb de Fundaci\u00f3n DISA y APD re\u00fane en la ULL a 300 estudiantes en la inauguraci\u00f3n de su segunda edici\u00f3n"}]},{"@type":"WebSite","@id":"https:\/\/www.ull.es\/portal\/noticias\/#website","url":"https:\/\/www.ull.es\/portal\/noticias\/","name":"ULL - Noticias","description":"","potentialAction":[{"@type":"SearchAction","target":{"@type":"EntryPoint","urlTemplate":"https:\/\/www.ull.es\/portal\/noticias\/?s={search_term_string}"},"query-input":"required name=search_term_string"}],"inLanguage":"es"},{"@type":"Person","@id":"https:\/\/www.ull.es\/portal\/noticias\/#\/schema\/person\/b2b1a89d43ffa609e591f7df8ef3e817","name":"gaprsa","image":{"@type":"ImageObject","inLanguage":"es","@id":"https:\/\/www.ull.es\/portal\/noticias\/#\/schema\/person\/image\/","url":"https:\/\/secure.gravatar.com\/avatar\/443820550921091458b4823867723b3d?s=96&d=mm&r=g","contentUrl":"https:\/\/secure.gravatar.com\/avatar\/443820550921091458b4823867723b3d?s=96&d=mm&r=g","caption":"gaprsa"},"url":"https:\/\/www.ull.es\/portal\/noticias\/author\/gaprsa\/"}]}},"primary_category":null,"featured_image_thumbnail_url":"https:\/\/www.ull.es\/portal\/noticias\/wp-content\/uploads\/sites\/13\/2016\/03\/momento-de-la-charla-300x200.jpg","_links":{"self":[{"href":"https:\/\/www.ull.es\/portal\/noticias\/wp-json\/wp\/v2\/posts\/26828"}],"collection":[{"href":"https:\/\/www.ull.es\/portal\/noticias\/wp-json\/wp\/v2\/posts"}],"about":[{"href":"https:\/\/www.ull.es\/portal\/noticias\/wp-json\/wp\/v2\/types\/post"}],"author":[{"embeddable":true,"href":"https:\/\/www.ull.es\/portal\/noticias\/wp-json\/wp\/v2\/users\/23"}],"replies":[{"embeddable":true,"href":"https:\/\/www.ull.es\/portal\/noticias\/wp-json\/wp\/v2\/comments?post=26828"}],"version-history":[{"count":0,"href":"https:\/\/www.ull.es\/portal\/noticias\/wp-json\/wp\/v2\/posts\/26828\/revisions"}],"wp:featuredmedia":[{"embeddable":true,"href":"https:\/\/www.ull.es\/portal\/noticias\/wp-json\/wp\/v2\/media\/26829"}],"wp:attachment":[{"href":"https:\/\/www.ull.es\/portal\/noticias\/wp-json\/wp\/v2\/media?parent=26828"}],"wp:term":[{"taxonomy":"category","embeddable":true,"href":"https:\/\/www.ull.es\/portal\/noticias\/wp-json\/wp\/v2\/categories?post=26828"},{"taxonomy":"post_tag","embeddable":true,"href":"https:\/\/www.ull.es\/portal\/noticias\/wp-json\/wp\/v2\/tags?post=26828"}],"curies":[{"name":"wp","href":"https:\/\/api.w.org\/{rel}","templated":true}]}}