{"id":26858,"date":"2016-03-09T14:31:13","date_gmt":"2016-03-09T14:31:13","guid":{"rendered":"http:\/\/ddigital.webs.ull.es\/?p=26858"},"modified":"2016-03-09T14:31:13","modified_gmt":"2016-03-09T14:31:13","slug":"el-evento-women-techmakers-llega-a-la-universidad-de-la-laguna-2","status":"publish","type":"post","link":"https:\/\/www.ull.es\/portal\/noticias\/2016\/el-evento-women-techmakers-llega-a-la-universidad-de-la-laguna-2\/","title":{"rendered":"El evento Women Techmakers llega a la Universidad de La Laguna"},"content":{"rendered":"<p>Con motivo del D\u00eda Internacional de la Mujer, la Universidad de La Laguna acoger\u00e1 el primer evento Women Techmakers Tenerife ma\u00f1ana jueves 10 de marzo de 15:00 a 20:00 en el Sal\u00f3n de Grados de la Escuela Superior de Ingenier\u00eda y Tecnolog\u00eda. El lema de esta edici\u00f3n es \u00abOur Time To Lead\u00bb y su objetivo es mostrar a la sociedad el trabajo que realizan las mujeres en \u00a0los campos de la tecnolog\u00eda y la ingenier\u00eda, habitualmente asociados con una mayoritaria presencia masculina.<\/p>\n<p>Est\u00e1 organizado por la iniciativa tech&amp;ladies, el Grupo de Desarrolladores de Google en Tenerife, la Fundaci\u00f3n General de la ULL, el grupo de investigaci\u00f3n CryptULL, el Instituto Universitario de Estudios de las Mujeres, el grupo i-TED, y la l\u00ednea de trabajo universitaria Sheban.<\/p>\n<p>El programa del evento contar\u00e1 con un amplio abanico de conferenciantes de diferentes \u00e1reas de conocimiento, todas mujeres con una larga trayectoria laboral dentro del sector tecnol\u00f3gico. Con un perfil investigador, catedr\u00e1tica de la ULL y fundadora del grupo CryptULL estar\u00e1 Pino Caballero, quien de primera mano comentar\u00e1 algunas de las dificultades cuando se investiga en ingenier\u00eda.<\/p>\n<p>La directora de la Unidad de Igualdad de G\u00e9nero de la ULL y soci\u00f3loga, Sara Garc\u00eda, presentar\u00e1 un an\u00e1lisis y propuestas para la mejora de la participaci\u00f3n de las mujeres en las carreras tecnol\u00f3gicas. Como experta en comunicaci\u00f3n y divulgaci\u00f3n cient\u00edfica, Ver\u00f3nica Mart\u00edn propondr\u00e1 la ense\u00f1anza de la tecnolog\u00eda como elemento democratizador y anti-discriminaci\u00f3n.<\/p>\n<p>La representaci\u00f3n \u00a0del sector empresarial correr\u00e1 a cargo de la responsable del sector p\u00fablico de Atos Canarias, Montserrat Melo. Hablar\u00e1 de innovaci\u00f3n docente Carina Gonz\u00e1lez, doctora en Inform\u00e1tica y profesora de la ULL. Adem\u00e1s el evento contar\u00e1 con varias charlas de alumnas y exalumnas de la ULL de diferentes carreras de ingenier\u00edas como Industrial, Inform\u00e1tica y Agr\u00f3noma.<\/p>\n<p>El evento est\u00e1 dirigido a todos los p\u00fablicos y la asistencia es libre y gratuita. M\u00e1s informaci\u00f3n en la p\u00e1gina web del evento <a href=\"http:\/\/techandladies.wix.com\/wtmtenerife\" target=\"_blank\" rel=\"noopener\">http:\/\/techandladies.wix.com\/wtmtenerife<\/a><\/p>\n","protected":false},"excerpt":{"rendered":"<p>Con motivo del D\u00eda Internacional de la Mujer, la Universidad de La Laguna acoger\u00e1 el primer evento Women Techmakers Tenerife&#8230;<\/p>\n","protected":false},"author":23,"featured_media":26863,"comment_status":"open","ping_status":"open","sticky":false,"template":"","format":"standard","meta":{"inline_featured_image":false,"footnotes":""},"categories":[345,348,1],"tags":[],"acf":[],"yoast_head":"<!-- This site is optimized with the Yoast SEO plugin v21.3 - https:\/\/yoast.com\/wordpress\/plugins\/seo\/ -->\n<title>El evento Women Techmakers llega a la Universidad de La Laguna - ULL - Noticias<\/title>\n<meta name=\"robots\" content=\"index, follow, max-snippet:-1, max-image-preview:large, max-video-preview:-1\" \/>\n<link rel=\"canonical\" href=\"https:\/\/www.ull.es\/portal\/noticias\/2016\/el-evento-women-techmakers-llega-a-la-universidad-de-la-laguna-2\/\" \/>\n<meta property=\"og:locale\" content=\"es_ES\" \/>\n<meta property=\"og:type\" content=\"article\" \/>\n<meta property=\"og:title\" content=\"El evento Women Techmakers llega a la Universidad de La Laguna - ULL - Noticias\" \/>\n<meta property=\"og:description\" content=\"Con motivo del D\u00eda Internacional de la Mujer, la Universidad de La Laguna acoger\u00e1 el primer evento Women Techmakers Tenerife...\" \/>\n<meta property=\"og:url\" content=\"https:\/\/www.ull.es\/portal\/noticias\/2016\/el-evento-women-techmakers-llega-a-la-universidad-de-la-laguna-2\/\" \/>\n<meta property=\"og:site_name\" content=\"ULL - Noticias\" \/>\n<meta property=\"article:publisher\" content=\"https:\/\/www.facebook.com\/universidaddelalaguna\/\" \/>\n<meta property=\"article:published_time\" content=\"2016-03-09T14:31:13+00:00\" \/>\n<meta property=\"og:image\" content=\"https:\/\/www.ull.es\/portal\/noticias\/wp-content\/uploads\/sites\/13\/2016\/03\/techmakers2.jpg\" \/>\n\t<meta property=\"og:image:width\" content=\"1433\" \/>\n\t<meta property=\"og:image:height\" content=\"924\" \/>\n\t<meta property=\"og:image:type\" content=\"image\/jpeg\" \/>\n<meta name=\"author\" content=\"gaprsa\" \/>\n<meta name=\"twitter:card\" content=\"summary_large_image\" \/>\n<meta name=\"twitter:creator\" content=\"@CanalULL\" \/>\n<meta name=\"twitter:site\" content=\"@CanalULL\" \/>\n<meta name=\"twitter:label1\" content=\"Escrito por\" \/>\n\t<meta name=\"twitter:data1\" content=\"gaprsa\" \/>\n\t<meta name=\"twitter:label2\" content=\"Tiempo de lectura\" \/>\n\t<meta name=\"twitter:data2\" content=\"2 minutos\" \/>\n<script type=\"application\/ld+json\" class=\"yoast-schema-graph\">{\"@context\":\"https:\/\/schema.org\",\"@graph\":[{\"@type\":\"WebPage\",\"@id\":\"https:\/\/www.ull.es\/portal\/noticias\/2016\/el-evento-women-techmakers-llega-a-la-universidad-de-la-laguna-2\/\",\"url\":\"https:\/\/www.ull.es\/portal\/noticias\/2016\/el-evento-women-techmakers-llega-a-la-universidad-de-la-laguna-2\/\",\"name\":\"El evento Women Techmakers llega a la Universidad de La Laguna - ULL - Noticias\",\"isPartOf\":{\"@id\":\"https:\/\/www.ull.es\/portal\/noticias\/#website\"},\"datePublished\":\"2016-03-09T14:31:13+00:00\",\"dateModified\":\"2016-03-09T14:31:13+00:00\",\"author\":{\"@id\":\"https:\/\/www.ull.es\/portal\/noticias\/#\/schema\/person\/b2b1a89d43ffa609e591f7df8ef3e817\"},\"breadcrumb\":{\"@id\":\"https:\/\/www.ull.es\/portal\/noticias\/2016\/el-evento-women-techmakers-llega-a-la-universidad-de-la-laguna-2\/#breadcrumb\"},\"inLanguage\":\"es\",\"potentialAction\":[{\"@type\":\"ReadAction\",\"target\":[\"https:\/\/www.ull.es\/portal\/noticias\/2016\/el-evento-women-techmakers-llega-a-la-universidad-de-la-laguna-2\/\"]}]},{\"@type\":\"BreadcrumbList\",\"@id\":\"https:\/\/www.ull.es\/portal\/noticias\/2016\/el-evento-women-techmakers-llega-a-la-universidad-de-la-laguna-2\/#breadcrumb\",\"itemListElement\":[{\"@type\":\"ListItem\",\"position\":1,\"name\":\"Portada\",\"item\":\"https:\/\/www.ull.es\/portal\/noticias\/\"},{\"@type\":\"ListItem\",\"position\":2,\"name\":\"El evento Women Techmakers llega a la Universidad de La Laguna\"}]},{\"@type\":\"WebSite\",\"@id\":\"https:\/\/www.ull.es\/portal\/noticias\/#website\",\"url\":\"https:\/\/www.ull.es\/portal\/noticias\/\",\"name\":\"ULL - Noticias\",\"description\":\"\",\"potentialAction\":[{\"@type\":\"SearchAction\",\"target\":{\"@type\":\"EntryPoint\",\"urlTemplate\":\"https:\/\/www.ull.es\/portal\/noticias\/?s={search_term_string}\"},\"query-input\":\"required name=search_term_string\"}],\"inLanguage\":\"es\"},{\"@type\":\"Person\",\"@id\":\"https:\/\/www.ull.es\/portal\/noticias\/#\/schema\/person\/b2b1a89d43ffa609e591f7df8ef3e817\",\"name\":\"gaprsa\",\"image\":{\"@type\":\"ImageObject\",\"inLanguage\":\"es\",\"@id\":\"https:\/\/www.ull.es\/portal\/noticias\/#\/schema\/person\/image\/\",\"url\":\"https:\/\/secure.gravatar.com\/avatar\/443820550921091458b4823867723b3d?s=96&d=mm&r=g\",\"contentUrl\":\"https:\/\/secure.gravatar.com\/avatar\/443820550921091458b4823867723b3d?s=96&d=mm&r=g\",\"caption\":\"gaprsa\"},\"url\":\"https:\/\/www.ull.es\/portal\/noticias\/author\/gaprsa\/\"}]}<\/script>\n<!-- \/ Yoast SEO plugin. -->","yoast_head_json":{"title":"El evento Women Techmakers llega a la Universidad de La Laguna - ULL - Noticias","robots":{"index":"index","follow":"follow","max-snippet":"max-snippet:-1","max-image-preview":"max-image-preview:large","max-video-preview":"max-video-preview:-1"},"canonical":"https:\/\/www.ull.es\/portal\/noticias\/2016\/el-evento-women-techmakers-llega-a-la-universidad-de-la-laguna-2\/","og_locale":"es_ES","og_type":"article","og_title":"El evento Women Techmakers llega a la Universidad de La Laguna - ULL - Noticias","og_description":"Con motivo del D\u00eda Internacional de la Mujer, la Universidad de La Laguna acoger\u00e1 el primer evento Women Techmakers Tenerife...","og_url":"https:\/\/www.ull.es\/portal\/noticias\/2016\/el-evento-women-techmakers-llega-a-la-universidad-de-la-laguna-2\/","og_site_name":"ULL - Noticias","article_publisher":"https:\/\/www.facebook.com\/universidaddelalaguna\/","article_published_time":"2016-03-09T14:31:13+00:00","og_image":[{"width":1433,"height":924,"url":"https:\/\/www.ull.es\/portal\/noticias\/wp-content\/uploads\/sites\/13\/2016\/03\/techmakers2.jpg","type":"image\/jpeg"}],"author":"gaprsa","twitter_card":"summary_large_image","twitter_creator":"@CanalULL","twitter_site":"@CanalULL","twitter_misc":{"Escrito por":"gaprsa","Tiempo de lectura":"2 minutos"},"schema":{"@context":"https:\/\/schema.org","@graph":[{"@type":"WebPage","@id":"https:\/\/www.ull.es\/portal\/noticias\/2016\/el-evento-women-techmakers-llega-a-la-universidad-de-la-laguna-2\/","url":"https:\/\/www.ull.es\/portal\/noticias\/2016\/el-evento-women-techmakers-llega-a-la-universidad-de-la-laguna-2\/","name":"El evento Women Techmakers llega a la Universidad de La Laguna - ULL - Noticias","isPartOf":{"@id":"https:\/\/www.ull.es\/portal\/noticias\/#website"},"datePublished":"2016-03-09T14:31:13+00:00","dateModified":"2016-03-09T14:31:13+00:00","author":{"@id":"https:\/\/www.ull.es\/portal\/noticias\/#\/schema\/person\/b2b1a89d43ffa609e591f7df8ef3e817"},"breadcrumb":{"@id":"https:\/\/www.ull.es\/portal\/noticias\/2016\/el-evento-women-techmakers-llega-a-la-universidad-de-la-laguna-2\/#breadcrumb"},"inLanguage":"es","potentialAction":[{"@type":"ReadAction","target":["https:\/\/www.ull.es\/portal\/noticias\/2016\/el-evento-women-techmakers-llega-a-la-universidad-de-la-laguna-2\/"]}]},{"@type":"BreadcrumbList","@id":"https:\/\/www.ull.es\/portal\/noticias\/2016\/el-evento-women-techmakers-llega-a-la-universidad-de-la-laguna-2\/#breadcrumb","itemListElement":[{"@type":"ListItem","position":1,"name":"Portada","item":"https:\/\/www.ull.es\/portal\/noticias\/"},{"@type":"ListItem","position":2,"name":"El evento Women Techmakers llega a la Universidad de La Laguna"}]},{"@type":"WebSite","@id":"https:\/\/www.ull.es\/portal\/noticias\/#website","url":"https:\/\/www.ull.es\/portal\/noticias\/","name":"ULL - Noticias","description":"","potentialAction":[{"@type":"SearchAction","target":{"@type":"EntryPoint","urlTemplate":"https:\/\/www.ull.es\/portal\/noticias\/?s={search_term_string}"},"query-input":"required name=search_term_string"}],"inLanguage":"es"},{"@type":"Person","@id":"https:\/\/www.ull.es\/portal\/noticias\/#\/schema\/person\/b2b1a89d43ffa609e591f7df8ef3e817","name":"gaprsa","image":{"@type":"ImageObject","inLanguage":"es","@id":"https:\/\/www.ull.es\/portal\/noticias\/#\/schema\/person\/image\/","url":"https:\/\/secure.gravatar.com\/avatar\/443820550921091458b4823867723b3d?s=96&d=mm&r=g","contentUrl":"https:\/\/secure.gravatar.com\/avatar\/443820550921091458b4823867723b3d?s=96&d=mm&r=g","caption":"gaprsa"},"url":"https:\/\/www.ull.es\/portal\/noticias\/author\/gaprsa\/"}]}},"primary_category":null,"featured_image_thumbnail_url":"https:\/\/www.ull.es\/portal\/noticias\/wp-content\/uploads\/sites\/13\/2016\/03\/techmakers2-300x193.jpg","_links":{"self":[{"href":"https:\/\/www.ull.es\/portal\/noticias\/wp-json\/wp\/v2\/posts\/26858"}],"collection":[{"href":"https:\/\/www.ull.es\/portal\/noticias\/wp-json\/wp\/v2\/posts"}],"about":[{"href":"https:\/\/www.ull.es\/portal\/noticias\/wp-json\/wp\/v2\/types\/post"}],"author":[{"embeddable":true,"href":"https:\/\/www.ull.es\/portal\/noticias\/wp-json\/wp\/v2\/users\/23"}],"replies":[{"embeddable":true,"href":"https:\/\/www.ull.es\/portal\/noticias\/wp-json\/wp\/v2\/comments?post=26858"}],"version-history":[{"count":0,"href":"https:\/\/www.ull.es\/portal\/noticias\/wp-json\/wp\/v2\/posts\/26858\/revisions"}],"wp:featuredmedia":[{"embeddable":true,"href":"https:\/\/www.ull.es\/portal\/noticias\/wp-json\/wp\/v2\/media\/26863"}],"wp:attachment":[{"href":"https:\/\/www.ull.es\/portal\/noticias\/wp-json\/wp\/v2\/media?parent=26858"}],"wp:term":[{"taxonomy":"category","embeddable":true,"href":"https:\/\/www.ull.es\/portal\/noticias\/wp-json\/wp\/v2\/categories?post=26858"},{"taxonomy":"post_tag","embeddable":true,"href":"https:\/\/www.ull.es\/portal\/noticias\/wp-json\/wp\/v2\/tags?post=26858"}],"curies":[{"name":"wp","href":"https:\/\/api.w.org\/{rel}","templated":true}]}}