{"id":26879,"date":"2016-03-10T13:34:31","date_gmt":"2016-03-10T13:34:31","guid":{"rendered":"http:\/\/ddigital.webs.ull.es\/?p=26879"},"modified":"2016-03-10T13:34:31","modified_gmt":"2016-03-10T13:34:31","slug":"el-paraninfo-de-la-ull-acoge-este-fin-de-semana-el-concierto-de-coros-escolares-va-de-espana","status":"publish","type":"post","link":"https:\/\/www.ull.es\/portal\/noticias\/2016\/el-paraninfo-de-la-ull-acoge-este-fin-de-semana-el-concierto-de-coros-escolares-va-de-espana\/","title":{"rendered":"El Paraninfo de la ULL acoge este fin de semana el concierto de coros escolares \u201c\u00a1Va de Espa\u00f1a!\u201d"},"content":{"rendered":"<p>Alrededor de 330 cantores pertenecientes a diversos coros escolares se reunir\u00e1n el s\u00e1bado 12 y domingo 13 de marzo en el Paraninfo de la Universidad de La Laguna en el concierto \u201c\u00a1Va de Espa\u00f1a!\u201d: La sesi\u00f3n comenzar\u00e1 a las 18:00 horas con entradas a 2 euros, que podr\u00e1n adquirirse en la taquilla el mismo d\u00eda de la funci\u00f3n. La gala tendr\u00e1 una hora aproximada de duraci\u00f3n y su repertorio estar\u00e1 formado por temas compuestos por m\u00fasicos espa\u00f1oles.<\/p>\n<p>En esta edici\u00f3n participar\u00e1n, el primer d\u00eda, los coros del CEIP T\u00edncer, CEIP Garc\u00eda Esc\u00e1mez, CEIP Gesta 25 de Julio y CEO Bethancourt y Molina. El domingo le tocar\u00e1 el turno a los del CEIP Miguel Pintor, CEIP Tom\u00e9 Cano, CEIP Fray Albino y CEIP Salamanca. Participar\u00e1 como telonero el Coro Municipal de Voces J\u00f3venes.<\/p>\n<p>Este concierto se encuentra enmarcado dentro del Plan Municipal de Coros que desarrolla el Organismo Aut\u00f3nomo de Cultura (OAC) del Ayuntamiento de Santa Cruz de Tenerife, cuyo objetivo es formar en canto a los ni\u00f1os y ni\u00f1as y fomentar el gusto por la cultura.<\/p>\n","protected":false},"excerpt":{"rendered":"<p>Alrededor de 330 cantores pertenecientes a diversos coros escolares se reunir\u00e1n el s\u00e1bado 12 y domingo 13 de marzo en&#8230;<\/p>\n","protected":false},"author":23,"featured_media":26880,"comment_status":"open","ping_status":"open","sticky":false,"template":"","format":"standard","meta":{"inline_featured_image":false,"footnotes":""},"categories":[344,345,1],"tags":[353,925,2047],"acf":[],"yoast_head":"<!-- This site is optimized with the Yoast SEO plugin v21.3 - https:\/\/yoast.com\/wordpress\/plugins\/seo\/ -->\n<title>El Paraninfo de la ULL acoge este fin de semana el concierto de coros escolares \u201c\u00a1Va de Espa\u00f1a!\u201d - ULL - Noticias<\/title>\n<meta name=\"robots\" content=\"index, follow, max-snippet:-1, max-image-preview:large, max-video-preview:-1\" \/>\n<link rel=\"canonical\" href=\"https:\/\/www.ull.es\/portal\/noticias\/2016\/el-paraninfo-de-la-ull-acoge-este-fin-de-semana-el-concierto-de-coros-escolares-va-de-espana\/\" \/>\n<meta property=\"og:locale\" content=\"es_ES\" \/>\n<meta property=\"og:type\" content=\"article\" \/>\n<meta property=\"og:title\" content=\"El Paraninfo de la ULL acoge este fin de semana el concierto de coros escolares \u201c\u00a1Va de Espa\u00f1a!\u201d - ULL - Noticias\" \/>\n<meta property=\"og:description\" content=\"Alrededor de 330 cantores pertenecientes a diversos coros escolares se reunir\u00e1n el s\u00e1bado 12 y domingo 13 de marzo en...\" \/>\n<meta property=\"og:url\" content=\"https:\/\/www.ull.es\/portal\/noticias\/2016\/el-paraninfo-de-la-ull-acoge-este-fin-de-semana-el-concierto-de-coros-escolares-va-de-espana\/\" \/>\n<meta property=\"og:site_name\" content=\"ULL - Noticias\" \/>\n<meta property=\"article:publisher\" content=\"https:\/\/www.facebook.com\/universidaddelalaguna\/\" \/>\n<meta property=\"article:published_time\" content=\"2016-03-10T13:34:31+00:00\" \/>\n<meta property=\"og:image\" content=\"https:\/\/www.ull.es\/portal\/noticias\/wp-content\/uploads\/sites\/13\/2016\/03\/Concierto-12-Y-13.-PARANINFO-1.jpg\" \/>\n\t<meta property=\"og:image:width\" content=\"1754\" \/>\n\t<meta property=\"og:image:height\" content=\"2481\" \/>\n\t<meta property=\"og:image:type\" content=\"image\/jpeg\" \/>\n<meta name=\"author\" content=\"gaprsa\" \/>\n<meta name=\"twitter:card\" content=\"summary_large_image\" \/>\n<meta name=\"twitter:creator\" content=\"@CanalULL\" \/>\n<meta name=\"twitter:site\" content=\"@CanalULL\" \/>\n<meta name=\"twitter:label1\" content=\"Escrito por\" \/>\n\t<meta name=\"twitter:data1\" content=\"gaprsa\" \/>\n\t<meta name=\"twitter:label2\" content=\"Tiempo de lectura\" \/>\n\t<meta name=\"twitter:data2\" content=\"1 minuto\" \/>\n<script type=\"application\/ld+json\" class=\"yoast-schema-graph\">{\"@context\":\"https:\/\/schema.org\",\"@graph\":[{\"@type\":\"WebPage\",\"@id\":\"https:\/\/www.ull.es\/portal\/noticias\/2016\/el-paraninfo-de-la-ull-acoge-este-fin-de-semana-el-concierto-de-coros-escolares-va-de-espana\/\",\"url\":\"https:\/\/www.ull.es\/portal\/noticias\/2016\/el-paraninfo-de-la-ull-acoge-este-fin-de-semana-el-concierto-de-coros-escolares-va-de-espana\/\",\"name\":\"El Paraninfo de la ULL acoge este fin de semana el concierto de coros escolares \u201c\u00a1Va de Espa\u00f1a!\u201d - ULL - Noticias\",\"isPartOf\":{\"@id\":\"https:\/\/www.ull.es\/portal\/noticias\/#website\"},\"datePublished\":\"2016-03-10T13:34:31+00:00\",\"dateModified\":\"2016-03-10T13:34:31+00:00\",\"author\":{\"@id\":\"https:\/\/www.ull.es\/portal\/noticias\/#\/schema\/person\/b2b1a89d43ffa609e591f7df8ef3e817\"},\"breadcrumb\":{\"@id\":\"https:\/\/www.ull.es\/portal\/noticias\/2016\/el-paraninfo-de-la-ull-acoge-este-fin-de-semana-el-concierto-de-coros-escolares-va-de-espana\/#breadcrumb\"},\"inLanguage\":\"es\",\"potentialAction\":[{\"@type\":\"ReadAction\",\"target\":[\"https:\/\/www.ull.es\/portal\/noticias\/2016\/el-paraninfo-de-la-ull-acoge-este-fin-de-semana-el-concierto-de-coros-escolares-va-de-espana\/\"]}]},{\"@type\":\"BreadcrumbList\",\"@id\":\"https:\/\/www.ull.es\/portal\/noticias\/2016\/el-paraninfo-de-la-ull-acoge-este-fin-de-semana-el-concierto-de-coros-escolares-va-de-espana\/#breadcrumb\",\"itemListElement\":[{\"@type\":\"ListItem\",\"position\":1,\"name\":\"Portada\",\"item\":\"https:\/\/www.ull.es\/portal\/noticias\/\"},{\"@type\":\"ListItem\",\"position\":2,\"name\":\"El Paraninfo de la ULL acoge este fin de semana el concierto de coros escolares \u201c\u00a1Va de Espa\u00f1a!\u201d\"}]},{\"@type\":\"WebSite\",\"@id\":\"https:\/\/www.ull.es\/portal\/noticias\/#website\",\"url\":\"https:\/\/www.ull.es\/portal\/noticias\/\",\"name\":\"ULL - Noticias\",\"description\":\"\",\"potentialAction\":[{\"@type\":\"SearchAction\",\"target\":{\"@type\":\"EntryPoint\",\"urlTemplate\":\"https:\/\/www.ull.es\/portal\/noticias\/?s={search_term_string}\"},\"query-input\":\"required name=search_term_string\"}],\"inLanguage\":\"es\"},{\"@type\":\"Person\",\"@id\":\"https:\/\/www.ull.es\/portal\/noticias\/#\/schema\/person\/b2b1a89d43ffa609e591f7df8ef3e817\",\"name\":\"gaprsa\",\"image\":{\"@type\":\"ImageObject\",\"inLanguage\":\"es\",\"@id\":\"https:\/\/www.ull.es\/portal\/noticias\/#\/schema\/person\/image\/\",\"url\":\"https:\/\/secure.gravatar.com\/avatar\/443820550921091458b4823867723b3d?s=96&d=mm&r=g\",\"contentUrl\":\"https:\/\/secure.gravatar.com\/avatar\/443820550921091458b4823867723b3d?s=96&d=mm&r=g\",\"caption\":\"gaprsa\"},\"url\":\"https:\/\/www.ull.es\/portal\/noticias\/author\/gaprsa\/\"}]}<\/script>\n<!-- \/ Yoast SEO plugin. -->","yoast_head_json":{"title":"El Paraninfo de la ULL acoge este fin de semana el concierto de coros escolares \u201c\u00a1Va de Espa\u00f1a!\u201d - ULL - Noticias","robots":{"index":"index","follow":"follow","max-snippet":"max-snippet:-1","max-image-preview":"max-image-preview:large","max-video-preview":"max-video-preview:-1"},"canonical":"https:\/\/www.ull.es\/portal\/noticias\/2016\/el-paraninfo-de-la-ull-acoge-este-fin-de-semana-el-concierto-de-coros-escolares-va-de-espana\/","og_locale":"es_ES","og_type":"article","og_title":"El Paraninfo de la ULL acoge este fin de semana el concierto de coros escolares \u201c\u00a1Va de Espa\u00f1a!\u201d - ULL - Noticias","og_description":"Alrededor de 330 cantores pertenecientes a diversos coros escolares se reunir\u00e1n el s\u00e1bado 12 y domingo 13 de marzo en...","og_url":"https:\/\/www.ull.es\/portal\/noticias\/2016\/el-paraninfo-de-la-ull-acoge-este-fin-de-semana-el-concierto-de-coros-escolares-va-de-espana\/","og_site_name":"ULL - Noticias","article_publisher":"https:\/\/www.facebook.com\/universidaddelalaguna\/","article_published_time":"2016-03-10T13:34:31+00:00","og_image":[{"width":1754,"height":2481,"url":"https:\/\/www.ull.es\/portal\/noticias\/wp-content\/uploads\/sites\/13\/2016\/03\/Concierto-12-Y-13.-PARANINFO-1.jpg","type":"image\/jpeg"}],"author":"gaprsa","twitter_card":"summary_large_image","twitter_creator":"@CanalULL","twitter_site":"@CanalULL","twitter_misc":{"Escrito por":"gaprsa","Tiempo de lectura":"1 minuto"},"schema":{"@context":"https:\/\/schema.org","@graph":[{"@type":"WebPage","@id":"https:\/\/www.ull.es\/portal\/noticias\/2016\/el-paraninfo-de-la-ull-acoge-este-fin-de-semana-el-concierto-de-coros-escolares-va-de-espana\/","url":"https:\/\/www.ull.es\/portal\/noticias\/2016\/el-paraninfo-de-la-ull-acoge-este-fin-de-semana-el-concierto-de-coros-escolares-va-de-espana\/","name":"El Paraninfo de la ULL acoge este fin de semana el concierto de coros escolares \u201c\u00a1Va de Espa\u00f1a!\u201d - ULL - Noticias","isPartOf":{"@id":"https:\/\/www.ull.es\/portal\/noticias\/#website"},"datePublished":"2016-03-10T13:34:31+00:00","dateModified":"2016-03-10T13:34:31+00:00","author":{"@id":"https:\/\/www.ull.es\/portal\/noticias\/#\/schema\/person\/b2b1a89d43ffa609e591f7df8ef3e817"},"breadcrumb":{"@id":"https:\/\/www.ull.es\/portal\/noticias\/2016\/el-paraninfo-de-la-ull-acoge-este-fin-de-semana-el-concierto-de-coros-escolares-va-de-espana\/#breadcrumb"},"inLanguage":"es","potentialAction":[{"@type":"ReadAction","target":["https:\/\/www.ull.es\/portal\/noticias\/2016\/el-paraninfo-de-la-ull-acoge-este-fin-de-semana-el-concierto-de-coros-escolares-va-de-espana\/"]}]},{"@type":"BreadcrumbList","@id":"https:\/\/www.ull.es\/portal\/noticias\/2016\/el-paraninfo-de-la-ull-acoge-este-fin-de-semana-el-concierto-de-coros-escolares-va-de-espana\/#breadcrumb","itemListElement":[{"@type":"ListItem","position":1,"name":"Portada","item":"https:\/\/www.ull.es\/portal\/noticias\/"},{"@type":"ListItem","position":2,"name":"El Paraninfo de la ULL acoge este fin de semana el concierto de coros escolares \u201c\u00a1Va de Espa\u00f1a!\u201d"}]},{"@type":"WebSite","@id":"https:\/\/www.ull.es\/portal\/noticias\/#website","url":"https:\/\/www.ull.es\/portal\/noticias\/","name":"ULL - Noticias","description":"","potentialAction":[{"@type":"SearchAction","target":{"@type":"EntryPoint","urlTemplate":"https:\/\/www.ull.es\/portal\/noticias\/?s={search_term_string}"},"query-input":"required name=search_term_string"}],"inLanguage":"es"},{"@type":"Person","@id":"https:\/\/www.ull.es\/portal\/noticias\/#\/schema\/person\/b2b1a89d43ffa609e591f7df8ef3e817","name":"gaprsa","image":{"@type":"ImageObject","inLanguage":"es","@id":"https:\/\/www.ull.es\/portal\/noticias\/#\/schema\/person\/image\/","url":"https:\/\/secure.gravatar.com\/avatar\/443820550921091458b4823867723b3d?s=96&d=mm&r=g","contentUrl":"https:\/\/secure.gravatar.com\/avatar\/443820550921091458b4823867723b3d?s=96&d=mm&r=g","caption":"gaprsa"},"url":"https:\/\/www.ull.es\/portal\/noticias\/author\/gaprsa\/"}]}},"primary_category":null,"featured_image_thumbnail_url":"https:\/\/www.ull.es\/portal\/noticias\/wp-content\/uploads\/sites\/13\/2016\/03\/Concierto-12-Y-13.-PARANINFO-1-212x300.jpg","_links":{"self":[{"href":"https:\/\/www.ull.es\/portal\/noticias\/wp-json\/wp\/v2\/posts\/26879"}],"collection":[{"href":"https:\/\/www.ull.es\/portal\/noticias\/wp-json\/wp\/v2\/posts"}],"about":[{"href":"https:\/\/www.ull.es\/portal\/noticias\/wp-json\/wp\/v2\/types\/post"}],"author":[{"embeddable":true,"href":"https:\/\/www.ull.es\/portal\/noticias\/wp-json\/wp\/v2\/users\/23"}],"replies":[{"embeddable":true,"href":"https:\/\/www.ull.es\/portal\/noticias\/wp-json\/wp\/v2\/comments?post=26879"}],"version-history":[{"count":0,"href":"https:\/\/www.ull.es\/portal\/noticias\/wp-json\/wp\/v2\/posts\/26879\/revisions"}],"wp:featuredmedia":[{"embeddable":true,"href":"https:\/\/www.ull.es\/portal\/noticias\/wp-json\/wp\/v2\/media\/26880"}],"wp:attachment":[{"href":"https:\/\/www.ull.es\/portal\/noticias\/wp-json\/wp\/v2\/media?parent=26879"}],"wp:term":[{"taxonomy":"category","embeddable":true,"href":"https:\/\/www.ull.es\/portal\/noticias\/wp-json\/wp\/v2\/categories?post=26879"},{"taxonomy":"post_tag","embeddable":true,"href":"https:\/\/www.ull.es\/portal\/noticias\/wp-json\/wp\/v2\/tags?post=26879"}],"curies":[{"name":"wp","href":"https:\/\/api.w.org\/{rel}","templated":true}]}}