{"id":26885,"date":"2016-03-10T15:32:35","date_gmt":"2016-03-10T15:32:35","guid":{"rendered":"http:\/\/ddigital.webs.ull.es\/?p=26885"},"modified":"2016-03-10T15:32:35","modified_gmt":"2016-03-10T15:32:35","slug":"la-universidad-de-la-laguna-celebrara-manana-su-dia-institucional-con-motivo-de-su-224o-aniversario","status":"publish","type":"post","link":"https:\/\/www.ull.es\/portal\/noticias\/2016\/la-universidad-de-la-laguna-celebrara-manana-su-dia-institucional-con-motivo-de-su-224o-aniversario\/","title":{"rendered":"La Universidad de La Laguna celebrar\u00e1 ma\u00f1ana su D\u00eda Institucional con motivo de su 224\u00ba Aniversario"},"content":{"rendered":"<p>Como cada 11 de marzo, la Universidad de La Laguna celebra la fecha de su fundaci\u00f3n, hace ya 224 a\u00f1os, con una ceremonia a la cual ha denominado D\u00eda Institucional. Se celebrar\u00e1 ma\u00f1ana a partir de las 19:00 horas en el Paraninfo, y a ella ha sido invitada toda la comunidad universitaria y diversos representantes institucionales. Su prop\u00f3sito no es otro que hacer balance de la vida en el centro y homenajear al alumnado, profesorado y personal de administraci\u00f3n y servicios de la casa de estudios,<\/p>\n<p>El acto comenzar\u00e1 con un v\u00eddeo titulado \u201cLo que fue noticia en 2015\u201d, que repasa sucintamente algunos de los acontecimientos sucedidos en la instituci\u00f3n el a\u00f1o pasado con reflejo en los medios de comunicaci\u00f3n.<\/p>\n<p>A continuaci\u00f3n, el rector de la ULL, Antonio Martin\u00f3n, proceder\u00e1 a la lectura de un discurso institucional al cual seguir\u00e1 el reconocimiento y homenaje al personal jubilado de la instituci\u00f3n, ya sea de la plantilla de profesorado como de administraci\u00f3n y servicios.<\/p>\n<p>Seguidamente, se proceder\u00e1 a la entrega de los reconocimientos a la Excelencia Acad\u00e9mica Universitaria, agasajando al alumnado acreedor de los Premios Extraordinarios de Doctorado en las diferentes ramas de conocimiento. Tras esta entrega de diplomas, el Coro Polif\u00f3nico de la ULL ofrecer\u00e1 el primero de los dos interludios musicales con los que amenizar\u00e1 la gala.<\/p>\n<p>Otro de los momentos importantes de la ceremonia ser\u00e1 la entrega de los Premios Institucionales: V Premio a las Mejores Pr\u00e1cticas en Administraci\u00f3n y Servicios; V Premio a la Innovaci\u00f3n Educativa; V Premio a la Investigaci\u00f3n; V Premio al Mecenazgo; V Premio a la Creatividad Social y I Premio a la Internacionalizaci\u00f3n.<\/p>\n<p>La Asociaci\u00f3n Alumni ULL es una de las promotoras y participantes en este acto. Su presidenta, Carmen Pitti, realizar\u00e1 un breve discurso tras el cual presentar\u00e1 los premios y reconocimientos otorgados por esta organizaci\u00f3n: XIII Premio a los Valores Humanos Jos\u00e9 Luis Garc\u00eda P\u00e9rez, IV Premio al mejor expediente acad\u00e9mico del curso 2014-2015 y VI Premio Alonso de Nava Grim\u00f3n.<\/p>\n<p>El acto cerrar\u00e1 con la segunda actuaci\u00f3n del Coro Polif\u00f3nico, entre cuyos temas estar\u00e1n el himno de Canarias y el himno universitario \u201cGaudeamus\u201d.<\/p>\n<p>Han confirmado su asistencia la consejera de\u00a0 Educaci\u00f3n del Gobierno de Canarias y varios directores generales, presidentes de cabildos insulares (Lanzarote y El Hierro), el alcalde de La Laguna, decanos de colegios profesionales, miembros del cuerpo consular, ex presidentes del Gobierno de Canarias y ex rectores de la Universidad de La Laguna, entre otras autoridades.<\/p>\n","protected":false},"excerpt":{"rendered":"<p>Como cada 11 de marzo, la Universidad de La Laguna celebra la fecha de su fundaci\u00f3n, hace ya 224 a\u00f1os,&#8230;<\/p>\n","protected":false},"author":23,"featured_media":26886,"comment_status":"open","ping_status":"open","sticky":false,"template":"","format":"standard","meta":{"inline_featured_image":false,"footnotes":""},"categories":[345,348,1],"tags":[],"acf":[],"yoast_head":"<!-- This site is optimized with the Yoast SEO plugin v21.3 - https:\/\/yoast.com\/wordpress\/plugins\/seo\/ -->\n<title>La Universidad de La Laguna celebrar\u00e1 ma\u00f1ana su D\u00eda Institucional con motivo de su 224\u00ba Aniversario - ULL - Noticias<\/title>\n<meta name=\"robots\" content=\"index, follow, max-snippet:-1, max-image-preview:large, max-video-preview:-1\" \/>\n<link rel=\"canonical\" href=\"https:\/\/www.ull.es\/portal\/noticias\/2016\/la-universidad-de-la-laguna-celebrara-manana-su-dia-institucional-con-motivo-de-su-224o-aniversario\/\" \/>\n<meta property=\"og:locale\" content=\"es_ES\" \/>\n<meta property=\"og:type\" content=\"article\" \/>\n<meta property=\"og:title\" content=\"La Universidad de La Laguna celebrar\u00e1 ma\u00f1ana su D\u00eda Institucional con motivo de su 224\u00ba Aniversario - ULL - Noticias\" \/>\n<meta property=\"og:description\" content=\"Como cada 11 de marzo, la Universidad de La Laguna celebra la fecha de su fundaci\u00f3n, hace ya 224 a\u00f1os,...\" \/>\n<meta property=\"og:url\" content=\"https:\/\/www.ull.es\/portal\/noticias\/2016\/la-universidad-de-la-laguna-celebrara-manana-su-dia-institucional-con-motivo-de-su-224o-aniversario\/\" \/>\n<meta property=\"og:site_name\" content=\"ULL - Noticias\" \/>\n<meta property=\"article:publisher\" content=\"https:\/\/www.facebook.com\/universidaddelalaguna\/\" \/>\n<meta property=\"article:published_time\" content=\"2016-03-10T15:32:35+00:00\" \/>\n<meta property=\"og:image\" content=\"https:\/\/www.ull.es\/portal\/noticias\/wp-content\/uploads\/sites\/13\/2016\/03\/edificio_central.jpg\" \/>\n\t<meta property=\"og:image:width\" content=\"1063\" \/>\n\t<meta property=\"og:image:height\" content=\"709\" \/>\n\t<meta property=\"og:image:type\" content=\"image\/jpeg\" \/>\n<meta name=\"author\" content=\"gaprsa\" \/>\n<meta name=\"twitter:card\" content=\"summary_large_image\" \/>\n<meta name=\"twitter:creator\" content=\"@CanalULL\" \/>\n<meta name=\"twitter:site\" content=\"@CanalULL\" \/>\n<meta name=\"twitter:label1\" content=\"Escrito por\" \/>\n\t<meta name=\"twitter:data1\" content=\"gaprsa\" \/>\n\t<meta name=\"twitter:label2\" content=\"Tiempo de lectura\" \/>\n\t<meta name=\"twitter:data2\" content=\"2 minutos\" \/>\n<script type=\"application\/ld+json\" class=\"yoast-schema-graph\">{\"@context\":\"https:\/\/schema.org\",\"@graph\":[{\"@type\":\"WebPage\",\"@id\":\"https:\/\/www.ull.es\/portal\/noticias\/2016\/la-universidad-de-la-laguna-celebrara-manana-su-dia-institucional-con-motivo-de-su-224o-aniversario\/\",\"url\":\"https:\/\/www.ull.es\/portal\/noticias\/2016\/la-universidad-de-la-laguna-celebrara-manana-su-dia-institucional-con-motivo-de-su-224o-aniversario\/\",\"name\":\"La Universidad de La Laguna celebrar\u00e1 ma\u00f1ana su D\u00eda Institucional con motivo de su 224\u00ba Aniversario - ULL - Noticias\",\"isPartOf\":{\"@id\":\"https:\/\/www.ull.es\/portal\/noticias\/#website\"},\"datePublished\":\"2016-03-10T15:32:35+00:00\",\"dateModified\":\"2016-03-10T15:32:35+00:00\",\"author\":{\"@id\":\"https:\/\/www.ull.es\/portal\/noticias\/#\/schema\/person\/b2b1a89d43ffa609e591f7df8ef3e817\"},\"breadcrumb\":{\"@id\":\"https:\/\/www.ull.es\/portal\/noticias\/2016\/la-universidad-de-la-laguna-celebrara-manana-su-dia-institucional-con-motivo-de-su-224o-aniversario\/#breadcrumb\"},\"inLanguage\":\"es\",\"potentialAction\":[{\"@type\":\"ReadAction\",\"target\":[\"https:\/\/www.ull.es\/portal\/noticias\/2016\/la-universidad-de-la-laguna-celebrara-manana-su-dia-institucional-con-motivo-de-su-224o-aniversario\/\"]}]},{\"@type\":\"BreadcrumbList\",\"@id\":\"https:\/\/www.ull.es\/portal\/noticias\/2016\/la-universidad-de-la-laguna-celebrara-manana-su-dia-institucional-con-motivo-de-su-224o-aniversario\/#breadcrumb\",\"itemListElement\":[{\"@type\":\"ListItem\",\"position\":1,\"name\":\"Portada\",\"item\":\"https:\/\/www.ull.es\/portal\/noticias\/\"},{\"@type\":\"ListItem\",\"position\":2,\"name\":\"La Universidad de La Laguna celebrar\u00e1 ma\u00f1ana su D\u00eda Institucional con motivo de su 224\u00ba Aniversario\"}]},{\"@type\":\"WebSite\",\"@id\":\"https:\/\/www.ull.es\/portal\/noticias\/#website\",\"url\":\"https:\/\/www.ull.es\/portal\/noticias\/\",\"name\":\"ULL - Noticias\",\"description\":\"\",\"potentialAction\":[{\"@type\":\"SearchAction\",\"target\":{\"@type\":\"EntryPoint\",\"urlTemplate\":\"https:\/\/www.ull.es\/portal\/noticias\/?s={search_term_string}\"},\"query-input\":\"required name=search_term_string\"}],\"inLanguage\":\"es\"},{\"@type\":\"Person\",\"@id\":\"https:\/\/www.ull.es\/portal\/noticias\/#\/schema\/person\/b2b1a89d43ffa609e591f7df8ef3e817\",\"name\":\"gaprsa\",\"image\":{\"@type\":\"ImageObject\",\"inLanguage\":\"es\",\"@id\":\"https:\/\/www.ull.es\/portal\/noticias\/#\/schema\/person\/image\/\",\"url\":\"https:\/\/secure.gravatar.com\/avatar\/443820550921091458b4823867723b3d?s=96&d=mm&r=g\",\"contentUrl\":\"https:\/\/secure.gravatar.com\/avatar\/443820550921091458b4823867723b3d?s=96&d=mm&r=g\",\"caption\":\"gaprsa\"},\"url\":\"https:\/\/www.ull.es\/portal\/noticias\/author\/gaprsa\/\"}]}<\/script>\n<!-- \/ Yoast SEO plugin. -->","yoast_head_json":{"title":"La Universidad de La Laguna celebrar\u00e1 ma\u00f1ana su D\u00eda Institucional con motivo de su 224\u00ba Aniversario - ULL - Noticias","robots":{"index":"index","follow":"follow","max-snippet":"max-snippet:-1","max-image-preview":"max-image-preview:large","max-video-preview":"max-video-preview:-1"},"canonical":"https:\/\/www.ull.es\/portal\/noticias\/2016\/la-universidad-de-la-laguna-celebrara-manana-su-dia-institucional-con-motivo-de-su-224o-aniversario\/","og_locale":"es_ES","og_type":"article","og_title":"La Universidad de La Laguna celebrar\u00e1 ma\u00f1ana su D\u00eda Institucional con motivo de su 224\u00ba Aniversario - ULL - Noticias","og_description":"Como cada 11 de marzo, la Universidad de La Laguna celebra la fecha de su fundaci\u00f3n, hace ya 224 a\u00f1os,...","og_url":"https:\/\/www.ull.es\/portal\/noticias\/2016\/la-universidad-de-la-laguna-celebrara-manana-su-dia-institucional-con-motivo-de-su-224o-aniversario\/","og_site_name":"ULL - Noticias","article_publisher":"https:\/\/www.facebook.com\/universidaddelalaguna\/","article_published_time":"2016-03-10T15:32:35+00:00","og_image":[{"width":1063,"height":709,"url":"https:\/\/www.ull.es\/portal\/noticias\/wp-content\/uploads\/sites\/13\/2016\/03\/edificio_central.jpg","type":"image\/jpeg"}],"author":"gaprsa","twitter_card":"summary_large_image","twitter_creator":"@CanalULL","twitter_site":"@CanalULL","twitter_misc":{"Escrito por":"gaprsa","Tiempo de lectura":"2 minutos"},"schema":{"@context":"https:\/\/schema.org","@graph":[{"@type":"WebPage","@id":"https:\/\/www.ull.es\/portal\/noticias\/2016\/la-universidad-de-la-laguna-celebrara-manana-su-dia-institucional-con-motivo-de-su-224o-aniversario\/","url":"https:\/\/www.ull.es\/portal\/noticias\/2016\/la-universidad-de-la-laguna-celebrara-manana-su-dia-institucional-con-motivo-de-su-224o-aniversario\/","name":"La Universidad de La Laguna celebrar\u00e1 ma\u00f1ana su D\u00eda Institucional con motivo de su 224\u00ba Aniversario - ULL - Noticias","isPartOf":{"@id":"https:\/\/www.ull.es\/portal\/noticias\/#website"},"datePublished":"2016-03-10T15:32:35+00:00","dateModified":"2016-03-10T15:32:35+00:00","author":{"@id":"https:\/\/www.ull.es\/portal\/noticias\/#\/schema\/person\/b2b1a89d43ffa609e591f7df8ef3e817"},"breadcrumb":{"@id":"https:\/\/www.ull.es\/portal\/noticias\/2016\/la-universidad-de-la-laguna-celebrara-manana-su-dia-institucional-con-motivo-de-su-224o-aniversario\/#breadcrumb"},"inLanguage":"es","potentialAction":[{"@type":"ReadAction","target":["https:\/\/www.ull.es\/portal\/noticias\/2016\/la-universidad-de-la-laguna-celebrara-manana-su-dia-institucional-con-motivo-de-su-224o-aniversario\/"]}]},{"@type":"BreadcrumbList","@id":"https:\/\/www.ull.es\/portal\/noticias\/2016\/la-universidad-de-la-laguna-celebrara-manana-su-dia-institucional-con-motivo-de-su-224o-aniversario\/#breadcrumb","itemListElement":[{"@type":"ListItem","position":1,"name":"Portada","item":"https:\/\/www.ull.es\/portal\/noticias\/"},{"@type":"ListItem","position":2,"name":"La Universidad de La Laguna celebrar\u00e1 ma\u00f1ana su D\u00eda Institucional con motivo de su 224\u00ba Aniversario"}]},{"@type":"WebSite","@id":"https:\/\/www.ull.es\/portal\/noticias\/#website","url":"https:\/\/www.ull.es\/portal\/noticias\/","name":"ULL - Noticias","description":"","potentialAction":[{"@type":"SearchAction","target":{"@type":"EntryPoint","urlTemplate":"https:\/\/www.ull.es\/portal\/noticias\/?s={search_term_string}"},"query-input":"required name=search_term_string"}],"inLanguage":"es"},{"@type":"Person","@id":"https:\/\/www.ull.es\/portal\/noticias\/#\/schema\/person\/b2b1a89d43ffa609e591f7df8ef3e817","name":"gaprsa","image":{"@type":"ImageObject","inLanguage":"es","@id":"https:\/\/www.ull.es\/portal\/noticias\/#\/schema\/person\/image\/","url":"https:\/\/secure.gravatar.com\/avatar\/443820550921091458b4823867723b3d?s=96&d=mm&r=g","contentUrl":"https:\/\/secure.gravatar.com\/avatar\/443820550921091458b4823867723b3d?s=96&d=mm&r=g","caption":"gaprsa"},"url":"https:\/\/www.ull.es\/portal\/noticias\/author\/gaprsa\/"}]}},"primary_category":null,"featured_image_thumbnail_url":"https:\/\/www.ull.es\/portal\/noticias\/wp-content\/uploads\/sites\/13\/2016\/03\/edificio_central-300x200.jpg","_links":{"self":[{"href":"https:\/\/www.ull.es\/portal\/noticias\/wp-json\/wp\/v2\/posts\/26885"}],"collection":[{"href":"https:\/\/www.ull.es\/portal\/noticias\/wp-json\/wp\/v2\/posts"}],"about":[{"href":"https:\/\/www.ull.es\/portal\/noticias\/wp-json\/wp\/v2\/types\/post"}],"author":[{"embeddable":true,"href":"https:\/\/www.ull.es\/portal\/noticias\/wp-json\/wp\/v2\/users\/23"}],"replies":[{"embeddable":true,"href":"https:\/\/www.ull.es\/portal\/noticias\/wp-json\/wp\/v2\/comments?post=26885"}],"version-history":[{"count":0,"href":"https:\/\/www.ull.es\/portal\/noticias\/wp-json\/wp\/v2\/posts\/26885\/revisions"}],"wp:featuredmedia":[{"embeddable":true,"href":"https:\/\/www.ull.es\/portal\/noticias\/wp-json\/wp\/v2\/media\/26886"}],"wp:attachment":[{"href":"https:\/\/www.ull.es\/portal\/noticias\/wp-json\/wp\/v2\/media?parent=26885"}],"wp:term":[{"taxonomy":"category","embeddable":true,"href":"https:\/\/www.ull.es\/portal\/noticias\/wp-json\/wp\/v2\/categories?post=26885"},{"taxonomy":"post_tag","embeddable":true,"href":"https:\/\/www.ull.es\/portal\/noticias\/wp-json\/wp\/v2\/tags?post=26885"}],"curies":[{"name":"wp","href":"https:\/\/api.w.org\/{rel}","templated":true}]}}