{"id":26927,"date":"2016-03-14T11:58:40","date_gmt":"2016-03-14T11:58:40","guid":{"rendered":"http:\/\/ddigital.webs.ull.es\/?p=26927"},"modified":"2016-03-14T11:58:40","modified_gmt":"2016-03-14T11:58:40","slug":"dos-proyectos-de-estudiantes-de-la-ull-premiados-en-la-celebracion-del-dia-mundial-del-agua","status":"publish","type":"post","link":"https:\/\/www.ull.es\/portal\/noticias\/2016\/dos-proyectos-de-estudiantes-de-la-ull-premiados-en-la-celebracion-del-dia-mundial-del-agua\/","title":{"rendered":"Dos  proyectos de estudiantes de la ULL, premiados en la celebraci\u00f3n del D\u00eda Mundial del Agua"},"content":{"rendered":"<p>El pasado 10 de marzo se celebraron las Jornadas T\u00e9cnicas sobre Ingenier\u00eda y Recursos H\u00eddricos en Canarias, organizadas por el Aula cultural T\u00e9cnica del Agua, el Terreno y la Energ\u00eda de la Universidad de La Laguna y la C\u00e1mara Insular de Aguas de Tenerife. Enmarcado en este encuentro ten\u00eda lugar la convocatoria del I Premio D\u00eda Mundial del Agua al mejor trabajo acad\u00e9mico relacionado con el ciclo integral del agua en las islas volc\u00e1nicas presentado en la ULL, dentro de la rama de ingenier\u00eda y arquitectura.<\/p>\n<p>En esta primera edici\u00f3n el premio ha recay\u00f3 en el estudio \u201cEvaluaci\u00f3n de la estabilidad operacional de un biorreactor de membrana aerobio\u00bb, desarrollado por Elisa Garc\u00eda Toledo como trabajo fin de grado de Ingenier\u00eda Qu\u00edmica Industrial, mientras que el acc\u00e9sit fue para \u201cEstudio socioecon\u00f3mico sobre las galer\u00edas de agua pertenecientes al T\u00e9rmino Municipal de Gu\u00eda de Isora, en la isla de Tenerife\u201d, del alumno de la Secci\u00f3n de Ingenier\u00eda Agraria Marcelino Castro.<\/p>\n<p>El trabajo ganador fue realizado por Elisa Garc\u00eda en una instalaci\u00f3n piloto del grupo de investigaci\u00f3n Tratamiento y Reutilizaci\u00f3n de Aguas de la ULL, ubicada en las infraestructuras de regeneraci\u00f3n de aguas depuradas de la entidad p\u00fablica BALTEN.<\/p>\n<p>La unidad experimental consiste en un biorreactor de membranas sumergidas que permite sumar a la depuraci\u00f3n biol\u00f3gica de las aguas depuradas, lograda por el ciclo biol\u00f3gico de las bacterias presentes, la barrera f\u00edsica ante part\u00edculas, coloides, virus y bacterias que constituye la membrana de ultrafiltraci\u00f3n. El estudio ha permitido definir condiciones de operaci\u00f3n \u00f3ptimas de este sistema para producir aguas con baja carga org\u00e1nica y ricas en nutrientes, aspecto de gran inter\u00e9s para su reutilizaci\u00f3n en riego agr\u00edcola.<\/p>\n<p>Los resultados del trabajo premiado han sido incorporados en el art\u00edculo \u201cEffect of sludge characteristics on membrane fouling during start-up of a tertiary submerged membrane bioreactor\u201c, aceptado recientemente para su publicaci\u00f3n en la revista de alto impacto en el \u00e1mbito de las Ciencias Ambientales, Environmental Science &amp; Pollution Research.<\/p>\n<p>En cuanto al acc\u00e9sit de Marcelino Castro, destaca por su aproximaci\u00f3n precisa a los costes de captaci\u00f3n de las aguas subterr\u00e1neas en Canarias, tomando como estudio de caso las galer\u00edas ubicadas en el municipio de Gu\u00eda de Isora. Una de sus aportaciones m\u00e1s relevantes es la aplicaci\u00f3n de la ley del suelo y el reglamento que lo desarrolla para la valoraci\u00f3n de las galer\u00edas de agua, utilizando el m\u00e9todo anal\u00edtico de valoraci\u00f3n, basado en la capitalizaci\u00f3n de las rentas que la inversi\u00f3n pueden generar.<br \/>\nDe esta forma, se realiza una aproximaci\u00f3n al valor real del sistema de captaci\u00f3n de aguas subterr\u00e1neas del municipio, incluyendo no solo el c\u00e1lculo del riesgo global de dicha inversi\u00f3n en el municipio y su repercusi\u00f3n en el valor, sino las perspectivas de producci\u00f3n, estimados a partir de la evoluci\u00f3n reciente de la producci\u00f3n y a partir de la percepci\u00f3n de los propietarios.<\/p>\n<p><strong>D\u00eda del Agua<\/strong><\/p>\n<p>Este es el segundo a\u00f1o que se realizan actos de este tipo en la Universidad de La Laguna para conmemorar un activo tan importante y fundamental en las islas como es el agua. El director del aula cultural organizadora, el profesor Juan Carlos Santamarta, alab\u00f3 el gran nivel de los participantes en la convocatoria y anticip\u00f3 que el a\u00f1o que viene se pretende incrementar el n\u00famero de actos acad\u00e9micos, as\u00ed como el reconocimiento de personas relevantes en el sector del agua de las islas.<\/p>\n","protected":false},"excerpt":{"rendered":"<p>El pasado 10 de marzo se celebraron las Jornadas T\u00e9cnicas sobre Ingenier\u00eda y Recursos H\u00eddricos en Canarias, organizadas por el&#8230;<\/p>\n","protected":false},"author":23,"featured_media":26929,"comment_status":"open","ping_status":"open","sticky":false,"template":"","format":"standard","meta":{"inline_featured_image":false,"footnotes":""},"categories":[343,345,1],"tags":[],"acf":[],"yoast_head":"<!-- This site is optimized with the Yoast SEO plugin v21.3 - https:\/\/yoast.com\/wordpress\/plugins\/seo\/ -->\n<title>Dos proyectos de estudiantes de la ULL, premiados en la celebraci\u00f3n del D\u00eda Mundial del Agua - ULL - Noticias<\/title>\n<meta name=\"robots\" content=\"index, follow, max-snippet:-1, max-image-preview:large, max-video-preview:-1\" \/>\n<link rel=\"canonical\" href=\"https:\/\/www.ull.es\/portal\/noticias\/2016\/dos-proyectos-de-estudiantes-de-la-ull-premiados-en-la-celebracion-del-dia-mundial-del-agua\/\" \/>\n<meta property=\"og:locale\" content=\"es_ES\" \/>\n<meta property=\"og:type\" content=\"article\" \/>\n<meta property=\"og:title\" content=\"Dos proyectos de estudiantes de la ULL, premiados en la celebraci\u00f3n del D\u00eda Mundial del Agua - ULL - Noticias\" \/>\n<meta property=\"og:description\" content=\"El pasado 10 de marzo se celebraron las Jornadas T\u00e9cnicas sobre Ingenier\u00eda y Recursos H\u00eddricos en Canarias, organizadas por el...\" \/>\n<meta property=\"og:url\" content=\"https:\/\/www.ull.es\/portal\/noticias\/2016\/dos-proyectos-de-estudiantes-de-la-ull-premiados-en-la-celebracion-del-dia-mundial-del-agua\/\" \/>\n<meta property=\"og:site_name\" content=\"ULL - Noticias\" \/>\n<meta property=\"article:publisher\" content=\"https:\/\/www.facebook.com\/universidaddelalaguna\/\" \/>\n<meta property=\"article:published_time\" content=\"2016-03-14T11:58:40+00:00\" \/>\n<meta property=\"og:image\" content=\"https:\/\/www.ull.es\/portal\/noticias\/wp-content\/uploads\/sites\/13\/2016\/03\/premio-aguas.jpg\" \/>\n\t<meta property=\"og:image:width\" content=\"1800\" \/>\n\t<meta property=\"og:image:height\" content=\"1200\" \/>\n\t<meta property=\"og:image:type\" content=\"image\/jpeg\" \/>\n<meta name=\"author\" content=\"gaprsa\" \/>\n<meta name=\"twitter:card\" content=\"summary_large_image\" \/>\n<meta name=\"twitter:creator\" content=\"@CanalULL\" \/>\n<meta name=\"twitter:site\" content=\"@CanalULL\" \/>\n<meta name=\"twitter:label1\" content=\"Escrito por\" \/>\n\t<meta name=\"twitter:data1\" content=\"gaprsa\" \/>\n\t<meta name=\"twitter:label2\" content=\"Tiempo de lectura\" \/>\n\t<meta name=\"twitter:data2\" content=\"3 minutos\" \/>\n<script type=\"application\/ld+json\" class=\"yoast-schema-graph\">{\"@context\":\"https:\/\/schema.org\",\"@graph\":[{\"@type\":\"WebPage\",\"@id\":\"https:\/\/www.ull.es\/portal\/noticias\/2016\/dos-proyectos-de-estudiantes-de-la-ull-premiados-en-la-celebracion-del-dia-mundial-del-agua\/\",\"url\":\"https:\/\/www.ull.es\/portal\/noticias\/2016\/dos-proyectos-de-estudiantes-de-la-ull-premiados-en-la-celebracion-del-dia-mundial-del-agua\/\",\"name\":\"Dos proyectos de estudiantes de la ULL, premiados en la celebraci\u00f3n del D\u00eda Mundial del Agua - ULL - Noticias\",\"isPartOf\":{\"@id\":\"https:\/\/www.ull.es\/portal\/noticias\/#website\"},\"datePublished\":\"2016-03-14T11:58:40+00:00\",\"dateModified\":\"2016-03-14T11:58:40+00:00\",\"author\":{\"@id\":\"https:\/\/www.ull.es\/portal\/noticias\/#\/schema\/person\/b2b1a89d43ffa609e591f7df8ef3e817\"},\"breadcrumb\":{\"@id\":\"https:\/\/www.ull.es\/portal\/noticias\/2016\/dos-proyectos-de-estudiantes-de-la-ull-premiados-en-la-celebracion-del-dia-mundial-del-agua\/#breadcrumb\"},\"inLanguage\":\"es\",\"potentialAction\":[{\"@type\":\"ReadAction\",\"target\":[\"https:\/\/www.ull.es\/portal\/noticias\/2016\/dos-proyectos-de-estudiantes-de-la-ull-premiados-en-la-celebracion-del-dia-mundial-del-agua\/\"]}]},{\"@type\":\"BreadcrumbList\",\"@id\":\"https:\/\/www.ull.es\/portal\/noticias\/2016\/dos-proyectos-de-estudiantes-de-la-ull-premiados-en-la-celebracion-del-dia-mundial-del-agua\/#breadcrumb\",\"itemListElement\":[{\"@type\":\"ListItem\",\"position\":1,\"name\":\"Portada\",\"item\":\"https:\/\/www.ull.es\/portal\/noticias\/\"},{\"@type\":\"ListItem\",\"position\":2,\"name\":\"Dos proyectos de estudiantes de la ULL, premiados en la celebraci\u00f3n del D\u00eda Mundial del Agua\"}]},{\"@type\":\"WebSite\",\"@id\":\"https:\/\/www.ull.es\/portal\/noticias\/#website\",\"url\":\"https:\/\/www.ull.es\/portal\/noticias\/\",\"name\":\"ULL - Noticias\",\"description\":\"\",\"potentialAction\":[{\"@type\":\"SearchAction\",\"target\":{\"@type\":\"EntryPoint\",\"urlTemplate\":\"https:\/\/www.ull.es\/portal\/noticias\/?s={search_term_string}\"},\"query-input\":\"required name=search_term_string\"}],\"inLanguage\":\"es\"},{\"@type\":\"Person\",\"@id\":\"https:\/\/www.ull.es\/portal\/noticias\/#\/schema\/person\/b2b1a89d43ffa609e591f7df8ef3e817\",\"name\":\"gaprsa\",\"image\":{\"@type\":\"ImageObject\",\"inLanguage\":\"es\",\"@id\":\"https:\/\/www.ull.es\/portal\/noticias\/#\/schema\/person\/image\/\",\"url\":\"https:\/\/secure.gravatar.com\/avatar\/443820550921091458b4823867723b3d?s=96&d=mm&r=g\",\"contentUrl\":\"https:\/\/secure.gravatar.com\/avatar\/443820550921091458b4823867723b3d?s=96&d=mm&r=g\",\"caption\":\"gaprsa\"},\"url\":\"https:\/\/www.ull.es\/portal\/noticias\/author\/gaprsa\/\"}]}<\/script>\n<!-- \/ Yoast SEO plugin. -->","yoast_head_json":{"title":"Dos proyectos de estudiantes de la ULL, premiados en la celebraci\u00f3n del D\u00eda Mundial del Agua - ULL - Noticias","robots":{"index":"index","follow":"follow","max-snippet":"max-snippet:-1","max-image-preview":"max-image-preview:large","max-video-preview":"max-video-preview:-1"},"canonical":"https:\/\/www.ull.es\/portal\/noticias\/2016\/dos-proyectos-de-estudiantes-de-la-ull-premiados-en-la-celebracion-del-dia-mundial-del-agua\/","og_locale":"es_ES","og_type":"article","og_title":"Dos proyectos de estudiantes de la ULL, premiados en la celebraci\u00f3n del D\u00eda Mundial del Agua - ULL - Noticias","og_description":"El pasado 10 de marzo se celebraron las Jornadas T\u00e9cnicas sobre Ingenier\u00eda y Recursos H\u00eddricos en Canarias, organizadas por el...","og_url":"https:\/\/www.ull.es\/portal\/noticias\/2016\/dos-proyectos-de-estudiantes-de-la-ull-premiados-en-la-celebracion-del-dia-mundial-del-agua\/","og_site_name":"ULL - Noticias","article_publisher":"https:\/\/www.facebook.com\/universidaddelalaguna\/","article_published_time":"2016-03-14T11:58:40+00:00","og_image":[{"width":1800,"height":1200,"url":"https:\/\/www.ull.es\/portal\/noticias\/wp-content\/uploads\/sites\/13\/2016\/03\/premio-aguas.jpg","type":"image\/jpeg"}],"author":"gaprsa","twitter_card":"summary_large_image","twitter_creator":"@CanalULL","twitter_site":"@CanalULL","twitter_misc":{"Escrito por":"gaprsa","Tiempo de lectura":"3 minutos"},"schema":{"@context":"https:\/\/schema.org","@graph":[{"@type":"WebPage","@id":"https:\/\/www.ull.es\/portal\/noticias\/2016\/dos-proyectos-de-estudiantes-de-la-ull-premiados-en-la-celebracion-del-dia-mundial-del-agua\/","url":"https:\/\/www.ull.es\/portal\/noticias\/2016\/dos-proyectos-de-estudiantes-de-la-ull-premiados-en-la-celebracion-del-dia-mundial-del-agua\/","name":"Dos proyectos de estudiantes de la ULL, premiados en la celebraci\u00f3n del D\u00eda Mundial del Agua - ULL - Noticias","isPartOf":{"@id":"https:\/\/www.ull.es\/portal\/noticias\/#website"},"datePublished":"2016-03-14T11:58:40+00:00","dateModified":"2016-03-14T11:58:40+00:00","author":{"@id":"https:\/\/www.ull.es\/portal\/noticias\/#\/schema\/person\/b2b1a89d43ffa609e591f7df8ef3e817"},"breadcrumb":{"@id":"https:\/\/www.ull.es\/portal\/noticias\/2016\/dos-proyectos-de-estudiantes-de-la-ull-premiados-en-la-celebracion-del-dia-mundial-del-agua\/#breadcrumb"},"inLanguage":"es","potentialAction":[{"@type":"ReadAction","target":["https:\/\/www.ull.es\/portal\/noticias\/2016\/dos-proyectos-de-estudiantes-de-la-ull-premiados-en-la-celebracion-del-dia-mundial-del-agua\/"]}]},{"@type":"BreadcrumbList","@id":"https:\/\/www.ull.es\/portal\/noticias\/2016\/dos-proyectos-de-estudiantes-de-la-ull-premiados-en-la-celebracion-del-dia-mundial-del-agua\/#breadcrumb","itemListElement":[{"@type":"ListItem","position":1,"name":"Portada","item":"https:\/\/www.ull.es\/portal\/noticias\/"},{"@type":"ListItem","position":2,"name":"Dos proyectos de estudiantes de la ULL, premiados en la celebraci\u00f3n del D\u00eda Mundial del Agua"}]},{"@type":"WebSite","@id":"https:\/\/www.ull.es\/portal\/noticias\/#website","url":"https:\/\/www.ull.es\/portal\/noticias\/","name":"ULL - Noticias","description":"","potentialAction":[{"@type":"SearchAction","target":{"@type":"EntryPoint","urlTemplate":"https:\/\/www.ull.es\/portal\/noticias\/?s={search_term_string}"},"query-input":"required name=search_term_string"}],"inLanguage":"es"},{"@type":"Person","@id":"https:\/\/www.ull.es\/portal\/noticias\/#\/schema\/person\/b2b1a89d43ffa609e591f7df8ef3e817","name":"gaprsa","image":{"@type":"ImageObject","inLanguage":"es","@id":"https:\/\/www.ull.es\/portal\/noticias\/#\/schema\/person\/image\/","url":"https:\/\/secure.gravatar.com\/avatar\/443820550921091458b4823867723b3d?s=96&d=mm&r=g","contentUrl":"https:\/\/secure.gravatar.com\/avatar\/443820550921091458b4823867723b3d?s=96&d=mm&r=g","caption":"gaprsa"},"url":"https:\/\/www.ull.es\/portal\/noticias\/author\/gaprsa\/"}]}},"primary_category":null,"featured_image_thumbnail_url":"https:\/\/www.ull.es\/portal\/noticias\/wp-content\/uploads\/sites\/13\/2016\/03\/premio-aguas-300x200.jpg","_links":{"self":[{"href":"https:\/\/www.ull.es\/portal\/noticias\/wp-json\/wp\/v2\/posts\/26927"}],"collection":[{"href":"https:\/\/www.ull.es\/portal\/noticias\/wp-json\/wp\/v2\/posts"}],"about":[{"href":"https:\/\/www.ull.es\/portal\/noticias\/wp-json\/wp\/v2\/types\/post"}],"author":[{"embeddable":true,"href":"https:\/\/www.ull.es\/portal\/noticias\/wp-json\/wp\/v2\/users\/23"}],"replies":[{"embeddable":true,"href":"https:\/\/www.ull.es\/portal\/noticias\/wp-json\/wp\/v2\/comments?post=26927"}],"version-history":[{"count":0,"href":"https:\/\/www.ull.es\/portal\/noticias\/wp-json\/wp\/v2\/posts\/26927\/revisions"}],"wp:featuredmedia":[{"embeddable":true,"href":"https:\/\/www.ull.es\/portal\/noticias\/wp-json\/wp\/v2\/media\/26929"}],"wp:attachment":[{"href":"https:\/\/www.ull.es\/portal\/noticias\/wp-json\/wp\/v2\/media?parent=26927"}],"wp:term":[{"taxonomy":"category","embeddable":true,"href":"https:\/\/www.ull.es\/portal\/noticias\/wp-json\/wp\/v2\/categories?post=26927"},{"taxonomy":"post_tag","embeddable":true,"href":"https:\/\/www.ull.es\/portal\/noticias\/wp-json\/wp\/v2\/tags?post=26927"}],"curies":[{"name":"wp","href":"https:\/\/api.w.org\/{rel}","templated":true}]}}