{"id":26988,"date":"2016-03-28T13:53:46","date_gmt":"2016-03-28T13:53:46","guid":{"rendered":"http:\/\/ddigital.webs.ull.es\/?p=26988"},"modified":"2016-03-28T13:53:46","modified_gmt":"2016-03-28T13:53:46","slug":"el-alumno-de-doctorado-de-la-ull-guido-santos-finalista-en-el-concurso-de-monologos-cientificos-famelab","status":"publish","type":"post","link":"https:\/\/www.ull.es\/portal\/noticias\/2016\/el-alumno-de-doctorado-de-la-ull-guido-santos-finalista-en-el-concurso-de-monologos-cientificos-famelab\/","title":{"rendered":"El alumno de doctorado de la ULL Guido Santos, finalista en el concurso de mon\u00f3logos cient\u00edficos Famelab"},"content":{"rendered":"<p>Guido Santos, bi\u00f3logo licenciado por la Universidad de La Laguna y alumno de doctorado de la misma instituci\u00f3n que actualmente realiza una estancia en la Universit\u00e4t N\u00farnberg-Erlangen (Alemania), ha sido uno de los cuatro seleccionados en la semifinal del concurso de mon\u00f3logos cient\u00edficos Famelab celebrada en Barcelona el pasado 19 de marzo. Esta fue su actuaci\u00f3n:<\/p>\n<p>M\u00e1s de 700 personas presenciaron la actuaci\u00f3n de ocho de los diecis\u00e9is semifinalistas de este certamen internacional de mon\u00f3logos cient\u00edficos que organizan en Espa\u00f1a la Fundaci\u00f3n Espa\u00f1ola para la Ciencia y la Tecnolog\u00eda (FECYT) y el British Council con la colaboraci\u00f3n de la Obra Social \u201dla Caixa\u201d. La gala, presentada por el humorista Luis Piedrahita, se celebr\u00f3 en el teatro Poliorama gracias al apoyo de la Real Academia de Ciencias y Artes de Barcelona.<\/p>\n<p>Guido Santos Rosales logr\u00f3 clasificarse con su mon\u00f3logo \u00abMelanocitos y sistema inmune\u00bb. Los otros tres semifinalistas fueron Alba Agui\u00f3n Tarr\u00edo, de Education through Expeditions (Reino Unido); \u00c1lvaro Viudez Gonz\u00e1lez, de la Universidade do Minho (Braga, Portugal) ; y Guadalupe Castellano P\u00e9rez \u2013 IESO Manuel de Guzm\u00e1n (Navahermosa, Toledo).<\/p>\n<p>Todos demostraron tener grandes habilidades comunicativas para explicar, en tres minutos y de forma entretenida, la nanomedicina, las simetr\u00edas, la mejora de una vacuna terap\u00e9utica contra el melanoma o las caracter\u00edsticas biol\u00f3gicas de los caballitos de mar, entre otros temas, pero s\u00f3lo cuatro lograron clasificarse para la gran final espa\u00f1ola.<\/p>\n<p>El jurado de la semifinal de Barcelona estuvo integrado por Mara Dierssen, l\u00edder del grupo de biolog\u00eda molecular del Centro de Regulaci\u00f3n Gen\u00f3mica de Barcelona; Ricardo Moure, bi\u00f3logo y ganador de Famelab Espa\u00f1a 2014 y M\u00f3nica Usart, f\u00edsica y meteor\u00f3loga en RAC1, RAC105 y 8tv.<\/p>\n<p>El pr\u00f3ximo 1 de abril tendr\u00e1 lugar en Valencia una segunda semifinal de la que saldr\u00e1n otros cuatro finalistas y competir\u00e1n con un nuevo mon\u00f3logo el 12 de mayo en Madrid y el ganador representar\u00e1 a Espa\u00f1a en el Cheltenham Science Festival que se celebrar\u00e1 en junio en el Reino Unido.<\/p>\n<p><strong>Famelab Espa\u00f1a<\/strong><br \/>\nLa edici\u00f3n espa\u00f1ola de Famelab se celebr\u00f3 por primera vez en 2013. El matem\u00e1tico Eduardo S\u00e1enz de Cabez\u00f3n, el bi\u00f3logo Ricardo Moure y el estudiante de Biolog\u00eda Sanitaria, \u00c1lvaro Morales, resultaron ganadores en la primera, segunda y tercera edici\u00f3n, respectivamente, con sus mon\u00f3logos sobre teoremas, obesidad y c\u00e9lulas madre. Los dos primeros se clasificaron tambi\u00e9n en la semifinal internacional y disputaron la final de los diez mejores monologuistas del Cheltenham Science Festival.<\/p>\n<p>\u00c9stos y otros participantes han conseguido llegar a grandes audiencias y hoy en d\u00eda colaboran para medios de comunicaci\u00f3n nacionales. En especial, destaca el grupo Big Van, formado por finalistas de la primera y segunda edici\u00f3n, con una intensa actividad divulgativa\u00a0 y actuaciones de contenido cient\u00edfico en congresos, teatros y eventos en Espa\u00f1a e Iberoam\u00e9rica.<\/p>\n<p>Famelab Espa\u00f1a ha contado con el apoyo de S.M. la Reina do\u00f1a Letizia, quien ha asistido a las finales de 2014 y 2015 en la Sala Galileo Galiei de Madrid. En la \u00faltima, estuvo acompa\u00f1ada por S.M. el Rey don Felipe y ambos hicieron entrega del premio al ganador.<\/p>\n<p><strong>Historia de Famelab<\/strong><br \/>\nFamelab naci\u00f3 en 2005 gracias a una idea original del Festival de Cheltenham, cuyo principal objetivo es fomentar la divulgaci\u00f3n de la ciencia identificando, formando y dando a conocer nuevos talentos de la ciencia a trav\u00e9s de un formato innovador: el mon\u00f3logo cient\u00edfico.<\/p>\n<p>Desde 2007, gracias a la asociaci\u00f3n con el British Council, Famelab se celebra en m\u00e1s de 25 pa\u00edses de Europa, Asia, \u00c1frica y Estados Unidos. Ya son m\u00e1s de 5.000 investigadores de todo el mundo los que han participado en alguna de sus ediciones.<\/p>\n<p>Toda la informaci\u00f3n y las bases del concurso en <a href=\"http:\/\/www.famelab.es\" target=\"_blank\" target=\"_blank\" rel=\"noopener\">www.famelab.es<\/a><\/p>\n<p>(Nota, foto y video cedidos por la FECYT).<\/p>\n","protected":false},"excerpt":{"rendered":"<p>Guido Santos, bi\u00f3logo licenciado por la Universidad de La Laguna y alumno de doctorado de la misma instituci\u00f3n que actualmente&#8230;<\/p>\n","protected":false},"author":23,"featured_media":26989,"comment_status":"open","ping_status":"open","sticky":false,"template":"","format":"standard","meta":{"inline_featured_image":false,"footnotes":""},"categories":[343,345,1],"tags":[],"acf":[],"yoast_head":"<!-- This site is optimized with the Yoast SEO plugin v21.3 - https:\/\/yoast.com\/wordpress\/plugins\/seo\/ -->\n<title>El alumno de doctorado de la ULL Guido Santos, finalista en el concurso de mon\u00f3logos cient\u00edficos Famelab - ULL - Noticias<\/title>\n<meta name=\"robots\" content=\"index, follow, max-snippet:-1, max-image-preview:large, max-video-preview:-1\" \/>\n<link rel=\"canonical\" href=\"https:\/\/www.ull.es\/portal\/noticias\/2016\/el-alumno-de-doctorado-de-la-ull-guido-santos-finalista-en-el-concurso-de-monologos-cientificos-famelab\/\" \/>\n<meta property=\"og:locale\" content=\"es_ES\" \/>\n<meta property=\"og:type\" content=\"article\" \/>\n<meta property=\"og:title\" content=\"El alumno de doctorado de la ULL Guido Santos, finalista en el concurso de mon\u00f3logos cient\u00edficos Famelab - ULL - Noticias\" \/>\n<meta property=\"og:description\" content=\"Guido Santos, bi\u00f3logo licenciado por la Universidad de La Laguna y alumno de doctorado de la misma instituci\u00f3n que actualmente...\" \/>\n<meta property=\"og:url\" content=\"https:\/\/www.ull.es\/portal\/noticias\/2016\/el-alumno-de-doctorado-de-la-ull-guido-santos-finalista-en-el-concurso-de-monologos-cientificos-famelab\/\" \/>\n<meta property=\"og:site_name\" content=\"ULL - Noticias\" \/>\n<meta property=\"article:publisher\" content=\"https:\/\/www.facebook.com\/universidaddelalaguna\/\" \/>\n<meta property=\"article:published_time\" content=\"2016-03-28T13:53:46+00:00\" \/>\n<meta property=\"og:image\" content=\"https:\/\/www.ull.es\/portal\/noticias\/wp-content\/uploads\/sites\/13\/2016\/03\/famelab.jpg\" \/>\n\t<meta property=\"og:image:width\" content=\"992\" \/>\n\t<meta property=\"og:image:height\" content=\"558\" \/>\n\t<meta property=\"og:image:type\" content=\"image\/jpeg\" \/>\n<meta name=\"author\" content=\"gaprsa\" \/>\n<meta name=\"twitter:card\" content=\"summary_large_image\" \/>\n<meta name=\"twitter:creator\" content=\"@CanalULL\" \/>\n<meta name=\"twitter:site\" content=\"@CanalULL\" \/>\n<meta name=\"twitter:label1\" content=\"Escrito por\" \/>\n\t<meta name=\"twitter:data1\" content=\"gaprsa\" \/>\n\t<meta name=\"twitter:label2\" content=\"Tiempo de lectura\" \/>\n\t<meta name=\"twitter:data2\" content=\"3 minutos\" \/>\n<script type=\"application\/ld+json\" class=\"yoast-schema-graph\">{\"@context\":\"https:\/\/schema.org\",\"@graph\":[{\"@type\":\"WebPage\",\"@id\":\"https:\/\/www.ull.es\/portal\/noticias\/2016\/el-alumno-de-doctorado-de-la-ull-guido-santos-finalista-en-el-concurso-de-monologos-cientificos-famelab\/\",\"url\":\"https:\/\/www.ull.es\/portal\/noticias\/2016\/el-alumno-de-doctorado-de-la-ull-guido-santos-finalista-en-el-concurso-de-monologos-cientificos-famelab\/\",\"name\":\"El alumno de doctorado de la ULL Guido Santos, finalista en el concurso de mon\u00f3logos cient\u00edficos Famelab - ULL - Noticias\",\"isPartOf\":{\"@id\":\"https:\/\/www.ull.es\/portal\/noticias\/#website\"},\"datePublished\":\"2016-03-28T13:53:46+00:00\",\"dateModified\":\"2016-03-28T13:53:46+00:00\",\"author\":{\"@id\":\"https:\/\/www.ull.es\/portal\/noticias\/#\/schema\/person\/b2b1a89d43ffa609e591f7df8ef3e817\"},\"breadcrumb\":{\"@id\":\"https:\/\/www.ull.es\/portal\/noticias\/2016\/el-alumno-de-doctorado-de-la-ull-guido-santos-finalista-en-el-concurso-de-monologos-cientificos-famelab\/#breadcrumb\"},\"inLanguage\":\"es\",\"potentialAction\":[{\"@type\":\"ReadAction\",\"target\":[\"https:\/\/www.ull.es\/portal\/noticias\/2016\/el-alumno-de-doctorado-de-la-ull-guido-santos-finalista-en-el-concurso-de-monologos-cientificos-famelab\/\"]}]},{\"@type\":\"BreadcrumbList\",\"@id\":\"https:\/\/www.ull.es\/portal\/noticias\/2016\/el-alumno-de-doctorado-de-la-ull-guido-santos-finalista-en-el-concurso-de-monologos-cientificos-famelab\/#breadcrumb\",\"itemListElement\":[{\"@type\":\"ListItem\",\"position\":1,\"name\":\"Portada\",\"item\":\"https:\/\/www.ull.es\/portal\/noticias\/\"},{\"@type\":\"ListItem\",\"position\":2,\"name\":\"El alumno de doctorado de la ULL Guido Santos, finalista en el concurso de mon\u00f3logos cient\u00edficos Famelab\"}]},{\"@type\":\"WebSite\",\"@id\":\"https:\/\/www.ull.es\/portal\/noticias\/#website\",\"url\":\"https:\/\/www.ull.es\/portal\/noticias\/\",\"name\":\"ULL - Noticias\",\"description\":\"\",\"potentialAction\":[{\"@type\":\"SearchAction\",\"target\":{\"@type\":\"EntryPoint\",\"urlTemplate\":\"https:\/\/www.ull.es\/portal\/noticias\/?s={search_term_string}\"},\"query-input\":\"required name=search_term_string\"}],\"inLanguage\":\"es\"},{\"@type\":\"Person\",\"@id\":\"https:\/\/www.ull.es\/portal\/noticias\/#\/schema\/person\/b2b1a89d43ffa609e591f7df8ef3e817\",\"name\":\"gaprsa\",\"image\":{\"@type\":\"ImageObject\",\"inLanguage\":\"es\",\"@id\":\"https:\/\/www.ull.es\/portal\/noticias\/#\/schema\/person\/image\/\",\"url\":\"https:\/\/secure.gravatar.com\/avatar\/443820550921091458b4823867723b3d?s=96&d=mm&r=g\",\"contentUrl\":\"https:\/\/secure.gravatar.com\/avatar\/443820550921091458b4823867723b3d?s=96&d=mm&r=g\",\"caption\":\"gaprsa\"},\"url\":\"https:\/\/www.ull.es\/portal\/noticias\/author\/gaprsa\/\"}]}<\/script>\n<!-- \/ Yoast SEO plugin. -->","yoast_head_json":{"title":"El alumno de doctorado de la ULL Guido Santos, finalista en el concurso de mon\u00f3logos cient\u00edficos Famelab - ULL - Noticias","robots":{"index":"index","follow":"follow","max-snippet":"max-snippet:-1","max-image-preview":"max-image-preview:large","max-video-preview":"max-video-preview:-1"},"canonical":"https:\/\/www.ull.es\/portal\/noticias\/2016\/el-alumno-de-doctorado-de-la-ull-guido-santos-finalista-en-el-concurso-de-monologos-cientificos-famelab\/","og_locale":"es_ES","og_type":"article","og_title":"El alumno de doctorado de la ULL Guido Santos, finalista en el concurso de mon\u00f3logos cient\u00edficos Famelab - ULL - Noticias","og_description":"Guido Santos, bi\u00f3logo licenciado por la Universidad de La Laguna y alumno de doctorado de la misma instituci\u00f3n que actualmente...","og_url":"https:\/\/www.ull.es\/portal\/noticias\/2016\/el-alumno-de-doctorado-de-la-ull-guido-santos-finalista-en-el-concurso-de-monologos-cientificos-famelab\/","og_site_name":"ULL - Noticias","article_publisher":"https:\/\/www.facebook.com\/universidaddelalaguna\/","article_published_time":"2016-03-28T13:53:46+00:00","og_image":[{"width":992,"height":558,"url":"https:\/\/www.ull.es\/portal\/noticias\/wp-content\/uploads\/sites\/13\/2016\/03\/famelab.jpg","type":"image\/jpeg"}],"author":"gaprsa","twitter_card":"summary_large_image","twitter_creator":"@CanalULL","twitter_site":"@CanalULL","twitter_misc":{"Escrito por":"gaprsa","Tiempo de lectura":"3 minutos"},"schema":{"@context":"https:\/\/schema.org","@graph":[{"@type":"WebPage","@id":"https:\/\/www.ull.es\/portal\/noticias\/2016\/el-alumno-de-doctorado-de-la-ull-guido-santos-finalista-en-el-concurso-de-monologos-cientificos-famelab\/","url":"https:\/\/www.ull.es\/portal\/noticias\/2016\/el-alumno-de-doctorado-de-la-ull-guido-santos-finalista-en-el-concurso-de-monologos-cientificos-famelab\/","name":"El alumno de doctorado de la ULL Guido Santos, finalista en el concurso de mon\u00f3logos cient\u00edficos Famelab - ULL - Noticias","isPartOf":{"@id":"https:\/\/www.ull.es\/portal\/noticias\/#website"},"datePublished":"2016-03-28T13:53:46+00:00","dateModified":"2016-03-28T13:53:46+00:00","author":{"@id":"https:\/\/www.ull.es\/portal\/noticias\/#\/schema\/person\/b2b1a89d43ffa609e591f7df8ef3e817"},"breadcrumb":{"@id":"https:\/\/www.ull.es\/portal\/noticias\/2016\/el-alumno-de-doctorado-de-la-ull-guido-santos-finalista-en-el-concurso-de-monologos-cientificos-famelab\/#breadcrumb"},"inLanguage":"es","potentialAction":[{"@type":"ReadAction","target":["https:\/\/www.ull.es\/portal\/noticias\/2016\/el-alumno-de-doctorado-de-la-ull-guido-santos-finalista-en-el-concurso-de-monologos-cientificos-famelab\/"]}]},{"@type":"BreadcrumbList","@id":"https:\/\/www.ull.es\/portal\/noticias\/2016\/el-alumno-de-doctorado-de-la-ull-guido-santos-finalista-en-el-concurso-de-monologos-cientificos-famelab\/#breadcrumb","itemListElement":[{"@type":"ListItem","position":1,"name":"Portada","item":"https:\/\/www.ull.es\/portal\/noticias\/"},{"@type":"ListItem","position":2,"name":"El alumno de doctorado de la ULL Guido Santos, finalista en el concurso de mon\u00f3logos cient\u00edficos Famelab"}]},{"@type":"WebSite","@id":"https:\/\/www.ull.es\/portal\/noticias\/#website","url":"https:\/\/www.ull.es\/portal\/noticias\/","name":"ULL - Noticias","description":"","potentialAction":[{"@type":"SearchAction","target":{"@type":"EntryPoint","urlTemplate":"https:\/\/www.ull.es\/portal\/noticias\/?s={search_term_string}"},"query-input":"required name=search_term_string"}],"inLanguage":"es"},{"@type":"Person","@id":"https:\/\/www.ull.es\/portal\/noticias\/#\/schema\/person\/b2b1a89d43ffa609e591f7df8ef3e817","name":"gaprsa","image":{"@type":"ImageObject","inLanguage":"es","@id":"https:\/\/www.ull.es\/portal\/noticias\/#\/schema\/person\/image\/","url":"https:\/\/secure.gravatar.com\/avatar\/443820550921091458b4823867723b3d?s=96&d=mm&r=g","contentUrl":"https:\/\/secure.gravatar.com\/avatar\/443820550921091458b4823867723b3d?s=96&d=mm&r=g","caption":"gaprsa"},"url":"https:\/\/www.ull.es\/portal\/noticias\/author\/gaprsa\/"}]}},"primary_category":null,"featured_image_thumbnail_url":"https:\/\/www.ull.es\/portal\/noticias\/wp-content\/uploads\/sites\/13\/2016\/03\/famelab-300x169.jpg","_links":{"self":[{"href":"https:\/\/www.ull.es\/portal\/noticias\/wp-json\/wp\/v2\/posts\/26988"}],"collection":[{"href":"https:\/\/www.ull.es\/portal\/noticias\/wp-json\/wp\/v2\/posts"}],"about":[{"href":"https:\/\/www.ull.es\/portal\/noticias\/wp-json\/wp\/v2\/types\/post"}],"author":[{"embeddable":true,"href":"https:\/\/www.ull.es\/portal\/noticias\/wp-json\/wp\/v2\/users\/23"}],"replies":[{"embeddable":true,"href":"https:\/\/www.ull.es\/portal\/noticias\/wp-json\/wp\/v2\/comments?post=26988"}],"version-history":[{"count":0,"href":"https:\/\/www.ull.es\/portal\/noticias\/wp-json\/wp\/v2\/posts\/26988\/revisions"}],"wp:featuredmedia":[{"embeddable":true,"href":"https:\/\/www.ull.es\/portal\/noticias\/wp-json\/wp\/v2\/media\/26989"}],"wp:attachment":[{"href":"https:\/\/www.ull.es\/portal\/noticias\/wp-json\/wp\/v2\/media?parent=26988"}],"wp:term":[{"taxonomy":"category","embeddable":true,"href":"https:\/\/www.ull.es\/portal\/noticias\/wp-json\/wp\/v2\/categories?post=26988"},{"taxonomy":"post_tag","embeddable":true,"href":"https:\/\/www.ull.es\/portal\/noticias\/wp-json\/wp\/v2\/tags?post=26988"}],"curies":[{"name":"wp","href":"https:\/\/api.w.org\/{rel}","templated":true}]}}