{"id":27111,"date":"2016-04-07T13:57:56","date_gmt":"2016-04-07T13:57:56","guid":{"rendered":"http:\/\/ddigital.webs.ull.es\/?p=27111"},"modified":"2016-04-07T13:57:56","modified_gmt":"2016-04-07T13:57:56","slug":"el-aula-de-cine-de-la-ull-estrena-nuevo-espacio-de-proyeccion-en-una-sala-de-los-multicines-tenerife","status":"publish","type":"post","link":"https:\/\/www.ull.es\/portal\/noticias\/2016\/el-aula-de-cine-de-la-ull-estrena-nuevo-espacio-de-proyeccion-en-una-sala-de-los-multicines-tenerife\/","title":{"rendered":"El Aula de Cine de la ULL estrena nuevo espacio de proyecci\u00f3n en una sala de los Multicines Tenerife"},"content":{"rendered":"<p>El Aula de Cine de la Universidad de La Laguna, adscrita al Vicerrectorado de Relaciones con la Sociedad, ha acordado con los Multicines Tenerife la cesi\u00f3n ocasional de una de sus salas para las actividades del cineclub universitario. El nuevo espacio ser\u00e1 inaugurado ma\u00f1ana, viernes 8 de abril a las 19:30 horas en la sala 18 del recinto de exhibici\u00f3n, y contar\u00e1 con la presencia del rector de la instituci\u00f3n acad\u00e9mica, Antonio Martin\u00f3n.<\/p>\n<p>Tras la inauguraci\u00f3n del acto a cargo del rector y de los directores del aula, el profesor de la Facultad de Ciencias Pol\u00edticas, Sociales y de la Comunicaci\u00f3n de la ULL Fernando de Iturrate y el periodista Ram\u00f3n A. Gonz\u00e1lez Trujillo, se proceder\u00e1 a la presentaci\u00f3n del nuevo logotipo del aula cultural universitaria.<\/p>\n<p>Seguidamente, el grupo de teatro Medley amenizar\u00e1 la gala con un fragmento del musical \u201cChicago\u201d. Posteriormente, intervendr\u00e1 el director de programaci\u00f3n de Multicines Tenerife, Sabino \u00c1lvarez, y el escritor V\u00edctor Conde, en representaci\u00f3n de los colaboradores asiduos del aula.<\/p>\n<p>Tras un discurso de cierre del rector y otra intervenci\u00f3n final del grupo de teatro Medley, se proyectar\u00e1 un video con las actividades previstas para este a\u00f1o.<\/p>\n<p>La segunda parte del acto consistir\u00e1 en la presentaci\u00f3n de la Sala 1 de los multicines, que es la que ha sido asignada al Aula de cine de la ULL<\/p>\n<p>Finalmente, se proceder\u00e1 a la primera proyecci\u00f3n en este nuevo espacio: el cl\u00e1sico mudo del cine fant\u00e1stico \u201cNosferatu\u201d, dirigida en 1922 por W. F. Murnau, que constituye la primera adaptaci\u00f3n cinematogr\u00e1fica de la novela \u201cDr\u00e1cula\u201d.<\/p>\n","protected":false},"excerpt":{"rendered":"<p>El Aula de Cine de la Universidad de La Laguna, adscrita al Vicerrectorado de Relaciones con la Sociedad, ha acordado&#8230;<\/p>\n","protected":false},"author":23,"featured_media":27112,"comment_status":"open","ping_status":"open","sticky":false,"template":"","format":"standard","meta":{"inline_featured_image":false,"footnotes":""},"categories":[344,345,1],"tags":[],"acf":[],"yoast_head":"<!-- This site is optimized with the Yoast SEO plugin v21.3 - https:\/\/yoast.com\/wordpress\/plugins\/seo\/ -->\n<title>El Aula de Cine de la ULL estrena nuevo espacio de proyecci\u00f3n en una sala de los Multicines Tenerife - ULL - Noticias<\/title>\n<meta name=\"robots\" content=\"index, follow, max-snippet:-1, max-image-preview:large, max-video-preview:-1\" \/>\n<link rel=\"canonical\" href=\"https:\/\/www.ull.es\/portal\/noticias\/2016\/el-aula-de-cine-de-la-ull-estrena-nuevo-espacio-de-proyeccion-en-una-sala-de-los-multicines-tenerife\/\" \/>\n<meta property=\"og:locale\" content=\"es_ES\" \/>\n<meta property=\"og:type\" content=\"article\" \/>\n<meta property=\"og:title\" content=\"El Aula de Cine de la ULL estrena nuevo espacio de proyecci\u00f3n en una sala de los Multicines Tenerife - ULL - Noticias\" \/>\n<meta property=\"og:description\" content=\"El Aula de Cine de la Universidad de La Laguna, adscrita al Vicerrectorado de Relaciones con la Sociedad, ha acordado...\" \/>\n<meta property=\"og:url\" content=\"https:\/\/www.ull.es\/portal\/noticias\/2016\/el-aula-de-cine-de-la-ull-estrena-nuevo-espacio-de-proyeccion-en-una-sala-de-los-multicines-tenerife\/\" \/>\n<meta property=\"og:site_name\" content=\"ULL - Noticias\" \/>\n<meta property=\"article:publisher\" content=\"https:\/\/www.facebook.com\/universidaddelalaguna\/\" \/>\n<meta property=\"article:published_time\" content=\"2016-04-07T13:57:56+00:00\" \/>\n<meta property=\"og:image\" content=\"https:\/\/www.ull.es\/portal\/noticias\/wp-content\/uploads\/sites\/13\/2016\/04\/aula-cine.jpg\" \/>\n\t<meta property=\"og:image:width\" content=\"222\" \/>\n\t<meta property=\"og:image:height\" content=\"307\" \/>\n\t<meta property=\"og:image:type\" content=\"image\/jpeg\" \/>\n<meta name=\"author\" content=\"gaprsa\" \/>\n<meta name=\"twitter:card\" content=\"summary_large_image\" \/>\n<meta name=\"twitter:creator\" content=\"@CanalULL\" \/>\n<meta name=\"twitter:site\" content=\"@CanalULL\" \/>\n<meta name=\"twitter:label1\" content=\"Escrito por\" \/>\n\t<meta name=\"twitter:data1\" content=\"gaprsa\" \/>\n\t<meta name=\"twitter:label2\" content=\"Tiempo de lectura\" \/>\n\t<meta name=\"twitter:data2\" content=\"1 minuto\" \/>\n<script type=\"application\/ld+json\" class=\"yoast-schema-graph\">{\"@context\":\"https:\/\/schema.org\",\"@graph\":[{\"@type\":\"WebPage\",\"@id\":\"https:\/\/www.ull.es\/portal\/noticias\/2016\/el-aula-de-cine-de-la-ull-estrena-nuevo-espacio-de-proyeccion-en-una-sala-de-los-multicines-tenerife\/\",\"url\":\"https:\/\/www.ull.es\/portal\/noticias\/2016\/el-aula-de-cine-de-la-ull-estrena-nuevo-espacio-de-proyeccion-en-una-sala-de-los-multicines-tenerife\/\",\"name\":\"El Aula de Cine de la ULL estrena nuevo espacio de proyecci\u00f3n en una sala de los Multicines Tenerife - ULL - Noticias\",\"isPartOf\":{\"@id\":\"https:\/\/www.ull.es\/portal\/noticias\/#website\"},\"datePublished\":\"2016-04-07T13:57:56+00:00\",\"dateModified\":\"2016-04-07T13:57:56+00:00\",\"author\":{\"@id\":\"https:\/\/www.ull.es\/portal\/noticias\/#\/schema\/person\/b2b1a89d43ffa609e591f7df8ef3e817\"},\"breadcrumb\":{\"@id\":\"https:\/\/www.ull.es\/portal\/noticias\/2016\/el-aula-de-cine-de-la-ull-estrena-nuevo-espacio-de-proyeccion-en-una-sala-de-los-multicines-tenerife\/#breadcrumb\"},\"inLanguage\":\"es\",\"potentialAction\":[{\"@type\":\"ReadAction\",\"target\":[\"https:\/\/www.ull.es\/portal\/noticias\/2016\/el-aula-de-cine-de-la-ull-estrena-nuevo-espacio-de-proyeccion-en-una-sala-de-los-multicines-tenerife\/\"]}]},{\"@type\":\"BreadcrumbList\",\"@id\":\"https:\/\/www.ull.es\/portal\/noticias\/2016\/el-aula-de-cine-de-la-ull-estrena-nuevo-espacio-de-proyeccion-en-una-sala-de-los-multicines-tenerife\/#breadcrumb\",\"itemListElement\":[{\"@type\":\"ListItem\",\"position\":1,\"name\":\"Portada\",\"item\":\"https:\/\/www.ull.es\/portal\/noticias\/\"},{\"@type\":\"ListItem\",\"position\":2,\"name\":\"El Aula de Cine de la ULL estrena nuevo espacio de proyecci\u00f3n en una sala de los Multicines Tenerife\"}]},{\"@type\":\"WebSite\",\"@id\":\"https:\/\/www.ull.es\/portal\/noticias\/#website\",\"url\":\"https:\/\/www.ull.es\/portal\/noticias\/\",\"name\":\"ULL - Noticias\",\"description\":\"\",\"potentialAction\":[{\"@type\":\"SearchAction\",\"target\":{\"@type\":\"EntryPoint\",\"urlTemplate\":\"https:\/\/www.ull.es\/portal\/noticias\/?s={search_term_string}\"},\"query-input\":\"required name=search_term_string\"}],\"inLanguage\":\"es\"},{\"@type\":\"Person\",\"@id\":\"https:\/\/www.ull.es\/portal\/noticias\/#\/schema\/person\/b2b1a89d43ffa609e591f7df8ef3e817\",\"name\":\"gaprsa\",\"image\":{\"@type\":\"ImageObject\",\"inLanguage\":\"es\",\"@id\":\"https:\/\/www.ull.es\/portal\/noticias\/#\/schema\/person\/image\/\",\"url\":\"https:\/\/secure.gravatar.com\/avatar\/443820550921091458b4823867723b3d?s=96&d=mm&r=g\",\"contentUrl\":\"https:\/\/secure.gravatar.com\/avatar\/443820550921091458b4823867723b3d?s=96&d=mm&r=g\",\"caption\":\"gaprsa\"},\"url\":\"https:\/\/www.ull.es\/portal\/noticias\/author\/gaprsa\/\"}]}<\/script>\n<!-- \/ Yoast SEO plugin. -->","yoast_head_json":{"title":"El Aula de Cine de la ULL estrena nuevo espacio de proyecci\u00f3n en una sala de los Multicines Tenerife - ULL - Noticias","robots":{"index":"index","follow":"follow","max-snippet":"max-snippet:-1","max-image-preview":"max-image-preview:large","max-video-preview":"max-video-preview:-1"},"canonical":"https:\/\/www.ull.es\/portal\/noticias\/2016\/el-aula-de-cine-de-la-ull-estrena-nuevo-espacio-de-proyeccion-en-una-sala-de-los-multicines-tenerife\/","og_locale":"es_ES","og_type":"article","og_title":"El Aula de Cine de la ULL estrena nuevo espacio de proyecci\u00f3n en una sala de los Multicines Tenerife - ULL - Noticias","og_description":"El Aula de Cine de la Universidad de La Laguna, adscrita al Vicerrectorado de Relaciones con la Sociedad, ha acordado...","og_url":"https:\/\/www.ull.es\/portal\/noticias\/2016\/el-aula-de-cine-de-la-ull-estrena-nuevo-espacio-de-proyeccion-en-una-sala-de-los-multicines-tenerife\/","og_site_name":"ULL - Noticias","article_publisher":"https:\/\/www.facebook.com\/universidaddelalaguna\/","article_published_time":"2016-04-07T13:57:56+00:00","og_image":[{"width":222,"height":307,"url":"https:\/\/www.ull.es\/portal\/noticias\/wp-content\/uploads\/sites\/13\/2016\/04\/aula-cine.jpg","type":"image\/jpeg"}],"author":"gaprsa","twitter_card":"summary_large_image","twitter_creator":"@CanalULL","twitter_site":"@CanalULL","twitter_misc":{"Escrito por":"gaprsa","Tiempo de lectura":"1 minuto"},"schema":{"@context":"https:\/\/schema.org","@graph":[{"@type":"WebPage","@id":"https:\/\/www.ull.es\/portal\/noticias\/2016\/el-aula-de-cine-de-la-ull-estrena-nuevo-espacio-de-proyeccion-en-una-sala-de-los-multicines-tenerife\/","url":"https:\/\/www.ull.es\/portal\/noticias\/2016\/el-aula-de-cine-de-la-ull-estrena-nuevo-espacio-de-proyeccion-en-una-sala-de-los-multicines-tenerife\/","name":"El Aula de Cine de la ULL estrena nuevo espacio de proyecci\u00f3n en una sala de los Multicines Tenerife - ULL - Noticias","isPartOf":{"@id":"https:\/\/www.ull.es\/portal\/noticias\/#website"},"datePublished":"2016-04-07T13:57:56+00:00","dateModified":"2016-04-07T13:57:56+00:00","author":{"@id":"https:\/\/www.ull.es\/portal\/noticias\/#\/schema\/person\/b2b1a89d43ffa609e591f7df8ef3e817"},"breadcrumb":{"@id":"https:\/\/www.ull.es\/portal\/noticias\/2016\/el-aula-de-cine-de-la-ull-estrena-nuevo-espacio-de-proyeccion-en-una-sala-de-los-multicines-tenerife\/#breadcrumb"},"inLanguage":"es","potentialAction":[{"@type":"ReadAction","target":["https:\/\/www.ull.es\/portal\/noticias\/2016\/el-aula-de-cine-de-la-ull-estrena-nuevo-espacio-de-proyeccion-en-una-sala-de-los-multicines-tenerife\/"]}]},{"@type":"BreadcrumbList","@id":"https:\/\/www.ull.es\/portal\/noticias\/2016\/el-aula-de-cine-de-la-ull-estrena-nuevo-espacio-de-proyeccion-en-una-sala-de-los-multicines-tenerife\/#breadcrumb","itemListElement":[{"@type":"ListItem","position":1,"name":"Portada","item":"https:\/\/www.ull.es\/portal\/noticias\/"},{"@type":"ListItem","position":2,"name":"El Aula de Cine de la ULL estrena nuevo espacio de proyecci\u00f3n en una sala de los Multicines Tenerife"}]},{"@type":"WebSite","@id":"https:\/\/www.ull.es\/portal\/noticias\/#website","url":"https:\/\/www.ull.es\/portal\/noticias\/","name":"ULL - Noticias","description":"","potentialAction":[{"@type":"SearchAction","target":{"@type":"EntryPoint","urlTemplate":"https:\/\/www.ull.es\/portal\/noticias\/?s={search_term_string}"},"query-input":"required name=search_term_string"}],"inLanguage":"es"},{"@type":"Person","@id":"https:\/\/www.ull.es\/portal\/noticias\/#\/schema\/person\/b2b1a89d43ffa609e591f7df8ef3e817","name":"gaprsa","image":{"@type":"ImageObject","inLanguage":"es","@id":"https:\/\/www.ull.es\/portal\/noticias\/#\/schema\/person\/image\/","url":"https:\/\/secure.gravatar.com\/avatar\/443820550921091458b4823867723b3d?s=96&d=mm&r=g","contentUrl":"https:\/\/secure.gravatar.com\/avatar\/443820550921091458b4823867723b3d?s=96&d=mm&r=g","caption":"gaprsa"},"url":"https:\/\/www.ull.es\/portal\/noticias\/author\/gaprsa\/"}]}},"primary_category":null,"featured_image_thumbnail_url":"https:\/\/www.ull.es\/portal\/noticias\/wp-content\/uploads\/sites\/13\/2016\/04\/aula-cine-217x300.jpg","_links":{"self":[{"href":"https:\/\/www.ull.es\/portal\/noticias\/wp-json\/wp\/v2\/posts\/27111"}],"collection":[{"href":"https:\/\/www.ull.es\/portal\/noticias\/wp-json\/wp\/v2\/posts"}],"about":[{"href":"https:\/\/www.ull.es\/portal\/noticias\/wp-json\/wp\/v2\/types\/post"}],"author":[{"embeddable":true,"href":"https:\/\/www.ull.es\/portal\/noticias\/wp-json\/wp\/v2\/users\/23"}],"replies":[{"embeddable":true,"href":"https:\/\/www.ull.es\/portal\/noticias\/wp-json\/wp\/v2\/comments?post=27111"}],"version-history":[{"count":0,"href":"https:\/\/www.ull.es\/portal\/noticias\/wp-json\/wp\/v2\/posts\/27111\/revisions"}],"wp:featuredmedia":[{"embeddable":true,"href":"https:\/\/www.ull.es\/portal\/noticias\/wp-json\/wp\/v2\/media\/27112"}],"wp:attachment":[{"href":"https:\/\/www.ull.es\/portal\/noticias\/wp-json\/wp\/v2\/media?parent=27111"}],"wp:term":[{"taxonomy":"category","embeddable":true,"href":"https:\/\/www.ull.es\/portal\/noticias\/wp-json\/wp\/v2\/categories?post=27111"},{"taxonomy":"post_tag","embeddable":true,"href":"https:\/\/www.ull.es\/portal\/noticias\/wp-json\/wp\/v2\/tags?post=27111"}],"curies":[{"name":"wp","href":"https:\/\/api.w.org\/{rel}","templated":true}]}}