{"id":27114,"date":"2016-04-07T14:25:46","date_gmt":"2016-04-07T14:25:46","guid":{"rendered":"http:\/\/ddigital.webs.ull.es\/?p=27114"},"modified":"2017-12-14T09:01:54","modified_gmt":"2017-12-14T09:01:54","slug":"la-ull-celebrara-manana-las-vii-jornadas-sobre-derecho-de-la-union-europea","status":"publish","type":"post","link":"https:\/\/www.ull.es\/portal\/noticias\/2016\/la-ull-celebrara-manana-las-vii-jornadas-sobre-derecho-de-la-union-europea\/","title":{"rendered":"La ULL celebrar\u00e1 ma\u00f1ana las VII Jornadas sobre Derecho de la Uni\u00f3n Europea"},"content":{"rendered":"<p>La Facultad de Derecho de la Universidad de La Laguna y el Centro de Documentaci\u00f3n Europea de la instituci\u00f3n acad\u00e9mica organizan las VII Jornadas sobre Derecho de la Uni\u00f3n Europea, que se celebrar\u00e1n ma\u00f1ana, viernes 8 de abril a partir de las 9:00 horas en la Sala Tom\u00e1s y Valiente de la facultad co-organziadora. El encuentro se desarrollar\u00e1 en jornadas de ma\u00f1ana y tarde hasta las 19:00 horas, y ser\u00e1 inaugurado por el rector de la ULL, Antonio Martin\u00f3n.<\/p>\n<p>Como acto paralelo, el Centro de Documentaci\u00f3n Europea, en colaboraci\u00f3n con la Comisi\u00f3n Europea y su representaci\u00f3n en Espa\u00f1a, ha organizado una exposici\u00f3n itinerante con motivo del trig\u00e9simo aniversario de la adhesi\u00f3n de Espa\u00f1a a las comunidades europeas. En ella se muestras los principales hitos y personajes protagonistas de estas tres d\u00e9cadas de historia, y podr\u00e1 ser visitada de lunes a viernes en horario de 9.00 a 13.00 horas, entre el d\u00eda 6 y el 26 de de abril<\/p>\n<p><strong>Programa de la jornada<\/strong><\/p>\n<p>9.00. Inauguraci\u00f3n por el rector de la ULL, Antonio Martin\u00f3n Cejas; la decana de la Facultad de Derecho, M\u00aa Elvira Afonso Rodr\u00edguez; y la directora Acad\u00e9mica del Centro de Documentaci\u00f3n Europea, M\u00aa Asunci\u00f3n As\u00edn Cabrera.<\/p>\n<p>9.15. Presentaci\u00f3n de la exposici\u00f3n con motivo de la conmemoraci\u00f3n del Trig\u00e9simo Aniversario de la Adhesi\u00f3n de Espa\u00f1a a las Comunidades Europeas. M\u00aa Asunci\u00f3n As\u00edn Cabrera.<\/p>\n<p>9.30. \u00abEl Tribunal de Justicia de la Uni\u00f3n Europea ante la adhesi\u00f3n de la Uni\u00f3n al Convenio Europeo de Derechos Humanos\u00bb, por Ruth Martin\u00f3n Quintero, profesora Ayudante Doctora de Derecho Internacional P\u00fablico de la ULL.<\/p>\n<p>10.15. \u00abLa estrategia europea de seguridad y salud laboral 2014-2020: aspectos cr\u00edticos\u00bb, por Pablo Segado Rodr\u00edguez, profesor Asociado de Derecho del Trabajo y de la Seguridad Social de la ULL e inspector de Trabajo y Seguridad Social.<\/p>\n<p>11.30. \u00abLas cuestiones prejudiciales sobre la cl\u00e1usula suelo y la suspensi\u00f3n del procedimiento sin elevaci\u00f3n al Tribunal de Justicia de la Uni\u00f3n Europea\u00bb, por Antonio Santana P\u00e9rez, profesor Asociado de Derecho Mercantil de la ULL y abogado.<\/p>\n<p>12.15. \u00abSociedad l\u00edquida y Derecho privado europeo\u00bb, por Paz Garc\u00eda Rubio, catedr\u00e1tica de Derecho Civil de la Universidad de Santiago de Compostela.<\/p>\n<p>15.30. \u00abLa fuerza expansiva de las razones imperiosas de inter\u00e9s general: alcance y l\u00edmites de una cl\u00e1usula de interpretaci\u00f3n restrictiva en el Derecho de la Uni\u00f3n europea\u00bb, por Susana Eva Franco Escobar, doctora en Derecho.<\/p>\n<p>16.15. \u00abAlgunas consideraciones sobre la regulaci\u00f3n del hecho religioso en los Pa\u00edses de la Uni\u00f3n\u00bb, por In\u00e9s Cobo Sa\u00e9nz de los Terreros, profesora Titular de Derecho Eclesi\u00e1stico del Estado de la ULL.<\/p>\n<p>17.30. \u00abTreinta y cinco a\u00f1os de ingreso en la Uni\u00f3n Europea: aspectos constitucionales de la recepci\u00f3n del Derecho Comunitario\u00bb, por Antonio Marcelo Dom\u00ednguez Vila, profesor Titular de Derecho Constitucional de la ULL.<\/p>\n<p>18.15. \u00abEl delito de defraudaci\u00f3n contra la Hacienda de la Uni\u00f3n Europea\u00bb, por Esteban Sola Reche, catedr\u00e1tico de Derecho Penal de la ULL.<\/p>\n<p>19.00. Clausura.<\/p>\n","protected":false},"excerpt":{"rendered":"<p>La Facultad de Derecho de la Universidad de La Laguna y el Centro de Documentaci\u00f3n Europea de la instituci\u00f3n acad\u00e9mica&#8230;<\/p>\n","protected":false},"author":23,"featured_media":27115,"comment_status":"open","ping_status":"open","sticky":false,"template":"","format":"standard","meta":{"inline_featured_image":false,"footnotes":""},"categories":[3773,345,348,1],"tags":[792,1220,2524,2527,2550,2560],"acf":[],"yoast_head":"<!-- This site is optimized with the Yoast SEO plugin v21.3 - https:\/\/yoast.com\/wordpress\/plugins\/seo\/ -->\n<title>La ULL celebrar\u00e1 ma\u00f1ana las VII Jornadas sobre Derecho de la Uni\u00f3n Europea - ULL - Noticias<\/title>\n<meta name=\"robots\" content=\"index, follow, max-snippet:-1, max-image-preview:large, max-video-preview:-1\" \/>\n<link rel=\"canonical\" href=\"https:\/\/www.ull.es\/portal\/noticias\/2016\/la-ull-celebrara-manana-las-vii-jornadas-sobre-derecho-de-la-union-europea\/\" \/>\n<meta property=\"og:locale\" content=\"es_ES\" \/>\n<meta property=\"og:type\" content=\"article\" \/>\n<meta property=\"og:title\" content=\"La ULL celebrar\u00e1 ma\u00f1ana las VII Jornadas sobre Derecho de la Uni\u00f3n Europea - ULL - Noticias\" \/>\n<meta property=\"og:description\" content=\"La Facultad de Derecho de la Universidad de La Laguna y el Centro de Documentaci\u00f3n Europea de la instituci\u00f3n acad\u00e9mica...\" \/>\n<meta property=\"og:url\" content=\"https:\/\/www.ull.es\/portal\/noticias\/2016\/la-ull-celebrara-manana-las-vii-jornadas-sobre-derecho-de-la-union-europea\/\" \/>\n<meta property=\"og:site_name\" content=\"ULL - Noticias\" \/>\n<meta property=\"article:publisher\" content=\"https:\/\/www.facebook.com\/universidaddelalaguna\/\" \/>\n<meta property=\"article:published_time\" content=\"2016-04-07T14:25:46+00:00\" \/>\n<meta property=\"article:modified_time\" content=\"2017-12-14T09:01:54+00:00\" \/>\n<meta property=\"og:image\" content=\"https:\/\/www.ull.es\/portal\/noticias\/wp-content\/uploads\/sites\/13\/2016\/04\/jornada-derecho-ue.jpg\" \/>\n\t<meta property=\"og:image:width\" content=\"652\" \/>\n\t<meta property=\"og:image:height\" content=\"800\" \/>\n\t<meta property=\"og:image:type\" content=\"image\/jpeg\" \/>\n<meta name=\"author\" content=\"gaprsa\" \/>\n<meta name=\"twitter:card\" content=\"summary_large_image\" \/>\n<meta name=\"twitter:creator\" content=\"@CanalULL\" \/>\n<meta name=\"twitter:site\" content=\"@CanalULL\" \/>\n<meta name=\"twitter:label1\" content=\"Escrito por\" \/>\n\t<meta name=\"twitter:data1\" content=\"gaprsa\" \/>\n\t<meta name=\"twitter:label2\" content=\"Tiempo de lectura\" \/>\n\t<meta name=\"twitter:data2\" content=\"3 minutos\" \/>\n<script type=\"application\/ld+json\" class=\"yoast-schema-graph\">{\"@context\":\"https:\/\/schema.org\",\"@graph\":[{\"@type\":\"WebPage\",\"@id\":\"https:\/\/www.ull.es\/portal\/noticias\/2016\/la-ull-celebrara-manana-las-vii-jornadas-sobre-derecho-de-la-union-europea\/\",\"url\":\"https:\/\/www.ull.es\/portal\/noticias\/2016\/la-ull-celebrara-manana-las-vii-jornadas-sobre-derecho-de-la-union-europea\/\",\"name\":\"La ULL celebrar\u00e1 ma\u00f1ana las VII Jornadas sobre Derecho de la Uni\u00f3n Europea - ULL - Noticias\",\"isPartOf\":{\"@id\":\"https:\/\/www.ull.es\/portal\/noticias\/#website\"},\"datePublished\":\"2016-04-07T14:25:46+00:00\",\"dateModified\":\"2017-12-14T09:01:54+00:00\",\"author\":{\"@id\":\"https:\/\/www.ull.es\/portal\/noticias\/#\/schema\/person\/b2b1a89d43ffa609e591f7df8ef3e817\"},\"breadcrumb\":{\"@id\":\"https:\/\/www.ull.es\/portal\/noticias\/2016\/la-ull-celebrara-manana-las-vii-jornadas-sobre-derecho-de-la-union-europea\/#breadcrumb\"},\"inLanguage\":\"es\",\"potentialAction\":[{\"@type\":\"ReadAction\",\"target\":[\"https:\/\/www.ull.es\/portal\/noticias\/2016\/la-ull-celebrara-manana-las-vii-jornadas-sobre-derecho-de-la-union-europea\/\"]}]},{\"@type\":\"BreadcrumbList\",\"@id\":\"https:\/\/www.ull.es\/portal\/noticias\/2016\/la-ull-celebrara-manana-las-vii-jornadas-sobre-derecho-de-la-union-europea\/#breadcrumb\",\"itemListElement\":[{\"@type\":\"ListItem\",\"position\":1,\"name\":\"Portada\",\"item\":\"https:\/\/www.ull.es\/portal\/noticias\/\"},{\"@type\":\"ListItem\",\"position\":2,\"name\":\"La ULL celebrar\u00e1 ma\u00f1ana las VII Jornadas sobre Derecho de la Uni\u00f3n Europea\"}]},{\"@type\":\"WebSite\",\"@id\":\"https:\/\/www.ull.es\/portal\/noticias\/#website\",\"url\":\"https:\/\/www.ull.es\/portal\/noticias\/\",\"name\":\"ULL - Noticias\",\"description\":\"\",\"potentialAction\":[{\"@type\":\"SearchAction\",\"target\":{\"@type\":\"EntryPoint\",\"urlTemplate\":\"https:\/\/www.ull.es\/portal\/noticias\/?s={search_term_string}\"},\"query-input\":\"required name=search_term_string\"}],\"inLanguage\":\"es\"},{\"@type\":\"Person\",\"@id\":\"https:\/\/www.ull.es\/portal\/noticias\/#\/schema\/person\/b2b1a89d43ffa609e591f7df8ef3e817\",\"name\":\"gaprsa\",\"image\":{\"@type\":\"ImageObject\",\"inLanguage\":\"es\",\"@id\":\"https:\/\/www.ull.es\/portal\/noticias\/#\/schema\/person\/image\/\",\"url\":\"https:\/\/secure.gravatar.com\/avatar\/443820550921091458b4823867723b3d?s=96&d=mm&r=g\",\"contentUrl\":\"https:\/\/secure.gravatar.com\/avatar\/443820550921091458b4823867723b3d?s=96&d=mm&r=g\",\"caption\":\"gaprsa\"},\"url\":\"https:\/\/www.ull.es\/portal\/noticias\/author\/gaprsa\/\"}]}<\/script>\n<!-- \/ Yoast SEO plugin. -->","yoast_head_json":{"title":"La ULL celebrar\u00e1 ma\u00f1ana las VII Jornadas sobre Derecho de la Uni\u00f3n Europea - ULL - Noticias","robots":{"index":"index","follow":"follow","max-snippet":"max-snippet:-1","max-image-preview":"max-image-preview:large","max-video-preview":"max-video-preview:-1"},"canonical":"https:\/\/www.ull.es\/portal\/noticias\/2016\/la-ull-celebrara-manana-las-vii-jornadas-sobre-derecho-de-la-union-europea\/","og_locale":"es_ES","og_type":"article","og_title":"La ULL celebrar\u00e1 ma\u00f1ana las VII Jornadas sobre Derecho de la Uni\u00f3n Europea - ULL - Noticias","og_description":"La Facultad de Derecho de la Universidad de La Laguna y el Centro de Documentaci\u00f3n Europea de la instituci\u00f3n acad\u00e9mica...","og_url":"https:\/\/www.ull.es\/portal\/noticias\/2016\/la-ull-celebrara-manana-las-vii-jornadas-sobre-derecho-de-la-union-europea\/","og_site_name":"ULL - Noticias","article_publisher":"https:\/\/www.facebook.com\/universidaddelalaguna\/","article_published_time":"2016-04-07T14:25:46+00:00","article_modified_time":"2017-12-14T09:01:54+00:00","og_image":[{"width":652,"height":800,"url":"https:\/\/www.ull.es\/portal\/noticias\/wp-content\/uploads\/sites\/13\/2016\/04\/jornada-derecho-ue.jpg","type":"image\/jpeg"}],"author":"gaprsa","twitter_card":"summary_large_image","twitter_creator":"@CanalULL","twitter_site":"@CanalULL","twitter_misc":{"Escrito por":"gaprsa","Tiempo de lectura":"3 minutos"},"schema":{"@context":"https:\/\/schema.org","@graph":[{"@type":"WebPage","@id":"https:\/\/www.ull.es\/portal\/noticias\/2016\/la-ull-celebrara-manana-las-vii-jornadas-sobre-derecho-de-la-union-europea\/","url":"https:\/\/www.ull.es\/portal\/noticias\/2016\/la-ull-celebrara-manana-las-vii-jornadas-sobre-derecho-de-la-union-europea\/","name":"La ULL celebrar\u00e1 ma\u00f1ana las VII Jornadas sobre Derecho de la Uni\u00f3n Europea - ULL - Noticias","isPartOf":{"@id":"https:\/\/www.ull.es\/portal\/noticias\/#website"},"datePublished":"2016-04-07T14:25:46+00:00","dateModified":"2017-12-14T09:01:54+00:00","author":{"@id":"https:\/\/www.ull.es\/portal\/noticias\/#\/schema\/person\/b2b1a89d43ffa609e591f7df8ef3e817"},"breadcrumb":{"@id":"https:\/\/www.ull.es\/portal\/noticias\/2016\/la-ull-celebrara-manana-las-vii-jornadas-sobre-derecho-de-la-union-europea\/#breadcrumb"},"inLanguage":"es","potentialAction":[{"@type":"ReadAction","target":["https:\/\/www.ull.es\/portal\/noticias\/2016\/la-ull-celebrara-manana-las-vii-jornadas-sobre-derecho-de-la-union-europea\/"]}]},{"@type":"BreadcrumbList","@id":"https:\/\/www.ull.es\/portal\/noticias\/2016\/la-ull-celebrara-manana-las-vii-jornadas-sobre-derecho-de-la-union-europea\/#breadcrumb","itemListElement":[{"@type":"ListItem","position":1,"name":"Portada","item":"https:\/\/www.ull.es\/portal\/noticias\/"},{"@type":"ListItem","position":2,"name":"La ULL celebrar\u00e1 ma\u00f1ana las VII Jornadas sobre Derecho de la Uni\u00f3n Europea"}]},{"@type":"WebSite","@id":"https:\/\/www.ull.es\/portal\/noticias\/#website","url":"https:\/\/www.ull.es\/portal\/noticias\/","name":"ULL - Noticias","description":"","potentialAction":[{"@type":"SearchAction","target":{"@type":"EntryPoint","urlTemplate":"https:\/\/www.ull.es\/portal\/noticias\/?s={search_term_string}"},"query-input":"required name=search_term_string"}],"inLanguage":"es"},{"@type":"Person","@id":"https:\/\/www.ull.es\/portal\/noticias\/#\/schema\/person\/b2b1a89d43ffa609e591f7df8ef3e817","name":"gaprsa","image":{"@type":"ImageObject","inLanguage":"es","@id":"https:\/\/www.ull.es\/portal\/noticias\/#\/schema\/person\/image\/","url":"https:\/\/secure.gravatar.com\/avatar\/443820550921091458b4823867723b3d?s=96&d=mm&r=g","contentUrl":"https:\/\/secure.gravatar.com\/avatar\/443820550921091458b4823867723b3d?s=96&d=mm&r=g","caption":"gaprsa"},"url":"https:\/\/www.ull.es\/portal\/noticias\/author\/gaprsa\/"}]}},"primary_category":{"id":345,"name":"Destacado","slug":"destacado","link":"https:\/\/www.ull.es\/portal\/noticias\/category\/destacado\/"},"featured_image_thumbnail_url":"https:\/\/www.ull.es\/portal\/noticias\/wp-content\/uploads\/sites\/13\/2016\/04\/jornada-derecho-ue-245x300.jpg","_links":{"self":[{"href":"https:\/\/www.ull.es\/portal\/noticias\/wp-json\/wp\/v2\/posts\/27114"}],"collection":[{"href":"https:\/\/www.ull.es\/portal\/noticias\/wp-json\/wp\/v2\/posts"}],"about":[{"href":"https:\/\/www.ull.es\/portal\/noticias\/wp-json\/wp\/v2\/types\/post"}],"author":[{"embeddable":true,"href":"https:\/\/www.ull.es\/portal\/noticias\/wp-json\/wp\/v2\/users\/23"}],"replies":[{"embeddable":true,"href":"https:\/\/www.ull.es\/portal\/noticias\/wp-json\/wp\/v2\/comments?post=27114"}],"version-history":[{"count":1,"href":"https:\/\/www.ull.es\/portal\/noticias\/wp-json\/wp\/v2\/posts\/27114\/revisions"}],"predecessor-version":[{"id":34384,"href":"https:\/\/www.ull.es\/portal\/noticias\/wp-json\/wp\/v2\/posts\/27114\/revisions\/34384"}],"wp:featuredmedia":[{"embeddable":true,"href":"https:\/\/www.ull.es\/portal\/noticias\/wp-json\/wp\/v2\/media\/27115"}],"wp:attachment":[{"href":"https:\/\/www.ull.es\/portal\/noticias\/wp-json\/wp\/v2\/media?parent=27114"}],"wp:term":[{"taxonomy":"category","embeddable":true,"href":"https:\/\/www.ull.es\/portal\/noticias\/wp-json\/wp\/v2\/categories?post=27114"},{"taxonomy":"post_tag","embeddable":true,"href":"https:\/\/www.ull.es\/portal\/noticias\/wp-json\/wp\/v2\/tags?post=27114"}],"curies":[{"name":"wp","href":"https:\/\/api.w.org\/{rel}","templated":true}]}}