{"id":27182,"date":"2016-04-12T13:36:16","date_gmt":"2016-04-12T13:36:16","guid":{"rendered":"http:\/\/ddigital.webs.ull.es\/?p=27182"},"modified":"2016-04-12T13:36:16","modified_gmt":"2016-04-12T13:36:16","slug":"la-ull-presenta-en-candelaria-su-oferta-de-cursos-de-extension-universitaria-en-los-municipios-de-la-isla","status":"publish","type":"post","link":"https:\/\/www.ull.es\/portal\/noticias\/2016\/la-ull-presenta-en-candelaria-su-oferta-de-cursos-de-extension-universitaria-en-los-municipios-de-la-isla\/","title":{"rendered":"La ULL presenta en Candelaria su oferta de cursos de extensi\u00f3n universitaria en los municipios de la isla"},"content":{"rendered":"<p>El Sal\u00f3n de Plenos del Ayuntamiento de Candelaria acogi\u00f3 hoy, martes, 12 de abril, la presentaci\u00f3n del programa de cursos de extensi\u00f3n universitaria para este a\u00f1o 2016, que organiza la Universidad de La Laguna en 13 municipios de Tenerife: Arafo, Candelaria, El Rosario, G\u00fc\u00edmar, Icod de Los Vinos, La Guancha, La Victoria de Acentejo, Los Silos, San Juan de la Rambla, Santa \u00darsula, Santiago del Teide y Tacoronte.<\/p>\n<p>Francisco Javier Garc\u00eda, vicerrector de Relaciones con la Sociedad de la ULL, mostr\u00f3 su satisfacci\u00f3n por la convocatoria de este a\u00f1o de estos seminarios,\u00a0 en la que han participado 13 municipios y en la que se impartir\u00e1n 20 cursos. \u201cEl mejor reflejo de la conexi\u00f3n de nuestra instituci\u00f3n acad\u00e9mica con la sociedad son estos cursos de extensi\u00f3n universitaria municipales.\u201d<\/p>\n<p>La alcaldesa de Candelaria, Mar\u00eda Concepci\u00f3n Brito, manifest\u00f3 la apuesta del grupo de gobierno por este tipo de iniciativas, que se est\u00e1n implementando a trav\u00e9s de las concejal\u00edas de Cultura y Educaci\u00f3n. Acciones que no se hab\u00edan realizada en el municipio desde hace unos diez y que se retoman este a\u00f1o como una prioridad con la que continuaremos en a\u00f1os sucesivos.<\/p>\n<p>Por su parte, el concejal de Cultura del mismo ayuntamiento, Manuel Gonz\u00e1lez, apunt\u00f3 que desde su concejal\u00eda se han sumado este a\u00f1o a los cursos de extensi\u00f3n universitaria porque se quiere propiciar y mantener una l\u00ednea de actividades culturales de calidad para todos los segmentos de p\u00fablico.<\/p>\n<p>Natalia Aznarez, presidenta de la Fundaci\u00f3n CajaCanarias, principal patrocinadora de esta convocatoria de cursos, argument\u00f3 que la importancia de este tipo de acciones relacionadas con la formaci\u00f3n que es una herramienta indispensable para mejorar la sociedad.<\/p>\n<p>Asimismo, Mois\u00e9s Simancas, director Secretariado de Extensi\u00f3n Universitaria, agradeci\u00f3 la implicaci\u00f3n de cada uno de los ayuntamientos implicados en la convocatoria de este a\u00f1o.<\/p>\n<p>Los cursos est\u00e1n abiertos al p\u00fablico en general y est\u00e1n reconocidos como cr\u00e9ditos ECTS Los interesados en inscribirse lo pueden hacer a partir del lunes 18 de abril en el Vicerrectorado de Relaciones con la Sociedad o a trav\u00e9s de la web <a href=\"http:\/\/www.ull.es\/cursosdeextension\" target=\"_blank\" target=\"_blank\" rel=\"noopener\">www.ull.es\/cursosdeextension<\/a>. La matr\u00edcula general tendr\u00e1 un coste de 20\u20ac, y para empadronados de 10 \u20ac.<\/p>\n<p><strong>Listado de cursos por municipios<\/strong><\/p>\n<p>\u2022\u00a0\u00a0 \u00a0Arafo:<br \/>\n\u25e6\u00a0\u00a0 \u00a017 al 19 de Octubre. Metodolog\u00edas educativas para la atenci\u00f3n a la diversidad, lenguaje de signos, etc.<\/p>\n<p>\u2022\u00a0\u00a0 \u00a0Candelaria<br \/>\n\u25e6\u00a0\u00a0 \u00a09 al 11 de Mayo. Community Manager: gesti\u00f3n, desarrollo y mantenimiento de comunidades virtuales<br \/>\n\u25e6\u00a0\u00a0 \u00a06 al 8 de Junio. La m\u00fasica y su percepci\u00f3n: la audici\u00f3n y la interpretaci\u00f3n musical desde la perspectiva de la actividad cerebral.<\/p>\n<p>\u2022\u00a0\u00a0 \u00a0El Rosario:<br \/>\n\u25e6\u00a0\u00a0 \u00a09 al 11 de Mayo. Uso eficiente de los recursos agua y suelo en la agricultura ecol\u00f3gica. Cultivos y estrategias usadas en Canarias.<\/p>\n<p>\u2022\u00a0\u00a0 \u00a0G\u00fc\u00edmar:<br \/>\n\u25e6\u00a0\u00a0 \u00a01 al 3 de Junio. 40 a\u00f1os de protecci\u00f3n ambiental del Malpa\u00eds de G\u00fc\u00edmar: pasado, presente y futuro.<br \/>\n\u25e6\u00a0\u00a0 \u00a027 al 29 de Julio. Insulario Cervantino: dimensiones interdisciplinares del Quijote.<\/p>\n<p>\u2022\u00a0\u00a0 \u00a0Icod de los Vinos:<br \/>\n\u25e6\u00a0\u00a0 \u00a03 al 16 Octubre. Teatro pedag\u00f3gico aplicado a la expresi\u00f3n y comunicaci\u00f3n emocional.<\/p>\n<p>\u2022\u00a0\u00a0 \u00a0La Guancha:<br \/>\n\u25e6\u00a0\u00a0 \u00a06 al 8 de Junio. Acercamiento al sector vitivin\u00edcola.<br \/>\n\u25e6\u00a0\u00a0 \u00a026 al 28 de Septiembre. Lengua de signos.<\/p>\n<p>\u2022\u00a0\u00a0 \u00a0Arona:<br \/>\n\u25e6\u00a0\u00a0 \u00a018 al 20 de Mayo. Mejora de la competitividad comercial, marketing y gesti\u00f3n empresarial.<br \/>\n\u25e6\u00a0\u00a0 \u00a020 al 22 de Junio. Gesti\u00f3n del dise\u00f1o para el sector tur\u00edstico.<br \/>\n\u25e6\u00a0\u00a0 \u00a05 al 7 de Octubre. Marketing digital: los medios no convencionales aplicados a la promoci\u00f3n tur\u00edstica.<br \/>\n\u25e6\u00a0\u00a0 \u00a019 al 21 de Octubre. Envejecimiento y bienestar psicol\u00f3gico: mitos y realidades.<br \/>\n\u25e6\u00a0\u00a0 \u00a07 al 11 de Noviembre. Interpretaci\u00f3n e identificaci\u00f3n del patrimonio natural y cultural del municipio y su proyecci\u00f3n para nuevas estrategias de dinamizaci\u00f3n.<\/p>\n<p>\u2022\u00a0\u00a0 \u00a0La Victoria de Acentejo:<br \/>\n\u25e6\u00a0\u00a0 \u00a09 al 11 de Mayo. Planes de autoprotecci\u00f3n para espect\u00e1culos p\u00fablicos y actividades recreativas (eventos). Redacci\u00f3n, coordinaci\u00f3n y seguimiento.<\/p>\n<p>\u2022\u00a0\u00a0 \u00a0Los Silos:<br \/>\n\u25e6\u00a0\u00a0 \u00a0 6 al 8 de Diciembre. Cuentos maravillosos para el siglo XXI.<\/p>\n<p>\u2022\u00a0\u00a0 \u00a0San Juan de La Rambla:<br \/>\n\u25e6\u00a0\u00a0 \u00a017 al 22 de Octubre. La gesti\u00f3n del patrimonio cultural de San Juan de La Rambla como base para el desarrollo tur\u00edstico: claves para la dinamizaci\u00f3n econ\u00f3mica local.<\/p>\n<p>\u2022\u00a0\u00a0 \u00a0Santa \u00darsula:<br \/>\n\u25e6\u00a0\u00a0 \u00a011 al 13 de Julio. Innovaci\u00f3n en modelos de negocio en el sector tur\u00edstico: marketing social para empresas sostenibles.<\/p>\n<p>\u2022\u00a0\u00a0 \u00a0Santiago del Teide:<br \/>\n\u25e6\u00a0\u00a0 \u00a017 y 21 de Octubre. El patrimonio cultural y natural de Santiago del Teide: herramientas para su interpretaci\u00f3n y difusi\u00f3n a trav\u00e9s de rutas y gu\u00edas locales.<\/p>\n<p>\u2022\u00a0\u00a0 \u00a0Tacoronte:<br \/>\n\u25e6\u00a0\u00a0 \u00a0Aplicaci\u00f3n de las nuevas tecnol\u00f3gicas en el entorno educativo.<\/p>\n","protected":false},"excerpt":{"rendered":"<p>El Sal\u00f3n de Plenos del Ayuntamiento de Candelaria acogi\u00f3 hoy, martes, 12 de abril, la presentaci\u00f3n del programa de cursos&#8230;<\/p>\n","protected":false},"author":23,"featured_media":27183,"comment_status":"open","ping_status":"open","sticky":false,"template":"","format":"standard","meta":{"inline_featured_image":false,"footnotes":""},"categories":[1],"tags":[],"acf":[],"yoast_head":"<!-- This site is optimized with the Yoast SEO plugin v21.3 - https:\/\/yoast.com\/wordpress\/plugins\/seo\/ -->\n<title>La ULL presenta en Candelaria su oferta de cursos de extensi\u00f3n universitaria en los municipios de la isla - ULL - Noticias<\/title>\n<meta name=\"robots\" content=\"index, follow, max-snippet:-1, max-image-preview:large, max-video-preview:-1\" \/>\n<link rel=\"canonical\" href=\"https:\/\/www.ull.es\/portal\/noticias\/2016\/la-ull-presenta-en-candelaria-su-oferta-de-cursos-de-extension-universitaria-en-los-municipios-de-la-isla\/\" \/>\n<meta property=\"og:locale\" content=\"es_ES\" \/>\n<meta property=\"og:type\" content=\"article\" \/>\n<meta property=\"og:title\" content=\"La ULL presenta en Candelaria su oferta de cursos de extensi\u00f3n universitaria en los municipios de la isla - ULL - Noticias\" \/>\n<meta property=\"og:description\" content=\"El Sal\u00f3n de Plenos del Ayuntamiento de Candelaria acogi\u00f3 hoy, martes, 12 de abril, la presentaci\u00f3n del programa de cursos...\" \/>\n<meta property=\"og:url\" content=\"https:\/\/www.ull.es\/portal\/noticias\/2016\/la-ull-presenta-en-candelaria-su-oferta-de-cursos-de-extension-universitaria-en-los-municipios-de-la-isla\/\" \/>\n<meta property=\"og:site_name\" content=\"ULL - Noticias\" \/>\n<meta property=\"article:publisher\" content=\"https:\/\/www.facebook.com\/universidaddelalaguna\/\" \/>\n<meta property=\"article:published_time\" content=\"2016-04-12T13:36:16+00:00\" \/>\n<meta property=\"og:image\" content=\"https:\/\/www.ull.es\/portal\/noticias\/wp-content\/uploads\/sites\/13\/2016\/04\/presentacion-cursos-extension.jpg\" \/>\n\t<meta property=\"og:image:width\" content=\"1024\" \/>\n\t<meta property=\"og:image:height\" content=\"683\" \/>\n\t<meta property=\"og:image:type\" content=\"image\/jpeg\" \/>\n<meta name=\"author\" content=\"gaprsa\" \/>\n<meta name=\"twitter:card\" content=\"summary_large_image\" \/>\n<meta name=\"twitter:creator\" content=\"@CanalULL\" \/>\n<meta name=\"twitter:site\" content=\"@CanalULL\" \/>\n<meta name=\"twitter:label1\" content=\"Escrito por\" \/>\n\t<meta name=\"twitter:data1\" content=\"gaprsa\" \/>\n\t<meta name=\"twitter:label2\" content=\"Tiempo de lectura\" \/>\n\t<meta name=\"twitter:data2\" content=\"4 minutos\" \/>\n<script type=\"application\/ld+json\" class=\"yoast-schema-graph\">{\"@context\":\"https:\/\/schema.org\",\"@graph\":[{\"@type\":\"WebPage\",\"@id\":\"https:\/\/www.ull.es\/portal\/noticias\/2016\/la-ull-presenta-en-candelaria-su-oferta-de-cursos-de-extension-universitaria-en-los-municipios-de-la-isla\/\",\"url\":\"https:\/\/www.ull.es\/portal\/noticias\/2016\/la-ull-presenta-en-candelaria-su-oferta-de-cursos-de-extension-universitaria-en-los-municipios-de-la-isla\/\",\"name\":\"La ULL presenta en Candelaria su oferta de cursos de extensi\u00f3n universitaria en los municipios de la isla - ULL - Noticias\",\"isPartOf\":{\"@id\":\"https:\/\/www.ull.es\/portal\/noticias\/#website\"},\"datePublished\":\"2016-04-12T13:36:16+00:00\",\"dateModified\":\"2016-04-12T13:36:16+00:00\",\"author\":{\"@id\":\"https:\/\/www.ull.es\/portal\/noticias\/#\/schema\/person\/b2b1a89d43ffa609e591f7df8ef3e817\"},\"breadcrumb\":{\"@id\":\"https:\/\/www.ull.es\/portal\/noticias\/2016\/la-ull-presenta-en-candelaria-su-oferta-de-cursos-de-extension-universitaria-en-los-municipios-de-la-isla\/#breadcrumb\"},\"inLanguage\":\"es\",\"potentialAction\":[{\"@type\":\"ReadAction\",\"target\":[\"https:\/\/www.ull.es\/portal\/noticias\/2016\/la-ull-presenta-en-candelaria-su-oferta-de-cursos-de-extension-universitaria-en-los-municipios-de-la-isla\/\"]}]},{\"@type\":\"BreadcrumbList\",\"@id\":\"https:\/\/www.ull.es\/portal\/noticias\/2016\/la-ull-presenta-en-candelaria-su-oferta-de-cursos-de-extension-universitaria-en-los-municipios-de-la-isla\/#breadcrumb\",\"itemListElement\":[{\"@type\":\"ListItem\",\"position\":1,\"name\":\"Portada\",\"item\":\"https:\/\/www.ull.es\/portal\/noticias\/\"},{\"@type\":\"ListItem\",\"position\":2,\"name\":\"La ULL presenta en Candelaria su oferta de cursos de extensi\u00f3n universitaria en los municipios de la isla\"}]},{\"@type\":\"WebSite\",\"@id\":\"https:\/\/www.ull.es\/portal\/noticias\/#website\",\"url\":\"https:\/\/www.ull.es\/portal\/noticias\/\",\"name\":\"ULL - Noticias\",\"description\":\"\",\"potentialAction\":[{\"@type\":\"SearchAction\",\"target\":{\"@type\":\"EntryPoint\",\"urlTemplate\":\"https:\/\/www.ull.es\/portal\/noticias\/?s={search_term_string}\"},\"query-input\":\"required name=search_term_string\"}],\"inLanguage\":\"es\"},{\"@type\":\"Person\",\"@id\":\"https:\/\/www.ull.es\/portal\/noticias\/#\/schema\/person\/b2b1a89d43ffa609e591f7df8ef3e817\",\"name\":\"gaprsa\",\"image\":{\"@type\":\"ImageObject\",\"inLanguage\":\"es\",\"@id\":\"https:\/\/www.ull.es\/portal\/noticias\/#\/schema\/person\/image\/\",\"url\":\"https:\/\/secure.gravatar.com\/avatar\/443820550921091458b4823867723b3d?s=96&d=mm&r=g\",\"contentUrl\":\"https:\/\/secure.gravatar.com\/avatar\/443820550921091458b4823867723b3d?s=96&d=mm&r=g\",\"caption\":\"gaprsa\"},\"url\":\"https:\/\/www.ull.es\/portal\/noticias\/author\/gaprsa\/\"}]}<\/script>\n<!-- \/ Yoast SEO plugin. -->","yoast_head_json":{"title":"La ULL presenta en Candelaria su oferta de cursos de extensi\u00f3n universitaria en los municipios de la isla - ULL - Noticias","robots":{"index":"index","follow":"follow","max-snippet":"max-snippet:-1","max-image-preview":"max-image-preview:large","max-video-preview":"max-video-preview:-1"},"canonical":"https:\/\/www.ull.es\/portal\/noticias\/2016\/la-ull-presenta-en-candelaria-su-oferta-de-cursos-de-extension-universitaria-en-los-municipios-de-la-isla\/","og_locale":"es_ES","og_type":"article","og_title":"La ULL presenta en Candelaria su oferta de cursos de extensi\u00f3n universitaria en los municipios de la isla - ULL - Noticias","og_description":"El Sal\u00f3n de Plenos del Ayuntamiento de Candelaria acogi\u00f3 hoy, martes, 12 de abril, la presentaci\u00f3n del programa de cursos...","og_url":"https:\/\/www.ull.es\/portal\/noticias\/2016\/la-ull-presenta-en-candelaria-su-oferta-de-cursos-de-extension-universitaria-en-los-municipios-de-la-isla\/","og_site_name":"ULL - Noticias","article_publisher":"https:\/\/www.facebook.com\/universidaddelalaguna\/","article_published_time":"2016-04-12T13:36:16+00:00","og_image":[{"width":1024,"height":683,"url":"https:\/\/www.ull.es\/portal\/noticias\/wp-content\/uploads\/sites\/13\/2016\/04\/presentacion-cursos-extension.jpg","type":"image\/jpeg"}],"author":"gaprsa","twitter_card":"summary_large_image","twitter_creator":"@CanalULL","twitter_site":"@CanalULL","twitter_misc":{"Escrito por":"gaprsa","Tiempo de lectura":"4 minutos"},"schema":{"@context":"https:\/\/schema.org","@graph":[{"@type":"WebPage","@id":"https:\/\/www.ull.es\/portal\/noticias\/2016\/la-ull-presenta-en-candelaria-su-oferta-de-cursos-de-extension-universitaria-en-los-municipios-de-la-isla\/","url":"https:\/\/www.ull.es\/portal\/noticias\/2016\/la-ull-presenta-en-candelaria-su-oferta-de-cursos-de-extension-universitaria-en-los-municipios-de-la-isla\/","name":"La ULL presenta en Candelaria su oferta de cursos de extensi\u00f3n universitaria en los municipios de la isla - ULL - Noticias","isPartOf":{"@id":"https:\/\/www.ull.es\/portal\/noticias\/#website"},"datePublished":"2016-04-12T13:36:16+00:00","dateModified":"2016-04-12T13:36:16+00:00","author":{"@id":"https:\/\/www.ull.es\/portal\/noticias\/#\/schema\/person\/b2b1a89d43ffa609e591f7df8ef3e817"},"breadcrumb":{"@id":"https:\/\/www.ull.es\/portal\/noticias\/2016\/la-ull-presenta-en-candelaria-su-oferta-de-cursos-de-extension-universitaria-en-los-municipios-de-la-isla\/#breadcrumb"},"inLanguage":"es","potentialAction":[{"@type":"ReadAction","target":["https:\/\/www.ull.es\/portal\/noticias\/2016\/la-ull-presenta-en-candelaria-su-oferta-de-cursos-de-extension-universitaria-en-los-municipios-de-la-isla\/"]}]},{"@type":"BreadcrumbList","@id":"https:\/\/www.ull.es\/portal\/noticias\/2016\/la-ull-presenta-en-candelaria-su-oferta-de-cursos-de-extension-universitaria-en-los-municipios-de-la-isla\/#breadcrumb","itemListElement":[{"@type":"ListItem","position":1,"name":"Portada","item":"https:\/\/www.ull.es\/portal\/noticias\/"},{"@type":"ListItem","position":2,"name":"La ULL presenta en Candelaria su oferta de cursos de extensi\u00f3n universitaria en los municipios de la isla"}]},{"@type":"WebSite","@id":"https:\/\/www.ull.es\/portal\/noticias\/#website","url":"https:\/\/www.ull.es\/portal\/noticias\/","name":"ULL - Noticias","description":"","potentialAction":[{"@type":"SearchAction","target":{"@type":"EntryPoint","urlTemplate":"https:\/\/www.ull.es\/portal\/noticias\/?s={search_term_string}"},"query-input":"required name=search_term_string"}],"inLanguage":"es"},{"@type":"Person","@id":"https:\/\/www.ull.es\/portal\/noticias\/#\/schema\/person\/b2b1a89d43ffa609e591f7df8ef3e817","name":"gaprsa","image":{"@type":"ImageObject","inLanguage":"es","@id":"https:\/\/www.ull.es\/portal\/noticias\/#\/schema\/person\/image\/","url":"https:\/\/secure.gravatar.com\/avatar\/443820550921091458b4823867723b3d?s=96&d=mm&r=g","contentUrl":"https:\/\/secure.gravatar.com\/avatar\/443820550921091458b4823867723b3d?s=96&d=mm&r=g","caption":"gaprsa"},"url":"https:\/\/www.ull.es\/portal\/noticias\/author\/gaprsa\/"}]}},"primary_category":null,"featured_image_thumbnail_url":"https:\/\/www.ull.es\/portal\/noticias\/wp-content\/uploads\/sites\/13\/2016\/04\/presentacion-cursos-extension-300x200.jpg","_links":{"self":[{"href":"https:\/\/www.ull.es\/portal\/noticias\/wp-json\/wp\/v2\/posts\/27182"}],"collection":[{"href":"https:\/\/www.ull.es\/portal\/noticias\/wp-json\/wp\/v2\/posts"}],"about":[{"href":"https:\/\/www.ull.es\/portal\/noticias\/wp-json\/wp\/v2\/types\/post"}],"author":[{"embeddable":true,"href":"https:\/\/www.ull.es\/portal\/noticias\/wp-json\/wp\/v2\/users\/23"}],"replies":[{"embeddable":true,"href":"https:\/\/www.ull.es\/portal\/noticias\/wp-json\/wp\/v2\/comments?post=27182"}],"version-history":[{"count":0,"href":"https:\/\/www.ull.es\/portal\/noticias\/wp-json\/wp\/v2\/posts\/27182\/revisions"}],"wp:featuredmedia":[{"embeddable":true,"href":"https:\/\/www.ull.es\/portal\/noticias\/wp-json\/wp\/v2\/media\/27183"}],"wp:attachment":[{"href":"https:\/\/www.ull.es\/portal\/noticias\/wp-json\/wp\/v2\/media?parent=27182"}],"wp:term":[{"taxonomy":"category","embeddable":true,"href":"https:\/\/www.ull.es\/portal\/noticias\/wp-json\/wp\/v2\/categories?post=27182"},{"taxonomy":"post_tag","embeddable":true,"href":"https:\/\/www.ull.es\/portal\/noticias\/wp-json\/wp\/v2\/tags?post=27182"}],"curies":[{"name":"wp","href":"https:\/\/api.w.org\/{rel}","templated":true}]}}