{"id":27250,"date":"2016-04-15T13:59:34","date_gmt":"2016-04-15T13:59:34","guid":{"rendered":"http:\/\/ddigital.webs.ull.es\/?p=27250"},"modified":"2016-04-15T13:59:34","modified_gmt":"2016-04-15T13:59:34","slug":"la-ull-homenajea-a-tres-docentes-del-area-de-educacion-recientemente-fallecidos","status":"publish","type":"post","link":"https:\/\/www.ull.es\/portal\/noticias\/2016\/la-ull-homenajea-a-tres-docentes-del-area-de-educacion-recientemente-fallecidos\/","title":{"rendered":"La ULL homenajea a tres docentes del \u00e1rea de Educaci\u00f3n recientemente fallecidos"},"content":{"rendered":"<p>El \u00c1rea de Teor\u00eda e Historia de la Educaci\u00f3n del Departamento de Historia y Filosof\u00eda de la Ciencia, la Educaci\u00f3n y el Lenguaje, en colaboraci\u00f3n con la Facultad de Educaci\u00f3n de la Universidad de La Laguna, celebr\u00f3 hoy, viernes 15 de abril, un acto en homenaje a la memoria de Jos\u00e9 Santos Puerto, Margarita Rodr\u00edguez Rodr\u00edguez y Mercedes Garc\u00eda de la Torre G\u00f3mez, docentes que en un corto periodo de tiempo, entre octubre del 2013 y junio del 2015, perdieron la vida con una edad temprana.<\/p>\n<p>El acto estuvo presidido por el rector de la instituci\u00f3n acad\u00e9mica, Antonio Martin\u00f3n, y cont\u00f3 con la conferencia \u201cEn defensa de la pol\u00edtica (de la educaci\u00f3n)\u201d, impartida por Juan Manuel Fern\u00e1ndez Soria, catedr\u00e1tico de Teor\u00eda e Historia de la Educaci\u00f3n de la Universidad de Valencia.<\/p>\n<p>Como complemento a esta actividad el homenaje se ampl\u00eda con una exposici\u00f3n bibliogr\u00e1fica , en la facultad que permanecer\u00e1 abierta hasta el d\u00eda 22 de abril. La muestra la conforma una miscel\u00e1nea de publicaciones que comprende las tesis doctorales, monograf\u00edas, art\u00edculos, cap\u00edtulos de libro, ponencias y comunicaciones a congresos, recursos did\u00e1cticos, folletos y otros documentos personales, materiales y objetos de los tres docentes homenajeados, que han sido cedidos por las familias.<\/p>\n<p>Jos\u00e9 Santos Puerto realiz\u00f3 notables contribuciones en el campo de la Historia de la Educaci\u00f3n, especialmente en el \u00e1mbito educativo de la Espa\u00f1a del siglo XVIII y la Ilustraci\u00f3n, centr\u00e1ndose en la figura del ilustrado Fray Mart\u00edn Sarmiento. Los trabajos realizados por Margarita Rodr\u00edguez Rodr\u00edguez destacaron en el \u00e1mbito de la Pedagog\u00eda Social, Educaci\u00f3n Socioambiental y Participaci\u00f3n Social, especialmente en el \u00e1rea de la juventud. Por su parte, Mercedes Garc\u00eda de la Torre G\u00f3mez contribuy\u00f3 con sus estudios sobre la Cooperaci\u00f3n Educativa Internacional y Educaci\u00f3n al Desarrollo, de manera significativa en el \u00e1mbito de la Cooperaci\u00f3n Interuniversitaria.<\/p>\n<p><strong>Pol\u00edtica de la educaci\u00f3n<\/strong><\/p>\n<p>En su conferencia, el catedr\u00e1tico de la Universidad de Valencia Juan Manuel Fern\u00e1ndez Soria quiso reivindicar el sentido amplio de la pol\u00edtica y, de forma m\u00e1s espec\u00edfica, la pol\u00edtica de la educaci\u00f3n.<\/p>\n<p>En su opini\u00f3n, hay una clara falta de implicaci\u00f3n de la juventud en la pol\u00edtica, en parte a que existe poca educaci\u00f3n sobre \u00e9sta debido a diferentes situaciones. En opini\u00f3n del experto, este desinter\u00e9s puede ser perjudicial porque \u201cuna democracia que se est\u00e1 rehaciendo necesita el di\u00e1logo\u201d.<\/p>\n<p>El ponente record\u00f3 que el capitalismo global est\u00e1 deteriorando la pol\u00edtica y desplazando al estado, el cual hasta hace no mucho era el agente que organizaba la sociedad y ahora este papel lo ocupa la econom\u00eda. En este contexto, se produce una desafecci\u00f3n hacia la pol\u00edtica que provoca desmovilizaci\u00f3n social. Por ello, Fern\u00e1ndez Soria aboga por una formaci\u00f3n \u201cpol\u00edtica\u201d que evite esa desafecci\u00f3n pol\u00edtica y afronte los nuevos retos sociopol\u00edticos.<\/p>\n<p>Record\u00f3 que existen nuevas formas de acercarse a la programaci\u00f3n pol\u00edtica a trav\u00e9s del ciber-activismo, un instrumento que se utiliza mucho pero que tiene riesgos, como la suplantaci\u00f3n, adem\u00e1s de que no genera tanta implicaci\u00f3n como la participaci\u00f3n en una manifestaci\u00f3n, por ejemplo. El ponente apost\u00f3 por una formaci\u00f3n de compromiso pol\u00edtico, pues considera que \u00e9ste se aprende.<\/p>\n","protected":false},"excerpt":{"rendered":"<p>El \u00c1rea de Teor\u00eda e Historia de la Educaci\u00f3n del Departamento de Historia y Filosof\u00eda de la Ciencia, la Educaci\u00f3n&#8230;<\/p>\n","protected":false},"author":23,"featured_media":27256,"comment_status":"open","ping_status":"open","sticky":false,"template":"","format":"gallery","meta":{"inline_featured_image":false,"footnotes":""},"categories":[345,348,1],"tags":[1104],"acf":[],"yoast_head":"<!-- This site is optimized with the Yoast SEO plugin v21.3 - https:\/\/yoast.com\/wordpress\/plugins\/seo\/ -->\n<title>La ULL homenajea a tres docentes del \u00e1rea de Educaci\u00f3n recientemente fallecidos - ULL - Noticias<\/title>\n<meta name=\"robots\" content=\"index, follow, max-snippet:-1, max-image-preview:large, max-video-preview:-1\" \/>\n<link rel=\"canonical\" href=\"https:\/\/www.ull.es\/portal\/noticias\/2016\/la-ull-homenajea-a-tres-docentes-del-area-de-educacion-recientemente-fallecidos\/\" \/>\n<meta property=\"og:locale\" content=\"es_ES\" \/>\n<meta property=\"og:type\" content=\"article\" \/>\n<meta property=\"og:title\" content=\"La ULL homenajea a tres docentes del \u00e1rea de Educaci\u00f3n recientemente fallecidos - ULL - Noticias\" \/>\n<meta property=\"og:description\" content=\"El \u00c1rea de Teor\u00eda e Historia de la Educaci\u00f3n del Departamento de Historia y Filosof\u00eda de la Ciencia, la Educaci\u00f3n...\" \/>\n<meta property=\"og:url\" content=\"https:\/\/www.ull.es\/portal\/noticias\/2016\/la-ull-homenajea-a-tres-docentes-del-area-de-educacion-recientemente-fallecidos\/\" \/>\n<meta property=\"og:site_name\" content=\"ULL - Noticias\" \/>\n<meta property=\"article:publisher\" content=\"https:\/\/www.facebook.com\/universidaddelalaguna\/\" \/>\n<meta property=\"article:published_time\" content=\"2016-04-15T13:59:34+00:00\" \/>\n<meta property=\"og:image\" content=\"https:\/\/www.ull.es\/portal\/noticias\/wp-content\/uploads\/sites\/13\/2016\/04\/homenaje-profesores-educacion2.jpg\" \/>\n\t<meta property=\"og:image:width\" content=\"693\" \/>\n\t<meta property=\"og:image:height\" content=\"1049\" \/>\n\t<meta property=\"og:image:type\" content=\"image\/jpeg\" \/>\n<meta name=\"author\" content=\"gaprsa\" \/>\n<meta name=\"twitter:card\" content=\"summary_large_image\" \/>\n<meta name=\"twitter:creator\" content=\"@CanalULL\" \/>\n<meta name=\"twitter:site\" content=\"@CanalULL\" \/>\n<meta name=\"twitter:label1\" content=\"Escrito por\" \/>\n\t<meta name=\"twitter:data1\" content=\"gaprsa\" \/>\n\t<meta name=\"twitter:label2\" content=\"Tiempo de lectura\" \/>\n\t<meta name=\"twitter:data2\" content=\"3 minutos\" \/>\n<script type=\"application\/ld+json\" class=\"yoast-schema-graph\">{\"@context\":\"https:\/\/schema.org\",\"@graph\":[{\"@type\":\"WebPage\",\"@id\":\"https:\/\/www.ull.es\/portal\/noticias\/2016\/la-ull-homenajea-a-tres-docentes-del-area-de-educacion-recientemente-fallecidos\/\",\"url\":\"https:\/\/www.ull.es\/portal\/noticias\/2016\/la-ull-homenajea-a-tres-docentes-del-area-de-educacion-recientemente-fallecidos\/\",\"name\":\"La ULL homenajea a tres docentes del \u00e1rea de Educaci\u00f3n recientemente fallecidos - ULL - Noticias\",\"isPartOf\":{\"@id\":\"https:\/\/www.ull.es\/portal\/noticias\/#website\"},\"datePublished\":\"2016-04-15T13:59:34+00:00\",\"dateModified\":\"2016-04-15T13:59:34+00:00\",\"author\":{\"@id\":\"https:\/\/www.ull.es\/portal\/noticias\/#\/schema\/person\/b2b1a89d43ffa609e591f7df8ef3e817\"},\"breadcrumb\":{\"@id\":\"https:\/\/www.ull.es\/portal\/noticias\/2016\/la-ull-homenajea-a-tres-docentes-del-area-de-educacion-recientemente-fallecidos\/#breadcrumb\"},\"inLanguage\":\"es\",\"potentialAction\":[{\"@type\":\"ReadAction\",\"target\":[\"https:\/\/www.ull.es\/portal\/noticias\/2016\/la-ull-homenajea-a-tres-docentes-del-area-de-educacion-recientemente-fallecidos\/\"]}]},{\"@type\":\"BreadcrumbList\",\"@id\":\"https:\/\/www.ull.es\/portal\/noticias\/2016\/la-ull-homenajea-a-tres-docentes-del-area-de-educacion-recientemente-fallecidos\/#breadcrumb\",\"itemListElement\":[{\"@type\":\"ListItem\",\"position\":1,\"name\":\"Portada\",\"item\":\"https:\/\/www.ull.es\/portal\/noticias\/\"},{\"@type\":\"ListItem\",\"position\":2,\"name\":\"La ULL homenajea a tres docentes del \u00e1rea de Educaci\u00f3n recientemente fallecidos\"}]},{\"@type\":\"WebSite\",\"@id\":\"https:\/\/www.ull.es\/portal\/noticias\/#website\",\"url\":\"https:\/\/www.ull.es\/portal\/noticias\/\",\"name\":\"ULL - Noticias\",\"description\":\"\",\"potentialAction\":[{\"@type\":\"SearchAction\",\"target\":{\"@type\":\"EntryPoint\",\"urlTemplate\":\"https:\/\/www.ull.es\/portal\/noticias\/?s={search_term_string}\"},\"query-input\":\"required name=search_term_string\"}],\"inLanguage\":\"es\"},{\"@type\":\"Person\",\"@id\":\"https:\/\/www.ull.es\/portal\/noticias\/#\/schema\/person\/b2b1a89d43ffa609e591f7df8ef3e817\",\"name\":\"gaprsa\",\"image\":{\"@type\":\"ImageObject\",\"inLanguage\":\"es\",\"@id\":\"https:\/\/www.ull.es\/portal\/noticias\/#\/schema\/person\/image\/\",\"url\":\"https:\/\/secure.gravatar.com\/avatar\/443820550921091458b4823867723b3d?s=96&d=mm&r=g\",\"contentUrl\":\"https:\/\/secure.gravatar.com\/avatar\/443820550921091458b4823867723b3d?s=96&d=mm&r=g\",\"caption\":\"gaprsa\"},\"url\":\"https:\/\/www.ull.es\/portal\/noticias\/author\/gaprsa\/\"}]}<\/script>\n<!-- \/ Yoast SEO plugin. -->","yoast_head_json":{"title":"La ULL homenajea a tres docentes del \u00e1rea de Educaci\u00f3n recientemente fallecidos - ULL - Noticias","robots":{"index":"index","follow":"follow","max-snippet":"max-snippet:-1","max-image-preview":"max-image-preview:large","max-video-preview":"max-video-preview:-1"},"canonical":"https:\/\/www.ull.es\/portal\/noticias\/2016\/la-ull-homenajea-a-tres-docentes-del-area-de-educacion-recientemente-fallecidos\/","og_locale":"es_ES","og_type":"article","og_title":"La ULL homenajea a tres docentes del \u00e1rea de Educaci\u00f3n recientemente fallecidos - ULL - Noticias","og_description":"El \u00c1rea de Teor\u00eda e Historia de la Educaci\u00f3n del Departamento de Historia y Filosof\u00eda de la Ciencia, la Educaci\u00f3n...","og_url":"https:\/\/www.ull.es\/portal\/noticias\/2016\/la-ull-homenajea-a-tres-docentes-del-area-de-educacion-recientemente-fallecidos\/","og_site_name":"ULL - Noticias","article_publisher":"https:\/\/www.facebook.com\/universidaddelalaguna\/","article_published_time":"2016-04-15T13:59:34+00:00","og_image":[{"width":693,"height":1049,"url":"https:\/\/www.ull.es\/portal\/noticias\/wp-content\/uploads\/sites\/13\/2016\/04\/homenaje-profesores-educacion2.jpg","type":"image\/jpeg"}],"author":"gaprsa","twitter_card":"summary_large_image","twitter_creator":"@CanalULL","twitter_site":"@CanalULL","twitter_misc":{"Escrito por":"gaprsa","Tiempo de lectura":"3 minutos"},"schema":{"@context":"https:\/\/schema.org","@graph":[{"@type":"WebPage","@id":"https:\/\/www.ull.es\/portal\/noticias\/2016\/la-ull-homenajea-a-tres-docentes-del-area-de-educacion-recientemente-fallecidos\/","url":"https:\/\/www.ull.es\/portal\/noticias\/2016\/la-ull-homenajea-a-tres-docentes-del-area-de-educacion-recientemente-fallecidos\/","name":"La ULL homenajea a tres docentes del \u00e1rea de Educaci\u00f3n recientemente fallecidos - ULL - Noticias","isPartOf":{"@id":"https:\/\/www.ull.es\/portal\/noticias\/#website"},"datePublished":"2016-04-15T13:59:34+00:00","dateModified":"2016-04-15T13:59:34+00:00","author":{"@id":"https:\/\/www.ull.es\/portal\/noticias\/#\/schema\/person\/b2b1a89d43ffa609e591f7df8ef3e817"},"breadcrumb":{"@id":"https:\/\/www.ull.es\/portal\/noticias\/2016\/la-ull-homenajea-a-tres-docentes-del-area-de-educacion-recientemente-fallecidos\/#breadcrumb"},"inLanguage":"es","potentialAction":[{"@type":"ReadAction","target":["https:\/\/www.ull.es\/portal\/noticias\/2016\/la-ull-homenajea-a-tres-docentes-del-area-de-educacion-recientemente-fallecidos\/"]}]},{"@type":"BreadcrumbList","@id":"https:\/\/www.ull.es\/portal\/noticias\/2016\/la-ull-homenajea-a-tres-docentes-del-area-de-educacion-recientemente-fallecidos\/#breadcrumb","itemListElement":[{"@type":"ListItem","position":1,"name":"Portada","item":"https:\/\/www.ull.es\/portal\/noticias\/"},{"@type":"ListItem","position":2,"name":"La ULL homenajea a tres docentes del \u00e1rea de Educaci\u00f3n recientemente fallecidos"}]},{"@type":"WebSite","@id":"https:\/\/www.ull.es\/portal\/noticias\/#website","url":"https:\/\/www.ull.es\/portal\/noticias\/","name":"ULL - Noticias","description":"","potentialAction":[{"@type":"SearchAction","target":{"@type":"EntryPoint","urlTemplate":"https:\/\/www.ull.es\/portal\/noticias\/?s={search_term_string}"},"query-input":"required name=search_term_string"}],"inLanguage":"es"},{"@type":"Person","@id":"https:\/\/www.ull.es\/portal\/noticias\/#\/schema\/person\/b2b1a89d43ffa609e591f7df8ef3e817","name":"gaprsa","image":{"@type":"ImageObject","inLanguage":"es","@id":"https:\/\/www.ull.es\/portal\/noticias\/#\/schema\/person\/image\/","url":"https:\/\/secure.gravatar.com\/avatar\/443820550921091458b4823867723b3d?s=96&d=mm&r=g","contentUrl":"https:\/\/secure.gravatar.com\/avatar\/443820550921091458b4823867723b3d?s=96&d=mm&r=g","caption":"gaprsa"},"url":"https:\/\/www.ull.es\/portal\/noticias\/author\/gaprsa\/"}]}},"primary_category":null,"featured_image_thumbnail_url":"https:\/\/www.ull.es\/portal\/noticias\/wp-content\/uploads\/sites\/13\/2016\/04\/homenaje-profesores-educacion2-198x300.jpg","_links":{"self":[{"href":"https:\/\/www.ull.es\/portal\/noticias\/wp-json\/wp\/v2\/posts\/27250"}],"collection":[{"href":"https:\/\/www.ull.es\/portal\/noticias\/wp-json\/wp\/v2\/posts"}],"about":[{"href":"https:\/\/www.ull.es\/portal\/noticias\/wp-json\/wp\/v2\/types\/post"}],"author":[{"embeddable":true,"href":"https:\/\/www.ull.es\/portal\/noticias\/wp-json\/wp\/v2\/users\/23"}],"replies":[{"embeddable":true,"href":"https:\/\/www.ull.es\/portal\/noticias\/wp-json\/wp\/v2\/comments?post=27250"}],"version-history":[{"count":0,"href":"https:\/\/www.ull.es\/portal\/noticias\/wp-json\/wp\/v2\/posts\/27250\/revisions"}],"wp:featuredmedia":[{"embeddable":true,"href":"https:\/\/www.ull.es\/portal\/noticias\/wp-json\/wp\/v2\/media\/27256"}],"wp:attachment":[{"href":"https:\/\/www.ull.es\/portal\/noticias\/wp-json\/wp\/v2\/media?parent=27250"}],"wp:term":[{"taxonomy":"category","embeddable":true,"href":"https:\/\/www.ull.es\/portal\/noticias\/wp-json\/wp\/v2\/categories?post=27250"},{"taxonomy":"post_tag","embeddable":true,"href":"https:\/\/www.ull.es\/portal\/noticias\/wp-json\/wp\/v2\/tags?post=27250"}],"curies":[{"name":"wp","href":"https:\/\/api.w.org\/{rel}","templated":true}]}}