{"id":27273,"date":"2016-04-16T13:19:44","date_gmt":"2016-04-16T13:19:44","guid":{"rendered":"http:\/\/ddigital.webs.ull.es\/?p=27273"},"modified":"2016-04-16T13:19:44","modified_gmt":"2016-04-16T13:19:44","slug":"mederos-gran-parte-de-las-personas-relevantes-de-principios-del-siglo-xx-pasaron-por-la-ull-en-sus-inicios","status":"publish","type":"post","link":"https:\/\/www.ull.es\/portal\/noticias\/2016\/mederos-gran-parte-de-las-personas-relevantes-de-principios-del-siglo-xx-pasaron-por-la-ull-en-sus-inicios\/","title":{"rendered":"Mederos: \u00abGran parte de las personas relevantes de principios del siglo XX pasaron por la ULL en sus inicios\u00bb"},"content":{"rendered":"<p>El sal\u00f3n de actos de la Fundaci\u00f3n CajaCanarias acogi\u00f3 ayer, viernes 15 de abril, la presentaci\u00f3n del libro \u201cProfesores y alumnos en la restablecida Universidad de San Fernando de La Laguna (1913-1927)\u201d, obra de los catedr\u00e1ticos jubilados de Qu\u00edmica Org\u00e1nica Alfredo Mederos y Pedro Gili. Durante el acto, Mederos repas\u00f3 los contenidos del volumen en un prolijo repaso de quienes pisaron las aulas del centro tinerfe\u00f1o a principios de la pasada centuria. \u00abGran parte de las personas relvantes en la regi\u00f3n a principios del siglo XX pasaron por la Universidad de La Laguna en ese periodo, lo cual da una idea de la relevancia que tiene esta instituci\u00f3n para la Historia de Canarias\u00bb, concluy\u00f3<strong>.<\/strong><\/p>\n<p>La presentaci\u00f3n estuvo presidida por el rector de la ULL, Antonio Martin\u00f3n, y en ella estuvieron presentes, adem\u00e1s de ambos autores, la vicerrectora de Tecnolog\u00edas de la Innformaci\u00f3n y Servicios Universitarios, Maravillas Aguiar Aguilar; y el catedr\u00e1tico de Derecho del Trabajo jubilado Manuel \u00c1lvarez de la Rosa, que dijo unas palabras introductorias sobre la obra. Entre el p\u00fablico asistente tambi\u00e9n estuvieron los ex-rectores Jos\u00e9 G\u00f3mez Soli\u00f1o y Eduardo Dom\u00e9nech.<\/p>\n<p>El libro ha sido editado por el Servicio de Publicaciones universitario (SPULL) con el apoyo financiero de la Fundaci\u00f3n CajaCanarias. Se trata de una lujosa edici\u00f3n en gran formato y profusamente ilustrada, que puede dividirse en dos partes: una que repasa pormenorizadamente el proceso que llev\u00f3 a reabrir al Universidad en La Laguna en 1913 y el discurrir de sus cursos hasta 1927; y una segunda compuesta por las biograf\u00edas de los numerosos profesores y alumnos que pasaron por las aulas del centro en ese periodo.<\/p>\n<p>Precisamente, para \u00c1lvarez de la Rosa ese segmento biogr\u00e1fico es el que resulta m\u00e1s apasionante, pues permite seguir la pista a muchos personajes que ser\u00edan relevantes posteriormente no s\u00f3lo en La Laguna, sino en Canarias e, incluso, Espa\u00f1a. Como ejemlo, puso el caso del c\u00e9lebre pol\u00edtco de ideolog\u00eda republicana Alejandro Lerroux, que se licenci\u00f3 en el centro present\u00e1ndose a todas la asignaturas y aprob\u00e1ndolas en solamente dos d\u00edas, el 22 y 23 de septiembre de 1922.<\/p>\n<p>Durante el resumen de su obra, el coautor Alfredo Mederos repas\u00f3 los puntos fundamentales de la obra no sin antes ofrecer una serie de antecedentes hist\u00f3ricos sobre los inicios de los estudios superiores en La Laguna desde 1792 hasta el cierre de 1845.<\/p>\n<p>Una vez llegado a periodo que abarca la obra, la desde la reapertura de 1913 hasta la creaci\u00f3n en 1927 de la actual ULL, repas\u00f3 a\u00f1o por a\u00f1o los principales personajes que pasaron por los diferentes cursos.<\/p>\n<p>De todo ello, Mederos extrajo cuatro conclusiones principales: en primer lugar, que en los periodos de los gobiernos liberales la ULL permaneci\u00f3 abierta en periodos de mayor continuidad que en los periodos m\u00e1s conservadores.<\/p>\n<p>Segundo, que hasta 1910 las autoridades nacionales no permitieron la presencia de mujeres en la universidad sin autorizaci\u00f3n previa; de hecho, la secci\u00f3n abierta en La Laguna fue una pionera, puesto que desde 1910 ya ten\u00eda una alumna, Concepci\u00f3n Franc\u00e9s Pi\u00f1a y, desde 1922, una profesora, Mar\u00eda S\u00e1nchez Arb\u00f3s.<\/p>\n<p>En tercer lugar, Mederos destac\u00f3 que la gran mayor\u00eda de personas relevantes de Canarias durante la primera mitad del siglo XX pasaron por la ULL, lo que indica la gran importancia que ha tenido el centro en la historia de la regi\u00f3n.<\/p>\n<p>Y, por \u00faltimo, enfatiz\u00f3 que la instituci\u00f3n fue un foco de reuni\u00f3n de personas de todas las islas que conviv\u00edan y difund\u00edan todas las ideas del archipi\u00e9lago, lo que sin duda ayud\u00f3 a configurar un sentido m\u00e1s estrecho de pertenencia a la comunidad.<\/p>\n<p><strong>\u00a0<\/strong><\/p>\n<p><strong>\u00a0<\/strong><\/p>\n","protected":false},"excerpt":{"rendered":"<p>El sal\u00f3n de actos de la Fundaci\u00f3n CajaCanarias acogi\u00f3 ayer, viernes 15 de abril, la presentaci\u00f3n del libro \u201cProfesores y&#8230;<\/p>\n","protected":false},"author":23,"featured_media":27276,"comment_status":"open","ping_status":"open","sticky":false,"template":"","format":"gallery","meta":{"inline_featured_image":false,"footnotes":""},"categories":[344,345,1],"tags":[453,506,517,1758,1823,2091,2386,2421,2527,2560],"acf":[],"yoast_head":"<!-- This site is optimized with the Yoast SEO plugin v21.3 - https:\/\/yoast.com\/wordpress\/plugins\/seo\/ -->\n<title>Mederos: &quot;Gran parte de las personas relevantes de principios del siglo XX pasaron por la ULL en sus inicios&quot; - ULL - Noticias<\/title>\n<meta name=\"robots\" content=\"index, follow, max-snippet:-1, max-image-preview:large, max-video-preview:-1\" \/>\n<link rel=\"canonical\" href=\"https:\/\/www.ull.es\/portal\/noticias\/2016\/mederos-gran-parte-de-las-personas-relevantes-de-principios-del-siglo-xx-pasaron-por-la-ull-en-sus-inicios\/\" \/>\n<meta property=\"og:locale\" content=\"es_ES\" \/>\n<meta property=\"og:type\" content=\"article\" \/>\n<meta property=\"og:title\" content=\"Mederos: &quot;Gran parte de las personas relevantes de principios del siglo XX pasaron por la ULL en sus inicios&quot; - ULL - Noticias\" \/>\n<meta property=\"og:description\" content=\"El sal\u00f3n de actos de la Fundaci\u00f3n CajaCanarias acogi\u00f3 ayer, viernes 15 de abril, la presentaci\u00f3n del libro \u201cProfesores y...\" \/>\n<meta property=\"og:url\" content=\"https:\/\/www.ull.es\/portal\/noticias\/2016\/mederos-gran-parte-de-las-personas-relevantes-de-principios-del-siglo-xx-pasaron-por-la-ull-en-sus-inicios\/\" \/>\n<meta property=\"og:site_name\" content=\"ULL - Noticias\" \/>\n<meta property=\"article:publisher\" content=\"https:\/\/www.facebook.com\/universidaddelalaguna\/\" \/>\n<meta property=\"article:published_time\" content=\"2016-04-16T13:19:44+00:00\" \/>\n<meta property=\"og:image\" content=\"https:\/\/www.ull.es\/portal\/noticias\/wp-content\/uploads\/sites\/13\/2016\/04\/Present-Libro-Hist-ULL-05.jpg\" \/>\n\t<meta property=\"og:image:width\" content=\"1034\" \/>\n\t<meta property=\"og:image:height\" content=\"708\" \/>\n\t<meta property=\"og:image:type\" content=\"image\/jpeg\" \/>\n<meta name=\"author\" content=\"gaprsa\" \/>\n<meta name=\"twitter:card\" content=\"summary_large_image\" \/>\n<meta name=\"twitter:creator\" content=\"@CanalULL\" \/>\n<meta name=\"twitter:site\" content=\"@CanalULL\" \/>\n<meta name=\"twitter:label1\" content=\"Escrito por\" \/>\n\t<meta name=\"twitter:data1\" content=\"gaprsa\" \/>\n\t<meta name=\"twitter:label2\" content=\"Tiempo de lectura\" \/>\n\t<meta name=\"twitter:data2\" content=\"3 minutos\" \/>\n<script type=\"application\/ld+json\" class=\"yoast-schema-graph\">{\"@context\":\"https:\/\/schema.org\",\"@graph\":[{\"@type\":\"WebPage\",\"@id\":\"https:\/\/www.ull.es\/portal\/noticias\/2016\/mederos-gran-parte-de-las-personas-relevantes-de-principios-del-siglo-xx-pasaron-por-la-ull-en-sus-inicios\/\",\"url\":\"https:\/\/www.ull.es\/portal\/noticias\/2016\/mederos-gran-parte-de-las-personas-relevantes-de-principios-del-siglo-xx-pasaron-por-la-ull-en-sus-inicios\/\",\"name\":\"Mederos: \\\"Gran parte de las personas relevantes de principios del siglo XX pasaron por la ULL en sus inicios\\\" - ULL - Noticias\",\"isPartOf\":{\"@id\":\"https:\/\/www.ull.es\/portal\/noticias\/#website\"},\"datePublished\":\"2016-04-16T13:19:44+00:00\",\"dateModified\":\"2016-04-16T13:19:44+00:00\",\"author\":{\"@id\":\"https:\/\/www.ull.es\/portal\/noticias\/#\/schema\/person\/b2b1a89d43ffa609e591f7df8ef3e817\"},\"breadcrumb\":{\"@id\":\"https:\/\/www.ull.es\/portal\/noticias\/2016\/mederos-gran-parte-de-las-personas-relevantes-de-principios-del-siglo-xx-pasaron-por-la-ull-en-sus-inicios\/#breadcrumb\"},\"inLanguage\":\"es\",\"potentialAction\":[{\"@type\":\"ReadAction\",\"target\":[\"https:\/\/www.ull.es\/portal\/noticias\/2016\/mederos-gran-parte-de-las-personas-relevantes-de-principios-del-siglo-xx-pasaron-por-la-ull-en-sus-inicios\/\"]}]},{\"@type\":\"BreadcrumbList\",\"@id\":\"https:\/\/www.ull.es\/portal\/noticias\/2016\/mederos-gran-parte-de-las-personas-relevantes-de-principios-del-siglo-xx-pasaron-por-la-ull-en-sus-inicios\/#breadcrumb\",\"itemListElement\":[{\"@type\":\"ListItem\",\"position\":1,\"name\":\"Portada\",\"item\":\"https:\/\/www.ull.es\/portal\/noticias\/\"},{\"@type\":\"ListItem\",\"position\":2,\"name\":\"Mederos: \u00abGran parte de las personas relevantes de principios del siglo XX pasaron por la ULL en sus inicios\u00bb\"}]},{\"@type\":\"WebSite\",\"@id\":\"https:\/\/www.ull.es\/portal\/noticias\/#website\",\"url\":\"https:\/\/www.ull.es\/portal\/noticias\/\",\"name\":\"ULL - Noticias\",\"description\":\"\",\"potentialAction\":[{\"@type\":\"SearchAction\",\"target\":{\"@type\":\"EntryPoint\",\"urlTemplate\":\"https:\/\/www.ull.es\/portal\/noticias\/?s={search_term_string}\"},\"query-input\":\"required name=search_term_string\"}],\"inLanguage\":\"es\"},{\"@type\":\"Person\",\"@id\":\"https:\/\/www.ull.es\/portal\/noticias\/#\/schema\/person\/b2b1a89d43ffa609e591f7df8ef3e817\",\"name\":\"gaprsa\",\"image\":{\"@type\":\"ImageObject\",\"inLanguage\":\"es\",\"@id\":\"https:\/\/www.ull.es\/portal\/noticias\/#\/schema\/person\/image\/\",\"url\":\"https:\/\/secure.gravatar.com\/avatar\/443820550921091458b4823867723b3d?s=96&d=mm&r=g\",\"contentUrl\":\"https:\/\/secure.gravatar.com\/avatar\/443820550921091458b4823867723b3d?s=96&d=mm&r=g\",\"caption\":\"gaprsa\"},\"url\":\"https:\/\/www.ull.es\/portal\/noticias\/author\/gaprsa\/\"}]}<\/script>\n<!-- \/ Yoast SEO plugin. -->","yoast_head_json":{"title":"Mederos: \"Gran parte de las personas relevantes de principios del siglo XX pasaron por la ULL en sus inicios\" - ULL - Noticias","robots":{"index":"index","follow":"follow","max-snippet":"max-snippet:-1","max-image-preview":"max-image-preview:large","max-video-preview":"max-video-preview:-1"},"canonical":"https:\/\/www.ull.es\/portal\/noticias\/2016\/mederos-gran-parte-de-las-personas-relevantes-de-principios-del-siglo-xx-pasaron-por-la-ull-en-sus-inicios\/","og_locale":"es_ES","og_type":"article","og_title":"Mederos: \"Gran parte de las personas relevantes de principios del siglo XX pasaron por la ULL en sus inicios\" - ULL - Noticias","og_description":"El sal\u00f3n de actos de la Fundaci\u00f3n CajaCanarias acogi\u00f3 ayer, viernes 15 de abril, la presentaci\u00f3n del libro \u201cProfesores y...","og_url":"https:\/\/www.ull.es\/portal\/noticias\/2016\/mederos-gran-parte-de-las-personas-relevantes-de-principios-del-siglo-xx-pasaron-por-la-ull-en-sus-inicios\/","og_site_name":"ULL - Noticias","article_publisher":"https:\/\/www.facebook.com\/universidaddelalaguna\/","article_published_time":"2016-04-16T13:19:44+00:00","og_image":[{"width":1034,"height":708,"url":"https:\/\/www.ull.es\/portal\/noticias\/wp-content\/uploads\/sites\/13\/2016\/04\/Present-Libro-Hist-ULL-05.jpg","type":"image\/jpeg"}],"author":"gaprsa","twitter_card":"summary_large_image","twitter_creator":"@CanalULL","twitter_site":"@CanalULL","twitter_misc":{"Escrito por":"gaprsa","Tiempo de lectura":"3 minutos"},"schema":{"@context":"https:\/\/schema.org","@graph":[{"@type":"WebPage","@id":"https:\/\/www.ull.es\/portal\/noticias\/2016\/mederos-gran-parte-de-las-personas-relevantes-de-principios-del-siglo-xx-pasaron-por-la-ull-en-sus-inicios\/","url":"https:\/\/www.ull.es\/portal\/noticias\/2016\/mederos-gran-parte-de-las-personas-relevantes-de-principios-del-siglo-xx-pasaron-por-la-ull-en-sus-inicios\/","name":"Mederos: \"Gran parte de las personas relevantes de principios del siglo XX pasaron por la ULL en sus inicios\" - ULL - Noticias","isPartOf":{"@id":"https:\/\/www.ull.es\/portal\/noticias\/#website"},"datePublished":"2016-04-16T13:19:44+00:00","dateModified":"2016-04-16T13:19:44+00:00","author":{"@id":"https:\/\/www.ull.es\/portal\/noticias\/#\/schema\/person\/b2b1a89d43ffa609e591f7df8ef3e817"},"breadcrumb":{"@id":"https:\/\/www.ull.es\/portal\/noticias\/2016\/mederos-gran-parte-de-las-personas-relevantes-de-principios-del-siglo-xx-pasaron-por-la-ull-en-sus-inicios\/#breadcrumb"},"inLanguage":"es","potentialAction":[{"@type":"ReadAction","target":["https:\/\/www.ull.es\/portal\/noticias\/2016\/mederos-gran-parte-de-las-personas-relevantes-de-principios-del-siglo-xx-pasaron-por-la-ull-en-sus-inicios\/"]}]},{"@type":"BreadcrumbList","@id":"https:\/\/www.ull.es\/portal\/noticias\/2016\/mederos-gran-parte-de-las-personas-relevantes-de-principios-del-siglo-xx-pasaron-por-la-ull-en-sus-inicios\/#breadcrumb","itemListElement":[{"@type":"ListItem","position":1,"name":"Portada","item":"https:\/\/www.ull.es\/portal\/noticias\/"},{"@type":"ListItem","position":2,"name":"Mederos: \u00abGran parte de las personas relevantes de principios del siglo XX pasaron por la ULL en sus inicios\u00bb"}]},{"@type":"WebSite","@id":"https:\/\/www.ull.es\/portal\/noticias\/#website","url":"https:\/\/www.ull.es\/portal\/noticias\/","name":"ULL - Noticias","description":"","potentialAction":[{"@type":"SearchAction","target":{"@type":"EntryPoint","urlTemplate":"https:\/\/www.ull.es\/portal\/noticias\/?s={search_term_string}"},"query-input":"required name=search_term_string"}],"inLanguage":"es"},{"@type":"Person","@id":"https:\/\/www.ull.es\/portal\/noticias\/#\/schema\/person\/b2b1a89d43ffa609e591f7df8ef3e817","name":"gaprsa","image":{"@type":"ImageObject","inLanguage":"es","@id":"https:\/\/www.ull.es\/portal\/noticias\/#\/schema\/person\/image\/","url":"https:\/\/secure.gravatar.com\/avatar\/443820550921091458b4823867723b3d?s=96&d=mm&r=g","contentUrl":"https:\/\/secure.gravatar.com\/avatar\/443820550921091458b4823867723b3d?s=96&d=mm&r=g","caption":"gaprsa"},"url":"https:\/\/www.ull.es\/portal\/noticias\/author\/gaprsa\/"}]}},"primary_category":null,"featured_image_thumbnail_url":"https:\/\/www.ull.es\/portal\/noticias\/wp-content\/uploads\/sites\/13\/2016\/04\/Present-Libro-Hist-ULL-05-300x205.jpg","_links":{"self":[{"href":"https:\/\/www.ull.es\/portal\/noticias\/wp-json\/wp\/v2\/posts\/27273"}],"collection":[{"href":"https:\/\/www.ull.es\/portal\/noticias\/wp-json\/wp\/v2\/posts"}],"about":[{"href":"https:\/\/www.ull.es\/portal\/noticias\/wp-json\/wp\/v2\/types\/post"}],"author":[{"embeddable":true,"href":"https:\/\/www.ull.es\/portal\/noticias\/wp-json\/wp\/v2\/users\/23"}],"replies":[{"embeddable":true,"href":"https:\/\/www.ull.es\/portal\/noticias\/wp-json\/wp\/v2\/comments?post=27273"}],"version-history":[{"count":0,"href":"https:\/\/www.ull.es\/portal\/noticias\/wp-json\/wp\/v2\/posts\/27273\/revisions"}],"wp:featuredmedia":[{"embeddable":true,"href":"https:\/\/www.ull.es\/portal\/noticias\/wp-json\/wp\/v2\/media\/27276"}],"wp:attachment":[{"href":"https:\/\/www.ull.es\/portal\/noticias\/wp-json\/wp\/v2\/media?parent=27273"}],"wp:term":[{"taxonomy":"category","embeddable":true,"href":"https:\/\/www.ull.es\/portal\/noticias\/wp-json\/wp\/v2\/categories?post=27273"},{"taxonomy":"post_tag","embeddable":true,"href":"https:\/\/www.ull.es\/portal\/noticias\/wp-json\/wp\/v2\/tags?post=27273"}],"curies":[{"name":"wp","href":"https:\/\/api.w.org\/{rel}","templated":true}]}}