{"id":27527,"date":"2016-05-09T14:07:05","date_gmt":"2016-05-09T14:07:05","guid":{"rendered":"http:\/\/ddigital.webs.ull.es\/?p=27527"},"modified":"2016-05-09T14:07:05","modified_gmt":"2016-05-09T14:07:05","slug":"el-servicio-de-publicaciones-de-la-ull-edita-un-estudio-del-profesor-moises-simancas-sobre-la-moratoria-turistica-el-servicio-de-publicaciones-de-la-universidad-de-la-laguna-spull-acaba-de-editar-e","status":"publish","type":"post","link":"https:\/\/www.ull.es\/portal\/noticias\/2016\/el-servicio-de-publicaciones-de-la-ull-edita-un-estudio-del-profesor-moises-simancas-sobre-la-moratoria-turistica-el-servicio-de-publicaciones-de-la-universidad-de-la-laguna-spull-acaba-de-editar-e\/","title":{"rendered":"El Servicio de Publicaciones de la ULL edita un estudio del profesor Mois\u00e9s Simancas sobre la moratoria tur\u00edstica"},"content":{"rendered":"<p>El Servicio de Publicaciones de la Universidad de La Laguna (SPULL) acaba de editar el estudio \u201cLa moratoria tur\u00edstica de Canarias La reconversi\u00f3n de un destino tur\u00edstico maduro desde la Ordenaci\u00f3n del Territorio\u201d, obra de Mois\u00e9s Simancas, profesor Titular del Departamento de Geograf\u00eda e Historia de la ULL. El volumen ser\u00e1 presentado ma\u00f1ana, martes 10 de mayo a las 20:00 horas, en el Real Casino de Tenerife, ubicado en al Plaza de la Candelaria de Santa Cruz de Tenerife.<\/p>\n<p>La presentaci\u00f3n correr\u00e1 a cargo del vicerrector de Relaciones con la Sociedad de la ULL, Francisco Garc\u00eda Rodr\u00edguez; el catedr\u00e1tico de Derecho Administrativo de la ULL Francisco Villar Rojas; y el director de la C\u00e1tedra de Turismo CajaCanarias-Ashotel-ULL, Ra\u00fal Hern\u00e1ndez Mart\u00edn. El acto ser\u00e1 moderado por el miembro del grupo de investigaci\u00f3n de la ULL ReinvenTUR Andr\u00e9s de Souza Iglesias.<\/p>\n<p>Este libro es el resultado del proyecto I+D+i denominado \u201cReinvenTUR: Evaluaci\u00f3n del impacto de las pol\u00edticas p\u00fablicas de renovaci\u00f3n de destinos tur\u00edsticos maduros. El caso de las Directrices de Ordenaci\u00f3n del Turismo de Canarias\u201d, financiado por la Agencia Canaria de Investigaci\u00f3n, Innovaci\u00f3n y Sociedad de la Informaci\u00f3n del Gobierno de Canarias y el Fondo Europeo de Desarrollo Regional (FEDER).<\/p>\n<p><strong>Ley de \u201cmoratoria\u201d<\/strong><\/p>\n<p><strong>\u00a0<\/strong>Como recuerda el autor del libro, Mois\u00e9s Simancas, la Ley 19\/2003, por la que se aprobaron las Directrices de Ordenaci\u00f3n del Turismo de Canarias, continu\u00f3 el proceso de intervenci\u00f3n p\u00fablica denominado com\u00fanmente como \u201cmoratoria tur\u00edstica canaria\u201d, iniciado en 2001. Si bien se plante\u00f3 sem\u00e1nticamente como una estrategia de limitaci\u00f3n temporal del otorgamiento de nuevas autorizaciones previas tur\u00edsticas y, por tanto, de control del extraordinario crecimiento de la oferta de alojamiento tur\u00edstico durante el \u201ctercer <em>boom<\/em> tur\u00edstico\u201d, en la pr\u00e1ctica, ha supuesto una estrategia de reconversi\u00f3n de este destino. Adem\u00e1s, a diferencia de la provisionalidad que indica el t\u00e9rmino de \u201cmoratoria\u201d, esta pol\u00edtica p\u00fablica se ha convertido en permanente.<\/p>\n<p>Su evoluci\u00f3n ha estado marcada por bandazos legislativos y constantes cambios de criterios, los cuales son consecuencia de los vaivenes pol\u00edticos, \u201cparches\u201d, improvisaciones, imprecisiones y reacciones a las actuaciones de los propios actores implicados, a caprichos personales y gremiales, ego\u00edsmos e intereses empresariales, as\u00ed como egos t\u00e9cnicos y pol\u00edticos, as\u00ed como de intereses pol\u00edticos y empresariales. Asimismo, las decisiones tomadas se vinculadas a procesos de captura del regulador, de modo que este tipo de pol\u00edtica p\u00fablica ha pasado de ser intervencionismo reglamentista ha rozado el proteccionismo econ\u00f3mico. Del mismo modo, supone un ejercicio de planificaci\u00f3n sectorial del turismo desde el control del suelo a trav\u00e9s de la Ordenaci\u00f3n del Territorio.<\/p>\n<p>Aunque no hay datos oficiales por parte de las Administraciones P\u00fablicas competentes canarias, seg\u00fan Simancas el balance de la aplicaci\u00f3n de esta estrategia es \u201cagridulce\u201d, una vez concluido la primera (2001-2003) y segunda (2003-2009) etapa, y de incertidumbre durante la tercera moratoria (2009-actualidad). Esto es consecuencia no tanto de los objetivos planteados y del instrumento escogido, sino por la propia implementaci\u00f3n de las determinaciones vinculadas a la estrategia de moratoria tur\u00edstica.<\/p>\n<p>El principal objetivo del libro que se presenta ma\u00f1ana es, en palabras de su autor, \u201creconstruir ese proceso, identificando y analizando los factores claves que explican no s\u00f3lo su necesidad inicial y las circunstancias concretas que la motivaron, sino su evoluci\u00f3n\u201d.<\/p>\n","protected":false},"excerpt":{"rendered":"<p>El Servicio de Publicaciones de la Universidad de La Laguna (SPULL) acaba de editar el estudio \u201cLa moratoria tur\u00edstica de&#8230;<\/p>\n","protected":false},"author":23,"featured_media":27528,"comment_status":"open","ping_status":"open","sticky":false,"template":"","format":"standard","meta":{"inline_featured_image":false,"footnotes":""},"categories":[345,350,1],"tags":[1758,2388,2422,2527,2560],"acf":[],"yoast_head":"<!-- This site is optimized with the Yoast SEO plugin v21.3 - https:\/\/yoast.com\/wordpress\/plugins\/seo\/ -->\n<title>El Servicio de Publicaciones de la ULL edita un estudio del profesor Mois\u00e9s Simancas sobre la moratoria tur\u00edstica - ULL - Noticias<\/title>\n<meta name=\"robots\" content=\"index, follow, max-snippet:-1, max-image-preview:large, max-video-preview:-1\" \/>\n<link rel=\"canonical\" href=\"https:\/\/www.ull.es\/portal\/noticias\/2016\/el-servicio-de-publicaciones-de-la-ull-edita-un-estudio-del-profesor-moises-simancas-sobre-la-moratoria-turistica-el-servicio-de-publicaciones-de-la-universidad-de-la-laguna-spull-acaba-de-editar-e\/\" \/>\n<meta property=\"og:locale\" content=\"es_ES\" \/>\n<meta property=\"og:type\" content=\"article\" \/>\n<meta property=\"og:title\" content=\"El Servicio de Publicaciones de la ULL edita un estudio del profesor Mois\u00e9s Simancas sobre la moratoria tur\u00edstica - ULL - Noticias\" \/>\n<meta property=\"og:description\" content=\"El Servicio de Publicaciones de la Universidad de La Laguna (SPULL) acaba de editar el estudio \u201cLa moratoria tur\u00edstica de...\" \/>\n<meta property=\"og:url\" content=\"https:\/\/www.ull.es\/portal\/noticias\/2016\/el-servicio-de-publicaciones-de-la-ull-edita-un-estudio-del-profesor-moises-simancas-sobre-la-moratoria-turistica-el-servicio-de-publicaciones-de-la-universidad-de-la-laguna-spull-acaba-de-editar-e\/\" \/>\n<meta property=\"og:site_name\" content=\"ULL - Noticias\" \/>\n<meta property=\"article:publisher\" content=\"https:\/\/www.facebook.com\/universidaddelalaguna\/\" \/>\n<meta property=\"article:published_time\" content=\"2016-05-09T14:07:05+00:00\" \/>\n<meta property=\"og:image\" content=\"https:\/\/www.ull.es\/portal\/noticias\/wp-content\/uploads\/sites\/13\/2016\/05\/moratoria-turistica-moises-simancas.png\" \/>\n\t<meta property=\"og:image:width\" content=\"637\" \/>\n\t<meta property=\"og:image:height\" content=\"911\" \/>\n\t<meta property=\"og:image:type\" content=\"image\/png\" \/>\n<meta name=\"author\" content=\"gaprsa\" \/>\n<meta name=\"twitter:card\" content=\"summary_large_image\" \/>\n<meta name=\"twitter:creator\" content=\"@CanalULL\" \/>\n<meta name=\"twitter:site\" content=\"@CanalULL\" \/>\n<meta name=\"twitter:label1\" content=\"Escrito por\" \/>\n\t<meta name=\"twitter:data1\" content=\"gaprsa\" \/>\n\t<meta name=\"twitter:label2\" content=\"Tiempo de lectura\" \/>\n\t<meta name=\"twitter:data2\" content=\"3 minutos\" \/>\n<script type=\"application\/ld+json\" class=\"yoast-schema-graph\">{\"@context\":\"https:\/\/schema.org\",\"@graph\":[{\"@type\":\"WebPage\",\"@id\":\"https:\/\/www.ull.es\/portal\/noticias\/2016\/el-servicio-de-publicaciones-de-la-ull-edita-un-estudio-del-profesor-moises-simancas-sobre-la-moratoria-turistica-el-servicio-de-publicaciones-de-la-universidad-de-la-laguna-spull-acaba-de-editar-e\/\",\"url\":\"https:\/\/www.ull.es\/portal\/noticias\/2016\/el-servicio-de-publicaciones-de-la-ull-edita-un-estudio-del-profesor-moises-simancas-sobre-la-moratoria-turistica-el-servicio-de-publicaciones-de-la-universidad-de-la-laguna-spull-acaba-de-editar-e\/\",\"name\":\"El Servicio de Publicaciones de la ULL edita un estudio del profesor Mois\u00e9s Simancas sobre la moratoria tur\u00edstica - ULL - Noticias\",\"isPartOf\":{\"@id\":\"https:\/\/www.ull.es\/portal\/noticias\/#website\"},\"datePublished\":\"2016-05-09T14:07:05+00:00\",\"dateModified\":\"2016-05-09T14:07:05+00:00\",\"author\":{\"@id\":\"https:\/\/www.ull.es\/portal\/noticias\/#\/schema\/person\/b2b1a89d43ffa609e591f7df8ef3e817\"},\"breadcrumb\":{\"@id\":\"https:\/\/www.ull.es\/portal\/noticias\/2016\/el-servicio-de-publicaciones-de-la-ull-edita-un-estudio-del-profesor-moises-simancas-sobre-la-moratoria-turistica-el-servicio-de-publicaciones-de-la-universidad-de-la-laguna-spull-acaba-de-editar-e\/#breadcrumb\"},\"inLanguage\":\"es\",\"potentialAction\":[{\"@type\":\"ReadAction\",\"target\":[\"https:\/\/www.ull.es\/portal\/noticias\/2016\/el-servicio-de-publicaciones-de-la-ull-edita-un-estudio-del-profesor-moises-simancas-sobre-la-moratoria-turistica-el-servicio-de-publicaciones-de-la-universidad-de-la-laguna-spull-acaba-de-editar-e\/\"]}]},{\"@type\":\"BreadcrumbList\",\"@id\":\"https:\/\/www.ull.es\/portal\/noticias\/2016\/el-servicio-de-publicaciones-de-la-ull-edita-un-estudio-del-profesor-moises-simancas-sobre-la-moratoria-turistica-el-servicio-de-publicaciones-de-la-universidad-de-la-laguna-spull-acaba-de-editar-e\/#breadcrumb\",\"itemListElement\":[{\"@type\":\"ListItem\",\"position\":1,\"name\":\"Portada\",\"item\":\"https:\/\/www.ull.es\/portal\/noticias\/\"},{\"@type\":\"ListItem\",\"position\":2,\"name\":\"El Servicio de Publicaciones de la ULL edita un estudio del profesor Mois\u00e9s Simancas sobre la moratoria tur\u00edstica\"}]},{\"@type\":\"WebSite\",\"@id\":\"https:\/\/www.ull.es\/portal\/noticias\/#website\",\"url\":\"https:\/\/www.ull.es\/portal\/noticias\/\",\"name\":\"ULL - Noticias\",\"description\":\"\",\"potentialAction\":[{\"@type\":\"SearchAction\",\"target\":{\"@type\":\"EntryPoint\",\"urlTemplate\":\"https:\/\/www.ull.es\/portal\/noticias\/?s={search_term_string}\"},\"query-input\":\"required name=search_term_string\"}],\"inLanguage\":\"es\"},{\"@type\":\"Person\",\"@id\":\"https:\/\/www.ull.es\/portal\/noticias\/#\/schema\/person\/b2b1a89d43ffa609e591f7df8ef3e817\",\"name\":\"gaprsa\",\"image\":{\"@type\":\"ImageObject\",\"inLanguage\":\"es\",\"@id\":\"https:\/\/www.ull.es\/portal\/noticias\/#\/schema\/person\/image\/\",\"url\":\"https:\/\/secure.gravatar.com\/avatar\/443820550921091458b4823867723b3d?s=96&d=mm&r=g\",\"contentUrl\":\"https:\/\/secure.gravatar.com\/avatar\/443820550921091458b4823867723b3d?s=96&d=mm&r=g\",\"caption\":\"gaprsa\"},\"url\":\"https:\/\/www.ull.es\/portal\/noticias\/author\/gaprsa\/\"}]}<\/script>\n<!-- \/ Yoast SEO plugin. -->","yoast_head_json":{"title":"El Servicio de Publicaciones de la ULL edita un estudio del profesor Mois\u00e9s Simancas sobre la moratoria tur\u00edstica - ULL - Noticias","robots":{"index":"index","follow":"follow","max-snippet":"max-snippet:-1","max-image-preview":"max-image-preview:large","max-video-preview":"max-video-preview:-1"},"canonical":"https:\/\/www.ull.es\/portal\/noticias\/2016\/el-servicio-de-publicaciones-de-la-ull-edita-un-estudio-del-profesor-moises-simancas-sobre-la-moratoria-turistica-el-servicio-de-publicaciones-de-la-universidad-de-la-laguna-spull-acaba-de-editar-e\/","og_locale":"es_ES","og_type":"article","og_title":"El Servicio de Publicaciones de la ULL edita un estudio del profesor Mois\u00e9s Simancas sobre la moratoria tur\u00edstica - ULL - Noticias","og_description":"El Servicio de Publicaciones de la Universidad de La Laguna (SPULL) acaba de editar el estudio \u201cLa moratoria tur\u00edstica de...","og_url":"https:\/\/www.ull.es\/portal\/noticias\/2016\/el-servicio-de-publicaciones-de-la-ull-edita-un-estudio-del-profesor-moises-simancas-sobre-la-moratoria-turistica-el-servicio-de-publicaciones-de-la-universidad-de-la-laguna-spull-acaba-de-editar-e\/","og_site_name":"ULL - Noticias","article_publisher":"https:\/\/www.facebook.com\/universidaddelalaguna\/","article_published_time":"2016-05-09T14:07:05+00:00","og_image":[{"width":637,"height":911,"url":"https:\/\/www.ull.es\/portal\/noticias\/wp-content\/uploads\/sites\/13\/2016\/05\/moratoria-turistica-moises-simancas.png","type":"image\/png"}],"author":"gaprsa","twitter_card":"summary_large_image","twitter_creator":"@CanalULL","twitter_site":"@CanalULL","twitter_misc":{"Escrito por":"gaprsa","Tiempo de lectura":"3 minutos"},"schema":{"@context":"https:\/\/schema.org","@graph":[{"@type":"WebPage","@id":"https:\/\/www.ull.es\/portal\/noticias\/2016\/el-servicio-de-publicaciones-de-la-ull-edita-un-estudio-del-profesor-moises-simancas-sobre-la-moratoria-turistica-el-servicio-de-publicaciones-de-la-universidad-de-la-laguna-spull-acaba-de-editar-e\/","url":"https:\/\/www.ull.es\/portal\/noticias\/2016\/el-servicio-de-publicaciones-de-la-ull-edita-un-estudio-del-profesor-moises-simancas-sobre-la-moratoria-turistica-el-servicio-de-publicaciones-de-la-universidad-de-la-laguna-spull-acaba-de-editar-e\/","name":"El Servicio de Publicaciones de la ULL edita un estudio del profesor Mois\u00e9s Simancas sobre la moratoria tur\u00edstica - ULL - Noticias","isPartOf":{"@id":"https:\/\/www.ull.es\/portal\/noticias\/#website"},"datePublished":"2016-05-09T14:07:05+00:00","dateModified":"2016-05-09T14:07:05+00:00","author":{"@id":"https:\/\/www.ull.es\/portal\/noticias\/#\/schema\/person\/b2b1a89d43ffa609e591f7df8ef3e817"},"breadcrumb":{"@id":"https:\/\/www.ull.es\/portal\/noticias\/2016\/el-servicio-de-publicaciones-de-la-ull-edita-un-estudio-del-profesor-moises-simancas-sobre-la-moratoria-turistica-el-servicio-de-publicaciones-de-la-universidad-de-la-laguna-spull-acaba-de-editar-e\/#breadcrumb"},"inLanguage":"es","potentialAction":[{"@type":"ReadAction","target":["https:\/\/www.ull.es\/portal\/noticias\/2016\/el-servicio-de-publicaciones-de-la-ull-edita-un-estudio-del-profesor-moises-simancas-sobre-la-moratoria-turistica-el-servicio-de-publicaciones-de-la-universidad-de-la-laguna-spull-acaba-de-editar-e\/"]}]},{"@type":"BreadcrumbList","@id":"https:\/\/www.ull.es\/portal\/noticias\/2016\/el-servicio-de-publicaciones-de-la-ull-edita-un-estudio-del-profesor-moises-simancas-sobre-la-moratoria-turistica-el-servicio-de-publicaciones-de-la-universidad-de-la-laguna-spull-acaba-de-editar-e\/#breadcrumb","itemListElement":[{"@type":"ListItem","position":1,"name":"Portada","item":"https:\/\/www.ull.es\/portal\/noticias\/"},{"@type":"ListItem","position":2,"name":"El Servicio de Publicaciones de la ULL edita un estudio del profesor Mois\u00e9s Simancas sobre la moratoria tur\u00edstica"}]},{"@type":"WebSite","@id":"https:\/\/www.ull.es\/portal\/noticias\/#website","url":"https:\/\/www.ull.es\/portal\/noticias\/","name":"ULL - Noticias","description":"","potentialAction":[{"@type":"SearchAction","target":{"@type":"EntryPoint","urlTemplate":"https:\/\/www.ull.es\/portal\/noticias\/?s={search_term_string}"},"query-input":"required name=search_term_string"}],"inLanguage":"es"},{"@type":"Person","@id":"https:\/\/www.ull.es\/portal\/noticias\/#\/schema\/person\/b2b1a89d43ffa609e591f7df8ef3e817","name":"gaprsa","image":{"@type":"ImageObject","inLanguage":"es","@id":"https:\/\/www.ull.es\/portal\/noticias\/#\/schema\/person\/image\/","url":"https:\/\/secure.gravatar.com\/avatar\/443820550921091458b4823867723b3d?s=96&d=mm&r=g","contentUrl":"https:\/\/secure.gravatar.com\/avatar\/443820550921091458b4823867723b3d?s=96&d=mm&r=g","caption":"gaprsa"},"url":"https:\/\/www.ull.es\/portal\/noticias\/author\/gaprsa\/"}]}},"primary_category":null,"featured_image_thumbnail_url":"https:\/\/www.ull.es\/portal\/noticias\/wp-content\/uploads\/sites\/13\/2016\/05\/moratoria-turistica-moises-simancas-210x300.png","_links":{"self":[{"href":"https:\/\/www.ull.es\/portal\/noticias\/wp-json\/wp\/v2\/posts\/27527"}],"collection":[{"href":"https:\/\/www.ull.es\/portal\/noticias\/wp-json\/wp\/v2\/posts"}],"about":[{"href":"https:\/\/www.ull.es\/portal\/noticias\/wp-json\/wp\/v2\/types\/post"}],"author":[{"embeddable":true,"href":"https:\/\/www.ull.es\/portal\/noticias\/wp-json\/wp\/v2\/users\/23"}],"replies":[{"embeddable":true,"href":"https:\/\/www.ull.es\/portal\/noticias\/wp-json\/wp\/v2\/comments?post=27527"}],"version-history":[{"count":0,"href":"https:\/\/www.ull.es\/portal\/noticias\/wp-json\/wp\/v2\/posts\/27527\/revisions"}],"wp:featuredmedia":[{"embeddable":true,"href":"https:\/\/www.ull.es\/portal\/noticias\/wp-json\/wp\/v2\/media\/27528"}],"wp:attachment":[{"href":"https:\/\/www.ull.es\/portal\/noticias\/wp-json\/wp\/v2\/media?parent=27527"}],"wp:term":[{"taxonomy":"category","embeddable":true,"href":"https:\/\/www.ull.es\/portal\/noticias\/wp-json\/wp\/v2\/categories?post=27527"},{"taxonomy":"post_tag","embeddable":true,"href":"https:\/\/www.ull.es\/portal\/noticias\/wp-json\/wp\/v2\/tags?post=27527"}],"curies":[{"name":"wp","href":"https:\/\/api.w.org\/{rel}","templated":true}]}}