{"id":27560,"date":"2016-05-11T13:55:09","date_gmt":"2016-05-11T13:55:09","guid":{"rendered":"http:\/\/ddigital.webs.ull.es\/?p=27560"},"modified":"2016-05-11T13:55:09","modified_gmt":"2016-05-11T13:55:09","slug":"la-agrupacion-de-teatro-de-filologia-celebra-su-aniversario-en-el-paraninfo-con-30-anos-no-son-nada","status":"publish","type":"post","link":"https:\/\/www.ull.es\/portal\/noticias\/2016\/la-agrupacion-de-teatro-de-filologia-celebra-su-aniversario-en-el-paraninfo-con-30-anos-no-son-nada\/","title":{"rendered":"La Agrupaci\u00f3n de Teatro de Filolog\u00eda celebra su aniversario en el Paraninfo con \u201c30 a\u00f1os no son nada\u201d"},"content":{"rendered":"<p>La Agrupaci\u00f3n de Teatro de Filolog\u00eda de la Universidad de La Laguna celebra ma\u00f1ana, jueves 12 de mayo a las 20:30 horas, sus 30 a\u00f1os de formaci\u00f3n teatral con la representaci\u00f3n de la obra \u201c30 a\u00f1os no son nada\u201d, una adaptaci\u00f3n de \u201cLa historia de los fabulosos Marrapodis\u201d del grupo argentino Los Macocos.<\/p>\n<p>Como se\u00f1ala la agrupaci\u00f3n, \u201c30 a\u00f1os no son nada\u201d es un auto-homenaje ego\u00edsta que se hace el grupo a s\u00ed mismo. Pero tambi\u00e9n quiere ser un tributo de gratitud a tantos otros grupos de teatro universitario amigos que quedaron por el camino, a que sobreviven todav\u00eda hoy en la universidad y, sobre todo, a los grupos de teatro profesionales que tanto han ense\u00f1ado estos a\u00f1os.<\/p>\n<p>Esta funci\u00f3n, que forma parte de la Muestra de Artes Esc\u00e9nicas de la ULL, tiene un precio de 5 euros con aparcamiento gratuito en el Edificio Central de la universidad. Las entradas pueden adquirirse en el Vicerrectorado de Relaciones con la Sociedad, en horario de 9 a 14 horas; en la Cafeter\u00eda del Edificio Central de la ULL, de 8 a 19 horas; en <a href=\"http:\/\/www.tomaticket.es\/paraninfoull\" target=\"_blank\" target=\"_blank\" rel=\"noopener\">www.tomaticket.es\/paraninfoull<\/a>; y en la taquilla del Paraninfo, el mismo d\u00eda de la actuaci\u00f3n, desde las 19:30 horas.<\/p>\n","protected":false},"excerpt":{"rendered":"<p>La Agrupaci\u00f3n de Teatro de Filolog\u00eda de la Universidad de La Laguna celebra ma\u00f1ana, jueves 12 de mayo a las&#8230;<\/p>\n","protected":false},"author":23,"featured_media":27561,"comment_status":"open","ping_status":"open","sticky":false,"template":"","format":"standard","meta":{"inline_featured_image":false,"footnotes":""},"categories":[344,345,1],"tags":[],"acf":[],"yoast_head":"<!-- This site is optimized with the Yoast SEO plugin v21.3 - https:\/\/yoast.com\/wordpress\/plugins\/seo\/ -->\n<title>La Agrupaci\u00f3n de Teatro de Filolog\u00eda celebra su aniversario en el Paraninfo con \u201c30 a\u00f1os no son nada\u201d - ULL - Noticias<\/title>\n<meta name=\"robots\" content=\"index, follow, max-snippet:-1, max-image-preview:large, max-video-preview:-1\" \/>\n<link rel=\"canonical\" href=\"https:\/\/www.ull.es\/portal\/noticias\/2016\/la-agrupacion-de-teatro-de-filologia-celebra-su-aniversario-en-el-paraninfo-con-30-anos-no-son-nada\/\" \/>\n<meta property=\"og:locale\" content=\"es_ES\" \/>\n<meta property=\"og:type\" content=\"article\" \/>\n<meta property=\"og:title\" content=\"La Agrupaci\u00f3n de Teatro de Filolog\u00eda celebra su aniversario en el Paraninfo con \u201c30 a\u00f1os no son nada\u201d - ULL - Noticias\" \/>\n<meta property=\"og:description\" content=\"La Agrupaci\u00f3n de Teatro de Filolog\u00eda de la Universidad de La Laguna celebra ma\u00f1ana, jueves 12 de mayo a las...\" \/>\n<meta property=\"og:url\" content=\"https:\/\/www.ull.es\/portal\/noticias\/2016\/la-agrupacion-de-teatro-de-filologia-celebra-su-aniversario-en-el-paraninfo-con-30-anos-no-son-nada\/\" \/>\n<meta property=\"og:site_name\" content=\"ULL - Noticias\" \/>\n<meta property=\"article:publisher\" content=\"https:\/\/www.facebook.com\/universidaddelalaguna\/\" \/>\n<meta property=\"article:published_time\" content=\"2016-05-11T13:55:09+00:00\" \/>\n<meta property=\"og:image\" content=\"https:\/\/www.ull.es\/portal\/noticias\/wp-content\/uploads\/sites\/13\/2016\/05\/filologia.jpg\" \/>\n\t<meta property=\"og:image:width\" content=\"3578\" \/>\n\t<meta property=\"og:image:height\" content=\"5031\" \/>\n\t<meta property=\"og:image:type\" content=\"image\/jpeg\" \/>\n<meta name=\"author\" content=\"gaprsa\" \/>\n<meta name=\"twitter:card\" content=\"summary_large_image\" \/>\n<meta name=\"twitter:creator\" content=\"@CanalULL\" \/>\n<meta name=\"twitter:site\" content=\"@CanalULL\" \/>\n<meta name=\"twitter:label1\" content=\"Escrito por\" \/>\n\t<meta name=\"twitter:data1\" content=\"gaprsa\" \/>\n\t<meta name=\"twitter:label2\" content=\"Tiempo de lectura\" \/>\n\t<meta name=\"twitter:data2\" content=\"1 minuto\" \/>\n<script type=\"application\/ld+json\" class=\"yoast-schema-graph\">{\"@context\":\"https:\/\/schema.org\",\"@graph\":[{\"@type\":\"WebPage\",\"@id\":\"https:\/\/www.ull.es\/portal\/noticias\/2016\/la-agrupacion-de-teatro-de-filologia-celebra-su-aniversario-en-el-paraninfo-con-30-anos-no-son-nada\/\",\"url\":\"https:\/\/www.ull.es\/portal\/noticias\/2016\/la-agrupacion-de-teatro-de-filologia-celebra-su-aniversario-en-el-paraninfo-con-30-anos-no-son-nada\/\",\"name\":\"La Agrupaci\u00f3n de Teatro de Filolog\u00eda celebra su aniversario en el Paraninfo con \u201c30 a\u00f1os no son nada\u201d - ULL - Noticias\",\"isPartOf\":{\"@id\":\"https:\/\/www.ull.es\/portal\/noticias\/#website\"},\"datePublished\":\"2016-05-11T13:55:09+00:00\",\"dateModified\":\"2016-05-11T13:55:09+00:00\",\"author\":{\"@id\":\"https:\/\/www.ull.es\/portal\/noticias\/#\/schema\/person\/b2b1a89d43ffa609e591f7df8ef3e817\"},\"breadcrumb\":{\"@id\":\"https:\/\/www.ull.es\/portal\/noticias\/2016\/la-agrupacion-de-teatro-de-filologia-celebra-su-aniversario-en-el-paraninfo-con-30-anos-no-son-nada\/#breadcrumb\"},\"inLanguage\":\"es\",\"potentialAction\":[{\"@type\":\"ReadAction\",\"target\":[\"https:\/\/www.ull.es\/portal\/noticias\/2016\/la-agrupacion-de-teatro-de-filologia-celebra-su-aniversario-en-el-paraninfo-con-30-anos-no-son-nada\/\"]}]},{\"@type\":\"BreadcrumbList\",\"@id\":\"https:\/\/www.ull.es\/portal\/noticias\/2016\/la-agrupacion-de-teatro-de-filologia-celebra-su-aniversario-en-el-paraninfo-con-30-anos-no-son-nada\/#breadcrumb\",\"itemListElement\":[{\"@type\":\"ListItem\",\"position\":1,\"name\":\"Portada\",\"item\":\"https:\/\/www.ull.es\/portal\/noticias\/\"},{\"@type\":\"ListItem\",\"position\":2,\"name\":\"La Agrupaci\u00f3n de Teatro de Filolog\u00eda celebra su aniversario en el Paraninfo con \u201c30 a\u00f1os no son nada\u201d\"}]},{\"@type\":\"WebSite\",\"@id\":\"https:\/\/www.ull.es\/portal\/noticias\/#website\",\"url\":\"https:\/\/www.ull.es\/portal\/noticias\/\",\"name\":\"ULL - Noticias\",\"description\":\"\",\"potentialAction\":[{\"@type\":\"SearchAction\",\"target\":{\"@type\":\"EntryPoint\",\"urlTemplate\":\"https:\/\/www.ull.es\/portal\/noticias\/?s={search_term_string}\"},\"query-input\":\"required name=search_term_string\"}],\"inLanguage\":\"es\"},{\"@type\":\"Person\",\"@id\":\"https:\/\/www.ull.es\/portal\/noticias\/#\/schema\/person\/b2b1a89d43ffa609e591f7df8ef3e817\",\"name\":\"gaprsa\",\"image\":{\"@type\":\"ImageObject\",\"inLanguage\":\"es\",\"@id\":\"https:\/\/www.ull.es\/portal\/noticias\/#\/schema\/person\/image\/\",\"url\":\"https:\/\/secure.gravatar.com\/avatar\/443820550921091458b4823867723b3d?s=96&d=mm&r=g\",\"contentUrl\":\"https:\/\/secure.gravatar.com\/avatar\/443820550921091458b4823867723b3d?s=96&d=mm&r=g\",\"caption\":\"gaprsa\"},\"url\":\"https:\/\/www.ull.es\/portal\/noticias\/author\/gaprsa\/\"}]}<\/script>\n<!-- \/ Yoast SEO plugin. -->","yoast_head_json":{"title":"La Agrupaci\u00f3n de Teatro de Filolog\u00eda celebra su aniversario en el Paraninfo con \u201c30 a\u00f1os no son nada\u201d - ULL - Noticias","robots":{"index":"index","follow":"follow","max-snippet":"max-snippet:-1","max-image-preview":"max-image-preview:large","max-video-preview":"max-video-preview:-1"},"canonical":"https:\/\/www.ull.es\/portal\/noticias\/2016\/la-agrupacion-de-teatro-de-filologia-celebra-su-aniversario-en-el-paraninfo-con-30-anos-no-son-nada\/","og_locale":"es_ES","og_type":"article","og_title":"La Agrupaci\u00f3n de Teatro de Filolog\u00eda celebra su aniversario en el Paraninfo con \u201c30 a\u00f1os no son nada\u201d - ULL - Noticias","og_description":"La Agrupaci\u00f3n de Teatro de Filolog\u00eda de la Universidad de La Laguna celebra ma\u00f1ana, jueves 12 de mayo a las...","og_url":"https:\/\/www.ull.es\/portal\/noticias\/2016\/la-agrupacion-de-teatro-de-filologia-celebra-su-aniversario-en-el-paraninfo-con-30-anos-no-son-nada\/","og_site_name":"ULL - Noticias","article_publisher":"https:\/\/www.facebook.com\/universidaddelalaguna\/","article_published_time":"2016-05-11T13:55:09+00:00","og_image":[{"width":3578,"height":5031,"url":"https:\/\/www.ull.es\/portal\/noticias\/wp-content\/uploads\/sites\/13\/2016\/05\/filologia.jpg","type":"image\/jpeg"}],"author":"gaprsa","twitter_card":"summary_large_image","twitter_creator":"@CanalULL","twitter_site":"@CanalULL","twitter_misc":{"Escrito por":"gaprsa","Tiempo de lectura":"1 minuto"},"schema":{"@context":"https:\/\/schema.org","@graph":[{"@type":"WebPage","@id":"https:\/\/www.ull.es\/portal\/noticias\/2016\/la-agrupacion-de-teatro-de-filologia-celebra-su-aniversario-en-el-paraninfo-con-30-anos-no-son-nada\/","url":"https:\/\/www.ull.es\/portal\/noticias\/2016\/la-agrupacion-de-teatro-de-filologia-celebra-su-aniversario-en-el-paraninfo-con-30-anos-no-son-nada\/","name":"La Agrupaci\u00f3n de Teatro de Filolog\u00eda celebra su aniversario en el Paraninfo con \u201c30 a\u00f1os no son nada\u201d - ULL - Noticias","isPartOf":{"@id":"https:\/\/www.ull.es\/portal\/noticias\/#website"},"datePublished":"2016-05-11T13:55:09+00:00","dateModified":"2016-05-11T13:55:09+00:00","author":{"@id":"https:\/\/www.ull.es\/portal\/noticias\/#\/schema\/person\/b2b1a89d43ffa609e591f7df8ef3e817"},"breadcrumb":{"@id":"https:\/\/www.ull.es\/portal\/noticias\/2016\/la-agrupacion-de-teatro-de-filologia-celebra-su-aniversario-en-el-paraninfo-con-30-anos-no-son-nada\/#breadcrumb"},"inLanguage":"es","potentialAction":[{"@type":"ReadAction","target":["https:\/\/www.ull.es\/portal\/noticias\/2016\/la-agrupacion-de-teatro-de-filologia-celebra-su-aniversario-en-el-paraninfo-con-30-anos-no-son-nada\/"]}]},{"@type":"BreadcrumbList","@id":"https:\/\/www.ull.es\/portal\/noticias\/2016\/la-agrupacion-de-teatro-de-filologia-celebra-su-aniversario-en-el-paraninfo-con-30-anos-no-son-nada\/#breadcrumb","itemListElement":[{"@type":"ListItem","position":1,"name":"Portada","item":"https:\/\/www.ull.es\/portal\/noticias\/"},{"@type":"ListItem","position":2,"name":"La Agrupaci\u00f3n de Teatro de Filolog\u00eda celebra su aniversario en el Paraninfo con \u201c30 a\u00f1os no son nada\u201d"}]},{"@type":"WebSite","@id":"https:\/\/www.ull.es\/portal\/noticias\/#website","url":"https:\/\/www.ull.es\/portal\/noticias\/","name":"ULL - Noticias","description":"","potentialAction":[{"@type":"SearchAction","target":{"@type":"EntryPoint","urlTemplate":"https:\/\/www.ull.es\/portal\/noticias\/?s={search_term_string}"},"query-input":"required name=search_term_string"}],"inLanguage":"es"},{"@type":"Person","@id":"https:\/\/www.ull.es\/portal\/noticias\/#\/schema\/person\/b2b1a89d43ffa609e591f7df8ef3e817","name":"gaprsa","image":{"@type":"ImageObject","inLanguage":"es","@id":"https:\/\/www.ull.es\/portal\/noticias\/#\/schema\/person\/image\/","url":"https:\/\/secure.gravatar.com\/avatar\/443820550921091458b4823867723b3d?s=96&d=mm&r=g","contentUrl":"https:\/\/secure.gravatar.com\/avatar\/443820550921091458b4823867723b3d?s=96&d=mm&r=g","caption":"gaprsa"},"url":"https:\/\/www.ull.es\/portal\/noticias\/author\/gaprsa\/"}]}},"primary_category":null,"featured_image_thumbnail_url":"https:\/\/www.ull.es\/portal\/noticias\/wp-content\/uploads\/sites\/13\/2016\/05\/filologia-213x300.jpg","_links":{"self":[{"href":"https:\/\/www.ull.es\/portal\/noticias\/wp-json\/wp\/v2\/posts\/27560"}],"collection":[{"href":"https:\/\/www.ull.es\/portal\/noticias\/wp-json\/wp\/v2\/posts"}],"about":[{"href":"https:\/\/www.ull.es\/portal\/noticias\/wp-json\/wp\/v2\/types\/post"}],"author":[{"embeddable":true,"href":"https:\/\/www.ull.es\/portal\/noticias\/wp-json\/wp\/v2\/users\/23"}],"replies":[{"embeddable":true,"href":"https:\/\/www.ull.es\/portal\/noticias\/wp-json\/wp\/v2\/comments?post=27560"}],"version-history":[{"count":0,"href":"https:\/\/www.ull.es\/portal\/noticias\/wp-json\/wp\/v2\/posts\/27560\/revisions"}],"wp:featuredmedia":[{"embeddable":true,"href":"https:\/\/www.ull.es\/portal\/noticias\/wp-json\/wp\/v2\/media\/27561"}],"wp:attachment":[{"href":"https:\/\/www.ull.es\/portal\/noticias\/wp-json\/wp\/v2\/media?parent=27560"}],"wp:term":[{"taxonomy":"category","embeddable":true,"href":"https:\/\/www.ull.es\/portal\/noticias\/wp-json\/wp\/v2\/categories?post=27560"},{"taxonomy":"post_tag","embeddable":true,"href":"https:\/\/www.ull.es\/portal\/noticias\/wp-json\/wp\/v2\/tags?post=27560"}],"curies":[{"name":"wp","href":"https:\/\/api.w.org\/{rel}","templated":true}]}}