{"id":27639,"date":"2016-05-16T14:26:06","date_gmt":"2016-05-16T14:26:06","guid":{"rendered":"http:\/\/ddigital.webs.ull.es\/?p=27639"},"modified":"2016-05-16T14:26:06","modified_gmt":"2016-05-16T14:26:06","slug":"el-aula-de-enoturismo-de-la-ull-organiza-la-segunda-edicion-del-concurso-internacional-de-vinos-del-atlantico-civa-2016","status":"publish","type":"post","link":"https:\/\/www.ull.es\/portal\/noticias\/2016\/el-aula-de-enoturismo-de-la-ull-organiza-la-segunda-edicion-del-concurso-internacional-de-vinos-del-atlantico-civa-2016\/","title":{"rendered":"El Aula de Enoturismo de la ULL organiza la segunda edici\u00f3n del Concurso Internacional de Vinos del Atl\u00e1ntico-CIVA 2016"},"content":{"rendered":"<p><span style=\"font-family: verdana,sans-serif\">El Cabildo Insular de Tenerife acogi\u00f3 la presentaci\u00f3n de la segunda edici\u00f3n del Concurso Internacional de Vinos del Atl\u00e1ntico-CIVA 2016, que se celebrar\u00e1 del 15 al 17 de junio en el municipio de El Sauzal. Se trata del \u00fanico certamen internacional que se celebra en Canarias dedicado en exclusiva a los vinos dulces producidos en los pa\u00edses que limitan con el oc\u00e9ano Atl\u00e1ntico y sus mares colindantes.\u00a0<\/span><\/p>\n<div><span style=\"font-family: verdana,sans-serif\">Organizado por el Aula de Enoturismo y Turismo Gastron\u00f3mico de la Universidad de La Laguna, cuenta con el patrocinio del Cabildo, a trav\u00e9s del \u00c1rea de Agricultura y la empresa Turismo de Tenerife; el Vicerrectorado de Relaciones con la Sociedad de la Universidad de La Laguna; el Gobierno de Canarias, a trav\u00e9s del Instituto Canario de Calidad Agroalimentaria; el Ayuntamiento de El Sauzal y la Fundaci\u00f3n Cajamar en Canarias, adem\u00e1s de la colaboraci\u00f3n de diversas entidades e instituciones de la isla.<\/span><\/div>\n<div><span style=\"font-family: verdana,sans-serif\"><br \/>\n<\/span><\/div>\n<div><span style=\"font-family: verdana,sans-serif\">El presidente del Cabildo, Carlos Alonso, ha valorado la capacidad de El Sauzal \u201cpara desarrollar productos nuevos que dinamicen el municipio, como sucede en este caso con este concurso pionero que celebra ya su segunda edici\u00f3n\u201d.<\/span><\/div>\n<div><span style=\"font-family: verdana,sans-serif\">El consejero insular de Agricultura, Ganader\u00eda y Pesca, Jes\u00fas Morales, ha recordado que \u201cdesde el Cabildo queremos no solo potenciar la producci\u00f3n de nuestros vinos sino tambi\u00e9n su promoci\u00f3n\u201d. Morales ha insistido en las \u201csingularidades\u201d de los vinos de Tenerife y ha explicado que la Corporaci\u00f3n insular promueve tambi\u00e9n proyectos de colaboraci\u00f3n en esta materia con otras regiones como Cabo Verde.<\/span><\/div>\n<div><span style=\"font-family: verdana,sans-serif\"><br \/>\n<\/span><\/div>\n<div><span style=\"font-family: verdana,sans-serif\">Por su parte, el alcalde ha insistido en la tradici\u00f3n vitivin\u00edcola del municipio, \u201cque siempre apoya al sector primario\u201d. Mariano P\u00e9rez ha anunciado que El Sauzal albergar\u00e1 los actos principales del D\u00eda de la Tapa, entre los que se incluye con una ruta por diferentes establecimientos de restauraci\u00f3n.<\/span><\/div>\n<div><span style=\"font-family: verdana,sans-serif\"><br \/>\n<\/span><\/div>\n<div><span style=\"font-family: verdana,sans-serif\">El director del Instituto Canario de Calidad Agroalimentaria (ICCA), Jos\u00e9 D\u00edaz Flores, ha destacado el trabajo de la Universidad de La Laguna en relaci\u00f3n con el enoturismo. En este sentido, se \u00a0ha referido a la importancia de consolidar este concurso \u201cy promover iniciativas como \u00e9sta que ponen en valor nuestros productos locales\u201d.<\/span><\/div>\n<div><span style=\"font-family: verdana,sans-serif\"><br \/>\n<\/span><\/div>\n<div><span style=\"font-family: verdana,sans-serif\">El Concurso Internacional de Vinos del Atl\u00e1ntico tendr\u00e1 como invitado especial en esta ocasi\u00f3n a la regi\u00f3n vitivin\u00edcola de Azores, seg\u00fan ha avanzado el director del Aula de Enoturismo y Turismo Gastron\u00f3mico de la Universidad de La Laguna, Valerio Guti\u00e9rrez.<\/span><\/div>\n<div><span style=\"font-family: verdana,sans-serif\"><br \/>\n<\/span><\/div>\n<div><span style=\"font-family: verdana,sans-serif\">El certamen, que en su anterior edici\u00f3n cont\u00f3 con la participaci\u00f3n de m\u00e1s de medio centenar de vinos, pretende recompensar la calidad de los vinos que concursan con el objetivo de incentivar el inter\u00e9s de quienes los producen por la mejora de su producto y, consecuentemente, estimular la demanda de los vinos premiados.<\/span><\/div>\n<div><span style=\"font-family: verdana,sans-serif\"><br \/>\n<\/span><\/div>\n<div><span style=\"font-family: verdana,sans-serif\">Los vinos participantes podr\u00e1n competir en las categor\u00edas de vinos de bajo velo, naturalmente dulces o vinos de licor. La organizaci\u00f3n ha previsto tres premios para los ganadores, Gran Atl\u00e1ntico de Oro, Atl\u00e1ntico de Oro y Atl\u00e1ntico de Plata, y una distinci\u00f3n especial del jurado al mejor vino canario del Atl\u00e1ntico.<\/span><\/div>\n<div><span style=\"font-family: verdana,sans-serif\"><br \/>\n<\/span><\/div>\n<div><span style=\"font-family: verdana,sans-serif\">Programa y actividades paralelas<\/span><\/div>\n<div><span style=\"font-family: verdana,sans-serif\"><br \/>\n<\/span><\/div>\n<div><span style=\"font-family: verdana,sans-serif\">Saborea Tenerife presentar\u00e1 tambi\u00e9n en el marco del concurso la Ruta de la Tapa de El Sauzal aprovechando la celebraci\u00f3n del D\u00eda Mundial de la Tapa que promueve Saborea Espa\u00f1a.<\/span><\/div>\n<div><span style=\"font-family: verdana,sans-serif\"><br \/>\n<\/span><\/div>\n<div><span style=\"font-family: verdana,sans-serif\">Adem\u00e1s, el chef Omar Bed\u00eda, propietario del restaurante Gastrobar AIE de El Sauzal, ser\u00e1 el representante de la Isla en la celebraci\u00f3n del D\u00eda Mundial de la Tapa Internacional que se celebrar\u00e1 en la embajada de Espa\u00f1a en Francia, donde competir\u00e1n otros cinco chefs espa\u00f1oles procedentes de Denia, Segovia, Madrid, Logro\u00f1o y Sevilla.<\/span><\/div>\n<div><span style=\"font-family: verdana,sans-serif\"><br \/>\n<\/span><\/div>\n<div><span style=\"font-family: verdana,sans-serif\">&#8211; Plazo de entrega de muestras: viernes, 10 de junio, a las 14,00 horas, en el Vicerrectorado de Relaciones con la Sociedad de la Universidad de La Laguna.\u00a0<\/span><\/div>\n<div><span style=\"font-family: verdana,sans-serif\"><br \/>\n<\/span><\/div>\n<div><span style=\"font-family: verdana,sans-serif\">&#8211; Recepci\u00f3n oficial por la Universidad de La Laguna a los miembros del jurado: mi\u00e9rcoles, 15 de junio, a las 12:00 horas, en la Real Sociedad Econ\u00f3mica de Amigos del Pa\u00eds de Tenerife (antigua Universidad de San Fernando).\u00a0<\/span><\/div>\n<div><span style=\"font-family: verdana,sans-serif\"><br \/>\n<\/span><\/div>\n<div><span style=\"font-family: verdana,sans-serif\">&#8211; Concurso Internacional de Vinos del Atl\u00e1ntico &#8211; CIVA 2016. (Sesi\u00f3n de cata): mi\u00e9rcoles, 15 de junio, a las 17:00 horas, en las Terrazas del Sauzal.\u00a0<\/span><\/div>\n<div><span style=\"font-family: verdana,sans-serif\"><br \/>\n<\/span><\/div>\n<div><span style=\"font-family: verdana,sans-serif\">&#8211; Concurso Internacional de Vinos del Atl\u00e1ntico &#8211; CIVA 2016. (Sesi\u00f3n de cata): jueves, 16 de junio, a las 10:00 horas, en las Terrazas del Sauzal.<\/span><\/div>\n<div><span style=\"font-family: verdana,sans-serif\"><br \/>\n<\/span><\/div>\n<div><span style=\"font-family: verdana,sans-serif\">&#8211; D\u00eda Mundial de la Tapa &#8211; Saborea Tenerife: jueves 16 de junio, a las 19:00 horas, en el edificio La Pir\u00e1mide de El Sauzal.<\/span><\/div>\n<div><span style=\"font-family: verdana,sans-serif\"><br \/>\n<\/span><\/div>\n<div><span style=\"font-family: verdana,sans-serif\">&#8211; Cata de Vinos de Azores: viernes, 17 de junio, a las 17:30 horas, en la Casa del Vino de Tenerife.<\/span><\/div>\n<div><span style=\"font-family: verdana,sans-serif\"><br \/>\n<\/span><\/div>\n<div><span style=\"font-family: verdana,sans-serif\">&#8211; Degustaci\u00f3n de tapas: Sabores canarios y de las Azores: viernes 17 de junio, a las \u00a019:00 horas, en las Terrazas del Sauzal.<\/span><\/div>\n<div><\/div>\n<div>(Nota y foto cedidas)<\/div>\n<div><\/div>\n","protected":false},"excerpt":{"rendered":"<p>El Cabildo Insular de Tenerife acogi\u00f3 la presentaci\u00f3n de la segunda edici\u00f3n del Concurso Internacional de Vinos del Atl\u00e1ntico-CIVA 2016,&#8230;<\/p>\n","protected":false},"author":23,"featured_media":27640,"comment_status":"open","ping_status":"open","sticky":false,"template":"","format":"standard","meta":{"inline_featured_image":false,"footnotes":""},"categories":[345,348,1],"tags":[588,665,881,1108,2527,2560],"acf":[],"yoast_head":"<!-- This site is optimized with the Yoast SEO plugin v21.3 - https:\/\/yoast.com\/wordpress\/plugins\/seo\/ -->\n<title>El Aula de Enoturismo de la ULL organiza la segunda edici\u00f3n del Concurso Internacional de Vinos del Atl\u00e1ntico-CIVA 2016 - ULL - Noticias<\/title>\n<meta name=\"robots\" content=\"index, follow, max-snippet:-1, max-image-preview:large, max-video-preview:-1\" \/>\n<link rel=\"canonical\" href=\"https:\/\/www.ull.es\/portal\/noticias\/2016\/el-aula-de-enoturismo-de-la-ull-organiza-la-segunda-edicion-del-concurso-internacional-de-vinos-del-atlantico-civa-2016\/\" \/>\n<meta property=\"og:locale\" content=\"es_ES\" \/>\n<meta property=\"og:type\" content=\"article\" \/>\n<meta property=\"og:title\" content=\"El Aula de Enoturismo de la ULL organiza la segunda edici\u00f3n del Concurso Internacional de Vinos del Atl\u00e1ntico-CIVA 2016 - ULL - Noticias\" \/>\n<meta property=\"og:description\" content=\"El Cabildo Insular de Tenerife acogi\u00f3 la presentaci\u00f3n de la segunda edici\u00f3n del Concurso Internacional de Vinos del Atl\u00e1ntico-CIVA 2016,...\" \/>\n<meta property=\"og:url\" content=\"https:\/\/www.ull.es\/portal\/noticias\/2016\/el-aula-de-enoturismo-de-la-ull-organiza-la-segunda-edicion-del-concurso-internacional-de-vinos-del-atlantico-civa-2016\/\" \/>\n<meta property=\"og:site_name\" content=\"ULL - Noticias\" \/>\n<meta property=\"article:publisher\" content=\"https:\/\/www.facebook.com\/universidaddelalaguna\/\" \/>\n<meta property=\"article:published_time\" content=\"2016-05-16T14:26:06+00:00\" \/>\n<meta property=\"og:image\" content=\"https:\/\/www.ull.es\/portal\/noticias\/wp-content\/uploads\/sites\/13\/2016\/05\/Concurso-vinos-Atl\u00e1ntico-01-2.jpg\" \/>\n\t<meta property=\"og:image:width\" content=\"1848\" \/>\n\t<meta property=\"og:image:height\" content=\"1224\" \/>\n\t<meta property=\"og:image:type\" content=\"image\/jpeg\" \/>\n<meta name=\"author\" content=\"gaprsa\" \/>\n<meta name=\"twitter:card\" content=\"summary_large_image\" \/>\n<meta name=\"twitter:creator\" content=\"@CanalULL\" \/>\n<meta name=\"twitter:site\" content=\"@CanalULL\" \/>\n<meta name=\"twitter:label1\" content=\"Escrito por\" \/>\n\t<meta name=\"twitter:data1\" content=\"gaprsa\" \/>\n\t<meta name=\"twitter:label2\" content=\"Tiempo de lectura\" \/>\n\t<meta name=\"twitter:data2\" content=\"4 minutos\" \/>\n<script type=\"application\/ld+json\" class=\"yoast-schema-graph\">{\"@context\":\"https:\/\/schema.org\",\"@graph\":[{\"@type\":\"WebPage\",\"@id\":\"https:\/\/www.ull.es\/portal\/noticias\/2016\/el-aula-de-enoturismo-de-la-ull-organiza-la-segunda-edicion-del-concurso-internacional-de-vinos-del-atlantico-civa-2016\/\",\"url\":\"https:\/\/www.ull.es\/portal\/noticias\/2016\/el-aula-de-enoturismo-de-la-ull-organiza-la-segunda-edicion-del-concurso-internacional-de-vinos-del-atlantico-civa-2016\/\",\"name\":\"El Aula de Enoturismo de la ULL organiza la segunda edici\u00f3n del Concurso Internacional de Vinos del Atl\u00e1ntico-CIVA 2016 - ULL - Noticias\",\"isPartOf\":{\"@id\":\"https:\/\/www.ull.es\/portal\/noticias\/#website\"},\"datePublished\":\"2016-05-16T14:26:06+00:00\",\"dateModified\":\"2016-05-16T14:26:06+00:00\",\"author\":{\"@id\":\"https:\/\/www.ull.es\/portal\/noticias\/#\/schema\/person\/b2b1a89d43ffa609e591f7df8ef3e817\"},\"breadcrumb\":{\"@id\":\"https:\/\/www.ull.es\/portal\/noticias\/2016\/el-aula-de-enoturismo-de-la-ull-organiza-la-segunda-edicion-del-concurso-internacional-de-vinos-del-atlantico-civa-2016\/#breadcrumb\"},\"inLanguage\":\"es\",\"potentialAction\":[{\"@type\":\"ReadAction\",\"target\":[\"https:\/\/www.ull.es\/portal\/noticias\/2016\/el-aula-de-enoturismo-de-la-ull-organiza-la-segunda-edicion-del-concurso-internacional-de-vinos-del-atlantico-civa-2016\/\"]}]},{\"@type\":\"BreadcrumbList\",\"@id\":\"https:\/\/www.ull.es\/portal\/noticias\/2016\/el-aula-de-enoturismo-de-la-ull-organiza-la-segunda-edicion-del-concurso-internacional-de-vinos-del-atlantico-civa-2016\/#breadcrumb\",\"itemListElement\":[{\"@type\":\"ListItem\",\"position\":1,\"name\":\"Portada\",\"item\":\"https:\/\/www.ull.es\/portal\/noticias\/\"},{\"@type\":\"ListItem\",\"position\":2,\"name\":\"El Aula de Enoturismo de la ULL organiza la segunda edici\u00f3n del Concurso Internacional de Vinos del Atl\u00e1ntico-CIVA 2016\"}]},{\"@type\":\"WebSite\",\"@id\":\"https:\/\/www.ull.es\/portal\/noticias\/#website\",\"url\":\"https:\/\/www.ull.es\/portal\/noticias\/\",\"name\":\"ULL - Noticias\",\"description\":\"\",\"potentialAction\":[{\"@type\":\"SearchAction\",\"target\":{\"@type\":\"EntryPoint\",\"urlTemplate\":\"https:\/\/www.ull.es\/portal\/noticias\/?s={search_term_string}\"},\"query-input\":\"required name=search_term_string\"}],\"inLanguage\":\"es\"},{\"@type\":\"Person\",\"@id\":\"https:\/\/www.ull.es\/portal\/noticias\/#\/schema\/person\/b2b1a89d43ffa609e591f7df8ef3e817\",\"name\":\"gaprsa\",\"image\":{\"@type\":\"ImageObject\",\"inLanguage\":\"es\",\"@id\":\"https:\/\/www.ull.es\/portal\/noticias\/#\/schema\/person\/image\/\",\"url\":\"https:\/\/secure.gravatar.com\/avatar\/443820550921091458b4823867723b3d?s=96&d=mm&r=g\",\"contentUrl\":\"https:\/\/secure.gravatar.com\/avatar\/443820550921091458b4823867723b3d?s=96&d=mm&r=g\",\"caption\":\"gaprsa\"},\"url\":\"https:\/\/www.ull.es\/portal\/noticias\/author\/gaprsa\/\"}]}<\/script>\n<!-- \/ Yoast SEO plugin. -->","yoast_head_json":{"title":"El Aula de Enoturismo de la ULL organiza la segunda edici\u00f3n del Concurso Internacional de Vinos del Atl\u00e1ntico-CIVA 2016 - ULL - Noticias","robots":{"index":"index","follow":"follow","max-snippet":"max-snippet:-1","max-image-preview":"max-image-preview:large","max-video-preview":"max-video-preview:-1"},"canonical":"https:\/\/www.ull.es\/portal\/noticias\/2016\/el-aula-de-enoturismo-de-la-ull-organiza-la-segunda-edicion-del-concurso-internacional-de-vinos-del-atlantico-civa-2016\/","og_locale":"es_ES","og_type":"article","og_title":"El Aula de Enoturismo de la ULL organiza la segunda edici\u00f3n del Concurso Internacional de Vinos del Atl\u00e1ntico-CIVA 2016 - ULL - Noticias","og_description":"El Cabildo Insular de Tenerife acogi\u00f3 la presentaci\u00f3n de la segunda edici\u00f3n del Concurso Internacional de Vinos del Atl\u00e1ntico-CIVA 2016,...","og_url":"https:\/\/www.ull.es\/portal\/noticias\/2016\/el-aula-de-enoturismo-de-la-ull-organiza-la-segunda-edicion-del-concurso-internacional-de-vinos-del-atlantico-civa-2016\/","og_site_name":"ULL - Noticias","article_publisher":"https:\/\/www.facebook.com\/universidaddelalaguna\/","article_published_time":"2016-05-16T14:26:06+00:00","og_image":[{"width":1848,"height":1224,"url":"https:\/\/www.ull.es\/portal\/noticias\/wp-content\/uploads\/sites\/13\/2016\/05\/Concurso-vinos-Atl\u00e1ntico-01-2.jpg","type":"image\/jpeg"}],"author":"gaprsa","twitter_card":"summary_large_image","twitter_creator":"@CanalULL","twitter_site":"@CanalULL","twitter_misc":{"Escrito por":"gaprsa","Tiempo de lectura":"4 minutos"},"schema":{"@context":"https:\/\/schema.org","@graph":[{"@type":"WebPage","@id":"https:\/\/www.ull.es\/portal\/noticias\/2016\/el-aula-de-enoturismo-de-la-ull-organiza-la-segunda-edicion-del-concurso-internacional-de-vinos-del-atlantico-civa-2016\/","url":"https:\/\/www.ull.es\/portal\/noticias\/2016\/el-aula-de-enoturismo-de-la-ull-organiza-la-segunda-edicion-del-concurso-internacional-de-vinos-del-atlantico-civa-2016\/","name":"El Aula de Enoturismo de la ULL organiza la segunda edici\u00f3n del Concurso Internacional de Vinos del Atl\u00e1ntico-CIVA 2016 - ULL - Noticias","isPartOf":{"@id":"https:\/\/www.ull.es\/portal\/noticias\/#website"},"datePublished":"2016-05-16T14:26:06+00:00","dateModified":"2016-05-16T14:26:06+00:00","author":{"@id":"https:\/\/www.ull.es\/portal\/noticias\/#\/schema\/person\/b2b1a89d43ffa609e591f7df8ef3e817"},"breadcrumb":{"@id":"https:\/\/www.ull.es\/portal\/noticias\/2016\/el-aula-de-enoturismo-de-la-ull-organiza-la-segunda-edicion-del-concurso-internacional-de-vinos-del-atlantico-civa-2016\/#breadcrumb"},"inLanguage":"es","potentialAction":[{"@type":"ReadAction","target":["https:\/\/www.ull.es\/portal\/noticias\/2016\/el-aula-de-enoturismo-de-la-ull-organiza-la-segunda-edicion-del-concurso-internacional-de-vinos-del-atlantico-civa-2016\/"]}]},{"@type":"BreadcrumbList","@id":"https:\/\/www.ull.es\/portal\/noticias\/2016\/el-aula-de-enoturismo-de-la-ull-organiza-la-segunda-edicion-del-concurso-internacional-de-vinos-del-atlantico-civa-2016\/#breadcrumb","itemListElement":[{"@type":"ListItem","position":1,"name":"Portada","item":"https:\/\/www.ull.es\/portal\/noticias\/"},{"@type":"ListItem","position":2,"name":"El Aula de Enoturismo de la ULL organiza la segunda edici\u00f3n del Concurso Internacional de Vinos del Atl\u00e1ntico-CIVA 2016"}]},{"@type":"WebSite","@id":"https:\/\/www.ull.es\/portal\/noticias\/#website","url":"https:\/\/www.ull.es\/portal\/noticias\/","name":"ULL - Noticias","description":"","potentialAction":[{"@type":"SearchAction","target":{"@type":"EntryPoint","urlTemplate":"https:\/\/www.ull.es\/portal\/noticias\/?s={search_term_string}"},"query-input":"required name=search_term_string"}],"inLanguage":"es"},{"@type":"Person","@id":"https:\/\/www.ull.es\/portal\/noticias\/#\/schema\/person\/b2b1a89d43ffa609e591f7df8ef3e817","name":"gaprsa","image":{"@type":"ImageObject","inLanguage":"es","@id":"https:\/\/www.ull.es\/portal\/noticias\/#\/schema\/person\/image\/","url":"https:\/\/secure.gravatar.com\/avatar\/443820550921091458b4823867723b3d?s=96&d=mm&r=g","contentUrl":"https:\/\/secure.gravatar.com\/avatar\/443820550921091458b4823867723b3d?s=96&d=mm&r=g","caption":"gaprsa"},"url":"https:\/\/www.ull.es\/portal\/noticias\/author\/gaprsa\/"}]}},"primary_category":null,"featured_image_thumbnail_url":"https:\/\/www.ull.es\/portal\/noticias\/wp-content\/uploads\/sites\/13\/2016\/05\/Concurso-vinos-Atl\u00e1ntico-01-2-300x199.jpg","_links":{"self":[{"href":"https:\/\/www.ull.es\/portal\/noticias\/wp-json\/wp\/v2\/posts\/27639"}],"collection":[{"href":"https:\/\/www.ull.es\/portal\/noticias\/wp-json\/wp\/v2\/posts"}],"about":[{"href":"https:\/\/www.ull.es\/portal\/noticias\/wp-json\/wp\/v2\/types\/post"}],"author":[{"embeddable":true,"href":"https:\/\/www.ull.es\/portal\/noticias\/wp-json\/wp\/v2\/users\/23"}],"replies":[{"embeddable":true,"href":"https:\/\/www.ull.es\/portal\/noticias\/wp-json\/wp\/v2\/comments?post=27639"}],"version-history":[{"count":0,"href":"https:\/\/www.ull.es\/portal\/noticias\/wp-json\/wp\/v2\/posts\/27639\/revisions"}],"wp:featuredmedia":[{"embeddable":true,"href":"https:\/\/www.ull.es\/portal\/noticias\/wp-json\/wp\/v2\/media\/27640"}],"wp:attachment":[{"href":"https:\/\/www.ull.es\/portal\/noticias\/wp-json\/wp\/v2\/media?parent=27639"}],"wp:term":[{"taxonomy":"category","embeddable":true,"href":"https:\/\/www.ull.es\/portal\/noticias\/wp-json\/wp\/v2\/categories?post=27639"},{"taxonomy":"post_tag","embeddable":true,"href":"https:\/\/www.ull.es\/portal\/noticias\/wp-json\/wp\/v2\/tags?post=27639"}],"curies":[{"name":"wp","href":"https:\/\/api.w.org\/{rel}","templated":true}]}}