{"id":27700,"date":"2016-05-20T11:07:18","date_gmt":"2016-05-20T11:07:18","guid":{"rendered":"http:\/\/ddigital.webs.ull.es\/?p=27700"},"modified":"2016-05-20T11:07:18","modified_gmt":"2016-05-20T11:07:18","slug":"espido-freire-ofrecera-una-conferencia-en-la-entrega-de-los-premios-literarios-de-la-universidad-de-la-laguna","status":"publish","type":"post","link":"https:\/\/www.ull.es\/portal\/noticias\/2016\/espido-freire-ofrecera-una-conferencia-en-la-entrega-de-los-premios-literarios-de-la-universidad-de-la-laguna\/","title":{"rendered":"Espido Freire ofrecer\u00e1 una conferencia en la entrega de los premios literarios de la Universidad de La Laguna"},"content":{"rendered":"<p>La Universidad de La Laguna entregar\u00e1 el pr\u00f3ximo martes 24 de mayo los Premios Literarios ULL, pertenecientes a las convocatoria \u00abPremios Culturales 2015\u00bb. En esta ocasi\u00f3n se ha preparado un programa especial, en el que participar\u00e1 la escritora bilba\u00edna Espido Freire, con una conferencia sobre su proceso creativo.<\/p>\n<p>El acto, que tendr\u00e1 lugar a las 20:30 horas en el Teatro Leal de La Laguna, ser\u00e1 gratuito <a href=\"http:\/\/eventos.ull.es\/go\/premiosliterarios\" target=\"_blank\" target=\"_blank\" rel=\"noopener\">previa inscripci\u00f3n<\/a>. La velada comenzar\u00e1 con las palabras de bienvenida que ofrecer\u00e1n el rector de la ULL, Antonio Martin\u00f3n Cejas; el alcalde de La Laguna, Jos\u00e9 Alberto D\u00edaz Dom\u00ednguez; y el vicerrector de Relaciones con la Sociedad de la ULL, Francisco Javier Garc\u00eda Rodr\u00edguez.<\/p>\n<p>Posteriormente, se entregar\u00e1n los premios a los ganadores de la edici\u00f3n 2015 del Premio Internacional Julio Cort\u00e1zar de Relato Breve, el Premio Internacional de Poes\u00eda Luis Feria, el Certamen de Guiones Cinematogr\u00e1ficos de Cortometrajes, el Concurso Universitario de Relato Breve del D\u00eda del Libro y el Premio Internacional de Teatro de Autor Domingo P\u00e9rez Minik. En este marco se presentar\u00e1 el libro \u201cPremios culturales,15. Premios literarios\u201d que\u00a0 recoge las obras ganadores y una selecci\u00f3n de finalistas.<\/p>\n<p>Seguidamente, la escritora invitada tomar\u00e1 la palabra para dictar su conferencia \u201cProceso creativo de Espido Freire\u201d, una disertaci\u00f3n sobre sus inicios en la escritura, sus relatos, su inspiraci\u00f3n\u00a0 y el desarrollo de sus libros.<\/p>\n<p>Pondr\u00e1 el broche a este acto institucional la Camerata Lacunensis. Esta formaci\u00f3n musical de la ULL fundada en 1993 ha acumulado a lo largo de su trayectoria hasta treinta premios tanto dentro como fuera de Canarias, y es internacionalmente aclamada no s\u00f3lo por su trabajo t\u00e9cnico e interpretativo, sino por su enorme versatilidad y, muy especialmente, por la emotividad y el don especial para transmitir sentimientos y conmover a los p\u00fablicos m\u00e1s diversos.<\/p>\n","protected":false},"excerpt":{"rendered":"<p>La Universidad de La Laguna entregar\u00e1 el pr\u00f3ximo martes 24 de mayo los Premios Literarios ULL, pertenecientes a las convocatoria&#8230;<\/p>\n","protected":false},"author":23,"featured_media":27701,"comment_status":"open","ping_status":"open","sticky":false,"template":"","format":"standard","meta":{"inline_featured_image":false,"footnotes":""},"categories":[344,345,1],"tags":[517,681,1171,1304,1617,2151,2453,2527,2560],"acf":[],"yoast_head":"<!-- This site is optimized with the Yoast SEO plugin v21.3 - https:\/\/yoast.com\/wordpress\/plugins\/seo\/ -->\n<title>Espido Freire ofrecer\u00e1 una conferencia en la entrega de los premios literarios de la Universidad de La Laguna - ULL - Noticias<\/title>\n<meta name=\"robots\" content=\"index, follow, max-snippet:-1, max-image-preview:large, max-video-preview:-1\" \/>\n<link rel=\"canonical\" href=\"https:\/\/www.ull.es\/portal\/noticias\/2016\/espido-freire-ofrecera-una-conferencia-en-la-entrega-de-los-premios-literarios-de-la-universidad-de-la-laguna\/\" \/>\n<meta property=\"og:locale\" content=\"es_ES\" \/>\n<meta property=\"og:type\" content=\"article\" \/>\n<meta property=\"og:title\" content=\"Espido Freire ofrecer\u00e1 una conferencia en la entrega de los premios literarios de la Universidad de La Laguna - ULL - Noticias\" \/>\n<meta property=\"og:description\" content=\"La Universidad de La Laguna entregar\u00e1 el pr\u00f3ximo martes 24 de mayo los Premios Literarios ULL, pertenecientes a las convocatoria...\" \/>\n<meta property=\"og:url\" content=\"https:\/\/www.ull.es\/portal\/noticias\/2016\/espido-freire-ofrecera-una-conferencia-en-la-entrega-de-los-premios-literarios-de-la-universidad-de-la-laguna\/\" \/>\n<meta property=\"og:site_name\" content=\"ULL - Noticias\" \/>\n<meta property=\"article:publisher\" content=\"https:\/\/www.facebook.com\/universidaddelalaguna\/\" \/>\n<meta property=\"article:published_time\" content=\"2016-05-20T11:07:18+00:00\" \/>\n<meta property=\"og:image\" content=\"https:\/\/www.ull.es\/portal\/noticias\/wp-content\/uploads\/sites\/13\/2016\/05\/premioliterario1.jpg\" \/>\n\t<meta property=\"og:image:width\" content=\"3508\" \/>\n\t<meta property=\"og:image:height\" content=\"4961\" \/>\n\t<meta property=\"og:image:type\" content=\"image\/jpeg\" \/>\n<meta name=\"author\" content=\"gaprsa\" \/>\n<meta name=\"twitter:card\" content=\"summary_large_image\" \/>\n<meta name=\"twitter:creator\" content=\"@CanalULL\" \/>\n<meta name=\"twitter:site\" content=\"@CanalULL\" \/>\n<meta name=\"twitter:label1\" content=\"Escrito por\" \/>\n\t<meta name=\"twitter:data1\" content=\"gaprsa\" \/>\n\t<meta name=\"twitter:label2\" content=\"Tiempo de lectura\" \/>\n\t<meta name=\"twitter:data2\" content=\"2 minutos\" \/>\n<script type=\"application\/ld+json\" class=\"yoast-schema-graph\">{\"@context\":\"https:\/\/schema.org\",\"@graph\":[{\"@type\":\"WebPage\",\"@id\":\"https:\/\/www.ull.es\/portal\/noticias\/2016\/espido-freire-ofrecera-una-conferencia-en-la-entrega-de-los-premios-literarios-de-la-universidad-de-la-laguna\/\",\"url\":\"https:\/\/www.ull.es\/portal\/noticias\/2016\/espido-freire-ofrecera-una-conferencia-en-la-entrega-de-los-premios-literarios-de-la-universidad-de-la-laguna\/\",\"name\":\"Espido Freire ofrecer\u00e1 una conferencia en la entrega de los premios literarios de la Universidad de La Laguna - ULL - Noticias\",\"isPartOf\":{\"@id\":\"https:\/\/www.ull.es\/portal\/noticias\/#website\"},\"datePublished\":\"2016-05-20T11:07:18+00:00\",\"dateModified\":\"2016-05-20T11:07:18+00:00\",\"author\":{\"@id\":\"https:\/\/www.ull.es\/portal\/noticias\/#\/schema\/person\/b2b1a89d43ffa609e591f7df8ef3e817\"},\"breadcrumb\":{\"@id\":\"https:\/\/www.ull.es\/portal\/noticias\/2016\/espido-freire-ofrecera-una-conferencia-en-la-entrega-de-los-premios-literarios-de-la-universidad-de-la-laguna\/#breadcrumb\"},\"inLanguage\":\"es\",\"potentialAction\":[{\"@type\":\"ReadAction\",\"target\":[\"https:\/\/www.ull.es\/portal\/noticias\/2016\/espido-freire-ofrecera-una-conferencia-en-la-entrega-de-los-premios-literarios-de-la-universidad-de-la-laguna\/\"]}]},{\"@type\":\"BreadcrumbList\",\"@id\":\"https:\/\/www.ull.es\/portal\/noticias\/2016\/espido-freire-ofrecera-una-conferencia-en-la-entrega-de-los-premios-literarios-de-la-universidad-de-la-laguna\/#breadcrumb\",\"itemListElement\":[{\"@type\":\"ListItem\",\"position\":1,\"name\":\"Portada\",\"item\":\"https:\/\/www.ull.es\/portal\/noticias\/\"},{\"@type\":\"ListItem\",\"position\":2,\"name\":\"Espido Freire ofrecer\u00e1 una conferencia en la entrega de los premios literarios de la Universidad de La Laguna\"}]},{\"@type\":\"WebSite\",\"@id\":\"https:\/\/www.ull.es\/portal\/noticias\/#website\",\"url\":\"https:\/\/www.ull.es\/portal\/noticias\/\",\"name\":\"ULL - Noticias\",\"description\":\"\",\"potentialAction\":[{\"@type\":\"SearchAction\",\"target\":{\"@type\":\"EntryPoint\",\"urlTemplate\":\"https:\/\/www.ull.es\/portal\/noticias\/?s={search_term_string}\"},\"query-input\":\"required name=search_term_string\"}],\"inLanguage\":\"es\"},{\"@type\":\"Person\",\"@id\":\"https:\/\/www.ull.es\/portal\/noticias\/#\/schema\/person\/b2b1a89d43ffa609e591f7df8ef3e817\",\"name\":\"gaprsa\",\"image\":{\"@type\":\"ImageObject\",\"inLanguage\":\"es\",\"@id\":\"https:\/\/www.ull.es\/portal\/noticias\/#\/schema\/person\/image\/\",\"url\":\"https:\/\/secure.gravatar.com\/avatar\/443820550921091458b4823867723b3d?s=96&d=mm&r=g\",\"contentUrl\":\"https:\/\/secure.gravatar.com\/avatar\/443820550921091458b4823867723b3d?s=96&d=mm&r=g\",\"caption\":\"gaprsa\"},\"url\":\"https:\/\/www.ull.es\/portal\/noticias\/author\/gaprsa\/\"}]}<\/script>\n<!-- \/ Yoast SEO plugin. -->","yoast_head_json":{"title":"Espido Freire ofrecer\u00e1 una conferencia en la entrega de los premios literarios de la Universidad de La Laguna - ULL - Noticias","robots":{"index":"index","follow":"follow","max-snippet":"max-snippet:-1","max-image-preview":"max-image-preview:large","max-video-preview":"max-video-preview:-1"},"canonical":"https:\/\/www.ull.es\/portal\/noticias\/2016\/espido-freire-ofrecera-una-conferencia-en-la-entrega-de-los-premios-literarios-de-la-universidad-de-la-laguna\/","og_locale":"es_ES","og_type":"article","og_title":"Espido Freire ofrecer\u00e1 una conferencia en la entrega de los premios literarios de la Universidad de La Laguna - ULL - Noticias","og_description":"La Universidad de La Laguna entregar\u00e1 el pr\u00f3ximo martes 24 de mayo los Premios Literarios ULL, pertenecientes a las convocatoria...","og_url":"https:\/\/www.ull.es\/portal\/noticias\/2016\/espido-freire-ofrecera-una-conferencia-en-la-entrega-de-los-premios-literarios-de-la-universidad-de-la-laguna\/","og_site_name":"ULL - Noticias","article_publisher":"https:\/\/www.facebook.com\/universidaddelalaguna\/","article_published_time":"2016-05-20T11:07:18+00:00","og_image":[{"width":3508,"height":4961,"url":"https:\/\/www.ull.es\/portal\/noticias\/wp-content\/uploads\/sites\/13\/2016\/05\/premioliterario1.jpg","type":"image\/jpeg"}],"author":"gaprsa","twitter_card":"summary_large_image","twitter_creator":"@CanalULL","twitter_site":"@CanalULL","twitter_misc":{"Escrito por":"gaprsa","Tiempo de lectura":"2 minutos"},"schema":{"@context":"https:\/\/schema.org","@graph":[{"@type":"WebPage","@id":"https:\/\/www.ull.es\/portal\/noticias\/2016\/espido-freire-ofrecera-una-conferencia-en-la-entrega-de-los-premios-literarios-de-la-universidad-de-la-laguna\/","url":"https:\/\/www.ull.es\/portal\/noticias\/2016\/espido-freire-ofrecera-una-conferencia-en-la-entrega-de-los-premios-literarios-de-la-universidad-de-la-laguna\/","name":"Espido Freire ofrecer\u00e1 una conferencia en la entrega de los premios literarios de la Universidad de La Laguna - ULL - Noticias","isPartOf":{"@id":"https:\/\/www.ull.es\/portal\/noticias\/#website"},"datePublished":"2016-05-20T11:07:18+00:00","dateModified":"2016-05-20T11:07:18+00:00","author":{"@id":"https:\/\/www.ull.es\/portal\/noticias\/#\/schema\/person\/b2b1a89d43ffa609e591f7df8ef3e817"},"breadcrumb":{"@id":"https:\/\/www.ull.es\/portal\/noticias\/2016\/espido-freire-ofrecera-una-conferencia-en-la-entrega-de-los-premios-literarios-de-la-universidad-de-la-laguna\/#breadcrumb"},"inLanguage":"es","potentialAction":[{"@type":"ReadAction","target":["https:\/\/www.ull.es\/portal\/noticias\/2016\/espido-freire-ofrecera-una-conferencia-en-la-entrega-de-los-premios-literarios-de-la-universidad-de-la-laguna\/"]}]},{"@type":"BreadcrumbList","@id":"https:\/\/www.ull.es\/portal\/noticias\/2016\/espido-freire-ofrecera-una-conferencia-en-la-entrega-de-los-premios-literarios-de-la-universidad-de-la-laguna\/#breadcrumb","itemListElement":[{"@type":"ListItem","position":1,"name":"Portada","item":"https:\/\/www.ull.es\/portal\/noticias\/"},{"@type":"ListItem","position":2,"name":"Espido Freire ofrecer\u00e1 una conferencia en la entrega de los premios literarios de la Universidad de La Laguna"}]},{"@type":"WebSite","@id":"https:\/\/www.ull.es\/portal\/noticias\/#website","url":"https:\/\/www.ull.es\/portal\/noticias\/","name":"ULL - Noticias","description":"","potentialAction":[{"@type":"SearchAction","target":{"@type":"EntryPoint","urlTemplate":"https:\/\/www.ull.es\/portal\/noticias\/?s={search_term_string}"},"query-input":"required name=search_term_string"}],"inLanguage":"es"},{"@type":"Person","@id":"https:\/\/www.ull.es\/portal\/noticias\/#\/schema\/person\/b2b1a89d43ffa609e591f7df8ef3e817","name":"gaprsa","image":{"@type":"ImageObject","inLanguage":"es","@id":"https:\/\/www.ull.es\/portal\/noticias\/#\/schema\/person\/image\/","url":"https:\/\/secure.gravatar.com\/avatar\/443820550921091458b4823867723b3d?s=96&d=mm&r=g","contentUrl":"https:\/\/secure.gravatar.com\/avatar\/443820550921091458b4823867723b3d?s=96&d=mm&r=g","caption":"gaprsa"},"url":"https:\/\/www.ull.es\/portal\/noticias\/author\/gaprsa\/"}]}},"primary_category":null,"featured_image_thumbnail_url":"https:\/\/www.ull.es\/portal\/noticias\/wp-content\/uploads\/sites\/13\/2016\/05\/premioliterario1-212x300.jpg","_links":{"self":[{"href":"https:\/\/www.ull.es\/portal\/noticias\/wp-json\/wp\/v2\/posts\/27700"}],"collection":[{"href":"https:\/\/www.ull.es\/portal\/noticias\/wp-json\/wp\/v2\/posts"}],"about":[{"href":"https:\/\/www.ull.es\/portal\/noticias\/wp-json\/wp\/v2\/types\/post"}],"author":[{"embeddable":true,"href":"https:\/\/www.ull.es\/portal\/noticias\/wp-json\/wp\/v2\/users\/23"}],"replies":[{"embeddable":true,"href":"https:\/\/www.ull.es\/portal\/noticias\/wp-json\/wp\/v2\/comments?post=27700"}],"version-history":[{"count":0,"href":"https:\/\/www.ull.es\/portal\/noticias\/wp-json\/wp\/v2\/posts\/27700\/revisions"}],"wp:featuredmedia":[{"embeddable":true,"href":"https:\/\/www.ull.es\/portal\/noticias\/wp-json\/wp\/v2\/media\/27701"}],"wp:attachment":[{"href":"https:\/\/www.ull.es\/portal\/noticias\/wp-json\/wp\/v2\/media?parent=27700"}],"wp:term":[{"taxonomy":"category","embeddable":true,"href":"https:\/\/www.ull.es\/portal\/noticias\/wp-json\/wp\/v2\/categories?post=27700"},{"taxonomy":"post_tag","embeddable":true,"href":"https:\/\/www.ull.es\/portal\/noticias\/wp-json\/wp\/v2\/tags?post=27700"}],"curies":[{"name":"wp","href":"https:\/\/api.w.org\/{rel}","templated":true}]}}