{"id":27739,"date":"2016-05-25T07:24:41","date_gmt":"2016-05-25T07:24:41","guid":{"rendered":"http:\/\/ddigital.webs.ull.es\/?p=27739"},"modified":"2016-05-25T07:24:41","modified_gmt":"2016-05-25T07:24:41","slug":"la-universidad-de-la-laguna-entrego-sus-premios-literarios-por-primera-vez-en-el-teatro-leal","status":"publish","type":"post","link":"https:\/\/www.ull.es\/portal\/noticias\/2016\/la-universidad-de-la-laguna-entrego-sus-premios-literarios-por-primera-vez-en-el-teatro-leal\/","title":{"rendered":"La Universidad de La Laguna entreg\u00f3 sus premios literarios por primera vez en el Teatro Leal"},"content":{"rendered":"<p>El Vicerrectorado de Relaciones con la Sociedad de la Universidad de La Laguna convoca cada a\u00f1o varios premios de diferentes disciplina art\u00edsticas. En 2016, la instituci\u00f3n acad\u00e9mica ha dedicado una gala centrada exclusivamente en aquellos cert\u00e1menes de \u00edndole literaria que, como novedad, ha abandonado el recinto acad\u00e9mico para celebrarse la noche del martes 24 de mayo en el Teatro Leal.<\/p>\n<p>En el acto estuvieron presentes el rector de la ULL, Antonio Martin\u00f3n, y el vicerrector de Relaciones con la Sociedad, Francisco Garc\u00eda, y la concejala de Bienestar Social del Ayuntamiento de La Laguna, Flora Marrero. La gala fue presentada por la periodista Irma Cervino.<\/p>\n<p>El rector destac\u00f3 que esta ha sido la primera ocasi\u00f3n en que la Universidad de La Laguna celebra una de sus ceremonias fuera del recinto universitario, como s\u00edmbolo de \u00abuna nueva relaci\u00f3n\u00bb entre la universidad y el ayuntamiento, con el objetivo de potenciar que La Laguna sea, efectivamente, una ciudad universitaria. Martin\u00f3n se\u00f1al\u00f3 que con esta gala, se pretende visualizar esa nueva etapa en la que la universidad y la ciudad van de la mano. Por eso, abog\u00f3 por que a partir de ahora, estos premios no fueran considerados exclusivamente de la instituci\u00f3n acad\u00e9mica, sino del municipio.<\/p>\n<p>[images_grid auto_slide=\u00bbno\u00bb auto_duration=\u00bb1&#8243; cols=\u00bbthree\u00bb lightbox=\u00bbno\u00bb source=\u00bbmedia: 27745&#8243;][\/images_grid]<\/p>\n<p>Por su parte, la concejala del Ayuntamiento de La Laguna disculp\u00f3 la ausencia del alcalde de la ciudad, Jos\u00e9 Alberto D\u00edaz, que en esos momentos se encontraba en Toledo en una reuni\u00f3n de ciudades patrimonio de la humanidad. Marrero valor\u00f3 en su discurso la condici\u00f3n de la ciudad como importante foco cultural y de creaci\u00f3n e incidi\u00f3 en esa idea de ahondar en la relaci\u00f3n existente entre la ULL y la ciudad que la acoge.<\/p>\n<p>[images_grid auto_slide=\u00bbno\u00bb auto_duration=\u00bb1&#8243; cols=\u00bbthree\u00bb lightbox=\u00bbno\u00bb source=\u00bbmedia: 27741&#8243;][\/images_grid]<\/p>\n<p>El vicerrector de Relaciones con la Sociedad record\u00f3 que en esta gala se entregaban cinco de los diez premios que anualmente convoca la ULL. Algunos de ellos ya han llegado a la vig\u00e9sima edici\u00f3n, lo que los convierte en unos cert\u00e1menes de innegable longevidad. Adem\u00e1s, en ellos han participado 370 personas, indicador de su capacidad de convocatoria. Finalmente, record\u00f3 que ya est\u00e1 abierta la convocatoria de premios correspondiente en 2016.<\/p>\n<p>[images_grid auto_slide=\u00bbno\u00bb auto_duration=\u00bb1&#8243; cols=\u00bbthree\u00bb lightbox=\u00bbno\u00bb source=\u00bbmedia: 27740&#8243;][\/images_grid]<\/p>\n<p>El bloque principal de la gala estuvo dedicado a la entrega de los cinco premios literarios de la ULL. Aprovechado la ocasi\u00f3n, tambi\u00e9n se present\u00f3 el libro \u201cPremios Literarios de la Universidad de La Laguna\u201d, volumen que recoge las obras ganadoras, as\u00ed como una selecci\u00f3n de participantes en los concursos que los diferentes jurados han querido destacar por su calidad. Con este libro, la universidad busca que sus galardones sirvan para difundir entre el p\u00fablico los trabajos y, de este modo, puedan ser disfrutados por los lectores.<\/p>\n<p>Tras la entrega de premios propiamente dicha, la escritora bilba\u00edna Espido Freire ofreci\u00f3 una conferencia en la que indag\u00f3 en su propio proceso creativo. Finalmente, el colof\u00f3n de la gala fue la actuaci\u00f3n de la coral universitaria Camerata Lacunensis.<\/p>\n<p><strong>Premios<\/strong><\/p>\n<p>En total, se entregaron los premios de cinco cert\u00e1menes diferentes. El <strong>X Concurso de Relato Breve D\u00eda del Libro 2015<\/strong> es un certamen peculiar ya que se caracteriza por que los trabajos deben redactarse a mano e <em>in situ<\/em> en la biblioteca universitaria el 23 de abril. En esta ocasi\u00f3n, el relato vencedor fue \u201cEl narrador\u201d, de M\u00aa Alejandra Aguado Colmeiro, de la Facultad de Ciencias Pol\u00edticas, Sociales y de la Comunicaci\u00f3n.<\/p>\n<p>Como finalistas y, por tanto, incluidos en el libro, quedaron los trabajos \u201cEntrop\u00eda\u201d, de \u00c1lvaro Afonso D\u00e1vila; \u201cLa felicidad es una estrella fugaz\u201d, de Eduardo \u00c1lvarez Garc\u00eda; \u201cEn pedazos\u201d, de H\u00e9ctor Cabez\u00f3n Morales; \u201cLlorando a un desaparecido\u201d, de Pablo Armas Correa; \u201cEl lamento de Kafka\u201d, de Dami\u00e1n Cruz Latorre; y \u201cCasa de Duchas\u201d, de Agustina Micaela Bugin.<\/p>\n<p>En el <strong>XVIII Premio Internacional de Relato Breve Julio Cort\u00e1zar <\/strong>el ganador fue \u201cJaponesa\u201d, de Margarita S\u00e1enz Herrero, que acudi\u00f3 a recoger el premio. Los acc\u00e9sits fueron concedidos a \u201cEscalera de hueso\u201d, de Diego Marcelo Balmaceda; \u201cGloria la yesca\u201d, del Rafael L\u00f3pez \u00c1lvarez; \u201cLa paloma\u201d, de Lola Sanabria Garc\u00eda; \u201cEl canto del gallo\u201d, de M\u00f3nica G\u00f3mez de \u00d3lea Goyanes; \u201cUn tiro al aire\u201d, de Ana Isabel Espinosa Garc\u00eda; y \u201cMcHegel\u201d, de \u00c1ngel Carmona.<\/p>\n<p>[images_grid auto_slide=\u00bbno\u00bb auto_duration=\u00bb1&#8243; cols=\u00bbthree\u00bb lightbox=\u00bbno\u00bb source=\u00bbmedia: 27746&#8243;][\/images_grid]<\/p>\n<p>En el <strong>XX Certamen Internacional de Guiones Cinematogr\u00e1ficos de Cortometrajes de la Universidad de La Laguna<\/strong> se alz\u00f3 con el triunfo \u201cM\u00e9rope\u201d, de David D. Dom\u00ednguez, que tambi\u00e9n pudo acudir a la gala. Los finalistas fueron \u201cEspecial fin del mundo\u201d, de Ana Piedra G\u00f3mez; y \u201cEste no es mi hijo\u201d, de Domingo Gim\u00e9nez C\u00e1novas y Domingo Gim\u00e9nez C\u00e1mara.<\/p>\n<p>[images_grid auto_slide=\u00bbno\u00bb auto_duration=\u00bb1&#8243; cols=\u00bbthree\u00bb lightbox=\u00bbno\u00bb source=\u00bbmedia: 27743&#8243;][\/images_grid]<\/p>\n<p>Finalmente, dos galardones en los que no se designaron finalistas: El <strong>XVII Premio Internacional de Poes\u00eda Luis Feria<\/strong>, del cual result\u00f3 ganador el poemario \u201cEl invierno m\u00e1s largo\u201d, de Nieves P\u00e9rez Cejas, que agradeci\u00f3 el premio con un video por hallarse en Ruman\u00eda por motivos de trabajo; y el <strong>XVIII Premio Internacional de Teatro de autor Domingo P\u00e9rez Minik, <\/strong>cuya obra ganadora fue \u201cExtrem\u00f3filos\u201d, de Luis Fernando de Juli\u00e1n Garc\u00eda, quien tambi\u00e9n agradeci\u00f3 el galard\u00f3n mediante un video.<\/p>\n<p>[images_grid auto_slide=\u00bbno\u00bb auto_duration=\u00bb1&#8243; cols=\u00bbthree\u00bb lightbox=\u00bbno\u00bb source=\u00bbmedia: 27744&#8243;][\/images_grid]<\/p>\n<p><strong>Espido Freire<\/strong><\/p>\n<p>La escritora comenz\u00f3 su intervenci\u00f3n informando de que se le hab\u00eda invitado a hablar sobre su propio proceso creativo y que tratar\u00eda de obedecer, aunque advirti\u00f3 que los escritores son tendentes a la rebeld\u00eda. Freire coment\u00f3 que en muchas entrevistas que le realizan es recurrente la pregunta acerca de, precisamente, c\u00f3mo es su proceso creativo, como si ella, al igual que otros autores, poseyera alg\u00fan tipo de secreto oculto. Y, seg\u00fan la escritora, eso no es as\u00ed: \u00abLo que hay es un enfoque vital y, sobre todo, trabajo\u00bb.<\/p>\n<p>[images_grid auto_slide=\u00bbno\u00bb auto_duration=\u00bb1&#8243; cols=\u00bbthree\u00bb lightbox=\u00bbno\u00bb source=\u00bbmedia: 27742&#8243;][\/images_grid]<\/p>\n<p>Se refiri\u00f3 a la gran mayor\u00eda de escritores que no pod\u00edan dedicarse profesionalmente a ello, ya que es habitual que muchos autores publicados se tengan que dedicar a otras profesiones. Eso tiene una gran ventaja, como es el aumento de la pasi\u00f3n por crear. Pero tambi\u00e9n sus inconvenientes, como es la falta de capacidad de presi\u00f3n a la hora de defender los derechos de autor o reproducci\u00f3n<\/p>\n<p>Freire se refiri\u00f3 a los diferentes medios que tienen los escritores para dar a conocer su creatividad, desde los art\u00edculos en prensa -cada vez menos frecuentes dada la crisis de los medios de comunicaci\u00f3n- como la autoedici\u00f3n, entre otras. Sin embargo, destac\u00f3 el gran potencial de Internet, que genera \u00abla mayor capacidad de creaci\u00f3n en bruto que nunca se haya tenido\u00bb.<\/p>\n<p>Hay dos grandes tab\u00fas en el caso de los escritores: no pueden hablar de dinero y no pueden hablar de trabajo. El mito existente es que los autores son bohemios que viven en la pobreza y en fiesta perpetua. Freire critic\u00f3 esos falsos mitos y reafirm\u00f3 que en el d\u00eda a d\u00eda de una escritora lo que hay es trabajo. Y en ese trabajo se incluye el estudio y el conocimiento de otros autores. \u00abEl trabajo de un escritor debe ser, sobre todo, la creaci\u00f3n de una visi\u00f3n y un pensamiento propio. Por decirlo as\u00ed, ser menos reba\u00f1o y m\u00e1s borrego\u00bb.<\/p>\n<p>Cuando se habla de creatividad, se est\u00e1 limitando el t\u00e9rmino al hecho de \u00abser artista\u00bb. Pero sin la creatividad, el d\u00eda a d\u00eda no ser\u00eda posible. \u00abDebemos ofrecer nuevas soluciones a los problemas de siempre\u00bb. A su juicio, es precisamente la falta de creatividad la que ha marcado el devenir de la actual crisis.<\/p>\n<p>Se ha llegado a un momento en el que ya no es posible ser los mismos de antes. Hay que mirar desde fuera la realidad y los t\u00f3picos que han marcado las creencias sociales. Y tratar de descubrir d\u00f3nde est\u00e1n esas \u00abfuerzas invisibles\u00bb que coartan la creatividad vital a trav\u00e9s de coacciones continuas: cr\u00edticas a la menara de vestir, agresiones a trav\u00e9s de Twitter, etc.<\/p>\n<p>\u00abLa especializaci\u00f3n es cosa de insectos\u00bb, afirm\u00f3, por lo que es necesario que la creatividad abarque muchos \u00e1mbitos. \u00abLa capacidad de creaci\u00f3n es uno de los valores a los que m\u00e1s debemos aferrarnos\u00bb.<\/p>\n<p>Confes\u00f3 que su carrera comenz\u00f3 en la \u00f3pera, cuando fue descubierta con once a\u00f1os, pero no le gust\u00f3 \u00abla oscuridad\u00bb, el hecho de dirigirse a una platea a la que no ve\u00eda los rostros, ni tampoco la competitividad e, incluso, el acoso. Por ello, inici\u00f3 una segunda carera en la literatura. \u00ab\u00c9sta me permiti\u00f3 vencer el tiempo. Adem\u00e1s, en el canto era un personaje, mientras que en la escritura era el narrador\u00bb.<\/p>\n<p>Tambi\u00e9n valor\u00f3 el papel de las redes sociales como medio para acercarse a su p\u00fablico, por lo que no dud\u00f3 en saludar a sus seguidores, \u00absean lectores o no\u00bb, en diferentes plataformas como Instagram. Gracias a ellas, muchas personas han podido superar la timidez e interaccionar con los autores en un terreno com\u00fan.<\/p>\n<p>&nbsp;<\/p>\n","protected":false},"excerpt":{"rendered":"<p>El Vicerrectorado de Relaciones con la Sociedad de la Universidad de La Laguna convoca cada a\u00f1o varios premios de diferentes&#8230;<\/p>\n","protected":false},"author":23,"featured_media":27741,"comment_status":"open","ping_status":"open","sticky":false,"template":"","format":"video","meta":{"inline_featured_image":false,"footnotes":""},"categories":[344,345,1],"tags":[681,1171,2150,2151,2453,2527,2560,2614],"acf":[],"yoast_head":"<!-- This site is optimized with the Yoast SEO plugin v21.3 - https:\/\/yoast.com\/wordpress\/plugins\/seo\/ -->\n<title>La Universidad de La Laguna entreg\u00f3 sus premios literarios por primera vez en el Teatro Leal - ULL - Noticias<\/title>\n<meta name=\"robots\" content=\"index, follow, max-snippet:-1, max-image-preview:large, max-video-preview:-1\" \/>\n<link rel=\"canonical\" href=\"https:\/\/www.ull.es\/portal\/noticias\/2016\/la-universidad-de-la-laguna-entrego-sus-premios-literarios-por-primera-vez-en-el-teatro-leal\/\" \/>\n<meta property=\"og:locale\" content=\"es_ES\" \/>\n<meta property=\"og:type\" content=\"article\" \/>\n<meta property=\"og:title\" content=\"La Universidad de La Laguna entreg\u00f3 sus premios literarios por primera vez en el Teatro Leal - ULL - Noticias\" \/>\n<meta property=\"og:description\" content=\"El Vicerrectorado de Relaciones con la Sociedad de la Universidad de La Laguna convoca cada a\u00f1o varios premios de diferentes...\" \/>\n<meta property=\"og:url\" content=\"https:\/\/www.ull.es\/portal\/noticias\/2016\/la-universidad-de-la-laguna-entrego-sus-premios-literarios-por-primera-vez-en-el-teatro-leal\/\" \/>\n<meta property=\"og:site_name\" content=\"ULL - Noticias\" \/>\n<meta property=\"article:publisher\" content=\"https:\/\/www.facebook.com\/universidaddelalaguna\/\" \/>\n<meta property=\"article:published_time\" content=\"2016-05-25T07:24:41+00:00\" \/>\n<meta property=\"og:image\" content=\"https:\/\/www.ull.es\/portal\/noticias\/wp-content\/uploads\/sites\/13\/2016\/05\/premios-concejala.jpg\" \/>\n\t<meta property=\"og:image:width\" content=\"1034\" \/>\n\t<meta property=\"og:image:height\" content=\"708\" \/>\n\t<meta property=\"og:image:type\" content=\"image\/jpeg\" \/>\n<meta name=\"author\" content=\"gaprsa\" \/>\n<meta name=\"twitter:card\" content=\"summary_large_image\" \/>\n<meta name=\"twitter:creator\" content=\"@CanalULL\" \/>\n<meta name=\"twitter:site\" content=\"@CanalULL\" \/>\n<meta name=\"twitter:label1\" content=\"Escrito por\" \/>\n\t<meta name=\"twitter:data1\" content=\"gaprsa\" \/>\n\t<meta name=\"twitter:label2\" content=\"Tiempo de lectura\" \/>\n\t<meta name=\"twitter:data2\" content=\"8 minutos\" \/>\n<script type=\"application\/ld+json\" class=\"yoast-schema-graph\">{\"@context\":\"https:\/\/schema.org\",\"@graph\":[{\"@type\":\"WebPage\",\"@id\":\"https:\/\/www.ull.es\/portal\/noticias\/2016\/la-universidad-de-la-laguna-entrego-sus-premios-literarios-por-primera-vez-en-el-teatro-leal\/\",\"url\":\"https:\/\/www.ull.es\/portal\/noticias\/2016\/la-universidad-de-la-laguna-entrego-sus-premios-literarios-por-primera-vez-en-el-teatro-leal\/\",\"name\":\"La Universidad de La Laguna entreg\u00f3 sus premios literarios por primera vez en el Teatro Leal - ULL - Noticias\",\"isPartOf\":{\"@id\":\"https:\/\/www.ull.es\/portal\/noticias\/#website\"},\"datePublished\":\"2016-05-25T07:24:41+00:00\",\"dateModified\":\"2016-05-25T07:24:41+00:00\",\"author\":{\"@id\":\"https:\/\/www.ull.es\/portal\/noticias\/#\/schema\/person\/b2b1a89d43ffa609e591f7df8ef3e817\"},\"breadcrumb\":{\"@id\":\"https:\/\/www.ull.es\/portal\/noticias\/2016\/la-universidad-de-la-laguna-entrego-sus-premios-literarios-por-primera-vez-en-el-teatro-leal\/#breadcrumb\"},\"inLanguage\":\"es\",\"potentialAction\":[{\"@type\":\"ReadAction\",\"target\":[\"https:\/\/www.ull.es\/portal\/noticias\/2016\/la-universidad-de-la-laguna-entrego-sus-premios-literarios-por-primera-vez-en-el-teatro-leal\/\"]}]},{\"@type\":\"BreadcrumbList\",\"@id\":\"https:\/\/www.ull.es\/portal\/noticias\/2016\/la-universidad-de-la-laguna-entrego-sus-premios-literarios-por-primera-vez-en-el-teatro-leal\/#breadcrumb\",\"itemListElement\":[{\"@type\":\"ListItem\",\"position\":1,\"name\":\"Portada\",\"item\":\"https:\/\/www.ull.es\/portal\/noticias\/\"},{\"@type\":\"ListItem\",\"position\":2,\"name\":\"La Universidad de La Laguna entreg\u00f3 sus premios literarios por primera vez en el Teatro Leal\"}]},{\"@type\":\"WebSite\",\"@id\":\"https:\/\/www.ull.es\/portal\/noticias\/#website\",\"url\":\"https:\/\/www.ull.es\/portal\/noticias\/\",\"name\":\"ULL - Noticias\",\"description\":\"\",\"potentialAction\":[{\"@type\":\"SearchAction\",\"target\":{\"@type\":\"EntryPoint\",\"urlTemplate\":\"https:\/\/www.ull.es\/portal\/noticias\/?s={search_term_string}\"},\"query-input\":\"required name=search_term_string\"}],\"inLanguage\":\"es\"},{\"@type\":\"Person\",\"@id\":\"https:\/\/www.ull.es\/portal\/noticias\/#\/schema\/person\/b2b1a89d43ffa609e591f7df8ef3e817\",\"name\":\"gaprsa\",\"image\":{\"@type\":\"ImageObject\",\"inLanguage\":\"es\",\"@id\":\"https:\/\/www.ull.es\/portal\/noticias\/#\/schema\/person\/image\/\",\"url\":\"https:\/\/secure.gravatar.com\/avatar\/443820550921091458b4823867723b3d?s=96&d=mm&r=g\",\"contentUrl\":\"https:\/\/secure.gravatar.com\/avatar\/443820550921091458b4823867723b3d?s=96&d=mm&r=g\",\"caption\":\"gaprsa\"},\"url\":\"https:\/\/www.ull.es\/portal\/noticias\/author\/gaprsa\/\"}]}<\/script>\n<!-- \/ Yoast SEO plugin. -->","yoast_head_json":{"title":"La Universidad de La Laguna entreg\u00f3 sus premios literarios por primera vez en el Teatro Leal - ULL - Noticias","robots":{"index":"index","follow":"follow","max-snippet":"max-snippet:-1","max-image-preview":"max-image-preview:large","max-video-preview":"max-video-preview:-1"},"canonical":"https:\/\/www.ull.es\/portal\/noticias\/2016\/la-universidad-de-la-laguna-entrego-sus-premios-literarios-por-primera-vez-en-el-teatro-leal\/","og_locale":"es_ES","og_type":"article","og_title":"La Universidad de La Laguna entreg\u00f3 sus premios literarios por primera vez en el Teatro Leal - ULL - Noticias","og_description":"El Vicerrectorado de Relaciones con la Sociedad de la Universidad de La Laguna convoca cada a\u00f1o varios premios de diferentes...","og_url":"https:\/\/www.ull.es\/portal\/noticias\/2016\/la-universidad-de-la-laguna-entrego-sus-premios-literarios-por-primera-vez-en-el-teatro-leal\/","og_site_name":"ULL - Noticias","article_publisher":"https:\/\/www.facebook.com\/universidaddelalaguna\/","article_published_time":"2016-05-25T07:24:41+00:00","og_image":[{"width":1034,"height":708,"url":"https:\/\/www.ull.es\/portal\/noticias\/wp-content\/uploads\/sites\/13\/2016\/05\/premios-concejala.jpg","type":"image\/jpeg"}],"author":"gaprsa","twitter_card":"summary_large_image","twitter_creator":"@CanalULL","twitter_site":"@CanalULL","twitter_misc":{"Escrito por":"gaprsa","Tiempo de lectura":"8 minutos"},"schema":{"@context":"https:\/\/schema.org","@graph":[{"@type":"WebPage","@id":"https:\/\/www.ull.es\/portal\/noticias\/2016\/la-universidad-de-la-laguna-entrego-sus-premios-literarios-por-primera-vez-en-el-teatro-leal\/","url":"https:\/\/www.ull.es\/portal\/noticias\/2016\/la-universidad-de-la-laguna-entrego-sus-premios-literarios-por-primera-vez-en-el-teatro-leal\/","name":"La Universidad de La Laguna entreg\u00f3 sus premios literarios por primera vez en el Teatro Leal - ULL - Noticias","isPartOf":{"@id":"https:\/\/www.ull.es\/portal\/noticias\/#website"},"datePublished":"2016-05-25T07:24:41+00:00","dateModified":"2016-05-25T07:24:41+00:00","author":{"@id":"https:\/\/www.ull.es\/portal\/noticias\/#\/schema\/person\/b2b1a89d43ffa609e591f7df8ef3e817"},"breadcrumb":{"@id":"https:\/\/www.ull.es\/portal\/noticias\/2016\/la-universidad-de-la-laguna-entrego-sus-premios-literarios-por-primera-vez-en-el-teatro-leal\/#breadcrumb"},"inLanguage":"es","potentialAction":[{"@type":"ReadAction","target":["https:\/\/www.ull.es\/portal\/noticias\/2016\/la-universidad-de-la-laguna-entrego-sus-premios-literarios-por-primera-vez-en-el-teatro-leal\/"]}]},{"@type":"BreadcrumbList","@id":"https:\/\/www.ull.es\/portal\/noticias\/2016\/la-universidad-de-la-laguna-entrego-sus-premios-literarios-por-primera-vez-en-el-teatro-leal\/#breadcrumb","itemListElement":[{"@type":"ListItem","position":1,"name":"Portada","item":"https:\/\/www.ull.es\/portal\/noticias\/"},{"@type":"ListItem","position":2,"name":"La Universidad de La Laguna entreg\u00f3 sus premios literarios por primera vez en el Teatro Leal"}]},{"@type":"WebSite","@id":"https:\/\/www.ull.es\/portal\/noticias\/#website","url":"https:\/\/www.ull.es\/portal\/noticias\/","name":"ULL - Noticias","description":"","potentialAction":[{"@type":"SearchAction","target":{"@type":"EntryPoint","urlTemplate":"https:\/\/www.ull.es\/portal\/noticias\/?s={search_term_string}"},"query-input":"required name=search_term_string"}],"inLanguage":"es"},{"@type":"Person","@id":"https:\/\/www.ull.es\/portal\/noticias\/#\/schema\/person\/b2b1a89d43ffa609e591f7df8ef3e817","name":"gaprsa","image":{"@type":"ImageObject","inLanguage":"es","@id":"https:\/\/www.ull.es\/portal\/noticias\/#\/schema\/person\/image\/","url":"https:\/\/secure.gravatar.com\/avatar\/443820550921091458b4823867723b3d?s=96&d=mm&r=g","contentUrl":"https:\/\/secure.gravatar.com\/avatar\/443820550921091458b4823867723b3d?s=96&d=mm&r=g","caption":"gaprsa"},"url":"https:\/\/www.ull.es\/portal\/noticias\/author\/gaprsa\/"}]}},"primary_category":null,"featured_image_thumbnail_url":"https:\/\/www.ull.es\/portal\/noticias\/wp-content\/uploads\/sites\/13\/2016\/05\/premios-concejala-300x205.jpg","_links":{"self":[{"href":"https:\/\/www.ull.es\/portal\/noticias\/wp-json\/wp\/v2\/posts\/27739"}],"collection":[{"href":"https:\/\/www.ull.es\/portal\/noticias\/wp-json\/wp\/v2\/posts"}],"about":[{"href":"https:\/\/www.ull.es\/portal\/noticias\/wp-json\/wp\/v2\/types\/post"}],"author":[{"embeddable":true,"href":"https:\/\/www.ull.es\/portal\/noticias\/wp-json\/wp\/v2\/users\/23"}],"replies":[{"embeddable":true,"href":"https:\/\/www.ull.es\/portal\/noticias\/wp-json\/wp\/v2\/comments?post=27739"}],"version-history":[{"count":0,"href":"https:\/\/www.ull.es\/portal\/noticias\/wp-json\/wp\/v2\/posts\/27739\/revisions"}],"wp:featuredmedia":[{"embeddable":true,"href":"https:\/\/www.ull.es\/portal\/noticias\/wp-json\/wp\/v2\/media\/27741"}],"wp:attachment":[{"href":"https:\/\/www.ull.es\/portal\/noticias\/wp-json\/wp\/v2\/media?parent=27739"}],"wp:term":[{"taxonomy":"category","embeddable":true,"href":"https:\/\/www.ull.es\/portal\/noticias\/wp-json\/wp\/v2\/categories?post=27739"},{"taxonomy":"post_tag","embeddable":true,"href":"https:\/\/www.ull.es\/portal\/noticias\/wp-json\/wp\/v2\/tags?post=27739"}],"curies":[{"name":"wp","href":"https:\/\/api.w.org\/{rel}","templated":true}]}}