{"id":27768,"date":"2016-05-26T11:42:38","date_gmt":"2016-05-26T11:42:38","guid":{"rendered":"http:\/\/ddigital.webs.ull.es\/?p=27768"},"modified":"2016-05-26T11:42:38","modified_gmt":"2016-05-26T11:42:38","slug":"profesores-de-derecho-constitucional-de-las-dos-universidades-canarias-instan-al-parlamento-a-debatir-el-sistema-electoral-regional","status":"publish","type":"post","link":"https:\/\/www.ull.es\/portal\/noticias\/2016\/profesores-de-derecho-constitucional-de-las-dos-universidades-canarias-instan-al-parlamento-a-debatir-el-sistema-electoral-regional\/","title":{"rendered":"Profesores de Derecho Constitucional de las dos universidades canarias instan al Parlamento a debatir el sistema electoral regional"},"content":{"rendered":"<p>Ocho profesores de las \u00c1reas de Derecho Constitucional de las dos Universidades p\u00fablicas canarias, se reunieron en sesi\u00f3n conjunta el pasado 4 de mayo de 2016 en la sede del Departamento de Derecho Constitucional, Ciencia Pol\u00edtica y Filosof\u00eda de la Facultad de Derecho de la Universidad de La Laguna, han abordado la reforma del sistema electoral canario, asunto que suscita un gran debate social y que actualmente ha originado la creaci\u00f3n de una Comisi\u00f3n de Estudio en el Parlamento de Canarias.<\/p>\n<p>Los profesores universitarios canarios firmantes, vinculados con el Derecho Constitucional y la Ciencia Pol\u00edtica, han considerado que no deben ni quieren estar al margen de las reflexiones pol\u00edticas ni de las inquietudes sociales sobre las normas electorales. No s\u00f3lo por tener un gran protagonismo en la actualidad, sino por constituir un asunto que forma parte de la esencia de su docencia e investigaci\u00f3n universitaria.<\/p>\n<p>Por todo ello, de forma consensuada entre todos los asistentes, los firmantes manifiestan:<\/p>\n<p>\u201cPrimero.- La reforma de las normas electorales para la elecci\u00f3n del Parlamento de Canarias es una cuesti\u00f3n que debe abordarse de forma ineludible y definitiva. No procede postergar o dilatar m\u00e1s la imperiosa necesidad de dotarnos de unas reglas electorales m\u00e1s acordes con las exigencias de representatividad, proporcionalidad y pulcritud democr\u00e1tica. La actual regulaci\u00f3n, fruto de un pacto pol\u00edtico que pudo tener justificaci\u00f3n en los comienzos de la autonom\u00eda, plasmado en una norma que deb\u00eda ser temporal y meramente transitoria, ha tenido una vigencia de casi treinta y cinco a\u00f1os, pero est\u00e1 marcadamente obsoleta y alejada de los est\u00e1ndares de representatividad y calidad democr\u00e1tica que debe exig\u00edrsele a una democracia consolidada y madura.<\/p>\n<p>Por todo ello, instamos a los miembros del Parlamento de Canarias a no demorar m\u00e1s la revisi\u00f3n de nuestro sistema electoral, con el fin de dotar a Canarias de una regulaci\u00f3n que compagine la adecuada representaci\u00f3n de la globalidad de la ciudadan\u00eda canaria, con la singularidad insular y la necesidad de un espectro parlamentario que propicie una estabilidad gubernamental.<\/p>\n<p>Segundo.- Para ello, debe abordarse necesariamente la reforma del actual sistema de las barreras electorales en Canarias, minor\u00e1ndolas notablemente, y adecuando su aplicaci\u00f3n a las circunscripciones que se puedan usar en el futuro.<\/p>\n<p>Tercero.- Igualmente, es necesario ajustar la enorme desigualdad que existe en el valor del voto entre unos canarios y otros y, por derivaci\u00f3n, atender a un reparto de esca\u00f1os m\u00e1s proporcional a la poblaci\u00f3n. Si bien reconocemos que una proporcionalidad matem\u00e1tica es imposible y que, necesariamente, se debe modular el reparto poblacional de esca\u00f1os con el hecho insular de nuestra Comunidad Aut\u00f3noma, lo cierto es que los niveles de desproporcionalidad y desigualdad del sistema electoral provisional actual son intolerables y deben corregirse.<\/p>\n<p>Cuarto.- El necesario ajuste en el reparto de esca\u00f1os a nivel poblacional, debe evitar que islas con un censo electoral menor elijan m\u00e1s diputados que otras islas con un mayor cuerpo electoral. Igualmente debe superarse la paridad entre islas capitalinas y perif\u00e9ricas. Deber\u00eda estudiarse la posibilidad de pasar a un sistema que compagine la triple paridad con una circunscripci\u00f3n regional adicional, o bien, a un sistema de reparto de esca\u00f1os entre circunscripciones insulares, que se ajuste peri\u00f3dicamente a la poblaci\u00f3n y que parta de una representaci\u00f3n inicial m\u00ednima.<\/p>\n<p>No obstante lo anterior, dichas medidas deben ir acompa\u00f1adas de otras que modulen los efectos que se pudieran producir en las denominadas islas perif\u00e9ricas (como la p\u00e9rdida de peso pol\u00edtico en la toma de decisiones), por lo que ser\u00eda aconsejable prever la participaci\u00f3n de la Comisi\u00f3n General de Cabildos en el procedimiento legislativo, sea proponiendo enmiendas, sea pudi\u00e9ndose oponer a acuerdos con meros efectos dilatorios o, en su caso, estudiar la atribuci\u00f3n de la cualidad de diputados natos a los Presidentes de los Cabildos.<\/p>\n<p>Quinto.- Por \u00faltimo, y si bien los anteriores puntos obedecen a las necesidades y singularidades de nuestro sistema electoral, procede aprovechar esta reforma para satisfacer otras reclamaciones sobre regeneraci\u00f3n democr\u00e1tica que pueden abordarse conjuntamente. As\u00ed, el estudio de la posibilidad de adoptar otro modo de escrutinio distinto al D\u2019Hondt, listas desbloqueadas o listas abiertas, podr\u00edan acercar m\u00e1s nuestro modelo democr\u00e1tico a los reclamos m\u00e1s avanzados sobre participaci\u00f3n, transparencia y calidad democr\u00e1tica.<\/p>\n<p>Profesores que firman este manifiesto:<\/p>\n<p><u>Por la Universidad de La Laguna<\/u><\/p>\n<p>Dr. Juan Hern\u00e1ndez Bravo de Laguna<\/p>\n<p>Dr. Antonio Dom\u00ednguez Vila<\/p>\n<p>Dr. Vicente Navarro Marchante<\/p>\n<p>Dr. Gerardo P\u00e9rez S\u00e1nchez<\/p>\n<p>Prof. Manuel \u00c1ngel Cabrera Acosta<\/p>\n<p>Prof. Fernando R\u00edos Rull<\/p>\n<p><u>Por la Universidad de Las Palmas de Gran Canaria<\/u><\/p>\n<p>Dr. Juan Rodr\u00edguez Drincourt<\/p>\n<p>Dr. V\u00edctor Cuesta L\u00f3pez\u201d<\/p>\n<p><strong>\u00a0<\/strong><\/p>\n","protected":false},"excerpt":{"rendered":"<p>Ocho profesores de las \u00c1reas de Derecho Constitucional de las dos Universidades p\u00fablicas canarias, se reunieron en sesi\u00f3n conjunta el&#8230;<\/p>\n","protected":false},"author":23,"featured_media":27769,"comment_status":"open","ping_status":"open","sticky":false,"template":"","format":"standard","meta":{"inline_featured_image":false,"footnotes":""},"categories":[345,348,1],"tags":[1799,2527,2560],"acf":[],"yoast_head":"<!-- This site is optimized with the Yoast SEO plugin v21.3 - https:\/\/yoast.com\/wordpress\/plugins\/seo\/ -->\n<title>Profesores de Derecho Constitucional de las dos universidades canarias instan al Parlamento a debatir el sistema electoral regional - ULL - Noticias<\/title>\n<meta name=\"robots\" content=\"index, follow, max-snippet:-1, max-image-preview:large, max-video-preview:-1\" \/>\n<link rel=\"canonical\" href=\"https:\/\/www.ull.es\/portal\/noticias\/2016\/profesores-de-derecho-constitucional-de-las-dos-universidades-canarias-instan-al-parlamento-a-debatir-el-sistema-electoral-regional\/\" \/>\n<meta property=\"og:locale\" content=\"es_ES\" \/>\n<meta property=\"og:type\" content=\"article\" \/>\n<meta property=\"og:title\" content=\"Profesores de Derecho Constitucional de las dos universidades canarias instan al Parlamento a debatir el sistema electoral regional - ULL - Noticias\" \/>\n<meta property=\"og:description\" content=\"Ocho profesores de las \u00c1reas de Derecho Constitucional de las dos Universidades p\u00fablicas canarias, se reunieron en sesi\u00f3n conjunta el...\" \/>\n<meta property=\"og:url\" content=\"https:\/\/www.ull.es\/portal\/noticias\/2016\/profesores-de-derecho-constitucional-de-las-dos-universidades-canarias-instan-al-parlamento-a-debatir-el-sistema-electoral-regional\/\" \/>\n<meta property=\"og:site_name\" content=\"ULL - Noticias\" \/>\n<meta property=\"article:publisher\" content=\"https:\/\/www.facebook.com\/universidaddelalaguna\/\" \/>\n<meta property=\"article:published_time\" content=\"2016-05-26T11:42:38+00:00\" \/>\n<meta property=\"og:image\" content=\"https:\/\/www.ull.es\/portal\/noticias\/wp-content\/uploads\/sites\/13\/2016\/05\/derecho3.jpg\" \/>\n\t<meta property=\"og:image:width\" content=\"1024\" \/>\n\t<meta property=\"og:image:height\" content=\"682\" \/>\n\t<meta property=\"og:image:type\" content=\"image\/jpeg\" \/>\n<meta name=\"author\" content=\"gaprsa\" \/>\n<meta name=\"twitter:card\" content=\"summary_large_image\" \/>\n<meta name=\"twitter:creator\" content=\"@CanalULL\" \/>\n<meta name=\"twitter:site\" content=\"@CanalULL\" \/>\n<meta name=\"twitter:label1\" content=\"Escrito por\" \/>\n\t<meta name=\"twitter:data1\" content=\"gaprsa\" \/>\n\t<meta name=\"twitter:label2\" content=\"Tiempo de lectura\" \/>\n\t<meta name=\"twitter:data2\" content=\"4 minutos\" \/>\n<script type=\"application\/ld+json\" class=\"yoast-schema-graph\">{\"@context\":\"https:\/\/schema.org\",\"@graph\":[{\"@type\":\"WebPage\",\"@id\":\"https:\/\/www.ull.es\/portal\/noticias\/2016\/profesores-de-derecho-constitucional-de-las-dos-universidades-canarias-instan-al-parlamento-a-debatir-el-sistema-electoral-regional\/\",\"url\":\"https:\/\/www.ull.es\/portal\/noticias\/2016\/profesores-de-derecho-constitucional-de-las-dos-universidades-canarias-instan-al-parlamento-a-debatir-el-sistema-electoral-regional\/\",\"name\":\"Profesores de Derecho Constitucional de las dos universidades canarias instan al Parlamento a debatir el sistema electoral regional - ULL - Noticias\",\"isPartOf\":{\"@id\":\"https:\/\/www.ull.es\/portal\/noticias\/#website\"},\"datePublished\":\"2016-05-26T11:42:38+00:00\",\"dateModified\":\"2016-05-26T11:42:38+00:00\",\"author\":{\"@id\":\"https:\/\/www.ull.es\/portal\/noticias\/#\/schema\/person\/b2b1a89d43ffa609e591f7df8ef3e817\"},\"breadcrumb\":{\"@id\":\"https:\/\/www.ull.es\/portal\/noticias\/2016\/profesores-de-derecho-constitucional-de-las-dos-universidades-canarias-instan-al-parlamento-a-debatir-el-sistema-electoral-regional\/#breadcrumb\"},\"inLanguage\":\"es\",\"potentialAction\":[{\"@type\":\"ReadAction\",\"target\":[\"https:\/\/www.ull.es\/portal\/noticias\/2016\/profesores-de-derecho-constitucional-de-las-dos-universidades-canarias-instan-al-parlamento-a-debatir-el-sistema-electoral-regional\/\"]}]},{\"@type\":\"BreadcrumbList\",\"@id\":\"https:\/\/www.ull.es\/portal\/noticias\/2016\/profesores-de-derecho-constitucional-de-las-dos-universidades-canarias-instan-al-parlamento-a-debatir-el-sistema-electoral-regional\/#breadcrumb\",\"itemListElement\":[{\"@type\":\"ListItem\",\"position\":1,\"name\":\"Portada\",\"item\":\"https:\/\/www.ull.es\/portal\/noticias\/\"},{\"@type\":\"ListItem\",\"position\":2,\"name\":\"Profesores de Derecho Constitucional de las dos universidades canarias instan al Parlamento a debatir el sistema electoral regional\"}]},{\"@type\":\"WebSite\",\"@id\":\"https:\/\/www.ull.es\/portal\/noticias\/#website\",\"url\":\"https:\/\/www.ull.es\/portal\/noticias\/\",\"name\":\"ULL - Noticias\",\"description\":\"\",\"potentialAction\":[{\"@type\":\"SearchAction\",\"target\":{\"@type\":\"EntryPoint\",\"urlTemplate\":\"https:\/\/www.ull.es\/portal\/noticias\/?s={search_term_string}\"},\"query-input\":\"required name=search_term_string\"}],\"inLanguage\":\"es\"},{\"@type\":\"Person\",\"@id\":\"https:\/\/www.ull.es\/portal\/noticias\/#\/schema\/person\/b2b1a89d43ffa609e591f7df8ef3e817\",\"name\":\"gaprsa\",\"image\":{\"@type\":\"ImageObject\",\"inLanguage\":\"es\",\"@id\":\"https:\/\/www.ull.es\/portal\/noticias\/#\/schema\/person\/image\/\",\"url\":\"https:\/\/secure.gravatar.com\/avatar\/443820550921091458b4823867723b3d?s=96&d=mm&r=g\",\"contentUrl\":\"https:\/\/secure.gravatar.com\/avatar\/443820550921091458b4823867723b3d?s=96&d=mm&r=g\",\"caption\":\"gaprsa\"},\"url\":\"https:\/\/www.ull.es\/portal\/noticias\/author\/gaprsa\/\"}]}<\/script>\n<!-- \/ Yoast SEO plugin. -->","yoast_head_json":{"title":"Profesores de Derecho Constitucional de las dos universidades canarias instan al Parlamento a debatir el sistema electoral regional - ULL - Noticias","robots":{"index":"index","follow":"follow","max-snippet":"max-snippet:-1","max-image-preview":"max-image-preview:large","max-video-preview":"max-video-preview:-1"},"canonical":"https:\/\/www.ull.es\/portal\/noticias\/2016\/profesores-de-derecho-constitucional-de-las-dos-universidades-canarias-instan-al-parlamento-a-debatir-el-sistema-electoral-regional\/","og_locale":"es_ES","og_type":"article","og_title":"Profesores de Derecho Constitucional de las dos universidades canarias instan al Parlamento a debatir el sistema electoral regional - ULL - Noticias","og_description":"Ocho profesores de las \u00c1reas de Derecho Constitucional de las dos Universidades p\u00fablicas canarias, se reunieron en sesi\u00f3n conjunta el...","og_url":"https:\/\/www.ull.es\/portal\/noticias\/2016\/profesores-de-derecho-constitucional-de-las-dos-universidades-canarias-instan-al-parlamento-a-debatir-el-sistema-electoral-regional\/","og_site_name":"ULL - Noticias","article_publisher":"https:\/\/www.facebook.com\/universidaddelalaguna\/","article_published_time":"2016-05-26T11:42:38+00:00","og_image":[{"width":1024,"height":682,"url":"https:\/\/www.ull.es\/portal\/noticias\/wp-content\/uploads\/sites\/13\/2016\/05\/derecho3.jpg","type":"image\/jpeg"}],"author":"gaprsa","twitter_card":"summary_large_image","twitter_creator":"@CanalULL","twitter_site":"@CanalULL","twitter_misc":{"Escrito por":"gaprsa","Tiempo de lectura":"4 minutos"},"schema":{"@context":"https:\/\/schema.org","@graph":[{"@type":"WebPage","@id":"https:\/\/www.ull.es\/portal\/noticias\/2016\/profesores-de-derecho-constitucional-de-las-dos-universidades-canarias-instan-al-parlamento-a-debatir-el-sistema-electoral-regional\/","url":"https:\/\/www.ull.es\/portal\/noticias\/2016\/profesores-de-derecho-constitucional-de-las-dos-universidades-canarias-instan-al-parlamento-a-debatir-el-sistema-electoral-regional\/","name":"Profesores de Derecho Constitucional de las dos universidades canarias instan al Parlamento a debatir el sistema electoral regional - ULL - Noticias","isPartOf":{"@id":"https:\/\/www.ull.es\/portal\/noticias\/#website"},"datePublished":"2016-05-26T11:42:38+00:00","dateModified":"2016-05-26T11:42:38+00:00","author":{"@id":"https:\/\/www.ull.es\/portal\/noticias\/#\/schema\/person\/b2b1a89d43ffa609e591f7df8ef3e817"},"breadcrumb":{"@id":"https:\/\/www.ull.es\/portal\/noticias\/2016\/profesores-de-derecho-constitucional-de-las-dos-universidades-canarias-instan-al-parlamento-a-debatir-el-sistema-electoral-regional\/#breadcrumb"},"inLanguage":"es","potentialAction":[{"@type":"ReadAction","target":["https:\/\/www.ull.es\/portal\/noticias\/2016\/profesores-de-derecho-constitucional-de-las-dos-universidades-canarias-instan-al-parlamento-a-debatir-el-sistema-electoral-regional\/"]}]},{"@type":"BreadcrumbList","@id":"https:\/\/www.ull.es\/portal\/noticias\/2016\/profesores-de-derecho-constitucional-de-las-dos-universidades-canarias-instan-al-parlamento-a-debatir-el-sistema-electoral-regional\/#breadcrumb","itemListElement":[{"@type":"ListItem","position":1,"name":"Portada","item":"https:\/\/www.ull.es\/portal\/noticias\/"},{"@type":"ListItem","position":2,"name":"Profesores de Derecho Constitucional de las dos universidades canarias instan al Parlamento a debatir el sistema electoral regional"}]},{"@type":"WebSite","@id":"https:\/\/www.ull.es\/portal\/noticias\/#website","url":"https:\/\/www.ull.es\/portal\/noticias\/","name":"ULL - Noticias","description":"","potentialAction":[{"@type":"SearchAction","target":{"@type":"EntryPoint","urlTemplate":"https:\/\/www.ull.es\/portal\/noticias\/?s={search_term_string}"},"query-input":"required name=search_term_string"}],"inLanguage":"es"},{"@type":"Person","@id":"https:\/\/www.ull.es\/portal\/noticias\/#\/schema\/person\/b2b1a89d43ffa609e591f7df8ef3e817","name":"gaprsa","image":{"@type":"ImageObject","inLanguage":"es","@id":"https:\/\/www.ull.es\/portal\/noticias\/#\/schema\/person\/image\/","url":"https:\/\/secure.gravatar.com\/avatar\/443820550921091458b4823867723b3d?s=96&d=mm&r=g","contentUrl":"https:\/\/secure.gravatar.com\/avatar\/443820550921091458b4823867723b3d?s=96&d=mm&r=g","caption":"gaprsa"},"url":"https:\/\/www.ull.es\/portal\/noticias\/author\/gaprsa\/"}]}},"primary_category":null,"featured_image_thumbnail_url":"https:\/\/www.ull.es\/portal\/noticias\/wp-content\/uploads\/sites\/13\/2016\/05\/derecho3-300x200.jpg","_links":{"self":[{"href":"https:\/\/www.ull.es\/portal\/noticias\/wp-json\/wp\/v2\/posts\/27768"}],"collection":[{"href":"https:\/\/www.ull.es\/portal\/noticias\/wp-json\/wp\/v2\/posts"}],"about":[{"href":"https:\/\/www.ull.es\/portal\/noticias\/wp-json\/wp\/v2\/types\/post"}],"author":[{"embeddable":true,"href":"https:\/\/www.ull.es\/portal\/noticias\/wp-json\/wp\/v2\/users\/23"}],"replies":[{"embeddable":true,"href":"https:\/\/www.ull.es\/portal\/noticias\/wp-json\/wp\/v2\/comments?post=27768"}],"version-history":[{"count":0,"href":"https:\/\/www.ull.es\/portal\/noticias\/wp-json\/wp\/v2\/posts\/27768\/revisions"}],"wp:featuredmedia":[{"embeddable":true,"href":"https:\/\/www.ull.es\/portal\/noticias\/wp-json\/wp\/v2\/media\/27769"}],"wp:attachment":[{"href":"https:\/\/www.ull.es\/portal\/noticias\/wp-json\/wp\/v2\/media?parent=27768"}],"wp:term":[{"taxonomy":"category","embeddable":true,"href":"https:\/\/www.ull.es\/portal\/noticias\/wp-json\/wp\/v2\/categories?post=27768"},{"taxonomy":"post_tag","embeddable":true,"href":"https:\/\/www.ull.es\/portal\/noticias\/wp-json\/wp\/v2\/tags?post=27768"}],"curies":[{"name":"wp","href":"https:\/\/api.w.org\/{rel}","templated":true}]}}