{"id":27803,"date":"2016-05-27T14:34:06","date_gmt":"2016-05-27T14:34:06","guid":{"rendered":"http:\/\/ddigital.webs.ull.es\/?p=27803"},"modified":"2016-05-27T14:34:06","modified_gmt":"2016-05-27T14:34:06","slug":"la-fundacion-general-de-la-ull-presenta-su-memoria-de-actividades-realizadas-en-2015","status":"publish","type":"post","link":"https:\/\/www.ull.es\/portal\/noticias\/2016\/la-fundacion-general-de-la-ull-presenta-su-memoria-de-actividades-realizadas-en-2015\/","title":{"rendered":"La Fundaci\u00f3n General de la ULL presenta su memoria de actividades realizadas en 2015"},"content":{"rendered":"<p>La Fundaci\u00f3n General de la Universidad de La Laguna presenta su memoria de actividades desarrolladas durante el a\u00f1o 2015. En \u00e9sta se recogen los datos principales de la actividad org\u00e1nica y de los diferentes proyectos y programas realizados.<\/p>\n<p>El contenido est\u00e1 estructurado en torno a las diferentes \u00e1reas que componen el organigrama de la Fundaci\u00f3n, hasta ahora: \u00e1rea de Empleo, \u00e1rea de Formaci\u00f3n, \u00e1rea de Innovaci\u00f3n y \u00e1rea de Servicios Generales. Cuenta tambi\u00e9n con un pr\u00f3logo firmado por el rector y presidente de la Fundaci\u00f3n, Antonio Martin\u00f3n, en el que describe la Fundaci\u00f3n como el \u201coctavo Vicerrectorado\u201d se\u00f1alando que \u201cla Fundaci\u00f3n es a la Universidad lo que un pulm\u00f3n o un h\u00edgado es a una persona: un \u00f3rgano vital, insustituible y muy preciado\u201d y puntualizando que \u201cmantenemos el foco en las \u00e1reas en las que la Fundaci\u00f3n ha logrado especializarse como pocas otras entidades en nuestro territorio\u201d.<\/p>\n<p>La \u201cMemoria de Actividades\u201d constituye un documento clave a trav\u00e9s del que se da cuenta del trabajo realizado por la Fundaci\u00f3n de cara a la sociedad a la que, finalmente, se debe.<\/p>\n<p><strong>Empleo y formaci\u00f3n<\/strong><\/p>\n<p>En lo relativo al trabajo para la mejora del acceso al empleo, destacan aspectos como el n\u00famero de personas que han realizado becas de inserci\u00f3n laboral, 329, la continuidad de la \u201cbuena salud\u201d del programa Cataliza Canarias con 230 j\u00f3venes teniendo su primera experiencia profesional, realizado gracias al Servicio Canario de Empleo, con el mantenimiento de una cuota de inserci\u00f3n superior al 60% tras el desempe\u00f1o de las becas. Prosiguen y crecen los programas de fomento del emprendimiento vinculados a territorios concretos y administraciones locales, como es el caso de EmprendeLaLaguna por el que pasaron 792 personas en 2015 y del que han surgido 17 empresas, pero que tambi\u00e9n se ha extendido, con sus particularidades, a otras zonas como Gu\u00eda de Isora con IsoraEmprende. Por su parte, el servicio de Orientaci\u00f3n Laboral especializado en personas con titulaci\u00f3n atendi\u00f3 a 1340 personas, de las que 493 consiguieron insertarse laboralmente.<\/p>\n<p>En 2015, continu\u00f3 y se increment\u00f3 la actividad del programa \u201cBarrios por el Empleo\u201d, que trata, a trav\u00e9s de metodolog\u00edas novedosas basadas en la participaci\u00f3n sociocomunitaria, de mejorar el acceso al trabajo de la ciudadan\u00eda en situaci\u00f3n de desempleo que reside en los barrios y que puede encontrarse en situaciones de dificultad. Se expande a nuevos territorios y ampl\u00eda la colaboraci\u00f3n entre instituciones p\u00fablicas y organizaciones sociales convirti\u00e9ndose en un programa referente de dinamizaci\u00f3n del empleo a nivel regional.<\/p>\n<p>Para la ejecuci\u00f3n de estas acciones complementarias entre s\u00ed, que coinciden en el objetivo de querer dinamizar el mercado laboral y favorecer la empleabilidad de estudiantes y titulados, se ha desarrollado una estrecha colaboraci\u00f3n entre instituciones, con el apoyo y la financiaci\u00f3n de entidades regionales, insulares y locales como el Servicio Canario de Empleo, el Cabildo Insular de Tenerife o diversos Ayuntamientos como el de La Laguna, Santa Cruz de Tenerife, Gu\u00eda de Isora o Los Realejos. Se fortalece tambi\u00e9n la apuesta por el fomento de la habilidad emprendedora y de valores de trabajo en equipo en edades tempranas con el proyecto educativo \u201cEnse\u00f1ar para Emprender\u201d que en 2015 alcanz\u00f3 su quinta edici\u00f3n con la participaci\u00f3n de m\u00e1s de mil ni\u00f1os de todo Tenerife, organizados a trav\u00e9s de \u201cCooperativas Escolares\u201d en sus centros.<\/p>\n<p>Destaca tambi\u00e9n la actividad del Servicio de Idiomas de la ULL que en 2015 imparti\u00f3 un total de 277 cursos de ingl\u00e9s, alem\u00e1n, ruso, franc\u00e9s, espa\u00f1ol, italiano, portugu\u00e9s y Lengua de Signos Espa\u00f1ola en los que se formaron un total de 3773 personas. En cuanto a los cursos de especializaci\u00f3n y formaci\u00f3n continua, se realizaron un total de 284 cursos y el alumnado ascendi\u00f3 a 5319 personas.<\/p>\n<p><strong>Transferencia de Conocimiento y divulgaci\u00f3n<\/strong><\/p>\n<p>En lo relativo al \u00c1rea de Innovaci\u00f3n, que se ocupa principalmente de actuar como nexo entre la universidad y el tejido empresarial demandante de servicios o productos basados en investigaci\u00f3n aplicada, en 2015 la Fundaci\u00f3n prest\u00f3 asistencia t\u00e9cnica a un total de 169 proyectos en los que participa personal investigador universitario.<\/p>\n<p>Adem\u00e1s, desde esta \u00e1rea se han organizado diferentes programas y eventos como el Congreso Iberoamericano de Innovaci\u00f3n P\u00fablica, Novagob, que se ha situado como referente en informaci\u00f3n, debate, reflexi\u00f3n e intercambio de experiencias, para contribuir a generar de redes de conocimiento, adem\u00e1s de propuestas relacionadas con los conceptos de gobierno abierto, innovaci\u00f3n p\u00fablica y calidad democr\u00e1tica. Tambi\u00e9n se introduce el programa <em>launchTF<\/em>, a trav\u00e9s del que catorce empresas de car\u00e1cter emergente participaron en el que es el primer programa de preaceleraci\u00f3n de empresas con base tecnol\u00f3gica de Canarias. Durante m\u00e1s de dos meses se presta asistencia a los participantes para dise\u00f1ar, validar y hacer crecer un modelo de negocio escalable, a trav\u00e9s de distintas actividades y contando con la experiencia de mentores de renombre y aceleradoras con prestigio internacional. Sobresale igualmente el esfuerzo creciente que se est\u00e1 haciendo para trasladar, no solo avances tecnol\u00f3gicos y cient\u00edficos, vinculados a las ciencias b\u00e1sicas sino tambi\u00e9n mejoras metodol\u00f3gicas aplicables en el \u00e1mbito social, como es el caso del proyecto \u201cJuntos en la Misma Direcci\u00f3n\u201d o el propio \u201cBarrios por el Empleo\u201d. Se profundiza tambi\u00e9n en la creaci\u00f3n de propuestas vinculadas a la igualdad de oportunidades con un equipo t\u00e9cnico especializado que desarrolla, entre otras, la asistencia al Marco Estrat\u00e9gico Tenerife Violeta.<\/p>\n<p>Y, por \u00faltimo, se afianza la actividad en divulgaci\u00f3n cient\u00edfica con el trabajo de Cienci@ULL, la Unidad de Cultura Cient\u00edfica y de la Innovaci\u00f3n de la Universidad de La Laguna que trabaja con el objetivo de dar a conocer la actividad investigadora, especialmente entre el estudiantado de niveles preuniversitarios tratando de motivar su inter\u00e9s vocacional por los estudios de car\u00e1cter cient\u00edfico o tecnol\u00f3gico. Entre las numerosas actividades realizadas, sobresalen el Campus de la Ciencia y la Tecnolog\u00eda para estudiantes preuniversitarios o la Feria de Vocaciones Cient\u00edficas y Tecnol\u00f3gicas de Canarias.<\/p>\n<p>&nbsp;<\/p>\n<p>&nbsp;<\/p>\n","protected":false},"excerpt":{"rendered":"<p>La Fundaci\u00f3n General de la Universidad de La Laguna presenta su memoria de actividades desarrolladas durante el a\u00f1o 2015. En&#8230;<\/p>\n","protected":false},"author":23,"featured_media":27804,"comment_status":"open","ping_status":"open","sticky":false,"template":"","format":"gallery","meta":{"inline_featured_image":false,"footnotes":""},"categories":[345,348,1],"tags":[],"acf":[],"yoast_head":"<!-- This site is optimized with the Yoast SEO plugin v21.3 - https:\/\/yoast.com\/wordpress\/plugins\/seo\/ -->\n<title>La Fundaci\u00f3n General de la ULL presenta su memoria de actividades realizadas en 2015 - ULL - Noticias<\/title>\n<meta name=\"robots\" content=\"index, follow, max-snippet:-1, max-image-preview:large, max-video-preview:-1\" \/>\n<link rel=\"canonical\" href=\"https:\/\/www.ull.es\/portal\/noticias\/2016\/la-fundacion-general-de-la-ull-presenta-su-memoria-de-actividades-realizadas-en-2015\/\" \/>\n<meta property=\"og:locale\" content=\"es_ES\" \/>\n<meta property=\"og:type\" content=\"article\" \/>\n<meta property=\"og:title\" content=\"La Fundaci\u00f3n General de la ULL presenta su memoria de actividades realizadas en 2015 - ULL - Noticias\" \/>\n<meta property=\"og:description\" content=\"La Fundaci\u00f3n General de la Universidad de La Laguna presenta su memoria de actividades desarrolladas durante el a\u00f1o 2015. En...\" \/>\n<meta property=\"og:url\" content=\"https:\/\/www.ull.es\/portal\/noticias\/2016\/la-fundacion-general-de-la-ull-presenta-su-memoria-de-actividades-realizadas-en-2015\/\" \/>\n<meta property=\"og:site_name\" content=\"ULL - Noticias\" \/>\n<meta property=\"article:publisher\" content=\"https:\/\/www.facebook.com\/universidaddelalaguna\/\" \/>\n<meta property=\"article:published_time\" content=\"2016-05-27T14:34:06+00:00\" \/>\n<meta property=\"og:image\" content=\"https:\/\/www.ull.es\/portal\/noticias\/wp-content\/uploads\/sites\/13\/2016\/05\/Memoria2015.jpg\" \/>\n\t<meta property=\"og:image:width\" content=\"1241\" \/>\n\t<meta property=\"og:image:height\" content=\"1754\" \/>\n\t<meta property=\"og:image:type\" content=\"image\/jpeg\" \/>\n<meta name=\"author\" content=\"gaprsa\" \/>\n<meta name=\"twitter:card\" content=\"summary_large_image\" \/>\n<meta name=\"twitter:creator\" content=\"@CanalULL\" \/>\n<meta name=\"twitter:site\" content=\"@CanalULL\" \/>\n<meta name=\"twitter:label1\" content=\"Escrito por\" \/>\n\t<meta name=\"twitter:data1\" content=\"gaprsa\" \/>\n\t<meta name=\"twitter:label2\" content=\"Tiempo de lectura\" \/>\n\t<meta name=\"twitter:data2\" content=\"5 minutos\" \/>\n<script type=\"application\/ld+json\" class=\"yoast-schema-graph\">{\"@context\":\"https:\/\/schema.org\",\"@graph\":[{\"@type\":\"WebPage\",\"@id\":\"https:\/\/www.ull.es\/portal\/noticias\/2016\/la-fundacion-general-de-la-ull-presenta-su-memoria-de-actividades-realizadas-en-2015\/\",\"url\":\"https:\/\/www.ull.es\/portal\/noticias\/2016\/la-fundacion-general-de-la-ull-presenta-su-memoria-de-actividades-realizadas-en-2015\/\",\"name\":\"La Fundaci\u00f3n General de la ULL presenta su memoria de actividades realizadas en 2015 - ULL - Noticias\",\"isPartOf\":{\"@id\":\"https:\/\/www.ull.es\/portal\/noticias\/#website\"},\"datePublished\":\"2016-05-27T14:34:06+00:00\",\"dateModified\":\"2016-05-27T14:34:06+00:00\",\"author\":{\"@id\":\"https:\/\/www.ull.es\/portal\/noticias\/#\/schema\/person\/b2b1a89d43ffa609e591f7df8ef3e817\"},\"breadcrumb\":{\"@id\":\"https:\/\/www.ull.es\/portal\/noticias\/2016\/la-fundacion-general-de-la-ull-presenta-su-memoria-de-actividades-realizadas-en-2015\/#breadcrumb\"},\"inLanguage\":\"es\",\"potentialAction\":[{\"@type\":\"ReadAction\",\"target\":[\"https:\/\/www.ull.es\/portal\/noticias\/2016\/la-fundacion-general-de-la-ull-presenta-su-memoria-de-actividades-realizadas-en-2015\/\"]}]},{\"@type\":\"BreadcrumbList\",\"@id\":\"https:\/\/www.ull.es\/portal\/noticias\/2016\/la-fundacion-general-de-la-ull-presenta-su-memoria-de-actividades-realizadas-en-2015\/#breadcrumb\",\"itemListElement\":[{\"@type\":\"ListItem\",\"position\":1,\"name\":\"Portada\",\"item\":\"https:\/\/www.ull.es\/portal\/noticias\/\"},{\"@type\":\"ListItem\",\"position\":2,\"name\":\"La Fundaci\u00f3n General de la ULL presenta su memoria de actividades realizadas en 2015\"}]},{\"@type\":\"WebSite\",\"@id\":\"https:\/\/www.ull.es\/portal\/noticias\/#website\",\"url\":\"https:\/\/www.ull.es\/portal\/noticias\/\",\"name\":\"ULL - Noticias\",\"description\":\"\",\"potentialAction\":[{\"@type\":\"SearchAction\",\"target\":{\"@type\":\"EntryPoint\",\"urlTemplate\":\"https:\/\/www.ull.es\/portal\/noticias\/?s={search_term_string}\"},\"query-input\":\"required name=search_term_string\"}],\"inLanguage\":\"es\"},{\"@type\":\"Person\",\"@id\":\"https:\/\/www.ull.es\/portal\/noticias\/#\/schema\/person\/b2b1a89d43ffa609e591f7df8ef3e817\",\"name\":\"gaprsa\",\"image\":{\"@type\":\"ImageObject\",\"inLanguage\":\"es\",\"@id\":\"https:\/\/www.ull.es\/portal\/noticias\/#\/schema\/person\/image\/\",\"url\":\"https:\/\/secure.gravatar.com\/avatar\/443820550921091458b4823867723b3d?s=96&d=mm&r=g\",\"contentUrl\":\"https:\/\/secure.gravatar.com\/avatar\/443820550921091458b4823867723b3d?s=96&d=mm&r=g\",\"caption\":\"gaprsa\"},\"url\":\"https:\/\/www.ull.es\/portal\/noticias\/author\/gaprsa\/\"}]}<\/script>\n<!-- \/ Yoast SEO plugin. -->","yoast_head_json":{"title":"La Fundaci\u00f3n General de la ULL presenta su memoria de actividades realizadas en 2015 - ULL - Noticias","robots":{"index":"index","follow":"follow","max-snippet":"max-snippet:-1","max-image-preview":"max-image-preview:large","max-video-preview":"max-video-preview:-1"},"canonical":"https:\/\/www.ull.es\/portal\/noticias\/2016\/la-fundacion-general-de-la-ull-presenta-su-memoria-de-actividades-realizadas-en-2015\/","og_locale":"es_ES","og_type":"article","og_title":"La Fundaci\u00f3n General de la ULL presenta su memoria de actividades realizadas en 2015 - ULL - Noticias","og_description":"La Fundaci\u00f3n General de la Universidad de La Laguna presenta su memoria de actividades desarrolladas durante el a\u00f1o 2015. En...","og_url":"https:\/\/www.ull.es\/portal\/noticias\/2016\/la-fundacion-general-de-la-ull-presenta-su-memoria-de-actividades-realizadas-en-2015\/","og_site_name":"ULL - Noticias","article_publisher":"https:\/\/www.facebook.com\/universidaddelalaguna\/","article_published_time":"2016-05-27T14:34:06+00:00","og_image":[{"width":1241,"height":1754,"url":"https:\/\/www.ull.es\/portal\/noticias\/wp-content\/uploads\/sites\/13\/2016\/05\/Memoria2015.jpg","type":"image\/jpeg"}],"author":"gaprsa","twitter_card":"summary_large_image","twitter_creator":"@CanalULL","twitter_site":"@CanalULL","twitter_misc":{"Escrito por":"gaprsa","Tiempo de lectura":"5 minutos"},"schema":{"@context":"https:\/\/schema.org","@graph":[{"@type":"WebPage","@id":"https:\/\/www.ull.es\/portal\/noticias\/2016\/la-fundacion-general-de-la-ull-presenta-su-memoria-de-actividades-realizadas-en-2015\/","url":"https:\/\/www.ull.es\/portal\/noticias\/2016\/la-fundacion-general-de-la-ull-presenta-su-memoria-de-actividades-realizadas-en-2015\/","name":"La Fundaci\u00f3n General de la ULL presenta su memoria de actividades realizadas en 2015 - ULL - Noticias","isPartOf":{"@id":"https:\/\/www.ull.es\/portal\/noticias\/#website"},"datePublished":"2016-05-27T14:34:06+00:00","dateModified":"2016-05-27T14:34:06+00:00","author":{"@id":"https:\/\/www.ull.es\/portal\/noticias\/#\/schema\/person\/b2b1a89d43ffa609e591f7df8ef3e817"},"breadcrumb":{"@id":"https:\/\/www.ull.es\/portal\/noticias\/2016\/la-fundacion-general-de-la-ull-presenta-su-memoria-de-actividades-realizadas-en-2015\/#breadcrumb"},"inLanguage":"es","potentialAction":[{"@type":"ReadAction","target":["https:\/\/www.ull.es\/portal\/noticias\/2016\/la-fundacion-general-de-la-ull-presenta-su-memoria-de-actividades-realizadas-en-2015\/"]}]},{"@type":"BreadcrumbList","@id":"https:\/\/www.ull.es\/portal\/noticias\/2016\/la-fundacion-general-de-la-ull-presenta-su-memoria-de-actividades-realizadas-en-2015\/#breadcrumb","itemListElement":[{"@type":"ListItem","position":1,"name":"Portada","item":"https:\/\/www.ull.es\/portal\/noticias\/"},{"@type":"ListItem","position":2,"name":"La Fundaci\u00f3n General de la ULL presenta su memoria de actividades realizadas en 2015"}]},{"@type":"WebSite","@id":"https:\/\/www.ull.es\/portal\/noticias\/#website","url":"https:\/\/www.ull.es\/portal\/noticias\/","name":"ULL - Noticias","description":"","potentialAction":[{"@type":"SearchAction","target":{"@type":"EntryPoint","urlTemplate":"https:\/\/www.ull.es\/portal\/noticias\/?s={search_term_string}"},"query-input":"required name=search_term_string"}],"inLanguage":"es"},{"@type":"Person","@id":"https:\/\/www.ull.es\/portal\/noticias\/#\/schema\/person\/b2b1a89d43ffa609e591f7df8ef3e817","name":"gaprsa","image":{"@type":"ImageObject","inLanguage":"es","@id":"https:\/\/www.ull.es\/portal\/noticias\/#\/schema\/person\/image\/","url":"https:\/\/secure.gravatar.com\/avatar\/443820550921091458b4823867723b3d?s=96&d=mm&r=g","contentUrl":"https:\/\/secure.gravatar.com\/avatar\/443820550921091458b4823867723b3d?s=96&d=mm&r=g","caption":"gaprsa"},"url":"https:\/\/www.ull.es\/portal\/noticias\/author\/gaprsa\/"}]}},"primary_category":null,"featured_image_thumbnail_url":"https:\/\/www.ull.es\/portal\/noticias\/wp-content\/uploads\/sites\/13\/2016\/05\/Memoria2015-212x300.jpg","_links":{"self":[{"href":"https:\/\/www.ull.es\/portal\/noticias\/wp-json\/wp\/v2\/posts\/27803"}],"collection":[{"href":"https:\/\/www.ull.es\/portal\/noticias\/wp-json\/wp\/v2\/posts"}],"about":[{"href":"https:\/\/www.ull.es\/portal\/noticias\/wp-json\/wp\/v2\/types\/post"}],"author":[{"embeddable":true,"href":"https:\/\/www.ull.es\/portal\/noticias\/wp-json\/wp\/v2\/users\/23"}],"replies":[{"embeddable":true,"href":"https:\/\/www.ull.es\/portal\/noticias\/wp-json\/wp\/v2\/comments?post=27803"}],"version-history":[{"count":0,"href":"https:\/\/www.ull.es\/portal\/noticias\/wp-json\/wp\/v2\/posts\/27803\/revisions"}],"wp:featuredmedia":[{"embeddable":true,"href":"https:\/\/www.ull.es\/portal\/noticias\/wp-json\/wp\/v2\/media\/27804"}],"wp:attachment":[{"href":"https:\/\/www.ull.es\/portal\/noticias\/wp-json\/wp\/v2\/media?parent=27803"}],"wp:term":[{"taxonomy":"category","embeddable":true,"href":"https:\/\/www.ull.es\/portal\/noticias\/wp-json\/wp\/v2\/categories?post=27803"},{"taxonomy":"post_tag","embeddable":true,"href":"https:\/\/www.ull.es\/portal\/noticias\/wp-json\/wp\/v2\/tags?post=27803"}],"curies":[{"name":"wp","href":"https:\/\/api.w.org\/{rel}","templated":true}]}}