{"id":27819,"date":"2016-05-31T14:05:37","date_gmt":"2016-05-31T14:05:37","guid":{"rendered":"http:\/\/ddigital.webs.ull.es\/?p=27819"},"modified":"2016-05-31T14:05:37","modified_gmt":"2016-05-31T14:05:37","slug":"la-ull-celebro-las-elecciones-para-modificar-parte-de-la-composicion-de-su-consejo-de-gobierno","status":"publish","type":"post","link":"https:\/\/www.ull.es\/portal\/noticias\/2016\/la-ull-celebro-las-elecciones-para-modificar-parte-de-la-composicion-de-su-consejo-de-gobierno\/","title":{"rendered":"La ULL celebr\u00f3 las elecciones para modificar parte de la composici\u00f3n de su Consejo de Gobierno"},"content":{"rendered":"<p>La Universidad de La Laguna celebr\u00f3 el pasado 26 de mayo la votaci\u00f3n para elegir a una parte de la representaci\u00f3n del Consejo de Gobierno de la instituci\u00f3n. Concretamente, estos comicios sirvieron para designar seis representantes de decanos y decanas de Facultades y directores y directoras de Escuelas, cinco representantes de directores y directoras de Departamento y un representante de los directores y directoras de Institutos Universitarios de Investigaci\u00f3n.<\/p>\n<p>Cada uno de los sectores votaba a sus propios representantes, de ah\u00ed que el censo fuera muy reducido, con un total de 62 personas divididas entre 12 en sector de direcciones de Institutos Universitarios de Investigaci\u00f3n, 10 en el de decanatos de Facultades y direcciones de Escuela y 40 en el de direcciones de Departamentos.<\/p>\n<p>Una vez finalizada la votaci\u00f3n, los resultados provisionales han determinado que los seis representantes de Decanos de Facultad y Directores de Escuela en sean Mar\u00eda Victoria P\u00e9rez Monteverde, de la Facultad de Econom\u00eda, Empresa y Turismo; Nicol\u00e1s Marichal Plasencia, de la Escuela Polit\u00e9cnica Superior de Ingenier\u00eda; Javier Medina L\u00f3pez, de la Facultad de Humanidades; Ernesto Pereda de Pablo, de la Escuela de Doctorado y Estudios de Posgrado; Elvira Afonso Rodr\u00edguez, de la Facultad de Derecho; y Mar\u00eda Dolores Baena Cuadrado, de la Facultad de Educaci\u00f3n.<\/p>\n<p>Los cinco representantes de los directores y directoras de Departamento fueron Elena S\u00e1nchez Jord\u00e1n, del Departamento de Disciplinas Jur\u00eddicas B\u00e1sicas; Ram\u00f3n Casillas Ruiz, del Departamento de Biolog\u00eda Animal, Edafolog\u00eda y Geolog\u00eda; Norena Mart\u00edn Dorta, del Departamento de T\u00e9cnicas y Proyectos en Ingenier\u00eda y Arquitectura; Juan Mart\u00ednez Torvisco, del Departamento de Psicolog\u00eda Cognitiva, Social y Organizacional; e Isidro Padr\u00f3n Armas, del Departamento de Ingenier\u00eda Agraria, N\u00e1utica, Civil y Mar\u00edtima.<\/p>\n<p>En el caso de la representaci\u00f3n de los Institutos Universitarios de Investigaci\u00f3n, solamente hubo una candidatura para cubrir la plaza en el Consejo de Gobierno y, por ello, fue designada a su titular, Dulce M\u00aa Gonz\u00e1lez Doreste, directora del Instituto Universitario de Estudios Medievales y Renacentistas.<\/p>\n","protected":false},"excerpt":{"rendered":"<p>La Universidad de La Laguna celebr\u00f3 el pasado 26 de mayo la votaci\u00f3n para elegir a una parte de la&#8230;<\/p>\n","protected":false},"author":23,"featured_media":27821,"comment_status":"open","ping_status":"open","sticky":false,"template":"","format":"standard","meta":{"inline_featured_image":false,"footnotes":""},"categories":[345,347,1],"tags":[903,1111,2527,2560],"acf":[],"yoast_head":"<!-- This site is optimized with the Yoast SEO plugin v21.3 - https:\/\/yoast.com\/wordpress\/plugins\/seo\/ -->\n<title>La ULL celebr\u00f3 las elecciones para modificar parte de la composici\u00f3n de su Consejo de Gobierno - ULL - Noticias<\/title>\n<meta name=\"robots\" content=\"index, follow, max-snippet:-1, max-image-preview:large, max-video-preview:-1\" \/>\n<link rel=\"canonical\" href=\"https:\/\/www.ull.es\/portal\/noticias\/2016\/la-ull-celebro-las-elecciones-para-modificar-parte-de-la-composicion-de-su-consejo-de-gobierno\/\" \/>\n<meta property=\"og:locale\" content=\"es_ES\" \/>\n<meta property=\"og:type\" content=\"article\" \/>\n<meta property=\"og:title\" content=\"La ULL celebr\u00f3 las elecciones para modificar parte de la composici\u00f3n de su Consejo de Gobierno - ULL - Noticias\" \/>\n<meta property=\"og:description\" content=\"La Universidad de La Laguna celebr\u00f3 el pasado 26 de mayo la votaci\u00f3n para elegir a una parte de la...\" \/>\n<meta property=\"og:url\" content=\"https:\/\/www.ull.es\/portal\/noticias\/2016\/la-ull-celebro-las-elecciones-para-modificar-parte-de-la-composicion-de-su-consejo-de-gobierno\/\" \/>\n<meta property=\"og:site_name\" content=\"ULL - Noticias\" \/>\n<meta property=\"article:publisher\" content=\"https:\/\/www.facebook.com\/universidaddelalaguna\/\" \/>\n<meta property=\"article:published_time\" content=\"2016-05-31T14:05:37+00:00\" \/>\n<meta property=\"og:image\" content=\"https:\/\/www.ull.es\/portal\/noticias\/wp-content\/uploads\/sites\/13\/2016\/05\/elecciones-consejo-gobierno-sectores.jpg\" \/>\n\t<meta property=\"og:image:width\" content=\"1034\" \/>\n\t<meta property=\"og:image:height\" content=\"708\" \/>\n\t<meta property=\"og:image:type\" content=\"image\/jpeg\" \/>\n<meta name=\"author\" content=\"gaprsa\" \/>\n<meta name=\"twitter:card\" content=\"summary_large_image\" \/>\n<meta name=\"twitter:creator\" content=\"@CanalULL\" \/>\n<meta name=\"twitter:site\" content=\"@CanalULL\" \/>\n<meta name=\"twitter:label1\" content=\"Escrito por\" \/>\n\t<meta name=\"twitter:data1\" content=\"gaprsa\" \/>\n\t<meta name=\"twitter:label2\" content=\"Tiempo de lectura\" \/>\n\t<meta name=\"twitter:data2\" content=\"2 minutos\" \/>\n<script type=\"application\/ld+json\" class=\"yoast-schema-graph\">{\"@context\":\"https:\/\/schema.org\",\"@graph\":[{\"@type\":\"WebPage\",\"@id\":\"https:\/\/www.ull.es\/portal\/noticias\/2016\/la-ull-celebro-las-elecciones-para-modificar-parte-de-la-composicion-de-su-consejo-de-gobierno\/\",\"url\":\"https:\/\/www.ull.es\/portal\/noticias\/2016\/la-ull-celebro-las-elecciones-para-modificar-parte-de-la-composicion-de-su-consejo-de-gobierno\/\",\"name\":\"La ULL celebr\u00f3 las elecciones para modificar parte de la composici\u00f3n de su Consejo de Gobierno - ULL - Noticias\",\"isPartOf\":{\"@id\":\"https:\/\/www.ull.es\/portal\/noticias\/#website\"},\"datePublished\":\"2016-05-31T14:05:37+00:00\",\"dateModified\":\"2016-05-31T14:05:37+00:00\",\"author\":{\"@id\":\"https:\/\/www.ull.es\/portal\/noticias\/#\/schema\/person\/b2b1a89d43ffa609e591f7df8ef3e817\"},\"breadcrumb\":{\"@id\":\"https:\/\/www.ull.es\/portal\/noticias\/2016\/la-ull-celebro-las-elecciones-para-modificar-parte-de-la-composicion-de-su-consejo-de-gobierno\/#breadcrumb\"},\"inLanguage\":\"es\",\"potentialAction\":[{\"@type\":\"ReadAction\",\"target\":[\"https:\/\/www.ull.es\/portal\/noticias\/2016\/la-ull-celebro-las-elecciones-para-modificar-parte-de-la-composicion-de-su-consejo-de-gobierno\/\"]}]},{\"@type\":\"BreadcrumbList\",\"@id\":\"https:\/\/www.ull.es\/portal\/noticias\/2016\/la-ull-celebro-las-elecciones-para-modificar-parte-de-la-composicion-de-su-consejo-de-gobierno\/#breadcrumb\",\"itemListElement\":[{\"@type\":\"ListItem\",\"position\":1,\"name\":\"Portada\",\"item\":\"https:\/\/www.ull.es\/portal\/noticias\/\"},{\"@type\":\"ListItem\",\"position\":2,\"name\":\"La ULL celebr\u00f3 las elecciones para modificar parte de la composici\u00f3n de su Consejo de Gobierno\"}]},{\"@type\":\"WebSite\",\"@id\":\"https:\/\/www.ull.es\/portal\/noticias\/#website\",\"url\":\"https:\/\/www.ull.es\/portal\/noticias\/\",\"name\":\"ULL - Noticias\",\"description\":\"\",\"potentialAction\":[{\"@type\":\"SearchAction\",\"target\":{\"@type\":\"EntryPoint\",\"urlTemplate\":\"https:\/\/www.ull.es\/portal\/noticias\/?s={search_term_string}\"},\"query-input\":\"required name=search_term_string\"}],\"inLanguage\":\"es\"},{\"@type\":\"Person\",\"@id\":\"https:\/\/www.ull.es\/portal\/noticias\/#\/schema\/person\/b2b1a89d43ffa609e591f7df8ef3e817\",\"name\":\"gaprsa\",\"image\":{\"@type\":\"ImageObject\",\"inLanguage\":\"es\",\"@id\":\"https:\/\/www.ull.es\/portal\/noticias\/#\/schema\/person\/image\/\",\"url\":\"https:\/\/secure.gravatar.com\/avatar\/443820550921091458b4823867723b3d?s=96&d=mm&r=g\",\"contentUrl\":\"https:\/\/secure.gravatar.com\/avatar\/443820550921091458b4823867723b3d?s=96&d=mm&r=g\",\"caption\":\"gaprsa\"},\"url\":\"https:\/\/www.ull.es\/portal\/noticias\/author\/gaprsa\/\"}]}<\/script>\n<!-- \/ Yoast SEO plugin. -->","yoast_head_json":{"title":"La ULL celebr\u00f3 las elecciones para modificar parte de la composici\u00f3n de su Consejo de Gobierno - ULL - Noticias","robots":{"index":"index","follow":"follow","max-snippet":"max-snippet:-1","max-image-preview":"max-image-preview:large","max-video-preview":"max-video-preview:-1"},"canonical":"https:\/\/www.ull.es\/portal\/noticias\/2016\/la-ull-celebro-las-elecciones-para-modificar-parte-de-la-composicion-de-su-consejo-de-gobierno\/","og_locale":"es_ES","og_type":"article","og_title":"La ULL celebr\u00f3 las elecciones para modificar parte de la composici\u00f3n de su Consejo de Gobierno - ULL - Noticias","og_description":"La Universidad de La Laguna celebr\u00f3 el pasado 26 de mayo la votaci\u00f3n para elegir a una parte de la...","og_url":"https:\/\/www.ull.es\/portal\/noticias\/2016\/la-ull-celebro-las-elecciones-para-modificar-parte-de-la-composicion-de-su-consejo-de-gobierno\/","og_site_name":"ULL - Noticias","article_publisher":"https:\/\/www.facebook.com\/universidaddelalaguna\/","article_published_time":"2016-05-31T14:05:37+00:00","og_image":[{"width":1034,"height":708,"url":"https:\/\/www.ull.es\/portal\/noticias\/wp-content\/uploads\/sites\/13\/2016\/05\/elecciones-consejo-gobierno-sectores.jpg","type":"image\/jpeg"}],"author":"gaprsa","twitter_card":"summary_large_image","twitter_creator":"@CanalULL","twitter_site":"@CanalULL","twitter_misc":{"Escrito por":"gaprsa","Tiempo de lectura":"2 minutos"},"schema":{"@context":"https:\/\/schema.org","@graph":[{"@type":"WebPage","@id":"https:\/\/www.ull.es\/portal\/noticias\/2016\/la-ull-celebro-las-elecciones-para-modificar-parte-de-la-composicion-de-su-consejo-de-gobierno\/","url":"https:\/\/www.ull.es\/portal\/noticias\/2016\/la-ull-celebro-las-elecciones-para-modificar-parte-de-la-composicion-de-su-consejo-de-gobierno\/","name":"La ULL celebr\u00f3 las elecciones para modificar parte de la composici\u00f3n de su Consejo de Gobierno - ULL - Noticias","isPartOf":{"@id":"https:\/\/www.ull.es\/portal\/noticias\/#website"},"datePublished":"2016-05-31T14:05:37+00:00","dateModified":"2016-05-31T14:05:37+00:00","author":{"@id":"https:\/\/www.ull.es\/portal\/noticias\/#\/schema\/person\/b2b1a89d43ffa609e591f7df8ef3e817"},"breadcrumb":{"@id":"https:\/\/www.ull.es\/portal\/noticias\/2016\/la-ull-celebro-las-elecciones-para-modificar-parte-de-la-composicion-de-su-consejo-de-gobierno\/#breadcrumb"},"inLanguage":"es","potentialAction":[{"@type":"ReadAction","target":["https:\/\/www.ull.es\/portal\/noticias\/2016\/la-ull-celebro-las-elecciones-para-modificar-parte-de-la-composicion-de-su-consejo-de-gobierno\/"]}]},{"@type":"BreadcrumbList","@id":"https:\/\/www.ull.es\/portal\/noticias\/2016\/la-ull-celebro-las-elecciones-para-modificar-parte-de-la-composicion-de-su-consejo-de-gobierno\/#breadcrumb","itemListElement":[{"@type":"ListItem","position":1,"name":"Portada","item":"https:\/\/www.ull.es\/portal\/noticias\/"},{"@type":"ListItem","position":2,"name":"La ULL celebr\u00f3 las elecciones para modificar parte de la composici\u00f3n de su Consejo de Gobierno"}]},{"@type":"WebSite","@id":"https:\/\/www.ull.es\/portal\/noticias\/#website","url":"https:\/\/www.ull.es\/portal\/noticias\/","name":"ULL - Noticias","description":"","potentialAction":[{"@type":"SearchAction","target":{"@type":"EntryPoint","urlTemplate":"https:\/\/www.ull.es\/portal\/noticias\/?s={search_term_string}"},"query-input":"required name=search_term_string"}],"inLanguage":"es"},{"@type":"Person","@id":"https:\/\/www.ull.es\/portal\/noticias\/#\/schema\/person\/b2b1a89d43ffa609e591f7df8ef3e817","name":"gaprsa","image":{"@type":"ImageObject","inLanguage":"es","@id":"https:\/\/www.ull.es\/portal\/noticias\/#\/schema\/person\/image\/","url":"https:\/\/secure.gravatar.com\/avatar\/443820550921091458b4823867723b3d?s=96&d=mm&r=g","contentUrl":"https:\/\/secure.gravatar.com\/avatar\/443820550921091458b4823867723b3d?s=96&d=mm&r=g","caption":"gaprsa"},"url":"https:\/\/www.ull.es\/portal\/noticias\/author\/gaprsa\/"}]}},"primary_category":null,"featured_image_thumbnail_url":"https:\/\/www.ull.es\/portal\/noticias\/wp-content\/uploads\/sites\/13\/2016\/05\/elecciones-consejo-gobierno-sectores-300x205.jpg","_links":{"self":[{"href":"https:\/\/www.ull.es\/portal\/noticias\/wp-json\/wp\/v2\/posts\/27819"}],"collection":[{"href":"https:\/\/www.ull.es\/portal\/noticias\/wp-json\/wp\/v2\/posts"}],"about":[{"href":"https:\/\/www.ull.es\/portal\/noticias\/wp-json\/wp\/v2\/types\/post"}],"author":[{"embeddable":true,"href":"https:\/\/www.ull.es\/portal\/noticias\/wp-json\/wp\/v2\/users\/23"}],"replies":[{"embeddable":true,"href":"https:\/\/www.ull.es\/portal\/noticias\/wp-json\/wp\/v2\/comments?post=27819"}],"version-history":[{"count":0,"href":"https:\/\/www.ull.es\/portal\/noticias\/wp-json\/wp\/v2\/posts\/27819\/revisions"}],"wp:featuredmedia":[{"embeddable":true,"href":"https:\/\/www.ull.es\/portal\/noticias\/wp-json\/wp\/v2\/media\/27821"}],"wp:attachment":[{"href":"https:\/\/www.ull.es\/portal\/noticias\/wp-json\/wp\/v2\/media?parent=27819"}],"wp:term":[{"taxonomy":"category","embeddable":true,"href":"https:\/\/www.ull.es\/portal\/noticias\/wp-json\/wp\/v2\/categories?post=27819"},{"taxonomy":"post_tag","embeddable":true,"href":"https:\/\/www.ull.es\/portal\/noticias\/wp-json\/wp\/v2\/tags?post=27819"}],"curies":[{"name":"wp","href":"https:\/\/api.w.org\/{rel}","templated":true}]}}