{"id":27942,"date":"2016-06-09T10:49:05","date_gmt":"2016-06-09T10:49:05","guid":{"rendered":"http:\/\/ddigital.webs.ull.es\/?p=27942"},"modified":"2016-06-09T10:49:05","modified_gmt":"2016-06-09T10:49:05","slug":"el-libro-de-alfredo-mederos-y-pedro-gili-sobre-la-historia-de-la-ull-entre-1913-y-1927-sera-presentado-en-las-palmas-de-gran-canaria","status":"publish","type":"post","link":"https:\/\/www.ull.es\/portal\/noticias\/2016\/el-libro-de-alfredo-mederos-y-pedro-gili-sobre-la-historia-de-la-ull-entre-1913-y-1927-sera-presentado-en-las-palmas-de-gran-canaria\/","title":{"rendered":"El libro de Alfredo Mederos y Pedro Gili sobre la historia de la ULL entre 1913 y 1927 ser\u00e1 presentado en Las Palmas de Gran Canaria"},"content":{"rendered":"<p>\u201cProfesores y alumnos en la restablecida Universidad de La Laguna (1913-1927)\u201d es el t\u00edtulo del meticuloso y extenso estudio realizado por los profesores Alfredo Mederos P\u00e9rez y Pedro Gili Trujillo, que se repasa la historia y biograf\u00edas de profesorado, alumnado y personajes destacables durante el periodo de la Secci\u00f3n Universitaria que ser\u00eda origen de la actual Universidad de La Laguna. El volumen ser\u00e1 presentado ma\u00f1ana, viernes 10 de junio a las 19:30, en la Real Sociedad Econ\u00f3mica de Amigos del Pa\u00eds de Las Palmas de Gran Canaria, tras su puesta de largo el pasado 15 de abril en Santa Cruz de Tenerife.<\/p>\n<p>El acto estar\u00e1 presidido por el rector de la Universidad de Las Palmas de Gran Canaria, Jos\u00e9 Regidor, y contara con la presencia de la vicerrectora de Tecnolog\u00edas de la Informaci\u00f3n y Servicios Universitarios de la ULL, Maravillas Aguiar; el profesor de Historia Contempor\u00e1nea de la ULPGC y concejal del Ayuntamiento de Las Palmas de Gran Canaria Sergio Millares; y uno de lo co-autores del libro, Alfredo Mederos.<\/p>\n<p>Este volumen ha sido lujosamente editado por el Servicio de Publicaciones de la Universidad de La Laguna (SPULL), y en \u00e9l se explora el proceso de desarrollo y a la lucha por superar las m\u00faltiples dificultades que surgieron para consolidar los estudios de la gran mayor\u00eda de las personas relevantes en Canarias en la primera mitad del siglo XX.<\/p>\n<p>Este volumen ha sido, adem\u00e1s, editado cuando se celebra el centenario del restablecimiento de los estudios universitarios en La Laguna, con la creaci\u00f3n en 1913 de la Secci\u00f3n Universitaria de La Laguna, dependiente de la Universidad de Sevilla; hay que recordar que la ULL fundada en 1792 fue suprimida en 1845 y fue en el periodo analizado por el libro cuando retomar\u00eda su segunda etapa de actividad hasta la actualidad.<\/p>\n<p>El libro supone el trabajo de m\u00e1s de quince a\u00f1os de consulta en diferentes archivos y publicaciones por parte de los profesores ya jubilados Alfredo Mederos P\u00e9rez y Pedro Gili Trujillo<\/p>\n<p>El libro consta de dos Partes: En la primera, se aborda creaci\u00f3n y el desarrollo de la Secci\u00f3n Universitaria, con un repaso detallado de todos los cursos y titulaciones que se fueron incorporando paulatinamente. En la segunda, se presentan m\u00e1s de 900 perfiles biogr\u00e1ficos de los diferentes profesores y alumnos, as\u00ed como de las personas que influyeron en la creaci\u00f3n y desarrollo de la Secci\u00f3n Universitaria hasta la culminar con la creaci\u00f3n de la Universidad independiente de La Laguna.<\/p>\n<p>Se puede afirmar que la gran mayor\u00eda de las personalidades m\u00e1s relevantes de Canarias en la primera mitad del siglo XX aparecen el libro relacionadas con la Universidad de La Laguna. Como es de esperar, hay alumnos naturales o residentes en las siete islas, aunque por su mayor poblaci\u00f3n y desarrollo econ\u00f3mico la mayor\u00eda pertenecen a las islas de Tenerife y Gran Canaria en cantidades muy pr\u00f3ximas, seguidas de La Palma y Lanzarote, tambi\u00e9n en cantidades pr\u00f3ximas, seguidas de La Gomera, El Hierro y Fuerteventura.<\/p>\n<p>Es de resaltar el relativamente alto n\u00famero de alumnos que hab\u00edan nacido en la isla de Cuba, procedentes de la alta emigraci\u00f3n canaria a la Isla, y en mucha menor proporci\u00f3n aparecen alumnos nacidos en Puerto Rico, Venezuela, M\u00e9xico y Argentina, tierras de emigrantes canarios, as\u00ed como de Filipinas, herencia de la colonizaci\u00f3n espa\u00f1ola.<\/p>\n<p>En cuanto a los residentes en Canarias, nacidos en la Espa\u00f1a peninsular, en la mayor\u00eda hijos de funcionarios del Estado, m\u00e9dicos, farmac\u00e9uticos, o residentes por cuestiones de trabajo, est\u00e1n representadas pr\u00e1cticamente todas las provincias espa\u00f1olas y Melilla.<\/p>\n","protected":false},"excerpt":{"rendered":"<p>\u201cProfesores y alumnos en la restablecida Universidad de La Laguna (1913-1927)\u201d es el t\u00edtulo del meticuloso y extenso estudio realizado&#8230;<\/p>\n","protected":false},"author":23,"featured_media":27240,"comment_status":"open","ping_status":"open","sticky":false,"template":"","format":"standard","meta":{"inline_featured_image":false,"footnotes":""},"categories":[344,345,1],"tags":[453,1758,1823,2075,2156,2387,2421,2527,2560],"acf":[],"yoast_head":"<!-- This site is optimized with the Yoast SEO plugin v21.3 - https:\/\/yoast.com\/wordpress\/plugins\/seo\/ -->\n<title>El libro de Alfredo Mederos y Pedro Gili sobre la historia de la ULL entre 1913 y 1927 ser\u00e1 presentado en Las Palmas de Gran Canaria - ULL - Noticias<\/title>\n<meta name=\"robots\" content=\"index, follow, max-snippet:-1, max-image-preview:large, max-video-preview:-1\" \/>\n<link rel=\"canonical\" href=\"https:\/\/www.ull.es\/portal\/noticias\/2016\/el-libro-de-alfredo-mederos-y-pedro-gili-sobre-la-historia-de-la-ull-entre-1913-y-1927-sera-presentado-en-las-palmas-de-gran-canaria\/\" \/>\n<meta property=\"og:locale\" content=\"es_ES\" \/>\n<meta property=\"og:type\" content=\"article\" \/>\n<meta property=\"og:title\" content=\"El libro de Alfredo Mederos y Pedro Gili sobre la historia de la ULL entre 1913 y 1927 ser\u00e1 presentado en Las Palmas de Gran Canaria - ULL - Noticias\" \/>\n<meta property=\"og:description\" content=\"\u201cProfesores y alumnos en la restablecida Universidad de La Laguna (1913-1927)\u201d es el t\u00edtulo del meticuloso y extenso estudio realizado...\" \/>\n<meta property=\"og:url\" content=\"https:\/\/www.ull.es\/portal\/noticias\/2016\/el-libro-de-alfredo-mederos-y-pedro-gili-sobre-la-historia-de-la-ull-entre-1913-y-1927-sera-presentado-en-las-palmas-de-gran-canaria\/\" \/>\n<meta property=\"og:site_name\" content=\"ULL - Noticias\" \/>\n<meta property=\"article:publisher\" content=\"https:\/\/www.facebook.com\/universidaddelalaguna\/\" \/>\n<meta property=\"article:published_time\" content=\"2016-06-09T10:49:05+00:00\" \/>\n<meta property=\"og:image\" content=\"https:\/\/www.ull.es\/portal\/noticias\/wp-content\/uploads\/sites\/13\/2016\/04\/Cubierta-definitiva-Mederos.jpg\" \/>\n\t<meta property=\"og:image:width\" content=\"714\" \/>\n\t<meta property=\"og:image:height\" content=\"1024\" \/>\n\t<meta property=\"og:image:type\" content=\"image\/jpeg\" \/>\n<meta name=\"author\" content=\"gaprsa\" \/>\n<meta name=\"twitter:card\" content=\"summary_large_image\" \/>\n<meta name=\"twitter:creator\" content=\"@CanalULL\" \/>\n<meta name=\"twitter:site\" content=\"@CanalULL\" \/>\n<meta name=\"twitter:label1\" content=\"Escrito por\" \/>\n\t<meta name=\"twitter:data1\" content=\"gaprsa\" \/>\n\t<meta name=\"twitter:label2\" content=\"Tiempo de lectura\" \/>\n\t<meta name=\"twitter:data2\" content=\"3 minutos\" \/>\n<script type=\"application\/ld+json\" class=\"yoast-schema-graph\">{\"@context\":\"https:\/\/schema.org\",\"@graph\":[{\"@type\":\"WebPage\",\"@id\":\"https:\/\/www.ull.es\/portal\/noticias\/2016\/el-libro-de-alfredo-mederos-y-pedro-gili-sobre-la-historia-de-la-ull-entre-1913-y-1927-sera-presentado-en-las-palmas-de-gran-canaria\/\",\"url\":\"https:\/\/www.ull.es\/portal\/noticias\/2016\/el-libro-de-alfredo-mederos-y-pedro-gili-sobre-la-historia-de-la-ull-entre-1913-y-1927-sera-presentado-en-las-palmas-de-gran-canaria\/\",\"name\":\"El libro de Alfredo Mederos y Pedro Gili sobre la historia de la ULL entre 1913 y 1927 ser\u00e1 presentado en Las Palmas de Gran Canaria - ULL - Noticias\",\"isPartOf\":{\"@id\":\"https:\/\/www.ull.es\/portal\/noticias\/#website\"},\"datePublished\":\"2016-06-09T10:49:05+00:00\",\"dateModified\":\"2016-06-09T10:49:05+00:00\",\"author\":{\"@id\":\"https:\/\/www.ull.es\/portal\/noticias\/#\/schema\/person\/b2b1a89d43ffa609e591f7df8ef3e817\"},\"breadcrumb\":{\"@id\":\"https:\/\/www.ull.es\/portal\/noticias\/2016\/el-libro-de-alfredo-mederos-y-pedro-gili-sobre-la-historia-de-la-ull-entre-1913-y-1927-sera-presentado-en-las-palmas-de-gran-canaria\/#breadcrumb\"},\"inLanguage\":\"es\",\"potentialAction\":[{\"@type\":\"ReadAction\",\"target\":[\"https:\/\/www.ull.es\/portal\/noticias\/2016\/el-libro-de-alfredo-mederos-y-pedro-gili-sobre-la-historia-de-la-ull-entre-1913-y-1927-sera-presentado-en-las-palmas-de-gran-canaria\/\"]}]},{\"@type\":\"BreadcrumbList\",\"@id\":\"https:\/\/www.ull.es\/portal\/noticias\/2016\/el-libro-de-alfredo-mederos-y-pedro-gili-sobre-la-historia-de-la-ull-entre-1913-y-1927-sera-presentado-en-las-palmas-de-gran-canaria\/#breadcrumb\",\"itemListElement\":[{\"@type\":\"ListItem\",\"position\":1,\"name\":\"Portada\",\"item\":\"https:\/\/www.ull.es\/portal\/noticias\/\"},{\"@type\":\"ListItem\",\"position\":2,\"name\":\"El libro de Alfredo Mederos y Pedro Gili sobre la historia de la ULL entre 1913 y 1927 ser\u00e1 presentado en Las Palmas de Gran Canaria\"}]},{\"@type\":\"WebSite\",\"@id\":\"https:\/\/www.ull.es\/portal\/noticias\/#website\",\"url\":\"https:\/\/www.ull.es\/portal\/noticias\/\",\"name\":\"ULL - Noticias\",\"description\":\"\",\"potentialAction\":[{\"@type\":\"SearchAction\",\"target\":{\"@type\":\"EntryPoint\",\"urlTemplate\":\"https:\/\/www.ull.es\/portal\/noticias\/?s={search_term_string}\"},\"query-input\":\"required name=search_term_string\"}],\"inLanguage\":\"es\"},{\"@type\":\"Person\",\"@id\":\"https:\/\/www.ull.es\/portal\/noticias\/#\/schema\/person\/b2b1a89d43ffa609e591f7df8ef3e817\",\"name\":\"gaprsa\",\"image\":{\"@type\":\"ImageObject\",\"inLanguage\":\"es\",\"@id\":\"https:\/\/www.ull.es\/portal\/noticias\/#\/schema\/person\/image\/\",\"url\":\"https:\/\/secure.gravatar.com\/avatar\/443820550921091458b4823867723b3d?s=96&d=mm&r=g\",\"contentUrl\":\"https:\/\/secure.gravatar.com\/avatar\/443820550921091458b4823867723b3d?s=96&d=mm&r=g\",\"caption\":\"gaprsa\"},\"url\":\"https:\/\/www.ull.es\/portal\/noticias\/author\/gaprsa\/\"}]}<\/script>\n<!-- \/ Yoast SEO plugin. -->","yoast_head_json":{"title":"El libro de Alfredo Mederos y Pedro Gili sobre la historia de la ULL entre 1913 y 1927 ser\u00e1 presentado en Las Palmas de Gran Canaria - ULL - Noticias","robots":{"index":"index","follow":"follow","max-snippet":"max-snippet:-1","max-image-preview":"max-image-preview:large","max-video-preview":"max-video-preview:-1"},"canonical":"https:\/\/www.ull.es\/portal\/noticias\/2016\/el-libro-de-alfredo-mederos-y-pedro-gili-sobre-la-historia-de-la-ull-entre-1913-y-1927-sera-presentado-en-las-palmas-de-gran-canaria\/","og_locale":"es_ES","og_type":"article","og_title":"El libro de Alfredo Mederos y Pedro Gili sobre la historia de la ULL entre 1913 y 1927 ser\u00e1 presentado en Las Palmas de Gran Canaria - ULL - Noticias","og_description":"\u201cProfesores y alumnos en la restablecida Universidad de La Laguna (1913-1927)\u201d es el t\u00edtulo del meticuloso y extenso estudio realizado...","og_url":"https:\/\/www.ull.es\/portal\/noticias\/2016\/el-libro-de-alfredo-mederos-y-pedro-gili-sobre-la-historia-de-la-ull-entre-1913-y-1927-sera-presentado-en-las-palmas-de-gran-canaria\/","og_site_name":"ULL - Noticias","article_publisher":"https:\/\/www.facebook.com\/universidaddelalaguna\/","article_published_time":"2016-06-09T10:49:05+00:00","og_image":[{"width":714,"height":1024,"url":"https:\/\/www.ull.es\/portal\/noticias\/wp-content\/uploads\/sites\/13\/2016\/04\/Cubierta-definitiva-Mederos.jpg","type":"image\/jpeg"}],"author":"gaprsa","twitter_card":"summary_large_image","twitter_creator":"@CanalULL","twitter_site":"@CanalULL","twitter_misc":{"Escrito por":"gaprsa","Tiempo de lectura":"3 minutos"},"schema":{"@context":"https:\/\/schema.org","@graph":[{"@type":"WebPage","@id":"https:\/\/www.ull.es\/portal\/noticias\/2016\/el-libro-de-alfredo-mederos-y-pedro-gili-sobre-la-historia-de-la-ull-entre-1913-y-1927-sera-presentado-en-las-palmas-de-gran-canaria\/","url":"https:\/\/www.ull.es\/portal\/noticias\/2016\/el-libro-de-alfredo-mederos-y-pedro-gili-sobre-la-historia-de-la-ull-entre-1913-y-1927-sera-presentado-en-las-palmas-de-gran-canaria\/","name":"El libro de Alfredo Mederos y Pedro Gili sobre la historia de la ULL entre 1913 y 1927 ser\u00e1 presentado en Las Palmas de Gran Canaria - ULL - Noticias","isPartOf":{"@id":"https:\/\/www.ull.es\/portal\/noticias\/#website"},"datePublished":"2016-06-09T10:49:05+00:00","dateModified":"2016-06-09T10:49:05+00:00","author":{"@id":"https:\/\/www.ull.es\/portal\/noticias\/#\/schema\/person\/b2b1a89d43ffa609e591f7df8ef3e817"},"breadcrumb":{"@id":"https:\/\/www.ull.es\/portal\/noticias\/2016\/el-libro-de-alfredo-mederos-y-pedro-gili-sobre-la-historia-de-la-ull-entre-1913-y-1927-sera-presentado-en-las-palmas-de-gran-canaria\/#breadcrumb"},"inLanguage":"es","potentialAction":[{"@type":"ReadAction","target":["https:\/\/www.ull.es\/portal\/noticias\/2016\/el-libro-de-alfredo-mederos-y-pedro-gili-sobre-la-historia-de-la-ull-entre-1913-y-1927-sera-presentado-en-las-palmas-de-gran-canaria\/"]}]},{"@type":"BreadcrumbList","@id":"https:\/\/www.ull.es\/portal\/noticias\/2016\/el-libro-de-alfredo-mederos-y-pedro-gili-sobre-la-historia-de-la-ull-entre-1913-y-1927-sera-presentado-en-las-palmas-de-gran-canaria\/#breadcrumb","itemListElement":[{"@type":"ListItem","position":1,"name":"Portada","item":"https:\/\/www.ull.es\/portal\/noticias\/"},{"@type":"ListItem","position":2,"name":"El libro de Alfredo Mederos y Pedro Gili sobre la historia de la ULL entre 1913 y 1927 ser\u00e1 presentado en Las Palmas de Gran Canaria"}]},{"@type":"WebSite","@id":"https:\/\/www.ull.es\/portal\/noticias\/#website","url":"https:\/\/www.ull.es\/portal\/noticias\/","name":"ULL - Noticias","description":"","potentialAction":[{"@type":"SearchAction","target":{"@type":"EntryPoint","urlTemplate":"https:\/\/www.ull.es\/portal\/noticias\/?s={search_term_string}"},"query-input":"required name=search_term_string"}],"inLanguage":"es"},{"@type":"Person","@id":"https:\/\/www.ull.es\/portal\/noticias\/#\/schema\/person\/b2b1a89d43ffa609e591f7df8ef3e817","name":"gaprsa","image":{"@type":"ImageObject","inLanguage":"es","@id":"https:\/\/www.ull.es\/portal\/noticias\/#\/schema\/person\/image\/","url":"https:\/\/secure.gravatar.com\/avatar\/443820550921091458b4823867723b3d?s=96&d=mm&r=g","contentUrl":"https:\/\/secure.gravatar.com\/avatar\/443820550921091458b4823867723b3d?s=96&d=mm&r=g","caption":"gaprsa"},"url":"https:\/\/www.ull.es\/portal\/noticias\/author\/gaprsa\/"}]}},"primary_category":null,"featured_image_thumbnail_url":"https:\/\/www.ull.es\/portal\/noticias\/wp-content\/uploads\/sites\/13\/2016\/04\/Cubierta-definitiva-Mederos-209x300.jpg","_links":{"self":[{"href":"https:\/\/www.ull.es\/portal\/noticias\/wp-json\/wp\/v2\/posts\/27942"}],"collection":[{"href":"https:\/\/www.ull.es\/portal\/noticias\/wp-json\/wp\/v2\/posts"}],"about":[{"href":"https:\/\/www.ull.es\/portal\/noticias\/wp-json\/wp\/v2\/types\/post"}],"author":[{"embeddable":true,"href":"https:\/\/www.ull.es\/portal\/noticias\/wp-json\/wp\/v2\/users\/23"}],"replies":[{"embeddable":true,"href":"https:\/\/www.ull.es\/portal\/noticias\/wp-json\/wp\/v2\/comments?post=27942"}],"version-history":[{"count":0,"href":"https:\/\/www.ull.es\/portal\/noticias\/wp-json\/wp\/v2\/posts\/27942\/revisions"}],"wp:featuredmedia":[{"embeddable":true,"href":"https:\/\/www.ull.es\/portal\/noticias\/wp-json\/wp\/v2\/media\/27240"}],"wp:attachment":[{"href":"https:\/\/www.ull.es\/portal\/noticias\/wp-json\/wp\/v2\/media?parent=27942"}],"wp:term":[{"taxonomy":"category","embeddable":true,"href":"https:\/\/www.ull.es\/portal\/noticias\/wp-json\/wp\/v2\/categories?post=27942"},{"taxonomy":"post_tag","embeddable":true,"href":"https:\/\/www.ull.es\/portal\/noticias\/wp-json\/wp\/v2\/tags?post=27942"}],"curies":[{"name":"wp","href":"https:\/\/api.w.org\/{rel}","templated":true}]}}