{"id":27983,"date":"2016-06-10T14:18:50","date_gmt":"2016-06-10T14:18:50","guid":{"rendered":"http:\/\/ddigital.webs.ull.es\/?p=27983"},"modified":"2016-06-10T14:18:50","modified_gmt":"2016-06-10T14:18:50","slug":"la-ull-participa-en-un-proyecto-europeo-para-ofrecer-formacion-abierta-sobre-habilidades-transversales-para-el-empleo","status":"publish","type":"post","link":"https:\/\/www.ull.es\/portal\/noticias\/2016\/la-ull-participa-en-un-proyecto-europeo-para-ofrecer-formacion-abierta-sobre-habilidades-transversales-para-el-empleo\/","title":{"rendered":"La ULL participa en un proyecto europeo para ofrecer formaci\u00f3n abierta sobre habilidades transversales para el empleo"},"content":{"rendered":"<p>La Universidad de La Laguna es una de las cuatro entidades acad\u00e9micas europeas socias del <a href=\"http:\/\/www.destiny-eu.net\" target=\"_blank\" target=\"_blank\" rel=\"noopener\">proyecto Destiny<\/a> (Developing Employability Skills Through Innovative Education using MOOCs for Youth). Su objetivo es mejorar las perspectivas de los demandantes de empleo j\u00f3venes y adultos que desean mejorar sus habilidades transversales a trav\u00e9s del uso de los cursos MOOC (Cursos Masivos Abiertos en L\u00ednea, en sus siglas inglesas).<\/p>\n<p>Hoy, viernes 10 de junio, el Vicerrectorado de Internacionalizaci\u00f3n ha organizado una presentaci\u00f3n por parte de los coordinadores de Destiny en la ULL, los profesores Jorge Mart\u00edn Guti\u00e9rrez y Rodrigo Trujillo Gonz\u00e1lez. Durante la reuni\u00f3n, mostraron a varios vicerrectores y cargos de la instituci\u00f3n acad\u00e9mica el estado actual de este proyecto que ya ha llegado al ecuador de su ejecuci\u00f3n, puesto que comenz\u00f3 en octubre de 2014 y est\u00e1 previsto que culmine en agosto de 2017.<\/p>\n<p>Esta iniciativa est\u00e1 financiada a trav\u00e9s del programa Erasmus + de la Uni\u00f3n Europa y cuenta con un presupuesto de, aproximadamente, 440.000 euros, de los cuales unos 64.000 corresponden a la ULL. La universidad coordinadora es la de Staffordshire (Reino Unido) y, adem\u00e1s de la instituci\u00f3n acad\u00e9mica tinerfe\u00f1a, participan el Instituto de Tecnolog\u00eda Educativa de Creta (Grecia) y la Facultad de Ciencias Empresariales y Sociales Maribor y KADIS, de Eslovenia.<\/p>\n<p><strong>MOOCs para el empleo<\/strong><\/p>\n<p>Como explic\u00f3 el profesor Mart\u00edn Guti\u00e9rrez durante la presentaci\u00f3n, uno de los problemas de la b\u00fasqueda de empelo es que, en muchas ocasiones, los demandantes carecen de determinadas habilidades transversales que se suponen innatas y que no se facilitan durante la formaci\u00f3n reglada, tales como la comunicaci\u00f3n, el entusiasmo, la amabilidad o la capacidad de trabajo en equipo, entre otras.<\/p>\n<p>El proyecto ha detectado cu\u00e1les son las habilidades transversales espec\u00edficas necesarias para los sectores m\u00e1s determinantes en cada una de las cuatro regiones europeas socias del proyecto: as\u00ed, para canarias la ULL aborda las capacidades dirigidas al \u00e1mbito del turismo; en Reino Unido, el \u00e1mbito sanitario; en Grecia, a la ingenier\u00eda; y en Eslovenia, a la administraci\u00f3n y finanzas.<\/p>\n<p>Durante el primer a\u00f1o de proyecto, se ha trabajado en detectar esas necesidades mediante cuestionarios a alumnado, profesorado, empresarios y otros agentes sociales. En este segundo a\u00f1o, se ha estado dise\u00f1ando la plataforma y formato de los diferentes cursos que se impartir\u00e1n y, ya en su recta final, se proceder\u00eda a impartir esos cursos, que se estima que, en total, ser\u00e1n una veintena.<\/p>\n<p>Los cursos MOOC se caracterizan por su car\u00e1cter abierto a todo el p\u00fablico y por que cada estudiante gestiona de manera aut\u00f3noma el tiempo que le dedica. Una innovaci\u00f3n del proyecto Destiny es que, junto al curso en s\u00ed, habr\u00e1 lo que se ha denominado el Study Club, una plataforma con foros, blogs e incluso videoconferencias on-line que fomentar\u00e1n la interactividad de los usuarios.<\/p>\n<p>Est\u00e1 previsto que la plataforma que albergar\u00e1 los MOOC del proyecto Destiny, que est\u00e1 siendo desarrollada por la ULL, entre en funcionamiento en octubre de este a\u00f1o. El primer curso que se impartir\u00e1 estar\u00e1 centrado en mejorar las habilidades de comunicaci\u00f3n y trabajo en equipo, y se espera poder abrir la inscripci\u00f3n en septiembre.<\/p>\n<p>&nbsp;<\/p>\n","protected":false},"excerpt":{"rendered":"<p>La Universidad de La Laguna es una de las cuatro entidades acad\u00e9micas europeas socias del proyecto Destiny (Developing Employability Skills&#8230;<\/p>\n","protected":false},"author":23,"featured_media":27987,"comment_status":"open","ping_status":"open","sticky":false,"template":"","format":"gallery","meta":{"inline_featured_image":false,"footnotes":""},"categories":[345,346,1],"tags":[1025,1149,1599,1924,2286,2527,2560,2611],"acf":[],"yoast_head":"<!-- This site is optimized with the Yoast SEO plugin v21.3 - https:\/\/yoast.com\/wordpress\/plugins\/seo\/ -->\n<title>La ULL participa en un proyecto europeo para ofrecer formaci\u00f3n abierta sobre habilidades transversales para el empleo - ULL - Noticias<\/title>\n<meta name=\"robots\" content=\"index, follow, max-snippet:-1, max-image-preview:large, max-video-preview:-1\" \/>\n<link rel=\"canonical\" href=\"https:\/\/www.ull.es\/portal\/noticias\/2016\/la-ull-participa-en-un-proyecto-europeo-para-ofrecer-formacion-abierta-sobre-habilidades-transversales-para-el-empleo\/\" \/>\n<meta property=\"og:locale\" content=\"es_ES\" \/>\n<meta property=\"og:type\" content=\"article\" \/>\n<meta property=\"og:title\" content=\"La ULL participa en un proyecto europeo para ofrecer formaci\u00f3n abierta sobre habilidades transversales para el empleo - ULL - Noticias\" \/>\n<meta property=\"og:description\" content=\"La Universidad de La Laguna es una de las cuatro entidades acad\u00e9micas europeas socias del proyecto Destiny (Developing Employability Skills...\" \/>\n<meta property=\"og:url\" content=\"https:\/\/www.ull.es\/portal\/noticias\/2016\/la-ull-participa-en-un-proyecto-europeo-para-ofrecer-formacion-abierta-sobre-habilidades-transversales-para-el-empleo\/\" \/>\n<meta property=\"og:site_name\" content=\"ULL - Noticias\" \/>\n<meta property=\"article:publisher\" content=\"https:\/\/www.facebook.com\/universidaddelalaguna\/\" \/>\n<meta property=\"article:published_time\" content=\"2016-06-10T14:18:50+00:00\" \/>\n<meta property=\"og:image\" content=\"https:\/\/www.ull.es\/portal\/noticias\/wp-content\/uploads\/sites\/13\/2016\/06\/proyecto-destiny-formacion-empleo.jpg\" \/>\n\t<meta property=\"og:image:width\" content=\"1034\" \/>\n\t<meta property=\"og:image:height\" content=\"708\" \/>\n\t<meta property=\"og:image:type\" content=\"image\/jpeg\" \/>\n<meta name=\"author\" content=\"gaprsa\" \/>\n<meta name=\"twitter:card\" content=\"summary_large_image\" \/>\n<meta name=\"twitter:creator\" content=\"@CanalULL\" \/>\n<meta name=\"twitter:site\" content=\"@CanalULL\" \/>\n<meta name=\"twitter:label1\" content=\"Escrito por\" \/>\n\t<meta name=\"twitter:data1\" content=\"gaprsa\" \/>\n\t<meta name=\"twitter:label2\" content=\"Tiempo de lectura\" \/>\n\t<meta name=\"twitter:data2\" content=\"3 minutos\" \/>\n<script type=\"application\/ld+json\" class=\"yoast-schema-graph\">{\"@context\":\"https:\/\/schema.org\",\"@graph\":[{\"@type\":\"WebPage\",\"@id\":\"https:\/\/www.ull.es\/portal\/noticias\/2016\/la-ull-participa-en-un-proyecto-europeo-para-ofrecer-formacion-abierta-sobre-habilidades-transversales-para-el-empleo\/\",\"url\":\"https:\/\/www.ull.es\/portal\/noticias\/2016\/la-ull-participa-en-un-proyecto-europeo-para-ofrecer-formacion-abierta-sobre-habilidades-transversales-para-el-empleo\/\",\"name\":\"La ULL participa en un proyecto europeo para ofrecer formaci\u00f3n abierta sobre habilidades transversales para el empleo - ULL - Noticias\",\"isPartOf\":{\"@id\":\"https:\/\/www.ull.es\/portal\/noticias\/#website\"},\"datePublished\":\"2016-06-10T14:18:50+00:00\",\"dateModified\":\"2016-06-10T14:18:50+00:00\",\"author\":{\"@id\":\"https:\/\/www.ull.es\/portal\/noticias\/#\/schema\/person\/b2b1a89d43ffa609e591f7df8ef3e817\"},\"breadcrumb\":{\"@id\":\"https:\/\/www.ull.es\/portal\/noticias\/2016\/la-ull-participa-en-un-proyecto-europeo-para-ofrecer-formacion-abierta-sobre-habilidades-transversales-para-el-empleo\/#breadcrumb\"},\"inLanguage\":\"es\",\"potentialAction\":[{\"@type\":\"ReadAction\",\"target\":[\"https:\/\/www.ull.es\/portal\/noticias\/2016\/la-ull-participa-en-un-proyecto-europeo-para-ofrecer-formacion-abierta-sobre-habilidades-transversales-para-el-empleo\/\"]}]},{\"@type\":\"BreadcrumbList\",\"@id\":\"https:\/\/www.ull.es\/portal\/noticias\/2016\/la-ull-participa-en-un-proyecto-europeo-para-ofrecer-formacion-abierta-sobre-habilidades-transversales-para-el-empleo\/#breadcrumb\",\"itemListElement\":[{\"@type\":\"ListItem\",\"position\":1,\"name\":\"Portada\",\"item\":\"https:\/\/www.ull.es\/portal\/noticias\/\"},{\"@type\":\"ListItem\",\"position\":2,\"name\":\"La ULL participa en un proyecto europeo para ofrecer formaci\u00f3n abierta sobre habilidades transversales para el empleo\"}]},{\"@type\":\"WebSite\",\"@id\":\"https:\/\/www.ull.es\/portal\/noticias\/#website\",\"url\":\"https:\/\/www.ull.es\/portal\/noticias\/\",\"name\":\"ULL - Noticias\",\"description\":\"\",\"potentialAction\":[{\"@type\":\"SearchAction\",\"target\":{\"@type\":\"EntryPoint\",\"urlTemplate\":\"https:\/\/www.ull.es\/portal\/noticias\/?s={search_term_string}\"},\"query-input\":\"required name=search_term_string\"}],\"inLanguage\":\"es\"},{\"@type\":\"Person\",\"@id\":\"https:\/\/www.ull.es\/portal\/noticias\/#\/schema\/person\/b2b1a89d43ffa609e591f7df8ef3e817\",\"name\":\"gaprsa\",\"image\":{\"@type\":\"ImageObject\",\"inLanguage\":\"es\",\"@id\":\"https:\/\/www.ull.es\/portal\/noticias\/#\/schema\/person\/image\/\",\"url\":\"https:\/\/secure.gravatar.com\/avatar\/443820550921091458b4823867723b3d?s=96&d=mm&r=g\",\"contentUrl\":\"https:\/\/secure.gravatar.com\/avatar\/443820550921091458b4823867723b3d?s=96&d=mm&r=g\",\"caption\":\"gaprsa\"},\"url\":\"https:\/\/www.ull.es\/portal\/noticias\/author\/gaprsa\/\"}]}<\/script>\n<!-- \/ Yoast SEO plugin. -->","yoast_head_json":{"title":"La ULL participa en un proyecto europeo para ofrecer formaci\u00f3n abierta sobre habilidades transversales para el empleo - ULL - Noticias","robots":{"index":"index","follow":"follow","max-snippet":"max-snippet:-1","max-image-preview":"max-image-preview:large","max-video-preview":"max-video-preview:-1"},"canonical":"https:\/\/www.ull.es\/portal\/noticias\/2016\/la-ull-participa-en-un-proyecto-europeo-para-ofrecer-formacion-abierta-sobre-habilidades-transversales-para-el-empleo\/","og_locale":"es_ES","og_type":"article","og_title":"La ULL participa en un proyecto europeo para ofrecer formaci\u00f3n abierta sobre habilidades transversales para el empleo - ULL - Noticias","og_description":"La Universidad de La Laguna es una de las cuatro entidades acad\u00e9micas europeas socias del proyecto Destiny (Developing Employability Skills...","og_url":"https:\/\/www.ull.es\/portal\/noticias\/2016\/la-ull-participa-en-un-proyecto-europeo-para-ofrecer-formacion-abierta-sobre-habilidades-transversales-para-el-empleo\/","og_site_name":"ULL - Noticias","article_publisher":"https:\/\/www.facebook.com\/universidaddelalaguna\/","article_published_time":"2016-06-10T14:18:50+00:00","og_image":[{"width":1034,"height":708,"url":"https:\/\/www.ull.es\/portal\/noticias\/wp-content\/uploads\/sites\/13\/2016\/06\/proyecto-destiny-formacion-empleo.jpg","type":"image\/jpeg"}],"author":"gaprsa","twitter_card":"summary_large_image","twitter_creator":"@CanalULL","twitter_site":"@CanalULL","twitter_misc":{"Escrito por":"gaprsa","Tiempo de lectura":"3 minutos"},"schema":{"@context":"https:\/\/schema.org","@graph":[{"@type":"WebPage","@id":"https:\/\/www.ull.es\/portal\/noticias\/2016\/la-ull-participa-en-un-proyecto-europeo-para-ofrecer-formacion-abierta-sobre-habilidades-transversales-para-el-empleo\/","url":"https:\/\/www.ull.es\/portal\/noticias\/2016\/la-ull-participa-en-un-proyecto-europeo-para-ofrecer-formacion-abierta-sobre-habilidades-transversales-para-el-empleo\/","name":"La ULL participa en un proyecto europeo para ofrecer formaci\u00f3n abierta sobre habilidades transversales para el empleo - ULL - Noticias","isPartOf":{"@id":"https:\/\/www.ull.es\/portal\/noticias\/#website"},"datePublished":"2016-06-10T14:18:50+00:00","dateModified":"2016-06-10T14:18:50+00:00","author":{"@id":"https:\/\/www.ull.es\/portal\/noticias\/#\/schema\/person\/b2b1a89d43ffa609e591f7df8ef3e817"},"breadcrumb":{"@id":"https:\/\/www.ull.es\/portal\/noticias\/2016\/la-ull-participa-en-un-proyecto-europeo-para-ofrecer-formacion-abierta-sobre-habilidades-transversales-para-el-empleo\/#breadcrumb"},"inLanguage":"es","potentialAction":[{"@type":"ReadAction","target":["https:\/\/www.ull.es\/portal\/noticias\/2016\/la-ull-participa-en-un-proyecto-europeo-para-ofrecer-formacion-abierta-sobre-habilidades-transversales-para-el-empleo\/"]}]},{"@type":"BreadcrumbList","@id":"https:\/\/www.ull.es\/portal\/noticias\/2016\/la-ull-participa-en-un-proyecto-europeo-para-ofrecer-formacion-abierta-sobre-habilidades-transversales-para-el-empleo\/#breadcrumb","itemListElement":[{"@type":"ListItem","position":1,"name":"Portada","item":"https:\/\/www.ull.es\/portal\/noticias\/"},{"@type":"ListItem","position":2,"name":"La ULL participa en un proyecto europeo para ofrecer formaci\u00f3n abierta sobre habilidades transversales para el empleo"}]},{"@type":"WebSite","@id":"https:\/\/www.ull.es\/portal\/noticias\/#website","url":"https:\/\/www.ull.es\/portal\/noticias\/","name":"ULL - Noticias","description":"","potentialAction":[{"@type":"SearchAction","target":{"@type":"EntryPoint","urlTemplate":"https:\/\/www.ull.es\/portal\/noticias\/?s={search_term_string}"},"query-input":"required name=search_term_string"}],"inLanguage":"es"},{"@type":"Person","@id":"https:\/\/www.ull.es\/portal\/noticias\/#\/schema\/person\/b2b1a89d43ffa609e591f7df8ef3e817","name":"gaprsa","image":{"@type":"ImageObject","inLanguage":"es","@id":"https:\/\/www.ull.es\/portal\/noticias\/#\/schema\/person\/image\/","url":"https:\/\/secure.gravatar.com\/avatar\/443820550921091458b4823867723b3d?s=96&d=mm&r=g","contentUrl":"https:\/\/secure.gravatar.com\/avatar\/443820550921091458b4823867723b3d?s=96&d=mm&r=g","caption":"gaprsa"},"url":"https:\/\/www.ull.es\/portal\/noticias\/author\/gaprsa\/"}]}},"primary_category":null,"featured_image_thumbnail_url":"https:\/\/www.ull.es\/portal\/noticias\/wp-content\/uploads\/sites\/13\/2016\/06\/proyecto-destiny-formacion-empleo-300x205.jpg","_links":{"self":[{"href":"https:\/\/www.ull.es\/portal\/noticias\/wp-json\/wp\/v2\/posts\/27983"}],"collection":[{"href":"https:\/\/www.ull.es\/portal\/noticias\/wp-json\/wp\/v2\/posts"}],"about":[{"href":"https:\/\/www.ull.es\/portal\/noticias\/wp-json\/wp\/v2\/types\/post"}],"author":[{"embeddable":true,"href":"https:\/\/www.ull.es\/portal\/noticias\/wp-json\/wp\/v2\/users\/23"}],"replies":[{"embeddable":true,"href":"https:\/\/www.ull.es\/portal\/noticias\/wp-json\/wp\/v2\/comments?post=27983"}],"version-history":[{"count":0,"href":"https:\/\/www.ull.es\/portal\/noticias\/wp-json\/wp\/v2\/posts\/27983\/revisions"}],"wp:featuredmedia":[{"embeddable":true,"href":"https:\/\/www.ull.es\/portal\/noticias\/wp-json\/wp\/v2\/media\/27987"}],"wp:attachment":[{"href":"https:\/\/www.ull.es\/portal\/noticias\/wp-json\/wp\/v2\/media?parent=27983"}],"wp:term":[{"taxonomy":"category","embeddable":true,"href":"https:\/\/www.ull.es\/portal\/noticias\/wp-json\/wp\/v2\/categories?post=27983"},{"taxonomy":"post_tag","embeddable":true,"href":"https:\/\/www.ull.es\/portal\/noticias\/wp-json\/wp\/v2\/tags?post=27983"}],"curies":[{"name":"wp","href":"https:\/\/api.w.org\/{rel}","templated":true}]}}