{"id":28053,"date":"2016-06-20T13:26:55","date_gmt":"2016-06-20T13:26:55","guid":{"rendered":"http:\/\/ddigital.webs.ull.es\/?p=28053"},"modified":"2016-06-20T13:26:55","modified_gmt":"2016-06-20T13:26:55","slug":"el-campus-de-guajara-acogera-un-congreso-para-prevenir-conductas-de-violencia-machista-entre-los-jovenes","status":"publish","type":"post","link":"https:\/\/www.ull.es\/portal\/noticias\/2016\/el-campus-de-guajara-acogera-un-congreso-para-prevenir-conductas-de-violencia-machista-entre-los-jovenes\/","title":{"rendered":"El Campus de Guajara acoger\u00e1 un congreso para prevenir conductas de violencia machista entre los j\u00f3venes"},"content":{"rendered":"<div class=\"post-content\">\n<p>El Cabildo, a trav\u00e9s del \u00c1rea de Igualdad, ha organizado la primera edici\u00f3n del Congreso \u2018J\u00f3venes y prevenci\u00f3n de las violencias machistas\u2019, que tendr\u00e1 lugar los pr\u00f3ximos d\u00edas 23 y 24 de junio en el Aula Magna del Aulario General del Campus de Guajara de la Universidad de La Laguna.<\/p>\n<p>Este evento, en el que colaboran el Instituto de Atenci\u00f3n Social y Sociosanitaria (IASS), el Instituto Canario de Igualdad (ICI) y la Fundaci\u00f3n General de la Universidad de La Laguna (FGULL), tiene como objetivo profundizar en la percepci\u00f3n que tienen los j\u00f3venes sobre la violencia de g\u00e9nero. Se trata de una actividad dise\u00f1ada dentro del Marco Estrat\u00e9gico de Actuaciones en Pol\u00edticas de Igualdad de G\u00e9nero \u2018Tenerife Violeta\u2019, en el que participan m\u00e1s de un centenar de entidades.<\/p>\n<p>La vicepresidenta del Cabildo y consejera insular de Acci\u00f3n Social, Cristina Valido, ha destacado en rueda de prensa la importancia de este congreso \u201cque nos permitir\u00e1 profundizar en estrategias orientadas a la prevenci\u00f3n\u201d. Valido considera que \u201cdebemos concentrarnos especialmente en trabajar en este \u00e1mbito desde edades tempranas para evitar as\u00ed situaciones de violencia machista en adultos\u201d.<\/p>\n<p>En este sentido, la consejera de Igualdad, Estefan\u00eda Castro, \u00a0record\u00f3 que la violencia machista \u201ctiene cada vez una cara m\u00e1s joven, por lo que creemos necesarios congresos como \u00e9ste que nos ayuden a poner en com\u00fan diferentes actuaciones y punto de vista y nos permitan dise\u00f1ar pol\u00edticas preventivas eficaces\u201d.<\/p>\n<p>Durante el congreso se mostrar\u00e1n tambi\u00e9n diferentes proyectos de intervenci\u00f3n con adolescentes en materia de violencia de g\u00e9nero para difundir su aplicaci\u00f3n en diferentes \u00e1mbitos y reflexionar sobre la eficacia y los impactos de estas actuaciones en la poblaci\u00f3n juvenil. Este foro servir\u00e1 adem\u00e1s para facilitar el intercambio de experiencias y buenas pr\u00e1cticas en diferentes contextos y espacios de intervenci\u00f3n, seg\u00fan avanz\u00f3 la t\u00e9cnico de Igualdad del Cabildo Ana Pe\u00f1a.<\/p>\n<p>Este evento, en el participar\u00e1n unas 400 personas, va dirigido al personal t\u00e9cnico que trabaja con adolescentes y j\u00f3venes, alumnado de ciclos formativos de grado superior de Formaci\u00f3n Profesional, universitarios de estudios de \u00e1mbito educativo y social, profesores y profesionales que intervienen en proyectos de igualdad de g\u00e9nero.<\/p>\n<p><strong>Programa y ponencias<\/strong><\/p>\n<p>La apertura del congreso tendr\u00e1 lugar el pr\u00f3ximo d\u00eda 23 de junio con la ponencia inaugural a cargo de la profesora Mar\u00eda Jos\u00e9 D\u00edaz-Aguado, catedr\u00e1tica de Psicolog\u00eda de la Educaci\u00f3n de la Universidad Complutense de Madrid y directora de la Unidad de Psicolog\u00eda Preventiva, que hablar\u00e1 sobre la percepci\u00f3n de la violencia de g\u00e9nero y su prevalencia en la poblaci\u00f3n\u00a0 joven.<\/p>\n<p>La soci\u00f3loga y jefa de la Unidad T\u00e9cnica de Juventud del Cabildo, Sonia L\u00f3pez, compartir\u00e1 con los asistentes los programas \u2018Enr\u00e9date sin machismo\u2019 e \u2018Internet sin riesgos\u2019, que promueve la Corporaci\u00f3n insular. La jornada continuar\u00e1 con la exposici\u00f3n de una investigaci\u00f3n para la prevenci\u00f3n de las violencias de g\u00e9nero en contextos educativos y un intercambio de experiencias t\u00e9cnicas en este mismo \u00e1mbito.<\/p>\n<p>La sesi\u00f3n vespertina comenzar\u00e1 con la ponencia de Daniel Leal, psic\u00f3logo y antrop\u00f3logo social, quien analizar\u00e1 el programa \u2018Hombres por la igualdad\u2019 del Ayuntamiento de Jerez de la Frontera. Posteriormente tendr\u00e1 lugar un panel de experiencias de intervenci\u00f3n en contextos no formales.<\/p>\n<p>Jos\u00e9 Manuel Robles, profesor titular del Departamento de Sociolog\u00eda de la Universidad Complutense de Madrid, ser\u00e1 el encargado de inaugurar la segunda jornada del congreso con su ponencia \u201cEl ciberacoso como forma de ejercer la violencia de g\u00e9nero en adolescentes y j\u00f3venes\u201d. A continuaci\u00f3n intervendr\u00e1 Jos\u00e9 Antonio Burriel, abogado y periodista, quien expondr\u00e1 experiencias pr\u00e1cticas desarrolladas con j\u00f3venes<\/p>\n<p>Durante el congreso tambi\u00e9n se presentar\u00e1n diferentes aplicaciones para m\u00f3viles para prevenir la violencia de g\u00e9nero, como \u2018Pillada por ti\u2019, \u2018Libres\u2019, \u2018Cibermolo\u2019, \u2018Youtuve elecci\u00f3n\u2019 o \u2018DetectAmor\u2019. La jornada concluir\u00e1 con el relato de las experiencias de los propios j\u00f3venes.<\/p>\n<p>(Nota y foto cedidas por el Cabildo)<\/p>\n<\/div>\n","protected":false},"excerpt":{"rendered":"<p>El Cabildo, a trav\u00e9s del \u00c1rea de Igualdad, ha organizado la primera edici\u00f3n del Congreso \u2018J\u00f3venes y prevenci\u00f3n de las&#8230;<\/p>\n","protected":false},"author":23,"featured_media":28054,"comment_status":"open","ping_status":"open","sticky":false,"template":"","format":"standard","meta":{"inline_featured_image":false,"footnotes":""},"categories":[345,348,1],"tags":[665,689,891,1332,2527,2560,2638],"acf":[],"yoast_head":"<!-- This site is optimized with the Yoast SEO plugin v21.3 - https:\/\/yoast.com\/wordpress\/plugins\/seo\/ -->\n<title>El Campus de Guajara acoger\u00e1 un congreso para prevenir conductas de violencia machista entre los j\u00f3venes - ULL - Noticias<\/title>\n<meta name=\"robots\" content=\"index, follow, max-snippet:-1, max-image-preview:large, max-video-preview:-1\" \/>\n<link rel=\"canonical\" href=\"https:\/\/www.ull.es\/portal\/noticias\/2016\/el-campus-de-guajara-acogera-un-congreso-para-prevenir-conductas-de-violencia-machista-entre-los-jovenes\/\" \/>\n<meta property=\"og:locale\" content=\"es_ES\" \/>\n<meta property=\"og:type\" content=\"article\" \/>\n<meta property=\"og:title\" content=\"El Campus de Guajara acoger\u00e1 un congreso para prevenir conductas de violencia machista entre los j\u00f3venes - ULL - Noticias\" \/>\n<meta property=\"og:description\" content=\"El Cabildo, a trav\u00e9s del \u00c1rea de Igualdad, ha organizado la primera edici\u00f3n del Congreso \u2018J\u00f3venes y prevenci\u00f3n de las...\" \/>\n<meta property=\"og:url\" content=\"https:\/\/www.ull.es\/portal\/noticias\/2016\/el-campus-de-guajara-acogera-un-congreso-para-prevenir-conductas-de-violencia-machista-entre-los-jovenes\/\" \/>\n<meta property=\"og:site_name\" content=\"ULL - Noticias\" \/>\n<meta property=\"article:publisher\" content=\"https:\/\/www.facebook.com\/universidaddelalaguna\/\" \/>\n<meta property=\"article:published_time\" content=\"2016-06-20T13:26:55+00:00\" \/>\n<meta property=\"og:image\" content=\"https:\/\/www.ull.es\/portal\/noticias\/wp-content\/uploads\/sites\/13\/2016\/06\/Congreso-J\u00f3venes-y-prevenci\u00f3n-violencias-machistas-01-2.jpg\" \/>\n\t<meta property=\"og:image:width\" content=\"1024\" \/>\n\t<meta property=\"og:image:height\" content=\"678\" \/>\n\t<meta property=\"og:image:type\" content=\"image\/jpeg\" \/>\n<meta name=\"author\" content=\"gaprsa\" \/>\n<meta name=\"twitter:card\" content=\"summary_large_image\" \/>\n<meta name=\"twitter:creator\" content=\"@CanalULL\" \/>\n<meta name=\"twitter:site\" content=\"@CanalULL\" \/>\n<meta name=\"twitter:label1\" content=\"Escrito por\" \/>\n\t<meta name=\"twitter:data1\" content=\"gaprsa\" \/>\n\t<meta name=\"twitter:label2\" content=\"Tiempo de lectura\" \/>\n\t<meta name=\"twitter:data2\" content=\"3 minutos\" \/>\n<script type=\"application\/ld+json\" class=\"yoast-schema-graph\">{\"@context\":\"https:\/\/schema.org\",\"@graph\":[{\"@type\":\"WebPage\",\"@id\":\"https:\/\/www.ull.es\/portal\/noticias\/2016\/el-campus-de-guajara-acogera-un-congreso-para-prevenir-conductas-de-violencia-machista-entre-los-jovenes\/\",\"url\":\"https:\/\/www.ull.es\/portal\/noticias\/2016\/el-campus-de-guajara-acogera-un-congreso-para-prevenir-conductas-de-violencia-machista-entre-los-jovenes\/\",\"name\":\"El Campus de Guajara acoger\u00e1 un congreso para prevenir conductas de violencia machista entre los j\u00f3venes - ULL - Noticias\",\"isPartOf\":{\"@id\":\"https:\/\/www.ull.es\/portal\/noticias\/#website\"},\"datePublished\":\"2016-06-20T13:26:55+00:00\",\"dateModified\":\"2016-06-20T13:26:55+00:00\",\"author\":{\"@id\":\"https:\/\/www.ull.es\/portal\/noticias\/#\/schema\/person\/b2b1a89d43ffa609e591f7df8ef3e817\"},\"breadcrumb\":{\"@id\":\"https:\/\/www.ull.es\/portal\/noticias\/2016\/el-campus-de-guajara-acogera-un-congreso-para-prevenir-conductas-de-violencia-machista-entre-los-jovenes\/#breadcrumb\"},\"inLanguage\":\"es\",\"potentialAction\":[{\"@type\":\"ReadAction\",\"target\":[\"https:\/\/www.ull.es\/portal\/noticias\/2016\/el-campus-de-guajara-acogera-un-congreso-para-prevenir-conductas-de-violencia-machista-entre-los-jovenes\/\"]}]},{\"@type\":\"BreadcrumbList\",\"@id\":\"https:\/\/www.ull.es\/portal\/noticias\/2016\/el-campus-de-guajara-acogera-un-congreso-para-prevenir-conductas-de-violencia-machista-entre-los-jovenes\/#breadcrumb\",\"itemListElement\":[{\"@type\":\"ListItem\",\"position\":1,\"name\":\"Portada\",\"item\":\"https:\/\/www.ull.es\/portal\/noticias\/\"},{\"@type\":\"ListItem\",\"position\":2,\"name\":\"El Campus de Guajara acoger\u00e1 un congreso para prevenir conductas de violencia machista entre los j\u00f3venes\"}]},{\"@type\":\"WebSite\",\"@id\":\"https:\/\/www.ull.es\/portal\/noticias\/#website\",\"url\":\"https:\/\/www.ull.es\/portal\/noticias\/\",\"name\":\"ULL - Noticias\",\"description\":\"\",\"potentialAction\":[{\"@type\":\"SearchAction\",\"target\":{\"@type\":\"EntryPoint\",\"urlTemplate\":\"https:\/\/www.ull.es\/portal\/noticias\/?s={search_term_string}\"},\"query-input\":\"required name=search_term_string\"}],\"inLanguage\":\"es\"},{\"@type\":\"Person\",\"@id\":\"https:\/\/www.ull.es\/portal\/noticias\/#\/schema\/person\/b2b1a89d43ffa609e591f7df8ef3e817\",\"name\":\"gaprsa\",\"image\":{\"@type\":\"ImageObject\",\"inLanguage\":\"es\",\"@id\":\"https:\/\/www.ull.es\/portal\/noticias\/#\/schema\/person\/image\/\",\"url\":\"https:\/\/secure.gravatar.com\/avatar\/443820550921091458b4823867723b3d?s=96&d=mm&r=g\",\"contentUrl\":\"https:\/\/secure.gravatar.com\/avatar\/443820550921091458b4823867723b3d?s=96&d=mm&r=g\",\"caption\":\"gaprsa\"},\"url\":\"https:\/\/www.ull.es\/portal\/noticias\/author\/gaprsa\/\"}]}<\/script>\n<!-- \/ Yoast SEO plugin. -->","yoast_head_json":{"title":"El Campus de Guajara acoger\u00e1 un congreso para prevenir conductas de violencia machista entre los j\u00f3venes - ULL - Noticias","robots":{"index":"index","follow":"follow","max-snippet":"max-snippet:-1","max-image-preview":"max-image-preview:large","max-video-preview":"max-video-preview:-1"},"canonical":"https:\/\/www.ull.es\/portal\/noticias\/2016\/el-campus-de-guajara-acogera-un-congreso-para-prevenir-conductas-de-violencia-machista-entre-los-jovenes\/","og_locale":"es_ES","og_type":"article","og_title":"El Campus de Guajara acoger\u00e1 un congreso para prevenir conductas de violencia machista entre los j\u00f3venes - ULL - Noticias","og_description":"El Cabildo, a trav\u00e9s del \u00c1rea de Igualdad, ha organizado la primera edici\u00f3n del Congreso \u2018J\u00f3venes y prevenci\u00f3n de las...","og_url":"https:\/\/www.ull.es\/portal\/noticias\/2016\/el-campus-de-guajara-acogera-un-congreso-para-prevenir-conductas-de-violencia-machista-entre-los-jovenes\/","og_site_name":"ULL - Noticias","article_publisher":"https:\/\/www.facebook.com\/universidaddelalaguna\/","article_published_time":"2016-06-20T13:26:55+00:00","og_image":[{"width":1024,"height":678,"url":"https:\/\/www.ull.es\/portal\/noticias\/wp-content\/uploads\/sites\/13\/2016\/06\/Congreso-J\u00f3venes-y-prevenci\u00f3n-violencias-machistas-01-2.jpg","type":"image\/jpeg"}],"author":"gaprsa","twitter_card":"summary_large_image","twitter_creator":"@CanalULL","twitter_site":"@CanalULL","twitter_misc":{"Escrito por":"gaprsa","Tiempo de lectura":"3 minutos"},"schema":{"@context":"https:\/\/schema.org","@graph":[{"@type":"WebPage","@id":"https:\/\/www.ull.es\/portal\/noticias\/2016\/el-campus-de-guajara-acogera-un-congreso-para-prevenir-conductas-de-violencia-machista-entre-los-jovenes\/","url":"https:\/\/www.ull.es\/portal\/noticias\/2016\/el-campus-de-guajara-acogera-un-congreso-para-prevenir-conductas-de-violencia-machista-entre-los-jovenes\/","name":"El Campus de Guajara acoger\u00e1 un congreso para prevenir conductas de violencia machista entre los j\u00f3venes - ULL - Noticias","isPartOf":{"@id":"https:\/\/www.ull.es\/portal\/noticias\/#website"},"datePublished":"2016-06-20T13:26:55+00:00","dateModified":"2016-06-20T13:26:55+00:00","author":{"@id":"https:\/\/www.ull.es\/portal\/noticias\/#\/schema\/person\/b2b1a89d43ffa609e591f7df8ef3e817"},"breadcrumb":{"@id":"https:\/\/www.ull.es\/portal\/noticias\/2016\/el-campus-de-guajara-acogera-un-congreso-para-prevenir-conductas-de-violencia-machista-entre-los-jovenes\/#breadcrumb"},"inLanguage":"es","potentialAction":[{"@type":"ReadAction","target":["https:\/\/www.ull.es\/portal\/noticias\/2016\/el-campus-de-guajara-acogera-un-congreso-para-prevenir-conductas-de-violencia-machista-entre-los-jovenes\/"]}]},{"@type":"BreadcrumbList","@id":"https:\/\/www.ull.es\/portal\/noticias\/2016\/el-campus-de-guajara-acogera-un-congreso-para-prevenir-conductas-de-violencia-machista-entre-los-jovenes\/#breadcrumb","itemListElement":[{"@type":"ListItem","position":1,"name":"Portada","item":"https:\/\/www.ull.es\/portal\/noticias\/"},{"@type":"ListItem","position":2,"name":"El Campus de Guajara acoger\u00e1 un congreso para prevenir conductas de violencia machista entre los j\u00f3venes"}]},{"@type":"WebSite","@id":"https:\/\/www.ull.es\/portal\/noticias\/#website","url":"https:\/\/www.ull.es\/portal\/noticias\/","name":"ULL - Noticias","description":"","potentialAction":[{"@type":"SearchAction","target":{"@type":"EntryPoint","urlTemplate":"https:\/\/www.ull.es\/portal\/noticias\/?s={search_term_string}"},"query-input":"required name=search_term_string"}],"inLanguage":"es"},{"@type":"Person","@id":"https:\/\/www.ull.es\/portal\/noticias\/#\/schema\/person\/b2b1a89d43ffa609e591f7df8ef3e817","name":"gaprsa","image":{"@type":"ImageObject","inLanguage":"es","@id":"https:\/\/www.ull.es\/portal\/noticias\/#\/schema\/person\/image\/","url":"https:\/\/secure.gravatar.com\/avatar\/443820550921091458b4823867723b3d?s=96&d=mm&r=g","contentUrl":"https:\/\/secure.gravatar.com\/avatar\/443820550921091458b4823867723b3d?s=96&d=mm&r=g","caption":"gaprsa"},"url":"https:\/\/www.ull.es\/portal\/noticias\/author\/gaprsa\/"}]}},"primary_category":null,"featured_image_thumbnail_url":"https:\/\/www.ull.es\/portal\/noticias\/wp-content\/uploads\/sites\/13\/2016\/06\/Congreso-J\u00f3venes-y-prevenci\u00f3n-violencias-machistas-01-2-300x199.jpg","_links":{"self":[{"href":"https:\/\/www.ull.es\/portal\/noticias\/wp-json\/wp\/v2\/posts\/28053"}],"collection":[{"href":"https:\/\/www.ull.es\/portal\/noticias\/wp-json\/wp\/v2\/posts"}],"about":[{"href":"https:\/\/www.ull.es\/portal\/noticias\/wp-json\/wp\/v2\/types\/post"}],"author":[{"embeddable":true,"href":"https:\/\/www.ull.es\/portal\/noticias\/wp-json\/wp\/v2\/users\/23"}],"replies":[{"embeddable":true,"href":"https:\/\/www.ull.es\/portal\/noticias\/wp-json\/wp\/v2\/comments?post=28053"}],"version-history":[{"count":0,"href":"https:\/\/www.ull.es\/portal\/noticias\/wp-json\/wp\/v2\/posts\/28053\/revisions"}],"wp:featuredmedia":[{"embeddable":true,"href":"https:\/\/www.ull.es\/portal\/noticias\/wp-json\/wp\/v2\/media\/28054"}],"wp:attachment":[{"href":"https:\/\/www.ull.es\/portal\/noticias\/wp-json\/wp\/v2\/media?parent=28053"}],"wp:term":[{"taxonomy":"category","embeddable":true,"href":"https:\/\/www.ull.es\/portal\/noticias\/wp-json\/wp\/v2\/categories?post=28053"},{"taxonomy":"post_tag","embeddable":true,"href":"https:\/\/www.ull.es\/portal\/noticias\/wp-json\/wp\/v2\/tags?post=28053"}],"curies":[{"name":"wp","href":"https:\/\/api.w.org\/{rel}","templated":true}]}}