{"id":28175,"date":"2016-07-01T13:53:57","date_gmt":"2016-07-01T13:53:57","guid":{"rendered":"http:\/\/ddigital.webs.ull.es\/?p=28175"},"modified":"2016-07-01T13:53:57","modified_gmt":"2016-07-01T13:53:57","slug":"torres-sola-los-procesos-de-acreditacion-aportan-un-valor-anadido-a-los-estudios-universitarios","status":"publish","type":"post","link":"https:\/\/www.ull.es\/portal\/noticias\/2016\/torres-sola-los-procesos-de-acreditacion-aportan-un-valor-anadido-a-los-estudios-universitarios\/","title":{"rendered":"Torres Sol\u00e0: \u201cLos procesos de acreditaci\u00f3n aportan un valor a\u00f1adido a los estudios universitarios\u201d"},"content":{"rendered":"<p>Josep Manel Torres Sol\u00e1, coordinador de la evaluaci\u00f3n institucional y de programas de la Agencia para la Calidad del Sistema Universitario de Catalu\u00f1a (AQU) imparti\u00f3 ayer, jueves 30 de junio, y hoy, viernes 1 de julio, dos conferencias en al Universidad de La Laguna, dirigidas a los responsables acad\u00e9micos y de gesti\u00f3n de los estudios de posgrados y doctorado del centro docente, en las que detall\u00f3 la acreditaci\u00f3n de titulaciones tal y como se realiza en su organizaci\u00f3n. A si juicio, este proceso es algo m\u00e1s que un tr\u00e1mite burocr\u00e1tico, y pude aportar valor a\u00f1adido a los estudios universitarios.<\/p>\n<p>El especialista ha venido a la ULL invitado por la Escuela de Doctorado y Estudios de Posgrados, cuyo director, Ernesto Pereda, fue le encargado de presentar la ponente. La vista cont\u00f3 con la financiaci\u00f3n del Vicerrectorado de Docencia, con cargo al programa institucional de formaci\u00f3n del profesorado<\/p>\n<p>Torres Sol\u00e1 ha estado explicando c\u00f3mo entiende su organizaci\u00f3n e proceso de acreditaci\u00f3n, qu\u00e9 acciones deber\u00edan llevarse a cabo para que sea de utilidad y no se aprecie como un proceso burocr\u00e1tico. \u201cLo que pretendemos es que estos procesos puedan servir para que realmente haya una mejora en las titulaciones. Que ayude a reflexionar sobre aquello que han hecho cada curso acad\u00e9mico, aquello que funciona e intentar mejorar aquello que pueda presentar mayores dificultades\u201d.<\/p>\n<p>Este proceso va a comenzar a aplicarse tambi\u00e9n a los programas de doctorado, tras la modificaci\u00f3n que experimentaron en 2011 para adaptar su estructura al Espacio Europeo de Educaci\u00f3n Superior<\/p>\n<p>La AQU lleva funcionado desde hace dos d\u00e9cadas, antes incluso de que se conformaran el EEES y la Agencia Nacional de Evaluaci\u00f3n de la Calidad y Acreditaci\u00f3n (ANECA). Inicialmente era un consorcio de todas las universidades catalanas y el gobierno auton\u00f3mico que realizaba informes y realizaba recomendaciones sin car\u00e1cter legal o vinculante. En esa primera etapa trabajaban siete personas; en la actualidad son ya cuarenta y posee competencias de car\u00e1cter legal sobre los t\u00edtulos y la evaluaci\u00f3n del profesorado.<\/p>\n<p>Aunque es cierto que los procesos de acreditaci\u00f3n vienen impuestos desde el estado o la comunidad aut\u00f3noma, el experto cree que las universidades pueden adoptarlos de manera aut\u00f3noma. \u201cYo aconsejar\u00eda a las universidades que tuvieran el sistema que les resulte mejor a cada una. El ministerio o la agencia local correspondiente van a tener su proceso, habr\u00e1 que ver c\u00f3mo encajar en ellos, pero siempre teniendo en cuenta que la universidad tiene que resultar beneficiada. Creo que si las instituciones acad\u00e9micas tienen en cuenta que el proceso tiene que servir para la mejora, es f\u00e1cilmente adaptable a lo que pida la ANECA\u201d.<\/p>\n<p>Torres Sol\u00e1 admite que la aceptaci\u00f3n de la \u201ccultura de la calidad\u201d en la que se inscribe la acreditaci\u00f3n no se produce desde el primer d\u00eda y puede haber rechazo hacia su aspecto burocr\u00e1tico. \u201cMi objetivo, y creo que el de todas las agencias, es intentar que los procesos no sean burocr\u00e1ticos y las universidades van la utilidad que tiene para la mejora de sus titulaciones. Es un proceso de aceptaci\u00f3n paulatina\u201d.<\/p>\n<p>La AQU colabora con la Agencia Canaria de Calidad Universitaria y Evaluaci\u00f3n ya que forman parte de la red de agencias espa\u00f1olas de calidad, en la cual se intercambian experiencias y se establecen criterios de evaluaci\u00f3n comunes. \u201cTodo lo que hacemos en acreditaci\u00f3n es consensuado con todas las agencias, los criterios los pusimos entre todos y se aplican de manera id\u00e9ntica en todas las comunidades y por ANECA\u201d.<\/p>\n","protected":false},"excerpt":{"rendered":"<p>Josep Manel Torres Sol\u00e1, coordinador de la evaluaci\u00f3n institucional y de programas de la Agencia para la Calidad del Sistema&#8230;<\/p>\n","protected":false},"author":23,"featured_media":28178,"comment_status":"open","ping_status":"open","sticky":false,"template":"","format":"gallery","meta":{"inline_featured_image":false,"footnotes":""},"categories":[345,346,1],"tags":[1155,1162,1677,2527,2560,2609],"acf":[],"yoast_head":"<!-- This site is optimized with the Yoast SEO plugin v21.3 - https:\/\/yoast.com\/wordpress\/plugins\/seo\/ -->\n<title>Torres Sol\u00e0: \u201cLos procesos de acreditaci\u00f3n aportan un valor a\u00f1adido a los estudios universitarios\u201d - ULL - Noticias<\/title>\n<meta name=\"robots\" content=\"index, follow, max-snippet:-1, max-image-preview:large, max-video-preview:-1\" \/>\n<link rel=\"canonical\" href=\"https:\/\/www.ull.es\/portal\/noticias\/2016\/torres-sola-los-procesos-de-acreditacion-aportan-un-valor-anadido-a-los-estudios-universitarios\/\" \/>\n<meta property=\"og:locale\" content=\"es_ES\" \/>\n<meta property=\"og:type\" content=\"article\" \/>\n<meta property=\"og:title\" content=\"Torres Sol\u00e0: \u201cLos procesos de acreditaci\u00f3n aportan un valor a\u00f1adido a los estudios universitarios\u201d - ULL - Noticias\" \/>\n<meta property=\"og:description\" content=\"Josep Manel Torres Sol\u00e1, coordinador de la evaluaci\u00f3n institucional y de programas de la Agencia para la Calidad del Sistema...\" \/>\n<meta property=\"og:url\" content=\"https:\/\/www.ull.es\/portal\/noticias\/2016\/torres-sola-los-procesos-de-acreditacion-aportan-un-valor-anadido-a-los-estudios-universitarios\/\" \/>\n<meta property=\"og:site_name\" content=\"ULL - Noticias\" \/>\n<meta property=\"article:publisher\" content=\"https:\/\/www.facebook.com\/universidaddelalaguna\/\" \/>\n<meta property=\"article:published_time\" content=\"2016-07-01T13:53:57+00:00\" \/>\n<meta property=\"og:image\" content=\"https:\/\/www.ull.es\/portal\/noticias\/wp-content\/uploads\/sites\/13\/2016\/07\/torres-sola-acreditacion-1.jpg\" \/>\n\t<meta property=\"og:image:width\" content=\"1034\" \/>\n\t<meta property=\"og:image:height\" content=\"708\" \/>\n\t<meta property=\"og:image:type\" content=\"image\/jpeg\" \/>\n<meta name=\"author\" content=\"gaprsa\" \/>\n<meta name=\"twitter:card\" content=\"summary_large_image\" \/>\n<meta name=\"twitter:creator\" content=\"@CanalULL\" \/>\n<meta name=\"twitter:site\" content=\"@CanalULL\" \/>\n<meta name=\"twitter:label1\" content=\"Escrito por\" \/>\n\t<meta name=\"twitter:data1\" content=\"gaprsa\" \/>\n\t<meta name=\"twitter:label2\" content=\"Tiempo de lectura\" \/>\n\t<meta name=\"twitter:data2\" content=\"3 minutos\" \/>\n<script type=\"application\/ld+json\" class=\"yoast-schema-graph\">{\"@context\":\"https:\/\/schema.org\",\"@graph\":[{\"@type\":\"WebPage\",\"@id\":\"https:\/\/www.ull.es\/portal\/noticias\/2016\/torres-sola-los-procesos-de-acreditacion-aportan-un-valor-anadido-a-los-estudios-universitarios\/\",\"url\":\"https:\/\/www.ull.es\/portal\/noticias\/2016\/torres-sola-los-procesos-de-acreditacion-aportan-un-valor-anadido-a-los-estudios-universitarios\/\",\"name\":\"Torres Sol\u00e0: \u201cLos procesos de acreditaci\u00f3n aportan un valor a\u00f1adido a los estudios universitarios\u201d - ULL - Noticias\",\"isPartOf\":{\"@id\":\"https:\/\/www.ull.es\/portal\/noticias\/#website\"},\"datePublished\":\"2016-07-01T13:53:57+00:00\",\"dateModified\":\"2016-07-01T13:53:57+00:00\",\"author\":{\"@id\":\"https:\/\/www.ull.es\/portal\/noticias\/#\/schema\/person\/b2b1a89d43ffa609e591f7df8ef3e817\"},\"breadcrumb\":{\"@id\":\"https:\/\/www.ull.es\/portal\/noticias\/2016\/torres-sola-los-procesos-de-acreditacion-aportan-un-valor-anadido-a-los-estudios-universitarios\/#breadcrumb\"},\"inLanguage\":\"es\",\"potentialAction\":[{\"@type\":\"ReadAction\",\"target\":[\"https:\/\/www.ull.es\/portal\/noticias\/2016\/torres-sola-los-procesos-de-acreditacion-aportan-un-valor-anadido-a-los-estudios-universitarios\/\"]}]},{\"@type\":\"BreadcrumbList\",\"@id\":\"https:\/\/www.ull.es\/portal\/noticias\/2016\/torres-sola-los-procesos-de-acreditacion-aportan-un-valor-anadido-a-los-estudios-universitarios\/#breadcrumb\",\"itemListElement\":[{\"@type\":\"ListItem\",\"position\":1,\"name\":\"Portada\",\"item\":\"https:\/\/www.ull.es\/portal\/noticias\/\"},{\"@type\":\"ListItem\",\"position\":2,\"name\":\"Torres Sol\u00e0: \u201cLos procesos de acreditaci\u00f3n aportan un valor a\u00f1adido a los estudios universitarios\u201d\"}]},{\"@type\":\"WebSite\",\"@id\":\"https:\/\/www.ull.es\/portal\/noticias\/#website\",\"url\":\"https:\/\/www.ull.es\/portal\/noticias\/\",\"name\":\"ULL - Noticias\",\"description\":\"\",\"potentialAction\":[{\"@type\":\"SearchAction\",\"target\":{\"@type\":\"EntryPoint\",\"urlTemplate\":\"https:\/\/www.ull.es\/portal\/noticias\/?s={search_term_string}\"},\"query-input\":\"required name=search_term_string\"}],\"inLanguage\":\"es\"},{\"@type\":\"Person\",\"@id\":\"https:\/\/www.ull.es\/portal\/noticias\/#\/schema\/person\/b2b1a89d43ffa609e591f7df8ef3e817\",\"name\":\"gaprsa\",\"image\":{\"@type\":\"ImageObject\",\"inLanguage\":\"es\",\"@id\":\"https:\/\/www.ull.es\/portal\/noticias\/#\/schema\/person\/image\/\",\"url\":\"https:\/\/secure.gravatar.com\/avatar\/443820550921091458b4823867723b3d?s=96&d=mm&r=g\",\"contentUrl\":\"https:\/\/secure.gravatar.com\/avatar\/443820550921091458b4823867723b3d?s=96&d=mm&r=g\",\"caption\":\"gaprsa\"},\"url\":\"https:\/\/www.ull.es\/portal\/noticias\/author\/gaprsa\/\"}]}<\/script>\n<!-- \/ Yoast SEO plugin. -->","yoast_head_json":{"title":"Torres Sol\u00e0: \u201cLos procesos de acreditaci\u00f3n aportan un valor a\u00f1adido a los estudios universitarios\u201d - ULL - Noticias","robots":{"index":"index","follow":"follow","max-snippet":"max-snippet:-1","max-image-preview":"max-image-preview:large","max-video-preview":"max-video-preview:-1"},"canonical":"https:\/\/www.ull.es\/portal\/noticias\/2016\/torres-sola-los-procesos-de-acreditacion-aportan-un-valor-anadido-a-los-estudios-universitarios\/","og_locale":"es_ES","og_type":"article","og_title":"Torres Sol\u00e0: \u201cLos procesos de acreditaci\u00f3n aportan un valor a\u00f1adido a los estudios universitarios\u201d - ULL - Noticias","og_description":"Josep Manel Torres Sol\u00e1, coordinador de la evaluaci\u00f3n institucional y de programas de la Agencia para la Calidad del Sistema...","og_url":"https:\/\/www.ull.es\/portal\/noticias\/2016\/torres-sola-los-procesos-de-acreditacion-aportan-un-valor-anadido-a-los-estudios-universitarios\/","og_site_name":"ULL - Noticias","article_publisher":"https:\/\/www.facebook.com\/universidaddelalaguna\/","article_published_time":"2016-07-01T13:53:57+00:00","og_image":[{"width":1034,"height":708,"url":"https:\/\/www.ull.es\/portal\/noticias\/wp-content\/uploads\/sites\/13\/2016\/07\/torres-sola-acreditacion-1.jpg","type":"image\/jpeg"}],"author":"gaprsa","twitter_card":"summary_large_image","twitter_creator":"@CanalULL","twitter_site":"@CanalULL","twitter_misc":{"Escrito por":"gaprsa","Tiempo de lectura":"3 minutos"},"schema":{"@context":"https:\/\/schema.org","@graph":[{"@type":"WebPage","@id":"https:\/\/www.ull.es\/portal\/noticias\/2016\/torres-sola-los-procesos-de-acreditacion-aportan-un-valor-anadido-a-los-estudios-universitarios\/","url":"https:\/\/www.ull.es\/portal\/noticias\/2016\/torres-sola-los-procesos-de-acreditacion-aportan-un-valor-anadido-a-los-estudios-universitarios\/","name":"Torres Sol\u00e0: \u201cLos procesos de acreditaci\u00f3n aportan un valor a\u00f1adido a los estudios universitarios\u201d - ULL - Noticias","isPartOf":{"@id":"https:\/\/www.ull.es\/portal\/noticias\/#website"},"datePublished":"2016-07-01T13:53:57+00:00","dateModified":"2016-07-01T13:53:57+00:00","author":{"@id":"https:\/\/www.ull.es\/portal\/noticias\/#\/schema\/person\/b2b1a89d43ffa609e591f7df8ef3e817"},"breadcrumb":{"@id":"https:\/\/www.ull.es\/portal\/noticias\/2016\/torres-sola-los-procesos-de-acreditacion-aportan-un-valor-anadido-a-los-estudios-universitarios\/#breadcrumb"},"inLanguage":"es","potentialAction":[{"@type":"ReadAction","target":["https:\/\/www.ull.es\/portal\/noticias\/2016\/torres-sola-los-procesos-de-acreditacion-aportan-un-valor-anadido-a-los-estudios-universitarios\/"]}]},{"@type":"BreadcrumbList","@id":"https:\/\/www.ull.es\/portal\/noticias\/2016\/torres-sola-los-procesos-de-acreditacion-aportan-un-valor-anadido-a-los-estudios-universitarios\/#breadcrumb","itemListElement":[{"@type":"ListItem","position":1,"name":"Portada","item":"https:\/\/www.ull.es\/portal\/noticias\/"},{"@type":"ListItem","position":2,"name":"Torres Sol\u00e0: \u201cLos procesos de acreditaci\u00f3n aportan un valor a\u00f1adido a los estudios universitarios\u201d"}]},{"@type":"WebSite","@id":"https:\/\/www.ull.es\/portal\/noticias\/#website","url":"https:\/\/www.ull.es\/portal\/noticias\/","name":"ULL - Noticias","description":"","potentialAction":[{"@type":"SearchAction","target":{"@type":"EntryPoint","urlTemplate":"https:\/\/www.ull.es\/portal\/noticias\/?s={search_term_string}"},"query-input":"required name=search_term_string"}],"inLanguage":"es"},{"@type":"Person","@id":"https:\/\/www.ull.es\/portal\/noticias\/#\/schema\/person\/b2b1a89d43ffa609e591f7df8ef3e817","name":"gaprsa","image":{"@type":"ImageObject","inLanguage":"es","@id":"https:\/\/www.ull.es\/portal\/noticias\/#\/schema\/person\/image\/","url":"https:\/\/secure.gravatar.com\/avatar\/443820550921091458b4823867723b3d?s=96&d=mm&r=g","contentUrl":"https:\/\/secure.gravatar.com\/avatar\/443820550921091458b4823867723b3d?s=96&d=mm&r=g","caption":"gaprsa"},"url":"https:\/\/www.ull.es\/portal\/noticias\/author\/gaprsa\/"}]}},"primary_category":null,"featured_image_thumbnail_url":"https:\/\/www.ull.es\/portal\/noticias\/wp-content\/uploads\/sites\/13\/2016\/07\/torres-sola-acreditacion-1-300x205.jpg","_links":{"self":[{"href":"https:\/\/www.ull.es\/portal\/noticias\/wp-json\/wp\/v2\/posts\/28175"}],"collection":[{"href":"https:\/\/www.ull.es\/portal\/noticias\/wp-json\/wp\/v2\/posts"}],"about":[{"href":"https:\/\/www.ull.es\/portal\/noticias\/wp-json\/wp\/v2\/types\/post"}],"author":[{"embeddable":true,"href":"https:\/\/www.ull.es\/portal\/noticias\/wp-json\/wp\/v2\/users\/23"}],"replies":[{"embeddable":true,"href":"https:\/\/www.ull.es\/portal\/noticias\/wp-json\/wp\/v2\/comments?post=28175"}],"version-history":[{"count":0,"href":"https:\/\/www.ull.es\/portal\/noticias\/wp-json\/wp\/v2\/posts\/28175\/revisions"}],"wp:featuredmedia":[{"embeddable":true,"href":"https:\/\/www.ull.es\/portal\/noticias\/wp-json\/wp\/v2\/media\/28178"}],"wp:attachment":[{"href":"https:\/\/www.ull.es\/portal\/noticias\/wp-json\/wp\/v2\/media?parent=28175"}],"wp:term":[{"taxonomy":"category","embeddable":true,"href":"https:\/\/www.ull.es\/portal\/noticias\/wp-json\/wp\/v2\/categories?post=28175"},{"taxonomy":"post_tag","embeddable":true,"href":"https:\/\/www.ull.es\/portal\/noticias\/wp-json\/wp\/v2\/tags?post=28175"}],"curies":[{"name":"wp","href":"https:\/\/api.w.org\/{rel}","templated":true}]}}