{"id":28201,"date":"2016-07-06T10:14:35","date_gmt":"2016-07-06T10:14:35","guid":{"rendered":"http:\/\/ddigital.webs.ull.es\/?p=28201"},"modified":"2016-07-06T10:14:35","modified_gmt":"2016-07-06T10:14:35","slug":"comienza-la-construccion-del-polo-cientifico-y-tecnologico-del-hogar-gomero","status":"publish","type":"post","link":"https:\/\/www.ull.es\/portal\/noticias\/2016\/comienza-la-construccion-del-polo-cientifico-y-tecnologico-del-hogar-gomero\/","title":{"rendered":"Comienza la construcci\u00f3n del polo cient\u00edfico y tecnol\u00f3gico del Hogar Gomero"},"content":{"rendered":"<p>El Cabildo ha iniciado la construcci\u00f3n del nuevo enclave del\u00a0 Parque Cient\u00edfico y Tecnol\u00f3gico de Tenerife (PCTT) que estar\u00e1 ubicado en el Hogar Gomero, en La Laguna, y que supone dar un paso m\u00e1s para convertir Tenerife en un centro de referencia para la innovaci\u00f3n y el emprendimiento, filosof\u00eda que responde a la iniciativa Tenerife 2030. Esta moderna infraestructura incluir\u00e1 un parque urbano anexo y dos edificios que servir\u00e1n de sede para la ejecuci\u00f3n de proyectos de investigaci\u00f3n, desarrollo tecnol\u00f3gico e innovaci\u00f3n, vinculados especialmente a la nanociencia, la sostenibilidad y la astrof\u00edsica.<\/p>\n<p><strong>Hogar Gomero 2<\/strong><\/p>\n<p>Las obras ya han comenzado y el martes 5 de julio tuvo lugar el acto simb\u00f3lico de colocaci\u00f3n de la primera piedra, en el que participaron el presidente del Cabildo, Carlos Alonso; el alcalde de La Laguna, Jos\u00e9 Alberto D\u00edaz; la subdelegada del Gobierno en Santa Cruz de Tenerife, Rosario Cabrera; el director del Instituto de Astrof\u00edsica de Canarias (IAC), Rafael Rebolo; el rector de la Universidad de La Laguna, Antonio Martin\u00f3n; el director general de Asuntos Econ\u00f3micos con \u00c1frica del Gobierno de Canarias, Pablo Mart\u00edn-Carbajal y el consejero insular de Innovaci\u00f3n, Antonio Garc\u00eda Marichal<\/p>\n<p>Carlos Alonso vincul\u00f3 este proyecto a los objetivos de Tenerife 2030, una estrategia del Cabildo que busca afrontar los retos del futuro de la Isla con una mayor capacitaci\u00f3n de los j\u00f3venes, la mejora de la innovaci\u00f3n, emprendimiento, as\u00ed como la formaci\u00f3n. El presidente se\u00f1al\u00f3 que el Cabildo apuesta por estos valores para ser capaces de generar m\u00e1s oportunidades. \u201cPara ello tenemos que mejorar la transferencia del conocimiento y convertir la ciencia en econom\u00eda y empleo\u201d, asegur\u00f3. En este sentido, record\u00f3 otras piezas relevantes de este gran proyecto como Dalix, el superordenador o los espacios de empresas y coworking del Cabildo.<\/p>\n<p>Alonso explic\u00f3 adem\u00e1s que el 25% de los recursos que la Corporaci\u00f3n insular va a destinar a la inversi\u00f3n ir\u00e1 destinado a la transferencia del conocimiento y la capacitaci\u00f3n, en definitiva a Tenerife 2030. \u201cA hacer que las cosas sucedan, que se hagan realidad\u201d, concluy\u00f3.<\/p>\n<p>Jos\u00e9 Alberto D\u00edaz, record\u00f3 que uno de los objetivos de las administraciones p\u00fablicas es mejorar la calidad de vida de los ciudadanos y reconoci\u00f3 que \u201cse ha llegado al d\u00eda de hoy con cierto retraso\u201d pero \u201cese retraso \u2013dijo- nos ha permitido afianzar y consolidar el proyecto, evitar futuros problemas y garantizar que su desarrollo va a ir sobre ruedas\u201d. Para el alcalde, con iniciativas de este tipo queremos comenzar a transformar el modelo productivo y formativo de nuestro entorno. \u201cLa laguna es el gran escenario de investigaci\u00f3n y ciencia del Archipi\u00e9lago\u201d.<\/p>\n<p>El rector de la Universidad, Antonio Martin\u00f3n, se\u00f1al\u00f3 que la diversificaci\u00f3n de la econom\u00eda contribuir\u00e1 a generar empleo y confi\u00f3 en que este polo de transferencia a la tecnolog\u00eda se ampl\u00ede a otros sectores y disciplinas. En esa misma l\u00ednea se pronunci\u00f3 la subdelegada del gobierno, quien record\u00f3 la apuesta clara del Gobierno de Espa\u00f1a por los parques cient\u00edficos. Por parte del Gobierno de Canarias, Mart\u00edn-Carbajal coment\u00f3 que este nuevo polo es una oportunidad para atraer inversi\u00f3n en el sector de las TIC.<\/p>\n<p>El director del IAC, Rafael Rebolo, dijo que se cumple el viejo anhelo de contar con un centro de transferencia de la tecnolog\u00eda y el conocimiento al sector empresarial y destac\u00f3 el valor del IACtec (uno de los dos edificios del polo). \u201cTenemos que prepararnos para cuando termine la obra, que ingenieros y empresas est\u00e9n listos para trabajar en esta nueva andadura\u201d.<\/p>\n<p>El consejero insular de Innovaci\u00f3n, Antonio Garc\u00eda Marichal, resalt\u00f3 que este nuevo e importante paso sit\u00faa a Tenerife en una posici\u00f3n internacional. \u201cNuestro objetivo es dotar a la isla de infraestructuras y de nuevos sectores que generen puestos de trabajo, a trav\u00e9s de la capacitaci\u00f3n, el talento y la creatividad que, a su vez, atraigan a empresarios que inviertan.<\/p>\n<p><strong>Colaboraci\u00f3n de administraciones<\/strong><\/p>\n<p>Las obras del polo cient\u00edfico cuentan con una inversi\u00f3n de 18 millones de euros que incluyen la construcci\u00f3n del parque urbano y de los dos edificios, as\u00ed como la rehabilitaci\u00f3n de dos de las casas del Hogar Gomero. Est\u00e1 cofinanciado en un 85% por el fondo Europeo de Desarrollo Regional (FEDER). El 15% restante proviene de las administraciones canarias. A esa inversi\u00f3n hay que sumar las aportaciones del Cabildo de Tenerife y del Ayuntamiento de La Laguna para la construcci\u00f3n de un parque urbano, por valor de 5.585.724,27 euros, as\u00ed como la cesi\u00f3n del suelo por parte de la Universidad de La Laguna (ULL). Todo ello con la colaboraci\u00f3n del Instituto de Astrof\u00edsica de Canarias (IAC).<\/p>\n<p>El parque urbano en el que se integrar\u00e1 este nuevo enclave del Parque Cient\u00edfico y Tecnol\u00f3gico de Tenerife ser\u00e1 el mayor del municipio con una superficie cercana a los 30.000 metros cuadrados. Contar\u00e1 con paseos y zonas deportivas, una plaza p\u00fablica de m\u00e1s de 6.000 metros cuadrados con un espacio para juegos infantiles de 1.200 metros cuadrados, una cancha polideportiva y un escenario permanente. Tambi\u00e9n habr\u00e1 otro espacio para juegos infantiles, cancha de bochas y un gimnasio al aire libre. La vegetaci\u00f3n ocupar\u00e1 m\u00e1s de 13.000 metros cuadrados y estar\u00e1 repartida en 18 zonas diferentes.<\/p>\n<p>El polo albergar\u00e1 empresas que vinculen su proyecto cient\u00edfico y tecnol\u00f3gico con la labor de investigaci\u00f3n de la Universidad de La Laguna. El enclave incluir\u00e1 dos edificios especializadas:<\/p>\n<p>IACtec, albergar\u00e1 un centro tecnol\u00f3gico vinculado al Instituto de Astrof\u00edsica de Canarias (IAC), al que se destinar\u00e1n 4.454.463,87 euros. Orientar\u00e1 su actividad hacia la astrof\u00edsica, el espacio y la instrumentaci\u00f3n cient\u00edfica para sectores como la medicina, la seguridad y el medio ambiente. Desarrollar\u00e1 nuevos programas de investigaci\u00f3n, principalmente en el \u00e1mbito de las tecnolog\u00edas de captaci\u00f3n y procesado de la luz y de las ondas electromagn\u00e9ticas en general. Permitir\u00e1 la cooperaci\u00f3n tecnol\u00f3gica y empresarial para aprovechar as\u00ed el conocimiento acumulado por el IAC en el desarrollo de instrumentaci\u00f3n cient\u00edfica avanzada a la vez que contribuir\u00e1 al desarrollo industrial y a la comercializaci\u00f3n de productos de alto valor a\u00f1adido en Canarias.<\/p>\n<p>Nanotec, centro cient\u00edfico y tecnol\u00f3gico dedicado a comprender el comportamiento de nuevos materiales multifuncionales en diversas escalas. Su objetivo es la preservaci\u00f3n de recursos h\u00eddricos y la lucha contra la contaminaci\u00f3n en diversos sectores como la industria la agricultura o el urbanismo, la contaminaci\u00f3n atmosf\u00e9rica, acu\u00e1tica, el reciclaje de aguas residuales, el cambio clim\u00e1tico o la salud ambiental. Cuenta con un presupuesto de 5.034.445,82 euros y estar\u00e1 conformado por tres m\u00f3dulos: Nanomac, destinado a las actividades de I+D+I relacionadas con la nanotecnolog\u00eda, materiales avanzados, energ\u00eda y agua; Sostiene, que se orientar\u00e1 al eje de la sostenibilidad, el medioambiente y el cambio clim\u00e1tico. Y un tercer m\u00f3dulo de espacios para el fomento de sinergias.<\/p>\n<p>El principal objetivo del Parque Cient\u00edfico y Tecnol\u00f3gico consiste en estimular las actividades de I+D+I en sectores clave y fomentar la creaci\u00f3n y consolidaci\u00f3n de empresas de base tecnol\u00f3gica e innovadora. Se trata de una entidad de referencia para la innovaci\u00f3n en la Isla que crear\u00e1 espacios que favorezcan la transferencia tecnol\u00f3gica y especializado en cuatro \u00e1mbitos diferenciados:<\/p>\n<p>\u2013 Ciencias de la Tierra y el Cosmos<\/p>\n<p>\u2013 Biotecnolog\u00eda y la Salud<\/p>\n<p>\u2013 Tecnolog\u00edas de la Informaci\u00f3n y de las telecomunicaciones<\/p>\n<p>\u2013 Innovaci\u00f3n en Turismo<\/p>\n<p>Los enclaves principales del PCTT est\u00e1n en Cuevas Blancas (\u00e1rea metropolitana); Granadilla (en la plataforma log\u00edstica del Sur); el polo cient\u00edfico y tecnol\u00f3gico universitario (Hogar Gomero) y otros espacios disponibles como dos viveros y un centro de empresas. A ellos se unen tambi\u00e9n el espacio coworkIN de la D\u00e1rsena en el muelle pesquero de Santa Cruz de Tenerife.<\/p>\n<p><strong>Acto simb\u00f3lico<\/strong><\/p>\n<p>La colocaci\u00f3n de la primera piedra del nuevo enclave polo cient\u00edfico y tecnol\u00f3gico cont\u00f3 con una urna en la que las administraciones participantes introdujeron una serie de objetos simb\u00f3licos y representativos del sector:<\/p>\n<ul>\n<li>Una placa realizada con una impresora 3D, como ejemplo de los inicios de la tecnolog\u00eda de manufactura aditiva.<\/li>\n<li>Una muestra de cable submarino instalado en el proyecto ALiX, que conecta la isla con Europa y \u00c1frica.<\/li>\n<li>Una muestra del ducto y del cable de fibra \u00f3ptica que se ha desplegado en el Anillo Insular de Telecomunicaciones de Tenerife, como ejemplo del esfuerzo realizado en el marco del proyecto ALiX para llevar las telecomunicaciones a todos los municipios de la isla.<\/li>\n<li>Un cubo fabricado de una combinaci\u00f3n de metal y cristal como met\u00e1fora de tecnolog\u00eda, proyecci\u00f3n y futuro, reforzado con el s\u00edmbolo que identifica al Instituto de Astrof\u00edsica de Canarias, un centro de investigaci\u00f3n impulsor de transferencia tecnol\u00f3gica avanzada.<\/li>\n<li>Una figura que representa las posibilidades de la nanotecnolog\u00eda y los materiales avanzados, como el grafeno, y los materiales biomim\u00e9ticos como el \u00e1cido mal\u00f3nico.<\/li>\n<li>Una tarjeta de memoria que contiene el resumen del proyecto y las portadas digitales de los peri\u00f3dicos en el d\u00eda de hoy.<\/li>\n<\/ul>\n","protected":false},"excerpt":{"rendered":"<p>El Cabildo ha iniciado la construcci\u00f3n del nuevo enclave del\u00a0 Parque Cient\u00edfico y Tecnol\u00f3gico de Tenerife (PCTT) que estar\u00e1 ubicado&#8230;<\/p>\n","protected":false},"author":23,"featured_media":28202,"comment_status":"open","ping_status":"open","sticky":false,"template":"","format":"standard","meta":{"inline_featured_image":false,"footnotes":""},"categories":[345,350,1],"tags":[],"acf":[],"yoast_head":"<!-- This site is optimized with the Yoast SEO plugin v21.3 - https:\/\/yoast.com\/wordpress\/plugins\/seo\/ -->\n<title>Comienza la construcci\u00f3n del polo cient\u00edfico y tecnol\u00f3gico del Hogar Gomero - ULL - Noticias<\/title>\n<meta name=\"robots\" content=\"index, follow, max-snippet:-1, max-image-preview:large, max-video-preview:-1\" \/>\n<link rel=\"canonical\" href=\"https:\/\/www.ull.es\/portal\/noticias\/2016\/comienza-la-construccion-del-polo-cientifico-y-tecnologico-del-hogar-gomero\/\" \/>\n<meta property=\"og:locale\" content=\"es_ES\" \/>\n<meta property=\"og:type\" content=\"article\" \/>\n<meta property=\"og:title\" content=\"Comienza la construcci\u00f3n del polo cient\u00edfico y tecnol\u00f3gico del Hogar Gomero - ULL - Noticias\" \/>\n<meta property=\"og:description\" content=\"El Cabildo ha iniciado la construcci\u00f3n del nuevo enclave del\u00a0 Parque Cient\u00edfico y Tecnol\u00f3gico de Tenerife (PCTT) que estar\u00e1 ubicado...\" \/>\n<meta property=\"og:url\" content=\"https:\/\/www.ull.es\/portal\/noticias\/2016\/comienza-la-construccion-del-polo-cientifico-y-tecnologico-del-hogar-gomero\/\" \/>\n<meta property=\"og:site_name\" content=\"ULL - Noticias\" \/>\n<meta property=\"article:publisher\" content=\"https:\/\/www.facebook.com\/universidaddelalaguna\/\" \/>\n<meta property=\"article:published_time\" content=\"2016-07-06T10:14:35+00:00\" \/>\n<meta property=\"og:image\" content=\"https:\/\/www.ull.es\/portal\/noticias\/wp-content\/uploads\/sites\/13\/2016\/07\/Hogar-Gomero-1.jpg\" \/>\n\t<meta property=\"og:image:width\" content=\"935\" \/>\n\t<meta property=\"og:image:height\" content=\"623\" \/>\n\t<meta property=\"og:image:type\" content=\"image\/jpeg\" \/>\n<meta name=\"author\" content=\"gaprsa\" \/>\n<meta name=\"twitter:card\" content=\"summary_large_image\" \/>\n<meta name=\"twitter:creator\" content=\"@CanalULL\" \/>\n<meta name=\"twitter:site\" content=\"@CanalULL\" \/>\n<meta name=\"twitter:label1\" content=\"Escrito por\" \/>\n\t<meta name=\"twitter:data1\" content=\"gaprsa\" \/>\n\t<meta name=\"twitter:label2\" content=\"Tiempo de lectura\" \/>\n\t<meta name=\"twitter:data2\" content=\"8 minutos\" \/>\n<script type=\"application\/ld+json\" class=\"yoast-schema-graph\">{\"@context\":\"https:\/\/schema.org\",\"@graph\":[{\"@type\":\"WebPage\",\"@id\":\"https:\/\/www.ull.es\/portal\/noticias\/2016\/comienza-la-construccion-del-polo-cientifico-y-tecnologico-del-hogar-gomero\/\",\"url\":\"https:\/\/www.ull.es\/portal\/noticias\/2016\/comienza-la-construccion-del-polo-cientifico-y-tecnologico-del-hogar-gomero\/\",\"name\":\"Comienza la construcci\u00f3n del polo cient\u00edfico y tecnol\u00f3gico del Hogar Gomero - ULL - Noticias\",\"isPartOf\":{\"@id\":\"https:\/\/www.ull.es\/portal\/noticias\/#website\"},\"datePublished\":\"2016-07-06T10:14:35+00:00\",\"dateModified\":\"2016-07-06T10:14:35+00:00\",\"author\":{\"@id\":\"https:\/\/www.ull.es\/portal\/noticias\/#\/schema\/person\/b2b1a89d43ffa609e591f7df8ef3e817\"},\"breadcrumb\":{\"@id\":\"https:\/\/www.ull.es\/portal\/noticias\/2016\/comienza-la-construccion-del-polo-cientifico-y-tecnologico-del-hogar-gomero\/#breadcrumb\"},\"inLanguage\":\"es\",\"potentialAction\":[{\"@type\":\"ReadAction\",\"target\":[\"https:\/\/www.ull.es\/portal\/noticias\/2016\/comienza-la-construccion-del-polo-cientifico-y-tecnologico-del-hogar-gomero\/\"]}]},{\"@type\":\"BreadcrumbList\",\"@id\":\"https:\/\/www.ull.es\/portal\/noticias\/2016\/comienza-la-construccion-del-polo-cientifico-y-tecnologico-del-hogar-gomero\/#breadcrumb\",\"itemListElement\":[{\"@type\":\"ListItem\",\"position\":1,\"name\":\"Portada\",\"item\":\"https:\/\/www.ull.es\/portal\/noticias\/\"},{\"@type\":\"ListItem\",\"position\":2,\"name\":\"Comienza la construcci\u00f3n del polo cient\u00edfico y tecnol\u00f3gico del Hogar Gomero\"}]},{\"@type\":\"WebSite\",\"@id\":\"https:\/\/www.ull.es\/portal\/noticias\/#website\",\"url\":\"https:\/\/www.ull.es\/portal\/noticias\/\",\"name\":\"ULL - Noticias\",\"description\":\"\",\"potentialAction\":[{\"@type\":\"SearchAction\",\"target\":{\"@type\":\"EntryPoint\",\"urlTemplate\":\"https:\/\/www.ull.es\/portal\/noticias\/?s={search_term_string}\"},\"query-input\":\"required name=search_term_string\"}],\"inLanguage\":\"es\"},{\"@type\":\"Person\",\"@id\":\"https:\/\/www.ull.es\/portal\/noticias\/#\/schema\/person\/b2b1a89d43ffa609e591f7df8ef3e817\",\"name\":\"gaprsa\",\"image\":{\"@type\":\"ImageObject\",\"inLanguage\":\"es\",\"@id\":\"https:\/\/www.ull.es\/portal\/noticias\/#\/schema\/person\/image\/\",\"url\":\"https:\/\/secure.gravatar.com\/avatar\/443820550921091458b4823867723b3d?s=96&d=mm&r=g\",\"contentUrl\":\"https:\/\/secure.gravatar.com\/avatar\/443820550921091458b4823867723b3d?s=96&d=mm&r=g\",\"caption\":\"gaprsa\"},\"url\":\"https:\/\/www.ull.es\/portal\/noticias\/author\/gaprsa\/\"}]}<\/script>\n<!-- \/ Yoast SEO plugin. -->","yoast_head_json":{"title":"Comienza la construcci\u00f3n del polo cient\u00edfico y tecnol\u00f3gico del Hogar Gomero - ULL - Noticias","robots":{"index":"index","follow":"follow","max-snippet":"max-snippet:-1","max-image-preview":"max-image-preview:large","max-video-preview":"max-video-preview:-1"},"canonical":"https:\/\/www.ull.es\/portal\/noticias\/2016\/comienza-la-construccion-del-polo-cientifico-y-tecnologico-del-hogar-gomero\/","og_locale":"es_ES","og_type":"article","og_title":"Comienza la construcci\u00f3n del polo cient\u00edfico y tecnol\u00f3gico del Hogar Gomero - ULL - Noticias","og_description":"El Cabildo ha iniciado la construcci\u00f3n del nuevo enclave del\u00a0 Parque Cient\u00edfico y Tecnol\u00f3gico de Tenerife (PCTT) que estar\u00e1 ubicado...","og_url":"https:\/\/www.ull.es\/portal\/noticias\/2016\/comienza-la-construccion-del-polo-cientifico-y-tecnologico-del-hogar-gomero\/","og_site_name":"ULL - Noticias","article_publisher":"https:\/\/www.facebook.com\/universidaddelalaguna\/","article_published_time":"2016-07-06T10:14:35+00:00","og_image":[{"width":935,"height":623,"url":"https:\/\/www.ull.es\/portal\/noticias\/wp-content\/uploads\/sites\/13\/2016\/07\/Hogar-Gomero-1.jpg","type":"image\/jpeg"}],"author":"gaprsa","twitter_card":"summary_large_image","twitter_creator":"@CanalULL","twitter_site":"@CanalULL","twitter_misc":{"Escrito por":"gaprsa","Tiempo de lectura":"8 minutos"},"schema":{"@context":"https:\/\/schema.org","@graph":[{"@type":"WebPage","@id":"https:\/\/www.ull.es\/portal\/noticias\/2016\/comienza-la-construccion-del-polo-cientifico-y-tecnologico-del-hogar-gomero\/","url":"https:\/\/www.ull.es\/portal\/noticias\/2016\/comienza-la-construccion-del-polo-cientifico-y-tecnologico-del-hogar-gomero\/","name":"Comienza la construcci\u00f3n del polo cient\u00edfico y tecnol\u00f3gico del Hogar Gomero - ULL - Noticias","isPartOf":{"@id":"https:\/\/www.ull.es\/portal\/noticias\/#website"},"datePublished":"2016-07-06T10:14:35+00:00","dateModified":"2016-07-06T10:14:35+00:00","author":{"@id":"https:\/\/www.ull.es\/portal\/noticias\/#\/schema\/person\/b2b1a89d43ffa609e591f7df8ef3e817"},"breadcrumb":{"@id":"https:\/\/www.ull.es\/portal\/noticias\/2016\/comienza-la-construccion-del-polo-cientifico-y-tecnologico-del-hogar-gomero\/#breadcrumb"},"inLanguage":"es","potentialAction":[{"@type":"ReadAction","target":["https:\/\/www.ull.es\/portal\/noticias\/2016\/comienza-la-construccion-del-polo-cientifico-y-tecnologico-del-hogar-gomero\/"]}]},{"@type":"BreadcrumbList","@id":"https:\/\/www.ull.es\/portal\/noticias\/2016\/comienza-la-construccion-del-polo-cientifico-y-tecnologico-del-hogar-gomero\/#breadcrumb","itemListElement":[{"@type":"ListItem","position":1,"name":"Portada","item":"https:\/\/www.ull.es\/portal\/noticias\/"},{"@type":"ListItem","position":2,"name":"Comienza la construcci\u00f3n del polo cient\u00edfico y tecnol\u00f3gico del Hogar Gomero"}]},{"@type":"WebSite","@id":"https:\/\/www.ull.es\/portal\/noticias\/#website","url":"https:\/\/www.ull.es\/portal\/noticias\/","name":"ULL - Noticias","description":"","potentialAction":[{"@type":"SearchAction","target":{"@type":"EntryPoint","urlTemplate":"https:\/\/www.ull.es\/portal\/noticias\/?s={search_term_string}"},"query-input":"required name=search_term_string"}],"inLanguage":"es"},{"@type":"Person","@id":"https:\/\/www.ull.es\/portal\/noticias\/#\/schema\/person\/b2b1a89d43ffa609e591f7df8ef3e817","name":"gaprsa","image":{"@type":"ImageObject","inLanguage":"es","@id":"https:\/\/www.ull.es\/portal\/noticias\/#\/schema\/person\/image\/","url":"https:\/\/secure.gravatar.com\/avatar\/443820550921091458b4823867723b3d?s=96&d=mm&r=g","contentUrl":"https:\/\/secure.gravatar.com\/avatar\/443820550921091458b4823867723b3d?s=96&d=mm&r=g","caption":"gaprsa"},"url":"https:\/\/www.ull.es\/portal\/noticias\/author\/gaprsa\/"}]}},"primary_category":null,"featured_image_thumbnail_url":"https:\/\/www.ull.es\/portal\/noticias\/wp-content\/uploads\/sites\/13\/2016\/07\/Hogar-Gomero-1-300x200.jpg","_links":{"self":[{"href":"https:\/\/www.ull.es\/portal\/noticias\/wp-json\/wp\/v2\/posts\/28201"}],"collection":[{"href":"https:\/\/www.ull.es\/portal\/noticias\/wp-json\/wp\/v2\/posts"}],"about":[{"href":"https:\/\/www.ull.es\/portal\/noticias\/wp-json\/wp\/v2\/types\/post"}],"author":[{"embeddable":true,"href":"https:\/\/www.ull.es\/portal\/noticias\/wp-json\/wp\/v2\/users\/23"}],"replies":[{"embeddable":true,"href":"https:\/\/www.ull.es\/portal\/noticias\/wp-json\/wp\/v2\/comments?post=28201"}],"version-history":[{"count":0,"href":"https:\/\/www.ull.es\/portal\/noticias\/wp-json\/wp\/v2\/posts\/28201\/revisions"}],"wp:featuredmedia":[{"embeddable":true,"href":"https:\/\/www.ull.es\/portal\/noticias\/wp-json\/wp\/v2\/media\/28202"}],"wp:attachment":[{"href":"https:\/\/www.ull.es\/portal\/noticias\/wp-json\/wp\/v2\/media?parent=28201"}],"wp:term":[{"taxonomy":"category","embeddable":true,"href":"https:\/\/www.ull.es\/portal\/noticias\/wp-json\/wp\/v2\/categories?post=28201"},{"taxonomy":"post_tag","embeddable":true,"href":"https:\/\/www.ull.es\/portal\/noticias\/wp-json\/wp\/v2\/tags?post=28201"}],"curies":[{"name":"wp","href":"https:\/\/api.w.org\/{rel}","templated":true}]}}