{"id":28269,"date":"2016-07-13T13:14:26","date_gmt":"2016-07-13T13:14:26","guid":{"rendered":"http:\/\/ddigital.webs.ull.es\/?p=28269"},"modified":"2016-07-13T13:14:26","modified_gmt":"2016-07-13T13:14:26","slug":"la-ull-vuelve-a-participar-en-la-tlp-tenerife-con-un-stand-que-albergara-actividades-ludicas-y-divulgativas","status":"publish","type":"post","link":"https:\/\/www.ull.es\/portal\/noticias\/2016\/la-ull-vuelve-a-participar-en-la-tlp-tenerife-con-un-stand-que-albergara-actividades-ludicas-y-divulgativas\/","title":{"rendered":"La ULL vuelve a participar en la TLP Tenerife con un stand que albergar\u00e1 actividades l\u00fadicas y divulgativas"},"content":{"rendered":"<p>Ya es tradici\u00f3n que la Universidad de La Laguna participe en la TLP Tenerife con un stand que permanecer\u00e1 abierto todos los d\u00edas que dure este evento tecnol\u00f3gico, hasta el pr\u00f3ximo domingo 17 de julio. En \u00e9l se albergar\u00e1 una variada programaci\u00f3n de actividades l\u00fadicas y otras divulgativas sobre algunas iniciativas cient\u00edficas relacionadas con el mundo de la tecnolog\u00eda que se est\u00e1n llevando a cabo en la instituci\u00f3n acad\u00e9mica.<\/p>\n<p>La <a href=\"http:\/\/tlp.ull.es\/\" target=\"_blank\" target=\"_blank\" rel=\"noopener\">programaci\u00f3n completa<\/a> del stand universitario est\u00e1 disponible en una web espec\u00edfica sobre el evento. Adem\u00e1s, se ha habilitado una <a href=\"https:\/\/www.facebook.com\/ULLenTLP\/\" target=\"_blank\" target=\"_blank\" rel=\"noopener\">p\u00e1gina de Facebook<\/a> en la cual se ofrecer\u00e1 una informaci\u00f3n m\u00e1s actualizada y una mayor interacci\u00f3n con los usuarios. En este perfil de la red social se ha abierto un sorteo entre todas aquellas personas que hagan click en el icono \u201cMe gusta\u201d, cuyo premio ser\u00e1 una camiseta oficial de ULL en TLP.<\/p>\n<p>Las actividades est\u00e1n organizadas en dos turnos diarios: el de ma\u00f1ana, que ser\u00e1 desde las 10:00 hasta las 14:00 horas, y el de la tarde, que ser\u00e1 desde las 16:00 hasta las 20:00 horas. Entre otras, abarcan un taller de WordPress para redactores noveles, un curso de subtitulado de videos con software libre, un concurso del juego Guitar Hero y otro denominado \u201c\u00bfQu\u00e9 sabes de Series de TV?\u201d, y una sesi\u00f3n de m\u00fasica electr\u00f3nica.<\/p>\n<p>En el plano m\u00e1s divulgativo, habr\u00e1 presentaciones de proyectos como Cryptull sobre seguridad de dispositivos m\u00f3viles, arte y software libre, dise\u00f1o y desarrollo de videojuegos en la ULPGC, simulador de redes neuronales y movimiento, y pensamiento computacional: herramientas y aplicaciones.<\/p>\n<p>La presencia de la instituci\u00f3n acad\u00e9mica en esta feria tecnol\u00f3gica ha sido coordinada por la Oficina de Software Libre (OSL) y ha contado con la implicaci\u00f3n y colaboraci\u00f3n de otras unidades universitarias: el Servicio de Tecnolog\u00edas de la Informaci\u00f3n y las Comunicaciones (STIC), la Unidad para la Docencia Virtual (UDV), la iniciativa ULL Solidaria, el Servicio de Informaci\u00f3n y Orientaci\u00f3n (SIO), la Fundaci\u00f3n General de la ULL; la Escuela Superior de Ingenier\u00eda y Tecnolog\u00eda; el Servicio de Apoyo Inform\u00e1tico a la Investigaci\u00f3n (SAII) y los vicerrectorados de Investigaci\u00f3n, de Docencia, de Relaciones con la Sociedad, de Tecnolog\u00edas de la Informaci\u00f3n y Servicios Universitarios, y de Estudiantes.<\/p>\n","protected":false},"excerpt":{"rendered":"<p>Ya es tradici\u00f3n que la Universidad de La Laguna participe en la TLP Tenerife con un stand que permanecer\u00e1 abierto&#8230;<\/p>\n","protected":false},"author":23,"featured_media":28270,"comment_status":"open","ping_status":"open","sticky":false,"template":"","format":"gallery","meta":{"inline_featured_image":false,"footnotes":""},"categories":[345,348,1],"tags":[1166,1331,2001,2027,2378,2382,2389,2406,2430,2493,2494,2523,2527,2533,2548,2560,2609,2610,2614,2617],"acf":[],"yoast_head":"<!-- This site is optimized with the Yoast SEO plugin v21.3 - https:\/\/yoast.com\/wordpress\/plugins\/seo\/ -->\n<title>La ULL vuelve a participar en la TLP Tenerife con un stand que albergar\u00e1 actividades l\u00fadicas y divulgativas - ULL - Noticias<\/title>\n<meta name=\"robots\" content=\"index, follow, max-snippet:-1, max-image-preview:large, max-video-preview:-1\" \/>\n<link rel=\"canonical\" href=\"https:\/\/www.ull.es\/portal\/noticias\/2016\/la-ull-vuelve-a-participar-en-la-tlp-tenerife-con-un-stand-que-albergara-actividades-ludicas-y-divulgativas\/\" \/>\n<meta property=\"og:locale\" content=\"es_ES\" \/>\n<meta property=\"og:type\" content=\"article\" \/>\n<meta property=\"og:title\" content=\"La ULL vuelve a participar en la TLP Tenerife con un stand que albergar\u00e1 actividades l\u00fadicas y divulgativas - ULL - Noticias\" \/>\n<meta property=\"og:description\" content=\"Ya es tradici\u00f3n que la Universidad de La Laguna participe en la TLP Tenerife con un stand que permanecer\u00e1 abierto...\" \/>\n<meta property=\"og:url\" content=\"https:\/\/www.ull.es\/portal\/noticias\/2016\/la-ull-vuelve-a-participar-en-la-tlp-tenerife-con-un-stand-que-albergara-actividades-ludicas-y-divulgativas\/\" \/>\n<meta property=\"og:site_name\" content=\"ULL - Noticias\" \/>\n<meta property=\"article:publisher\" content=\"https:\/\/www.facebook.com\/universidaddelalaguna\/\" \/>\n<meta property=\"article:published_time\" content=\"2016-07-13T13:14:26+00:00\" \/>\n<meta property=\"og:image\" content=\"https:\/\/www.ull.es\/portal\/noticias\/wp-content\/uploads\/sites\/13\/2016\/07\/stand-ull-tlp-2016-3.jpg\" \/>\n\t<meta property=\"og:image:width\" content=\"1034\" \/>\n\t<meta property=\"og:image:height\" content=\"708\" \/>\n\t<meta property=\"og:image:type\" content=\"image\/jpeg\" \/>\n<meta name=\"author\" content=\"gaprsa\" \/>\n<meta name=\"twitter:card\" content=\"summary_large_image\" \/>\n<meta name=\"twitter:creator\" content=\"@CanalULL\" \/>\n<meta name=\"twitter:site\" content=\"@CanalULL\" \/>\n<meta name=\"twitter:label1\" content=\"Escrito por\" \/>\n\t<meta name=\"twitter:data1\" content=\"gaprsa\" \/>\n\t<meta name=\"twitter:label2\" content=\"Tiempo de lectura\" \/>\n\t<meta name=\"twitter:data2\" content=\"2 minutos\" \/>\n<script type=\"application\/ld+json\" class=\"yoast-schema-graph\">{\"@context\":\"https:\/\/schema.org\",\"@graph\":[{\"@type\":\"WebPage\",\"@id\":\"https:\/\/www.ull.es\/portal\/noticias\/2016\/la-ull-vuelve-a-participar-en-la-tlp-tenerife-con-un-stand-que-albergara-actividades-ludicas-y-divulgativas\/\",\"url\":\"https:\/\/www.ull.es\/portal\/noticias\/2016\/la-ull-vuelve-a-participar-en-la-tlp-tenerife-con-un-stand-que-albergara-actividades-ludicas-y-divulgativas\/\",\"name\":\"La ULL vuelve a participar en la TLP Tenerife con un stand que albergar\u00e1 actividades l\u00fadicas y divulgativas - ULL - Noticias\",\"isPartOf\":{\"@id\":\"https:\/\/www.ull.es\/portal\/noticias\/#website\"},\"datePublished\":\"2016-07-13T13:14:26+00:00\",\"dateModified\":\"2016-07-13T13:14:26+00:00\",\"author\":{\"@id\":\"https:\/\/www.ull.es\/portal\/noticias\/#\/schema\/person\/b2b1a89d43ffa609e591f7df8ef3e817\"},\"breadcrumb\":{\"@id\":\"https:\/\/www.ull.es\/portal\/noticias\/2016\/la-ull-vuelve-a-participar-en-la-tlp-tenerife-con-un-stand-que-albergara-actividades-ludicas-y-divulgativas\/#breadcrumb\"},\"inLanguage\":\"es\",\"potentialAction\":[{\"@type\":\"ReadAction\",\"target\":[\"https:\/\/www.ull.es\/portal\/noticias\/2016\/la-ull-vuelve-a-participar-en-la-tlp-tenerife-con-un-stand-que-albergara-actividades-ludicas-y-divulgativas\/\"]}]},{\"@type\":\"BreadcrumbList\",\"@id\":\"https:\/\/www.ull.es\/portal\/noticias\/2016\/la-ull-vuelve-a-participar-en-la-tlp-tenerife-con-un-stand-que-albergara-actividades-ludicas-y-divulgativas\/#breadcrumb\",\"itemListElement\":[{\"@type\":\"ListItem\",\"position\":1,\"name\":\"Portada\",\"item\":\"https:\/\/www.ull.es\/portal\/noticias\/\"},{\"@type\":\"ListItem\",\"position\":2,\"name\":\"La ULL vuelve a participar en la TLP Tenerife con un stand que albergar\u00e1 actividades l\u00fadicas y divulgativas\"}]},{\"@type\":\"WebSite\",\"@id\":\"https:\/\/www.ull.es\/portal\/noticias\/#website\",\"url\":\"https:\/\/www.ull.es\/portal\/noticias\/\",\"name\":\"ULL - Noticias\",\"description\":\"\",\"potentialAction\":[{\"@type\":\"SearchAction\",\"target\":{\"@type\":\"EntryPoint\",\"urlTemplate\":\"https:\/\/www.ull.es\/portal\/noticias\/?s={search_term_string}\"},\"query-input\":\"required name=search_term_string\"}],\"inLanguage\":\"es\"},{\"@type\":\"Person\",\"@id\":\"https:\/\/www.ull.es\/portal\/noticias\/#\/schema\/person\/b2b1a89d43ffa609e591f7df8ef3e817\",\"name\":\"gaprsa\",\"image\":{\"@type\":\"ImageObject\",\"inLanguage\":\"es\",\"@id\":\"https:\/\/www.ull.es\/portal\/noticias\/#\/schema\/person\/image\/\",\"url\":\"https:\/\/secure.gravatar.com\/avatar\/443820550921091458b4823867723b3d?s=96&d=mm&r=g\",\"contentUrl\":\"https:\/\/secure.gravatar.com\/avatar\/443820550921091458b4823867723b3d?s=96&d=mm&r=g\",\"caption\":\"gaprsa\"},\"url\":\"https:\/\/www.ull.es\/portal\/noticias\/author\/gaprsa\/\"}]}<\/script>\n<!-- \/ Yoast SEO plugin. -->","yoast_head_json":{"title":"La ULL vuelve a participar en la TLP Tenerife con un stand que albergar\u00e1 actividades l\u00fadicas y divulgativas - ULL - Noticias","robots":{"index":"index","follow":"follow","max-snippet":"max-snippet:-1","max-image-preview":"max-image-preview:large","max-video-preview":"max-video-preview:-1"},"canonical":"https:\/\/www.ull.es\/portal\/noticias\/2016\/la-ull-vuelve-a-participar-en-la-tlp-tenerife-con-un-stand-que-albergara-actividades-ludicas-y-divulgativas\/","og_locale":"es_ES","og_type":"article","og_title":"La ULL vuelve a participar en la TLP Tenerife con un stand que albergar\u00e1 actividades l\u00fadicas y divulgativas - ULL - Noticias","og_description":"Ya es tradici\u00f3n que la Universidad de La Laguna participe en la TLP Tenerife con un stand que permanecer\u00e1 abierto...","og_url":"https:\/\/www.ull.es\/portal\/noticias\/2016\/la-ull-vuelve-a-participar-en-la-tlp-tenerife-con-un-stand-que-albergara-actividades-ludicas-y-divulgativas\/","og_site_name":"ULL - Noticias","article_publisher":"https:\/\/www.facebook.com\/universidaddelalaguna\/","article_published_time":"2016-07-13T13:14:26+00:00","og_image":[{"width":1034,"height":708,"url":"https:\/\/www.ull.es\/portal\/noticias\/wp-content\/uploads\/sites\/13\/2016\/07\/stand-ull-tlp-2016-3.jpg","type":"image\/jpeg"}],"author":"gaprsa","twitter_card":"summary_large_image","twitter_creator":"@CanalULL","twitter_site":"@CanalULL","twitter_misc":{"Escrito por":"gaprsa","Tiempo de lectura":"2 minutos"},"schema":{"@context":"https:\/\/schema.org","@graph":[{"@type":"WebPage","@id":"https:\/\/www.ull.es\/portal\/noticias\/2016\/la-ull-vuelve-a-participar-en-la-tlp-tenerife-con-un-stand-que-albergara-actividades-ludicas-y-divulgativas\/","url":"https:\/\/www.ull.es\/portal\/noticias\/2016\/la-ull-vuelve-a-participar-en-la-tlp-tenerife-con-un-stand-que-albergara-actividades-ludicas-y-divulgativas\/","name":"La ULL vuelve a participar en la TLP Tenerife con un stand que albergar\u00e1 actividades l\u00fadicas y divulgativas - ULL - Noticias","isPartOf":{"@id":"https:\/\/www.ull.es\/portal\/noticias\/#website"},"datePublished":"2016-07-13T13:14:26+00:00","dateModified":"2016-07-13T13:14:26+00:00","author":{"@id":"https:\/\/www.ull.es\/portal\/noticias\/#\/schema\/person\/b2b1a89d43ffa609e591f7df8ef3e817"},"breadcrumb":{"@id":"https:\/\/www.ull.es\/portal\/noticias\/2016\/la-ull-vuelve-a-participar-en-la-tlp-tenerife-con-un-stand-que-albergara-actividades-ludicas-y-divulgativas\/#breadcrumb"},"inLanguage":"es","potentialAction":[{"@type":"ReadAction","target":["https:\/\/www.ull.es\/portal\/noticias\/2016\/la-ull-vuelve-a-participar-en-la-tlp-tenerife-con-un-stand-que-albergara-actividades-ludicas-y-divulgativas\/"]}]},{"@type":"BreadcrumbList","@id":"https:\/\/www.ull.es\/portal\/noticias\/2016\/la-ull-vuelve-a-participar-en-la-tlp-tenerife-con-un-stand-que-albergara-actividades-ludicas-y-divulgativas\/#breadcrumb","itemListElement":[{"@type":"ListItem","position":1,"name":"Portada","item":"https:\/\/www.ull.es\/portal\/noticias\/"},{"@type":"ListItem","position":2,"name":"La ULL vuelve a participar en la TLP Tenerife con un stand que albergar\u00e1 actividades l\u00fadicas y divulgativas"}]},{"@type":"WebSite","@id":"https:\/\/www.ull.es\/portal\/noticias\/#website","url":"https:\/\/www.ull.es\/portal\/noticias\/","name":"ULL - Noticias","description":"","potentialAction":[{"@type":"SearchAction","target":{"@type":"EntryPoint","urlTemplate":"https:\/\/www.ull.es\/portal\/noticias\/?s={search_term_string}"},"query-input":"required name=search_term_string"}],"inLanguage":"es"},{"@type":"Person","@id":"https:\/\/www.ull.es\/portal\/noticias\/#\/schema\/person\/b2b1a89d43ffa609e591f7df8ef3e817","name":"gaprsa","image":{"@type":"ImageObject","inLanguage":"es","@id":"https:\/\/www.ull.es\/portal\/noticias\/#\/schema\/person\/image\/","url":"https:\/\/secure.gravatar.com\/avatar\/443820550921091458b4823867723b3d?s=96&d=mm&r=g","contentUrl":"https:\/\/secure.gravatar.com\/avatar\/443820550921091458b4823867723b3d?s=96&d=mm&r=g","caption":"gaprsa"},"url":"https:\/\/www.ull.es\/portal\/noticias\/author\/gaprsa\/"}]}},"primary_category":null,"featured_image_thumbnail_url":"https:\/\/www.ull.es\/portal\/noticias\/wp-content\/uploads\/sites\/13\/2016\/07\/stand-ull-tlp-2016-3-300x205.jpg","_links":{"self":[{"href":"https:\/\/www.ull.es\/portal\/noticias\/wp-json\/wp\/v2\/posts\/28269"}],"collection":[{"href":"https:\/\/www.ull.es\/portal\/noticias\/wp-json\/wp\/v2\/posts"}],"about":[{"href":"https:\/\/www.ull.es\/portal\/noticias\/wp-json\/wp\/v2\/types\/post"}],"author":[{"embeddable":true,"href":"https:\/\/www.ull.es\/portal\/noticias\/wp-json\/wp\/v2\/users\/23"}],"replies":[{"embeddable":true,"href":"https:\/\/www.ull.es\/portal\/noticias\/wp-json\/wp\/v2\/comments?post=28269"}],"version-history":[{"count":0,"href":"https:\/\/www.ull.es\/portal\/noticias\/wp-json\/wp\/v2\/posts\/28269\/revisions"}],"wp:featuredmedia":[{"embeddable":true,"href":"https:\/\/www.ull.es\/portal\/noticias\/wp-json\/wp\/v2\/media\/28270"}],"wp:attachment":[{"href":"https:\/\/www.ull.es\/portal\/noticias\/wp-json\/wp\/v2\/media?parent=28269"}],"wp:term":[{"taxonomy":"category","embeddable":true,"href":"https:\/\/www.ull.es\/portal\/noticias\/wp-json\/wp\/v2\/categories?post=28269"},{"taxonomy":"post_tag","embeddable":true,"href":"https:\/\/www.ull.es\/portal\/noticias\/wp-json\/wp\/v2\/tags?post=28269"}],"curies":[{"name":"wp","href":"https:\/\/api.w.org\/{rel}","templated":true}]}}