{"id":28419,"date":"2016-08-02T10:18:58","date_gmt":"2016-08-02T10:18:58","guid":{"rendered":"http:\/\/ddigital.webs.ull.es\/?p=28419"},"modified":"2016-08-02T10:18:58","modified_gmt":"2016-08-02T10:18:58","slug":"arona-y-la-ull-firman-un-convenio-para-fomentar-los-cursos-de-extension-universitaria-en-el-municipio","status":"publish","type":"post","link":"https:\/\/www.ull.es\/portal\/noticias\/2016\/arona-y-la-ull-firman-un-convenio-para-fomentar-los-cursos-de-extension-universitaria-en-el-municipio\/","title":{"rendered":"Arona y la ULL firman un convenio para fomentar los cursos de extensi\u00f3n universitaria en el municipio"},"content":{"rendered":"<p>El alcalde de Arona, Jos\u00e9 Juli\u00e1n Mena, y el rector de la Universidad de La Laguna, Antonio Martin\u00f3n, han firmado recientemente el convenio de colaboraci\u00f3n entre ambas instituciones para fomentar las actividades de extensi\u00f3n universitaria en el municipio, con una amplia oferta cultural y formativa. Durante este a\u00f1o, se ha retomado esta formaci\u00f3n en Arona con cinco cursos, reconocidos como cr\u00e9ditos de libre elecci\u00f3n (ECTS), y que incluyen materias como la promoci\u00f3n y el dise\u00f1o en el sector tur\u00edstico, mejora de la competitividad comercial y m\u00e1rquetin, o la proyecci\u00f3n del patrimonio cultural y natural.<\/p>\n<p>El convenio marco supone un compromiso para la realizaci\u00f3n de actividades de car\u00e1cter cultural y cursos de formaci\u00f3n permanente, de perfeccionamiento o de especializaci\u00f3n. Adem\u00e1s, supondr\u00e1 el desarrollo de un proyecto conjunto y un programa de actividades de extensi\u00f3n universitaria en el municipio.<\/p>\n<p>Esta oferta cultural y formativa se dise\u00f1ar\u00e1 anualmente por las entidades implicadas y se desarrollar\u00e1, preferentemente, en los periodos comprendidos entre los meses de enero a junio y de septiembre a diciembre de cada a\u00f1o. El Ayuntamiento consignar\u00e1 en los presupuestos anuales las partidas econ\u00f3micas necesarias para la realizaci\u00f3n de las diferentes actividades que se programen, hasta un m\u00e1ximo de 20.000 euros por ejercicio econ\u00f3mico.<\/p>\n<p>El Ayuntamiento de Arona se ha sumado este a\u00f1o a la oferta formativa de extensi\u00f3n universitaria de la ULL con cinco acciones en marcha para 2016. Ya se han desarrollado los cursos de Mejora de la competitividad comercial, marketing y gesti\u00f3n empresarial, y de Gesti\u00f3n del dise\u00f1o para el sector tur\u00edstico, ambos impartidos en el Centro Cultural de Los Cristianos.<\/p>\n<p>En octubre y noviembre tendr\u00e1n lugar los de Marketing digital: los medios no convencionales aplicados a la promoci\u00f3n tur\u00edstica; Envejecimiento y bienestar psicol\u00f3gico: mitos y realidades, y el de Interpretaci\u00f3n e identificaci\u00f3n del patrimonio natural y cultural del municipio, todos de tres d\u00edas de duraci\u00f3n.<\/p>\n<p>(Nota y foto cedidas por el Ayuntamiento de Arona)<\/p>\n","protected":false},"excerpt":{"rendered":"<p>El alcalde de Arona, Jos\u00e9 Juli\u00e1n Mena, y el rector de la Universidad de La Laguna, Antonio Martin\u00f3n, han firmado&#8230;<\/p>\n","protected":false},"author":23,"featured_media":28420,"comment_status":"open","ping_status":"open","sticky":false,"template":"","format":"standard","meta":{"inline_featured_image":false,"footnotes":""},"categories":[345,346,1],"tags":[517,538,959,1208,1639,2527,2560],"acf":[],"yoast_head":"<!-- This site is optimized with the Yoast SEO plugin v21.3 - https:\/\/yoast.com\/wordpress\/plugins\/seo\/ -->\n<title>Arona y la ULL firman un convenio para fomentar los cursos de extensi\u00f3n universitaria en el municipio - ULL - Noticias<\/title>\n<meta name=\"robots\" content=\"index, follow, max-snippet:-1, max-image-preview:large, max-video-preview:-1\" \/>\n<link rel=\"canonical\" href=\"https:\/\/www.ull.es\/portal\/noticias\/2016\/arona-y-la-ull-firman-un-convenio-para-fomentar-los-cursos-de-extension-universitaria-en-el-municipio\/\" \/>\n<meta property=\"og:locale\" content=\"es_ES\" \/>\n<meta property=\"og:type\" content=\"article\" \/>\n<meta property=\"og:title\" content=\"Arona y la ULL firman un convenio para fomentar los cursos de extensi\u00f3n universitaria en el municipio - ULL - Noticias\" \/>\n<meta property=\"og:description\" content=\"El alcalde de Arona, Jos\u00e9 Juli\u00e1n Mena, y el rector de la Universidad de La Laguna, Antonio Martin\u00f3n, han firmado...\" \/>\n<meta property=\"og:url\" content=\"https:\/\/www.ull.es\/portal\/noticias\/2016\/arona-y-la-ull-firman-un-convenio-para-fomentar-los-cursos-de-extension-universitaria-en-el-municipio\/\" \/>\n<meta property=\"og:site_name\" content=\"ULL - Noticias\" \/>\n<meta property=\"article:publisher\" content=\"https:\/\/www.facebook.com\/universidaddelalaguna\/\" \/>\n<meta property=\"article:published_time\" content=\"2016-08-02T10:18:58+00:00\" \/>\n<meta property=\"og:image\" content=\"https:\/\/www.ull.es\/portal\/noticias\/wp-content\/uploads\/sites\/13\/2016\/08\/convenio-arona.jpg\" \/>\n\t<meta property=\"og:image:width\" content=\"1024\" \/>\n\t<meta property=\"og:image:height\" content=\"671\" \/>\n\t<meta property=\"og:image:type\" content=\"image\/jpeg\" \/>\n<meta name=\"author\" content=\"gaprsa\" \/>\n<meta name=\"twitter:card\" content=\"summary_large_image\" \/>\n<meta name=\"twitter:creator\" content=\"@CanalULL\" \/>\n<meta name=\"twitter:site\" content=\"@CanalULL\" \/>\n<meta name=\"twitter:label1\" content=\"Escrito por\" \/>\n\t<meta name=\"twitter:data1\" content=\"gaprsa\" \/>\n\t<meta name=\"twitter:label2\" content=\"Tiempo de lectura\" \/>\n\t<meta name=\"twitter:data2\" content=\"2 minutos\" \/>\n<script type=\"application\/ld+json\" class=\"yoast-schema-graph\">{\"@context\":\"https:\/\/schema.org\",\"@graph\":[{\"@type\":\"WebPage\",\"@id\":\"https:\/\/www.ull.es\/portal\/noticias\/2016\/arona-y-la-ull-firman-un-convenio-para-fomentar-los-cursos-de-extension-universitaria-en-el-municipio\/\",\"url\":\"https:\/\/www.ull.es\/portal\/noticias\/2016\/arona-y-la-ull-firman-un-convenio-para-fomentar-los-cursos-de-extension-universitaria-en-el-municipio\/\",\"name\":\"Arona y la ULL firman un convenio para fomentar los cursos de extensi\u00f3n universitaria en el municipio - ULL - Noticias\",\"isPartOf\":{\"@id\":\"https:\/\/www.ull.es\/portal\/noticias\/#website\"},\"datePublished\":\"2016-08-02T10:18:58+00:00\",\"dateModified\":\"2016-08-02T10:18:58+00:00\",\"author\":{\"@id\":\"https:\/\/www.ull.es\/portal\/noticias\/#\/schema\/person\/b2b1a89d43ffa609e591f7df8ef3e817\"},\"breadcrumb\":{\"@id\":\"https:\/\/www.ull.es\/portal\/noticias\/2016\/arona-y-la-ull-firman-un-convenio-para-fomentar-los-cursos-de-extension-universitaria-en-el-municipio\/#breadcrumb\"},\"inLanguage\":\"es\",\"potentialAction\":[{\"@type\":\"ReadAction\",\"target\":[\"https:\/\/www.ull.es\/portal\/noticias\/2016\/arona-y-la-ull-firman-un-convenio-para-fomentar-los-cursos-de-extension-universitaria-en-el-municipio\/\"]}]},{\"@type\":\"BreadcrumbList\",\"@id\":\"https:\/\/www.ull.es\/portal\/noticias\/2016\/arona-y-la-ull-firman-un-convenio-para-fomentar-los-cursos-de-extension-universitaria-en-el-municipio\/#breadcrumb\",\"itemListElement\":[{\"@type\":\"ListItem\",\"position\":1,\"name\":\"Portada\",\"item\":\"https:\/\/www.ull.es\/portal\/noticias\/\"},{\"@type\":\"ListItem\",\"position\":2,\"name\":\"Arona y la ULL firman un convenio para fomentar los cursos de extensi\u00f3n universitaria en el municipio\"}]},{\"@type\":\"WebSite\",\"@id\":\"https:\/\/www.ull.es\/portal\/noticias\/#website\",\"url\":\"https:\/\/www.ull.es\/portal\/noticias\/\",\"name\":\"ULL - Noticias\",\"description\":\"\",\"potentialAction\":[{\"@type\":\"SearchAction\",\"target\":{\"@type\":\"EntryPoint\",\"urlTemplate\":\"https:\/\/www.ull.es\/portal\/noticias\/?s={search_term_string}\"},\"query-input\":\"required name=search_term_string\"}],\"inLanguage\":\"es\"},{\"@type\":\"Person\",\"@id\":\"https:\/\/www.ull.es\/portal\/noticias\/#\/schema\/person\/b2b1a89d43ffa609e591f7df8ef3e817\",\"name\":\"gaprsa\",\"image\":{\"@type\":\"ImageObject\",\"inLanguage\":\"es\",\"@id\":\"https:\/\/www.ull.es\/portal\/noticias\/#\/schema\/person\/image\/\",\"url\":\"https:\/\/secure.gravatar.com\/avatar\/443820550921091458b4823867723b3d?s=96&d=mm&r=g\",\"contentUrl\":\"https:\/\/secure.gravatar.com\/avatar\/443820550921091458b4823867723b3d?s=96&d=mm&r=g\",\"caption\":\"gaprsa\"},\"url\":\"https:\/\/www.ull.es\/portal\/noticias\/author\/gaprsa\/\"}]}<\/script>\n<!-- \/ Yoast SEO plugin. -->","yoast_head_json":{"title":"Arona y la ULL firman un convenio para fomentar los cursos de extensi\u00f3n universitaria en el municipio - ULL - Noticias","robots":{"index":"index","follow":"follow","max-snippet":"max-snippet:-1","max-image-preview":"max-image-preview:large","max-video-preview":"max-video-preview:-1"},"canonical":"https:\/\/www.ull.es\/portal\/noticias\/2016\/arona-y-la-ull-firman-un-convenio-para-fomentar-los-cursos-de-extension-universitaria-en-el-municipio\/","og_locale":"es_ES","og_type":"article","og_title":"Arona y la ULL firman un convenio para fomentar los cursos de extensi\u00f3n universitaria en el municipio - ULL - Noticias","og_description":"El alcalde de Arona, Jos\u00e9 Juli\u00e1n Mena, y el rector de la Universidad de La Laguna, Antonio Martin\u00f3n, han firmado...","og_url":"https:\/\/www.ull.es\/portal\/noticias\/2016\/arona-y-la-ull-firman-un-convenio-para-fomentar-los-cursos-de-extension-universitaria-en-el-municipio\/","og_site_name":"ULL - Noticias","article_publisher":"https:\/\/www.facebook.com\/universidaddelalaguna\/","article_published_time":"2016-08-02T10:18:58+00:00","og_image":[{"width":1024,"height":671,"url":"https:\/\/www.ull.es\/portal\/noticias\/wp-content\/uploads\/sites\/13\/2016\/08\/convenio-arona.jpg","type":"image\/jpeg"}],"author":"gaprsa","twitter_card":"summary_large_image","twitter_creator":"@CanalULL","twitter_site":"@CanalULL","twitter_misc":{"Escrito por":"gaprsa","Tiempo de lectura":"2 minutos"},"schema":{"@context":"https:\/\/schema.org","@graph":[{"@type":"WebPage","@id":"https:\/\/www.ull.es\/portal\/noticias\/2016\/arona-y-la-ull-firman-un-convenio-para-fomentar-los-cursos-de-extension-universitaria-en-el-municipio\/","url":"https:\/\/www.ull.es\/portal\/noticias\/2016\/arona-y-la-ull-firman-un-convenio-para-fomentar-los-cursos-de-extension-universitaria-en-el-municipio\/","name":"Arona y la ULL firman un convenio para fomentar los cursos de extensi\u00f3n universitaria en el municipio - ULL - Noticias","isPartOf":{"@id":"https:\/\/www.ull.es\/portal\/noticias\/#website"},"datePublished":"2016-08-02T10:18:58+00:00","dateModified":"2016-08-02T10:18:58+00:00","author":{"@id":"https:\/\/www.ull.es\/portal\/noticias\/#\/schema\/person\/b2b1a89d43ffa609e591f7df8ef3e817"},"breadcrumb":{"@id":"https:\/\/www.ull.es\/portal\/noticias\/2016\/arona-y-la-ull-firman-un-convenio-para-fomentar-los-cursos-de-extension-universitaria-en-el-municipio\/#breadcrumb"},"inLanguage":"es","potentialAction":[{"@type":"ReadAction","target":["https:\/\/www.ull.es\/portal\/noticias\/2016\/arona-y-la-ull-firman-un-convenio-para-fomentar-los-cursos-de-extension-universitaria-en-el-municipio\/"]}]},{"@type":"BreadcrumbList","@id":"https:\/\/www.ull.es\/portal\/noticias\/2016\/arona-y-la-ull-firman-un-convenio-para-fomentar-los-cursos-de-extension-universitaria-en-el-municipio\/#breadcrumb","itemListElement":[{"@type":"ListItem","position":1,"name":"Portada","item":"https:\/\/www.ull.es\/portal\/noticias\/"},{"@type":"ListItem","position":2,"name":"Arona y la ULL firman un convenio para fomentar los cursos de extensi\u00f3n universitaria en el municipio"}]},{"@type":"WebSite","@id":"https:\/\/www.ull.es\/portal\/noticias\/#website","url":"https:\/\/www.ull.es\/portal\/noticias\/","name":"ULL - Noticias","description":"","potentialAction":[{"@type":"SearchAction","target":{"@type":"EntryPoint","urlTemplate":"https:\/\/www.ull.es\/portal\/noticias\/?s={search_term_string}"},"query-input":"required name=search_term_string"}],"inLanguage":"es"},{"@type":"Person","@id":"https:\/\/www.ull.es\/portal\/noticias\/#\/schema\/person\/b2b1a89d43ffa609e591f7df8ef3e817","name":"gaprsa","image":{"@type":"ImageObject","inLanguage":"es","@id":"https:\/\/www.ull.es\/portal\/noticias\/#\/schema\/person\/image\/","url":"https:\/\/secure.gravatar.com\/avatar\/443820550921091458b4823867723b3d?s=96&d=mm&r=g","contentUrl":"https:\/\/secure.gravatar.com\/avatar\/443820550921091458b4823867723b3d?s=96&d=mm&r=g","caption":"gaprsa"},"url":"https:\/\/www.ull.es\/portal\/noticias\/author\/gaprsa\/"}]}},"primary_category":null,"featured_image_thumbnail_url":"https:\/\/www.ull.es\/portal\/noticias\/wp-content\/uploads\/sites\/13\/2016\/08\/convenio-arona-300x197.jpg","_links":{"self":[{"href":"https:\/\/www.ull.es\/portal\/noticias\/wp-json\/wp\/v2\/posts\/28419"}],"collection":[{"href":"https:\/\/www.ull.es\/portal\/noticias\/wp-json\/wp\/v2\/posts"}],"about":[{"href":"https:\/\/www.ull.es\/portal\/noticias\/wp-json\/wp\/v2\/types\/post"}],"author":[{"embeddable":true,"href":"https:\/\/www.ull.es\/portal\/noticias\/wp-json\/wp\/v2\/users\/23"}],"replies":[{"embeddable":true,"href":"https:\/\/www.ull.es\/portal\/noticias\/wp-json\/wp\/v2\/comments?post=28419"}],"version-history":[{"count":0,"href":"https:\/\/www.ull.es\/portal\/noticias\/wp-json\/wp\/v2\/posts\/28419\/revisions"}],"wp:featuredmedia":[{"embeddable":true,"href":"https:\/\/www.ull.es\/portal\/noticias\/wp-json\/wp\/v2\/media\/28420"}],"wp:attachment":[{"href":"https:\/\/www.ull.es\/portal\/noticias\/wp-json\/wp\/v2\/media?parent=28419"}],"wp:term":[{"taxonomy":"category","embeddable":true,"href":"https:\/\/www.ull.es\/portal\/noticias\/wp-json\/wp\/v2\/categories?post=28419"},{"taxonomy":"post_tag","embeddable":true,"href":"https:\/\/www.ull.es\/portal\/noticias\/wp-json\/wp\/v2\/tags?post=28419"}],"curies":[{"name":"wp","href":"https:\/\/api.w.org\/{rel}","templated":true}]}}