{"id":28446,"date":"2016-08-04T12:53:06","date_gmt":"2016-08-04T12:53:06","guid":{"rendered":"http:\/\/ddigital.webs.ull.es\/?p=28446"},"modified":"2016-08-04T12:53:06","modified_gmt":"2016-08-04T12:53:06","slug":"la-universidad-de-la-laguna-cerrara-sus-instalaciones-hasta-el-proximo-25-de-agosto","status":"publish","type":"post","link":"https:\/\/www.ull.es\/portal\/noticias\/2016\/la-universidad-de-la-laguna-cerrara-sus-instalaciones-hasta-el-proximo-25-de-agosto\/","title":{"rendered":"La Universidad de La Laguna cerrar\u00e1 sus instalaciones hasta el pr\u00f3ximo 25 de agosto"},"content":{"rendered":"<p>La Universidad de La Laguna cerrar\u00e1 sus instalaciones a partir de hoy, jueves 4 de agosto a las 21:00 horas, hasta el pr\u00f3ximo jueves, 25 de agosto a las 6:00. Esta medida forma parte del programa de acciones adoptado en los \u00faltimos a\u00f1os por la instituci\u00f3n acad\u00e9mica para controlar su gasto corriente, entre las que se cuenta una serie de periodos de inactividad en fechas concretas. Con ello se favorece el ahorro en gastos de agua, electricidad, seguridad y limpieza, entre otras partidas.<\/p>\n<p>El cierre afectar\u00e1 a todas las instalaciones y servicios de la instituci\u00f3n, salvo contadas excepciones en las que sea necesario mantener la actividad, como es el caso del servicio de Animalario, algunos laboratorios con ensayos en vivo, y tres salas de estudio que permanecer\u00e1n operativas las 24 horas del d\u00eda: la de los edificios de servicios al alumnado de los campus de Guajara y de Anchieta, y la de la secci\u00f3n de N\u00e1utica, M\u00e1quinas y Radioelectr\u00f3nica Naval.<\/p>\n<p>Aunque el registro presencial del centro acad\u00e9mico estar\u00e1 cerrado, la <a href=\"https:\/\/sede.ull.es\/\" target=\"_blank\" target=\"_blank\" rel=\"noopener\">Sede Electr\u00f3nica<\/a> institucional permanecer\u00e1 activa y seguir\u00e1 admitiendo peticiones de los usuarios durante los d\u00edas del cierre, si bien \u00e9stas no ser\u00e1n tramitadas hasta la reapertura del d\u00eda 25 de agosto. Como refuerzo a esta medida, la instituci\u00f3n acad\u00e9mica ha declarado inh\u00e1biles los d\u00edas comprendidos entre el 5 y el 24 de agosto.<\/p>\n<p>En cuanto al alojamiento universitario, permanecer\u00e1 cerrado hasta le 1 de septiembre salvo dos excepciones: el Colegio Mayor San Fernando abrir\u00e1 desde el 24 de julio al 9 de agosto y desde el 25 de agosto al 1 de septiembre, para prestar servicio al programa de intercambio del Personal de Administraci\u00f3n y Servicios; y la Residencia Universitaria Parque de Ias Islas permanecer\u00e1 abierta durante todo el periodo para acoger al alumnado autorizado por el Vicerrectorado de Estudiantes.<\/p>\n<p>Como ya ha ocurrido en anteriores ocasiones, la instituci\u00f3n ha habilitado el correo electr\u00f3nico <a href=\"mailto:cierre@ull.es\" target=\"_blank\" rel=\"noopener\">cierre@ull.es<\/a> para recibir preguntas y comunicar cualquier eventualidad sobre esta medida. Adem\u00e1s, en la portada de la p\u00e1gina web institucional se ha incorporado una secci\u00f3n con toda la informaci\u00f3n de inter\u00e9s acerca de este cierre de la ULL.<\/p>\n","protected":false},"excerpt":{"rendered":"<p>La Universidad de La Laguna cerrar\u00e1 sus instalaciones a partir de hoy, jueves 4 de agosto a las 21:00 horas,&#8230;<\/p>\n","protected":false},"author":23,"featured_media":28447,"comment_status":"open","ping_status":"open","sticky":false,"template":"","format":"standard","meta":{"inline_featured_image":false,"footnotes":""},"categories":[345,348,1],"tags":[822,823,2527,2560],"acf":[],"yoast_head":"<!-- This site is optimized with the Yoast SEO plugin v21.3 - https:\/\/yoast.com\/wordpress\/plugins\/seo\/ -->\n<title>La Universidad de La Laguna cerrar\u00e1 sus instalaciones hasta el pr\u00f3ximo 25 de agosto - ULL - Noticias<\/title>\n<meta name=\"robots\" content=\"index, follow, max-snippet:-1, max-image-preview:large, max-video-preview:-1\" \/>\n<link rel=\"canonical\" href=\"https:\/\/www.ull.es\/portal\/noticias\/2016\/la-universidad-de-la-laguna-cerrara-sus-instalaciones-hasta-el-proximo-25-de-agosto\/\" \/>\n<meta property=\"og:locale\" content=\"es_ES\" \/>\n<meta property=\"og:type\" content=\"article\" \/>\n<meta property=\"og:title\" content=\"La Universidad de La Laguna cerrar\u00e1 sus instalaciones hasta el pr\u00f3ximo 25 de agosto - ULL - Noticias\" \/>\n<meta property=\"og:description\" content=\"La Universidad de La Laguna cerrar\u00e1 sus instalaciones a partir de hoy, jueves 4 de agosto a las 21:00 horas,...\" \/>\n<meta property=\"og:url\" content=\"https:\/\/www.ull.es\/portal\/noticias\/2016\/la-universidad-de-la-laguna-cerrara-sus-instalaciones-hasta-el-proximo-25-de-agosto\/\" \/>\n<meta property=\"og:site_name\" content=\"ULL - Noticias\" \/>\n<meta property=\"article:publisher\" content=\"https:\/\/www.facebook.com\/universidaddelalaguna\/\" \/>\n<meta property=\"article:published_time\" content=\"2016-08-04T12:53:06+00:00\" \/>\n<meta property=\"og:image\" content=\"https:\/\/www.ull.es\/portal\/noticias\/wp-content\/uploads\/sites\/13\/2016\/08\/cierre-agosto-2016.jpg\" \/>\n\t<meta property=\"og:image:width\" content=\"635\" \/>\n\t<meta property=\"og:image:height\" content=\"190\" \/>\n\t<meta property=\"og:image:type\" content=\"image\/jpeg\" \/>\n<meta name=\"author\" content=\"gaprsa\" \/>\n<meta name=\"twitter:card\" content=\"summary_large_image\" \/>\n<meta name=\"twitter:creator\" content=\"@CanalULL\" \/>\n<meta name=\"twitter:site\" content=\"@CanalULL\" \/>\n<meta name=\"twitter:label1\" content=\"Escrito por\" \/>\n\t<meta name=\"twitter:data1\" content=\"gaprsa\" \/>\n\t<meta name=\"twitter:label2\" content=\"Tiempo de lectura\" \/>\n\t<meta name=\"twitter:data2\" content=\"2 minutos\" \/>\n<script type=\"application\/ld+json\" class=\"yoast-schema-graph\">{\"@context\":\"https:\/\/schema.org\",\"@graph\":[{\"@type\":\"WebPage\",\"@id\":\"https:\/\/www.ull.es\/portal\/noticias\/2016\/la-universidad-de-la-laguna-cerrara-sus-instalaciones-hasta-el-proximo-25-de-agosto\/\",\"url\":\"https:\/\/www.ull.es\/portal\/noticias\/2016\/la-universidad-de-la-laguna-cerrara-sus-instalaciones-hasta-el-proximo-25-de-agosto\/\",\"name\":\"La Universidad de La Laguna cerrar\u00e1 sus instalaciones hasta el pr\u00f3ximo 25 de agosto - ULL - Noticias\",\"isPartOf\":{\"@id\":\"https:\/\/www.ull.es\/portal\/noticias\/#website\"},\"datePublished\":\"2016-08-04T12:53:06+00:00\",\"dateModified\":\"2016-08-04T12:53:06+00:00\",\"author\":{\"@id\":\"https:\/\/www.ull.es\/portal\/noticias\/#\/schema\/person\/b2b1a89d43ffa609e591f7df8ef3e817\"},\"breadcrumb\":{\"@id\":\"https:\/\/www.ull.es\/portal\/noticias\/2016\/la-universidad-de-la-laguna-cerrara-sus-instalaciones-hasta-el-proximo-25-de-agosto\/#breadcrumb\"},\"inLanguage\":\"es\",\"potentialAction\":[{\"@type\":\"ReadAction\",\"target\":[\"https:\/\/www.ull.es\/portal\/noticias\/2016\/la-universidad-de-la-laguna-cerrara-sus-instalaciones-hasta-el-proximo-25-de-agosto\/\"]}]},{\"@type\":\"BreadcrumbList\",\"@id\":\"https:\/\/www.ull.es\/portal\/noticias\/2016\/la-universidad-de-la-laguna-cerrara-sus-instalaciones-hasta-el-proximo-25-de-agosto\/#breadcrumb\",\"itemListElement\":[{\"@type\":\"ListItem\",\"position\":1,\"name\":\"Portada\",\"item\":\"https:\/\/www.ull.es\/portal\/noticias\/\"},{\"@type\":\"ListItem\",\"position\":2,\"name\":\"La Universidad de La Laguna cerrar\u00e1 sus instalaciones hasta el pr\u00f3ximo 25 de agosto\"}]},{\"@type\":\"WebSite\",\"@id\":\"https:\/\/www.ull.es\/portal\/noticias\/#website\",\"url\":\"https:\/\/www.ull.es\/portal\/noticias\/\",\"name\":\"ULL - Noticias\",\"description\":\"\",\"potentialAction\":[{\"@type\":\"SearchAction\",\"target\":{\"@type\":\"EntryPoint\",\"urlTemplate\":\"https:\/\/www.ull.es\/portal\/noticias\/?s={search_term_string}\"},\"query-input\":\"required name=search_term_string\"}],\"inLanguage\":\"es\"},{\"@type\":\"Person\",\"@id\":\"https:\/\/www.ull.es\/portal\/noticias\/#\/schema\/person\/b2b1a89d43ffa609e591f7df8ef3e817\",\"name\":\"gaprsa\",\"image\":{\"@type\":\"ImageObject\",\"inLanguage\":\"es\",\"@id\":\"https:\/\/www.ull.es\/portal\/noticias\/#\/schema\/person\/image\/\",\"url\":\"https:\/\/secure.gravatar.com\/avatar\/443820550921091458b4823867723b3d?s=96&d=mm&r=g\",\"contentUrl\":\"https:\/\/secure.gravatar.com\/avatar\/443820550921091458b4823867723b3d?s=96&d=mm&r=g\",\"caption\":\"gaprsa\"},\"url\":\"https:\/\/www.ull.es\/portal\/noticias\/author\/gaprsa\/\"}]}<\/script>\n<!-- \/ Yoast SEO plugin. -->","yoast_head_json":{"title":"La Universidad de La Laguna cerrar\u00e1 sus instalaciones hasta el pr\u00f3ximo 25 de agosto - ULL - Noticias","robots":{"index":"index","follow":"follow","max-snippet":"max-snippet:-1","max-image-preview":"max-image-preview:large","max-video-preview":"max-video-preview:-1"},"canonical":"https:\/\/www.ull.es\/portal\/noticias\/2016\/la-universidad-de-la-laguna-cerrara-sus-instalaciones-hasta-el-proximo-25-de-agosto\/","og_locale":"es_ES","og_type":"article","og_title":"La Universidad de La Laguna cerrar\u00e1 sus instalaciones hasta el pr\u00f3ximo 25 de agosto - ULL - Noticias","og_description":"La Universidad de La Laguna cerrar\u00e1 sus instalaciones a partir de hoy, jueves 4 de agosto a las 21:00 horas,...","og_url":"https:\/\/www.ull.es\/portal\/noticias\/2016\/la-universidad-de-la-laguna-cerrara-sus-instalaciones-hasta-el-proximo-25-de-agosto\/","og_site_name":"ULL - Noticias","article_publisher":"https:\/\/www.facebook.com\/universidaddelalaguna\/","article_published_time":"2016-08-04T12:53:06+00:00","og_image":[{"width":635,"height":190,"url":"https:\/\/www.ull.es\/portal\/noticias\/wp-content\/uploads\/sites\/13\/2016\/08\/cierre-agosto-2016.jpg","type":"image\/jpeg"}],"author":"gaprsa","twitter_card":"summary_large_image","twitter_creator":"@CanalULL","twitter_site":"@CanalULL","twitter_misc":{"Escrito por":"gaprsa","Tiempo de lectura":"2 minutos"},"schema":{"@context":"https:\/\/schema.org","@graph":[{"@type":"WebPage","@id":"https:\/\/www.ull.es\/portal\/noticias\/2016\/la-universidad-de-la-laguna-cerrara-sus-instalaciones-hasta-el-proximo-25-de-agosto\/","url":"https:\/\/www.ull.es\/portal\/noticias\/2016\/la-universidad-de-la-laguna-cerrara-sus-instalaciones-hasta-el-proximo-25-de-agosto\/","name":"La Universidad de La Laguna cerrar\u00e1 sus instalaciones hasta el pr\u00f3ximo 25 de agosto - ULL - Noticias","isPartOf":{"@id":"https:\/\/www.ull.es\/portal\/noticias\/#website"},"datePublished":"2016-08-04T12:53:06+00:00","dateModified":"2016-08-04T12:53:06+00:00","author":{"@id":"https:\/\/www.ull.es\/portal\/noticias\/#\/schema\/person\/b2b1a89d43ffa609e591f7df8ef3e817"},"breadcrumb":{"@id":"https:\/\/www.ull.es\/portal\/noticias\/2016\/la-universidad-de-la-laguna-cerrara-sus-instalaciones-hasta-el-proximo-25-de-agosto\/#breadcrumb"},"inLanguage":"es","potentialAction":[{"@type":"ReadAction","target":["https:\/\/www.ull.es\/portal\/noticias\/2016\/la-universidad-de-la-laguna-cerrara-sus-instalaciones-hasta-el-proximo-25-de-agosto\/"]}]},{"@type":"BreadcrumbList","@id":"https:\/\/www.ull.es\/portal\/noticias\/2016\/la-universidad-de-la-laguna-cerrara-sus-instalaciones-hasta-el-proximo-25-de-agosto\/#breadcrumb","itemListElement":[{"@type":"ListItem","position":1,"name":"Portada","item":"https:\/\/www.ull.es\/portal\/noticias\/"},{"@type":"ListItem","position":2,"name":"La Universidad de La Laguna cerrar\u00e1 sus instalaciones hasta el pr\u00f3ximo 25 de agosto"}]},{"@type":"WebSite","@id":"https:\/\/www.ull.es\/portal\/noticias\/#website","url":"https:\/\/www.ull.es\/portal\/noticias\/","name":"ULL - Noticias","description":"","potentialAction":[{"@type":"SearchAction","target":{"@type":"EntryPoint","urlTemplate":"https:\/\/www.ull.es\/portal\/noticias\/?s={search_term_string}"},"query-input":"required name=search_term_string"}],"inLanguage":"es"},{"@type":"Person","@id":"https:\/\/www.ull.es\/portal\/noticias\/#\/schema\/person\/b2b1a89d43ffa609e591f7df8ef3e817","name":"gaprsa","image":{"@type":"ImageObject","inLanguage":"es","@id":"https:\/\/www.ull.es\/portal\/noticias\/#\/schema\/person\/image\/","url":"https:\/\/secure.gravatar.com\/avatar\/443820550921091458b4823867723b3d?s=96&d=mm&r=g","contentUrl":"https:\/\/secure.gravatar.com\/avatar\/443820550921091458b4823867723b3d?s=96&d=mm&r=g","caption":"gaprsa"},"url":"https:\/\/www.ull.es\/portal\/noticias\/author\/gaprsa\/"}]}},"primary_category":null,"featured_image_thumbnail_url":"https:\/\/www.ull.es\/portal\/noticias\/wp-content\/uploads\/sites\/13\/2016\/08\/cierre-agosto-2016-300x90.jpg","_links":{"self":[{"href":"https:\/\/www.ull.es\/portal\/noticias\/wp-json\/wp\/v2\/posts\/28446"}],"collection":[{"href":"https:\/\/www.ull.es\/portal\/noticias\/wp-json\/wp\/v2\/posts"}],"about":[{"href":"https:\/\/www.ull.es\/portal\/noticias\/wp-json\/wp\/v2\/types\/post"}],"author":[{"embeddable":true,"href":"https:\/\/www.ull.es\/portal\/noticias\/wp-json\/wp\/v2\/users\/23"}],"replies":[{"embeddable":true,"href":"https:\/\/www.ull.es\/portal\/noticias\/wp-json\/wp\/v2\/comments?post=28446"}],"version-history":[{"count":0,"href":"https:\/\/www.ull.es\/portal\/noticias\/wp-json\/wp\/v2\/posts\/28446\/revisions"}],"wp:featuredmedia":[{"embeddable":true,"href":"https:\/\/www.ull.es\/portal\/noticias\/wp-json\/wp\/v2\/media\/28447"}],"wp:attachment":[{"href":"https:\/\/www.ull.es\/portal\/noticias\/wp-json\/wp\/v2\/media?parent=28446"}],"wp:term":[{"taxonomy":"category","embeddable":true,"href":"https:\/\/www.ull.es\/portal\/noticias\/wp-json\/wp\/v2\/categories?post=28446"},{"taxonomy":"post_tag","embeddable":true,"href":"https:\/\/www.ull.es\/portal\/noticias\/wp-json\/wp\/v2\/tags?post=28446"}],"curies":[{"name":"wp","href":"https:\/\/api.w.org\/{rel}","templated":true}]}}