{"id":28520,"date":"2016-09-09T13:58:55","date_gmt":"2016-09-09T13:58:55","guid":{"rendered":"http:\/\/ddigital.webs.ull.es\/?p=28520"},"modified":"2016-09-09T13:58:55","modified_gmt":"2016-09-09T13:58:55","slug":"la-universidad-de-la-laguna-co-organiza-el-seminario-tenerife-isla-colaborativa-2016","status":"publish","type":"post","link":"https:\/\/www.ull.es\/portal\/noticias\/2016\/la-universidad-de-la-laguna-co-organiza-el-seminario-tenerife-isla-colaborativa-2016\/","title":{"rendered":"La Universidad de La Laguna co-organiza el seminario \u201cTenerife Isla Colaborativa 2016\u201d"},"content":{"rendered":"<p>La Asociaci\u00f3n Commonomia para el Fomento de la Econom\u00eda Colaborativa y de la Econom\u00eda Social y Solidaria es la promotora de la segunda edici\u00f3n de \u00abTenerife Isla Colaborativa (TFC 2016)\u00bb, actividad co-organizada por la Universidad de La Laguna y el Parque Cient\u00edfico y Tecnol\u00f3gico de Tenerife. Su programa completo est\u00e1 disponible en la web: <a href=\"http:\/\/www.tenerifecolaborativa.com\/\" target=\"_blank\" rel=\"noopener\">www.tenerifecolaborativa.com<\/a>.<\/p>\n<p>Las actividades se desarrollar\u00e1n en la Secci\u00f3n de Bellas Artes de la Facultad de Humanidades de la ULL del 19 al 24 de septiembre. Por parte de la instituci\u00f3n acad\u00e9mica, la colaboraci\u00f3n se materializa a trav\u00e9s del Vicerrectorado de Relaciones con la Sociedad y de la C\u00e1tedra Fundaci\u00f3n Disa de J\u00f3venes Emprendedores. Adem\u00e1s, este evento tambi\u00e9n cuenta con la colaboraci\u00f3n de Fifede, el Ayuntamiento de La Laguna y La Fundaci\u00f3n Fyde CajaCanarias.<\/p>\n<p>Estas jornadas pretenden constituirse en un referente internacional para el conocimiento y debate en tono al fen\u00f3meno de la llamada econom\u00eda colaborativa, actividad que permite relaciones econ\u00f3micas entre particulares, algunas de las cuales comienzan a ser muy conocidas ya entre el p\u00fablico y tienen una dimensi\u00f3n global, como por ejemplo Airbnb, Huber, Bla bla car, etc.<\/p>\n<p>TFC 2016 contar\u00e1 con un panel de ponentes de referencia internacional, como Michel Bauwens, de la P2P Foundation; Christian Iaione, de LabGov; o Javier Creus, de Ideas for Change, entre otros. El objetivo es plantear un debate en torno a este fen\u00f3meno internacional y concretar las posibilidades de su desarrollo en el contexto insular y regional.<\/p>\n<p>Precisamente, una de las actividades estrella de las jornadas va a ser el primer debate en Europa sobre el marco regulador de la econom\u00eda colaborativa, tras la publicaci\u00f3n el pasado 2 de junio de la comunicaci\u00f3n \u201cAgenda para la Econom\u00eda Colaborativa\u201d de la Direcci\u00f3n General de Crecimiento de la Comisi\u00f3n Europea.<\/p>\n<p>En ese coloquio, enmarcado en la serie de encuentros promovido por la instituci\u00f3n acad\u00e9mica ULL-Debates, participar\u00e1n Claudia Mart\u00ednez, de la Direcci\u00f3n General de Mercado Interior, Industria, Emprendimiento y Pymes de la Uni\u00f3n Europea; y Pedro Hinojo, vocal Asesor de la Subdirecci\u00f3n de Estudios e Informes de la Comisi\u00f3n Nacional de los Mercados y la Competencia (CNMC).<\/p>\n<p>TFC 2016 combinar\u00e1 dos grandes grupos de actividades: ponencias y talleres para a cargo de reconocidos expertos en econom\u00eda colaborativa y del procom\u00fan y un encuentro de iniciativas locales en el que se busca la visibilidad de iniciativas ya existentes y nuevos proyectos en este sentido en Canarias. La programaci\u00f3n se completa con la proyecci\u00f3n del documental franc\u00e9s \u201cMa\u00f1ana\u201d, premiado con un C\u00e9sar al mejor documental del 2015. Tambi\u00e9n habr\u00e1 actuaciones l\u00fadicas y musicales.<\/p>\n<p>Tenerife Colaborativa es un evento asociado al foro global New Economy &amp; Social Innovation (NESI), que tendr\u00e1 lugar del 19 al 22 de abril de 2017 en M\u00e1laga y que tendr\u00e1 como punto de partida las aportaciones de TFC 2016.<\/p>\n<p>Este seminario es una oportunidad \u00fanica para recibir una formaci\u00f3n avanzada e intensiva sobre econom\u00eda colaborativa de la mano de los mejores expertos y para descubrir las claves que definen el nuevo paradigma econ\u00f3mico, explorar iniciativas que las llevan a la pr\u00e1ctica y definir conjuntamente un itinerario que transforme a Tenerife en un territorio colaborativo. En concreto, se celebrar\u00e1n dos sesiones de co-creaci\u00f3n en las que ponentes y participantes en el evento dise\u00f1ar\u00e1n colaborativamente dicho itinerario.<\/p>\n","protected":false},"excerpt":{"rendered":"<p>La Asociaci\u00f3n Commonomia para el Fomento de la Econom\u00eda Colaborativa y de la Econom\u00eda Social y Solidaria es la promotora&#8230;<\/p>\n","protected":false},"author":23,"featured_media":28521,"comment_status":"open","ping_status":"open","sticky":false,"template":"","format":"standard","meta":{"inline_featured_image":false,"footnotes":""},"categories":[345,348,1],"tags":[],"acf":[],"yoast_head":"<!-- This site is optimized with the Yoast SEO plugin v21.3 - https:\/\/yoast.com\/wordpress\/plugins\/seo\/ -->\n<title>La Universidad de La Laguna co-organiza el seminario \u201cTenerife Isla Colaborativa 2016\u201d - ULL - Noticias<\/title>\n<meta name=\"robots\" content=\"index, follow, max-snippet:-1, max-image-preview:large, max-video-preview:-1\" \/>\n<link rel=\"canonical\" href=\"https:\/\/www.ull.es\/portal\/noticias\/2016\/la-universidad-de-la-laguna-co-organiza-el-seminario-tenerife-isla-colaborativa-2016\/\" \/>\n<meta property=\"og:locale\" content=\"es_ES\" \/>\n<meta property=\"og:type\" content=\"article\" \/>\n<meta property=\"og:title\" content=\"La Universidad de La Laguna co-organiza el seminario \u201cTenerife Isla Colaborativa 2016\u201d - ULL - Noticias\" \/>\n<meta property=\"og:description\" content=\"La Asociaci\u00f3n Commonomia para el Fomento de la Econom\u00eda Colaborativa y de la Econom\u00eda Social y Solidaria es la promotora...\" \/>\n<meta property=\"og:url\" content=\"https:\/\/www.ull.es\/portal\/noticias\/2016\/la-universidad-de-la-laguna-co-organiza-el-seminario-tenerife-isla-colaborativa-2016\/\" \/>\n<meta property=\"og:site_name\" content=\"ULL - Noticias\" \/>\n<meta property=\"article:publisher\" content=\"https:\/\/www.facebook.com\/universidaddelalaguna\/\" \/>\n<meta property=\"article:published_time\" content=\"2016-09-09T13:58:55+00:00\" \/>\n<meta property=\"og:image\" content=\"https:\/\/www.ull.es\/portal\/noticias\/wp-content\/uploads\/sites\/13\/2016\/09\/tenerife-isla-colaborativa.jpg\" \/>\n\t<meta property=\"og:image:width\" content=\"828\" \/>\n\t<meta property=\"og:image:height\" content=\"347\" \/>\n\t<meta property=\"og:image:type\" content=\"image\/jpeg\" \/>\n<meta name=\"author\" content=\"gaprsa\" \/>\n<meta name=\"twitter:card\" content=\"summary_large_image\" \/>\n<meta name=\"twitter:creator\" content=\"@CanalULL\" \/>\n<meta name=\"twitter:site\" content=\"@CanalULL\" \/>\n<meta name=\"twitter:label1\" content=\"Escrito por\" \/>\n\t<meta name=\"twitter:data1\" content=\"gaprsa\" \/>\n\t<meta name=\"twitter:label2\" content=\"Tiempo de lectura\" \/>\n\t<meta name=\"twitter:data2\" content=\"3 minutos\" \/>\n<script type=\"application\/ld+json\" class=\"yoast-schema-graph\">{\"@context\":\"https:\/\/schema.org\",\"@graph\":[{\"@type\":\"WebPage\",\"@id\":\"https:\/\/www.ull.es\/portal\/noticias\/2016\/la-universidad-de-la-laguna-co-organiza-el-seminario-tenerife-isla-colaborativa-2016\/\",\"url\":\"https:\/\/www.ull.es\/portal\/noticias\/2016\/la-universidad-de-la-laguna-co-organiza-el-seminario-tenerife-isla-colaborativa-2016\/\",\"name\":\"La Universidad de La Laguna co-organiza el seminario \u201cTenerife Isla Colaborativa 2016\u201d - ULL - Noticias\",\"isPartOf\":{\"@id\":\"https:\/\/www.ull.es\/portal\/noticias\/#website\"},\"datePublished\":\"2016-09-09T13:58:55+00:00\",\"dateModified\":\"2016-09-09T13:58:55+00:00\",\"author\":{\"@id\":\"https:\/\/www.ull.es\/portal\/noticias\/#\/schema\/person\/b2b1a89d43ffa609e591f7df8ef3e817\"},\"breadcrumb\":{\"@id\":\"https:\/\/www.ull.es\/portal\/noticias\/2016\/la-universidad-de-la-laguna-co-organiza-el-seminario-tenerife-isla-colaborativa-2016\/#breadcrumb\"},\"inLanguage\":\"es\",\"potentialAction\":[{\"@type\":\"ReadAction\",\"target\":[\"https:\/\/www.ull.es\/portal\/noticias\/2016\/la-universidad-de-la-laguna-co-organiza-el-seminario-tenerife-isla-colaborativa-2016\/\"]}]},{\"@type\":\"BreadcrumbList\",\"@id\":\"https:\/\/www.ull.es\/portal\/noticias\/2016\/la-universidad-de-la-laguna-co-organiza-el-seminario-tenerife-isla-colaborativa-2016\/#breadcrumb\",\"itemListElement\":[{\"@type\":\"ListItem\",\"position\":1,\"name\":\"Portada\",\"item\":\"https:\/\/www.ull.es\/portal\/noticias\/\"},{\"@type\":\"ListItem\",\"position\":2,\"name\":\"La Universidad de La Laguna co-organiza el seminario \u201cTenerife Isla Colaborativa 2016\u201d\"}]},{\"@type\":\"WebSite\",\"@id\":\"https:\/\/www.ull.es\/portal\/noticias\/#website\",\"url\":\"https:\/\/www.ull.es\/portal\/noticias\/\",\"name\":\"ULL - Noticias\",\"description\":\"\",\"potentialAction\":[{\"@type\":\"SearchAction\",\"target\":{\"@type\":\"EntryPoint\",\"urlTemplate\":\"https:\/\/www.ull.es\/portal\/noticias\/?s={search_term_string}\"},\"query-input\":\"required name=search_term_string\"}],\"inLanguage\":\"es\"},{\"@type\":\"Person\",\"@id\":\"https:\/\/www.ull.es\/portal\/noticias\/#\/schema\/person\/b2b1a89d43ffa609e591f7df8ef3e817\",\"name\":\"gaprsa\",\"image\":{\"@type\":\"ImageObject\",\"inLanguage\":\"es\",\"@id\":\"https:\/\/www.ull.es\/portal\/noticias\/#\/schema\/person\/image\/\",\"url\":\"https:\/\/secure.gravatar.com\/avatar\/443820550921091458b4823867723b3d?s=96&d=mm&r=g\",\"contentUrl\":\"https:\/\/secure.gravatar.com\/avatar\/443820550921091458b4823867723b3d?s=96&d=mm&r=g\",\"caption\":\"gaprsa\"},\"url\":\"https:\/\/www.ull.es\/portal\/noticias\/author\/gaprsa\/\"}]}<\/script>\n<!-- \/ Yoast SEO plugin. -->","yoast_head_json":{"title":"La Universidad de La Laguna co-organiza el seminario \u201cTenerife Isla Colaborativa 2016\u201d - ULL - Noticias","robots":{"index":"index","follow":"follow","max-snippet":"max-snippet:-1","max-image-preview":"max-image-preview:large","max-video-preview":"max-video-preview:-1"},"canonical":"https:\/\/www.ull.es\/portal\/noticias\/2016\/la-universidad-de-la-laguna-co-organiza-el-seminario-tenerife-isla-colaborativa-2016\/","og_locale":"es_ES","og_type":"article","og_title":"La Universidad de La Laguna co-organiza el seminario \u201cTenerife Isla Colaborativa 2016\u201d - ULL - Noticias","og_description":"La Asociaci\u00f3n Commonomia para el Fomento de la Econom\u00eda Colaborativa y de la Econom\u00eda Social y Solidaria es la promotora...","og_url":"https:\/\/www.ull.es\/portal\/noticias\/2016\/la-universidad-de-la-laguna-co-organiza-el-seminario-tenerife-isla-colaborativa-2016\/","og_site_name":"ULL - Noticias","article_publisher":"https:\/\/www.facebook.com\/universidaddelalaguna\/","article_published_time":"2016-09-09T13:58:55+00:00","og_image":[{"width":828,"height":347,"url":"https:\/\/www.ull.es\/portal\/noticias\/wp-content\/uploads\/sites\/13\/2016\/09\/tenerife-isla-colaborativa.jpg","type":"image\/jpeg"}],"author":"gaprsa","twitter_card":"summary_large_image","twitter_creator":"@CanalULL","twitter_site":"@CanalULL","twitter_misc":{"Escrito por":"gaprsa","Tiempo de lectura":"3 minutos"},"schema":{"@context":"https:\/\/schema.org","@graph":[{"@type":"WebPage","@id":"https:\/\/www.ull.es\/portal\/noticias\/2016\/la-universidad-de-la-laguna-co-organiza-el-seminario-tenerife-isla-colaborativa-2016\/","url":"https:\/\/www.ull.es\/portal\/noticias\/2016\/la-universidad-de-la-laguna-co-organiza-el-seminario-tenerife-isla-colaborativa-2016\/","name":"La Universidad de La Laguna co-organiza el seminario \u201cTenerife Isla Colaborativa 2016\u201d - ULL - Noticias","isPartOf":{"@id":"https:\/\/www.ull.es\/portal\/noticias\/#website"},"datePublished":"2016-09-09T13:58:55+00:00","dateModified":"2016-09-09T13:58:55+00:00","author":{"@id":"https:\/\/www.ull.es\/portal\/noticias\/#\/schema\/person\/b2b1a89d43ffa609e591f7df8ef3e817"},"breadcrumb":{"@id":"https:\/\/www.ull.es\/portal\/noticias\/2016\/la-universidad-de-la-laguna-co-organiza-el-seminario-tenerife-isla-colaborativa-2016\/#breadcrumb"},"inLanguage":"es","potentialAction":[{"@type":"ReadAction","target":["https:\/\/www.ull.es\/portal\/noticias\/2016\/la-universidad-de-la-laguna-co-organiza-el-seminario-tenerife-isla-colaborativa-2016\/"]}]},{"@type":"BreadcrumbList","@id":"https:\/\/www.ull.es\/portal\/noticias\/2016\/la-universidad-de-la-laguna-co-organiza-el-seminario-tenerife-isla-colaborativa-2016\/#breadcrumb","itemListElement":[{"@type":"ListItem","position":1,"name":"Portada","item":"https:\/\/www.ull.es\/portal\/noticias\/"},{"@type":"ListItem","position":2,"name":"La Universidad de La Laguna co-organiza el seminario \u201cTenerife Isla Colaborativa 2016\u201d"}]},{"@type":"WebSite","@id":"https:\/\/www.ull.es\/portal\/noticias\/#website","url":"https:\/\/www.ull.es\/portal\/noticias\/","name":"ULL - Noticias","description":"","potentialAction":[{"@type":"SearchAction","target":{"@type":"EntryPoint","urlTemplate":"https:\/\/www.ull.es\/portal\/noticias\/?s={search_term_string}"},"query-input":"required name=search_term_string"}],"inLanguage":"es"},{"@type":"Person","@id":"https:\/\/www.ull.es\/portal\/noticias\/#\/schema\/person\/b2b1a89d43ffa609e591f7df8ef3e817","name":"gaprsa","image":{"@type":"ImageObject","inLanguage":"es","@id":"https:\/\/www.ull.es\/portal\/noticias\/#\/schema\/person\/image\/","url":"https:\/\/secure.gravatar.com\/avatar\/443820550921091458b4823867723b3d?s=96&d=mm&r=g","contentUrl":"https:\/\/secure.gravatar.com\/avatar\/443820550921091458b4823867723b3d?s=96&d=mm&r=g","caption":"gaprsa"},"url":"https:\/\/www.ull.es\/portal\/noticias\/author\/gaprsa\/"}]}},"primary_category":null,"featured_image_thumbnail_url":"https:\/\/www.ull.es\/portal\/noticias\/wp-content\/uploads\/sites\/13\/2016\/09\/tenerife-isla-colaborativa-300x126.jpg","_links":{"self":[{"href":"https:\/\/www.ull.es\/portal\/noticias\/wp-json\/wp\/v2\/posts\/28520"}],"collection":[{"href":"https:\/\/www.ull.es\/portal\/noticias\/wp-json\/wp\/v2\/posts"}],"about":[{"href":"https:\/\/www.ull.es\/portal\/noticias\/wp-json\/wp\/v2\/types\/post"}],"author":[{"embeddable":true,"href":"https:\/\/www.ull.es\/portal\/noticias\/wp-json\/wp\/v2\/users\/23"}],"replies":[{"embeddable":true,"href":"https:\/\/www.ull.es\/portal\/noticias\/wp-json\/wp\/v2\/comments?post=28520"}],"version-history":[{"count":0,"href":"https:\/\/www.ull.es\/portal\/noticias\/wp-json\/wp\/v2\/posts\/28520\/revisions"}],"wp:featuredmedia":[{"embeddable":true,"href":"https:\/\/www.ull.es\/portal\/noticias\/wp-json\/wp\/v2\/media\/28521"}],"wp:attachment":[{"href":"https:\/\/www.ull.es\/portal\/noticias\/wp-json\/wp\/v2\/media?parent=28520"}],"wp:term":[{"taxonomy":"category","embeddable":true,"href":"https:\/\/www.ull.es\/portal\/noticias\/wp-json\/wp\/v2\/categories?post=28520"},{"taxonomy":"post_tag","embeddable":true,"href":"https:\/\/www.ull.es\/portal\/noticias\/wp-json\/wp\/v2\/tags?post=28520"}],"curies":[{"name":"wp","href":"https:\/\/api.w.org\/{rel}","templated":true}]}}