{"id":28600,"date":"2016-09-20T10:34:49","date_gmt":"2016-09-20T10:34:49","guid":{"rendered":"http:\/\/ddigital.webs.ull.es\/?p=28600"},"modified":"2016-09-20T10:34:49","modified_gmt":"2016-09-20T10:34:49","slug":"el-aula-de-cine-de-la-ull-abre-sus-puertas-a-los-estudiantes-de-la-institucion-academica","status":"publish","type":"post","link":"https:\/\/www.ull.es\/portal\/noticias\/2016\/el-aula-de-cine-de-la-ull-abre-sus-puertas-a-los-estudiantes-de-la-institucion-academica\/","title":{"rendered":"El Aula de Cine de la ULL abre sus puertas a los estudiantes de la instituci\u00f3n acad\u00e9mica"},"content":{"rendered":"<p>El Aula de Cine de la Universidad de La Laguna, dependiente del Vicerrectorado de Relaciones con la Sociedad, celebrar\u00e1 el jueves 29 de septiembre a las 18:00 horas una reuni\u00f3n dirigida al alumnado de la instituci\u00f3n acad\u00e9mica que desee adherirse a esta agrupaci\u00f3n. El encuentro se celebrar\u00e1 en el Sal\u00f3n de Actos de la Secci\u00f3n de Ciencias de la Informaci\u00f3n de la Facultad de Ciencias Pol\u00edticas, Sociales y de la Comunicaci\u00f3n.<\/p>\n<p>El Aula de Cine pretende abrir sus actividades a los estudiantes, de tal modo que no sean meros espectadores de las proyecciones, conferencias y otras acciones que desarrolle a lo largo del curso, sino que tambi\u00e9n puedan participar en su programaci\u00f3n y gesti\u00f3n.<\/p>\n<p>Adicionalmente, este Aula Cultural se ha vinculado a la Asociaci\u00f3n Charlas de cine, con la que comparte directiva y actividades. Esta asociaci\u00f3n est\u00e1 orientada a aquellas personas que en su momento formaron parte o fueron simpatizantes del Aula de Cine pero que ya han terminado sus estudios en el centro de educaci\u00f3n superior y, por tanto, no podr\u00edan pertenecer al grupo universitario. De este modo, podr\u00e1n prolongar su vinculaci\u00f3n a este colectivo que busca difundir el s\u00e9ptimo arte desde la comunidad universitaria.<\/p>\n<p>El Aula de Cine de la ULL, que en 2017 celebrar\u00e1 su quincuag\u00e9simo aniversario, est\u00e1 dirigida por el profesor de la Secci\u00f3n de Ciencias de la Informaci\u00f3n Fernando Iturrate y el gestor cultural Ram\u00f3n A. Gonz\u00e1lez. Todas sus actividades est\u00e1n disponibles en <a href=\"http:\/\/aulacine.webs.ull.es\/\" target=\"_blank\" target=\"_blank\" rel=\"noopener\">su web<\/a> y en <a href=\"https:\/\/www.facebook.com\/auladecineull\/\" target=\"_blank\" target=\"_blank\" rel=\"noopener\">su perfil de Facebook<\/a>.<\/p>\n<p>&nbsp;<\/p>\n","protected":false},"excerpt":{"rendered":"<p>El Aula de Cine de la Universidad de La Laguna, dependiente del Vicerrectorado de Relaciones con la Sociedad, celebrar\u00e1 el&#8230;<\/p>\n","protected":false},"author":23,"featured_media":28601,"comment_status":"open","ping_status":"open","sticky":false,"template":"","format":"standard","meta":{"inline_featured_image":false,"footnotes":""},"categories":[344,345,1],"tags":[586,596,1248,2527,2560,2614],"acf":[],"yoast_head":"<!-- This site is optimized with the Yoast SEO plugin v21.3 - https:\/\/yoast.com\/wordpress\/plugins\/seo\/ -->\n<title>El Aula de Cine de la ULL abre sus puertas a los estudiantes de la instituci\u00f3n acad\u00e9mica - ULL - Noticias<\/title>\n<meta name=\"robots\" content=\"index, follow, max-snippet:-1, max-image-preview:large, max-video-preview:-1\" \/>\n<link rel=\"canonical\" href=\"https:\/\/www.ull.es\/portal\/noticias\/2016\/el-aula-de-cine-de-la-ull-abre-sus-puertas-a-los-estudiantes-de-la-institucion-academica\/\" \/>\n<meta property=\"og:locale\" content=\"es_ES\" \/>\n<meta property=\"og:type\" content=\"article\" \/>\n<meta property=\"og:title\" content=\"El Aula de Cine de la ULL abre sus puertas a los estudiantes de la instituci\u00f3n acad\u00e9mica - ULL - Noticias\" \/>\n<meta property=\"og:description\" content=\"El Aula de Cine de la Universidad de La Laguna, dependiente del Vicerrectorado de Relaciones con la Sociedad, celebrar\u00e1 el...\" \/>\n<meta property=\"og:url\" content=\"https:\/\/www.ull.es\/portal\/noticias\/2016\/el-aula-de-cine-de-la-ull-abre-sus-puertas-a-los-estudiantes-de-la-institucion-academica\/\" \/>\n<meta property=\"og:site_name\" content=\"ULL - Noticias\" \/>\n<meta property=\"article:publisher\" content=\"https:\/\/www.facebook.com\/universidaddelalaguna\/\" \/>\n<meta property=\"article:published_time\" content=\"2016-09-20T10:34:49+00:00\" \/>\n<meta property=\"og:image\" content=\"https:\/\/www.ull.es\/portal\/noticias\/wp-content\/uploads\/sites\/13\/2016\/09\/aula-cine-logo.jpg\" \/>\n\t<meta property=\"og:image:width\" content=\"483\" \/>\n\t<meta property=\"og:image:height\" content=\"171\" \/>\n\t<meta property=\"og:image:type\" content=\"image\/jpeg\" \/>\n<meta name=\"author\" content=\"gaprsa\" \/>\n<meta name=\"twitter:card\" content=\"summary_large_image\" \/>\n<meta name=\"twitter:creator\" content=\"@CanalULL\" \/>\n<meta name=\"twitter:site\" content=\"@CanalULL\" \/>\n<meta name=\"twitter:label1\" content=\"Escrito por\" \/>\n\t<meta name=\"twitter:data1\" content=\"gaprsa\" \/>\n\t<meta name=\"twitter:label2\" content=\"Tiempo de lectura\" \/>\n\t<meta name=\"twitter:data2\" content=\"1 minuto\" \/>\n<script type=\"application\/ld+json\" class=\"yoast-schema-graph\">{\"@context\":\"https:\/\/schema.org\",\"@graph\":[{\"@type\":\"WebPage\",\"@id\":\"https:\/\/www.ull.es\/portal\/noticias\/2016\/el-aula-de-cine-de-la-ull-abre-sus-puertas-a-los-estudiantes-de-la-institucion-academica\/\",\"url\":\"https:\/\/www.ull.es\/portal\/noticias\/2016\/el-aula-de-cine-de-la-ull-abre-sus-puertas-a-los-estudiantes-de-la-institucion-academica\/\",\"name\":\"El Aula de Cine de la ULL abre sus puertas a los estudiantes de la instituci\u00f3n acad\u00e9mica - ULL - Noticias\",\"isPartOf\":{\"@id\":\"https:\/\/www.ull.es\/portal\/noticias\/#website\"},\"datePublished\":\"2016-09-20T10:34:49+00:00\",\"dateModified\":\"2016-09-20T10:34:49+00:00\",\"author\":{\"@id\":\"https:\/\/www.ull.es\/portal\/noticias\/#\/schema\/person\/b2b1a89d43ffa609e591f7df8ef3e817\"},\"breadcrumb\":{\"@id\":\"https:\/\/www.ull.es\/portal\/noticias\/2016\/el-aula-de-cine-de-la-ull-abre-sus-puertas-a-los-estudiantes-de-la-institucion-academica\/#breadcrumb\"},\"inLanguage\":\"es\",\"potentialAction\":[{\"@type\":\"ReadAction\",\"target\":[\"https:\/\/www.ull.es\/portal\/noticias\/2016\/el-aula-de-cine-de-la-ull-abre-sus-puertas-a-los-estudiantes-de-la-institucion-academica\/\"]}]},{\"@type\":\"BreadcrumbList\",\"@id\":\"https:\/\/www.ull.es\/portal\/noticias\/2016\/el-aula-de-cine-de-la-ull-abre-sus-puertas-a-los-estudiantes-de-la-institucion-academica\/#breadcrumb\",\"itemListElement\":[{\"@type\":\"ListItem\",\"position\":1,\"name\":\"Portada\",\"item\":\"https:\/\/www.ull.es\/portal\/noticias\/\"},{\"@type\":\"ListItem\",\"position\":2,\"name\":\"El Aula de Cine de la ULL abre sus puertas a los estudiantes de la instituci\u00f3n acad\u00e9mica\"}]},{\"@type\":\"WebSite\",\"@id\":\"https:\/\/www.ull.es\/portal\/noticias\/#website\",\"url\":\"https:\/\/www.ull.es\/portal\/noticias\/\",\"name\":\"ULL - Noticias\",\"description\":\"\",\"potentialAction\":[{\"@type\":\"SearchAction\",\"target\":{\"@type\":\"EntryPoint\",\"urlTemplate\":\"https:\/\/www.ull.es\/portal\/noticias\/?s={search_term_string}\"},\"query-input\":\"required name=search_term_string\"}],\"inLanguage\":\"es\"},{\"@type\":\"Person\",\"@id\":\"https:\/\/www.ull.es\/portal\/noticias\/#\/schema\/person\/b2b1a89d43ffa609e591f7df8ef3e817\",\"name\":\"gaprsa\",\"image\":{\"@type\":\"ImageObject\",\"inLanguage\":\"es\",\"@id\":\"https:\/\/www.ull.es\/portal\/noticias\/#\/schema\/person\/image\/\",\"url\":\"https:\/\/secure.gravatar.com\/avatar\/443820550921091458b4823867723b3d?s=96&d=mm&r=g\",\"contentUrl\":\"https:\/\/secure.gravatar.com\/avatar\/443820550921091458b4823867723b3d?s=96&d=mm&r=g\",\"caption\":\"gaprsa\"},\"url\":\"https:\/\/www.ull.es\/portal\/noticias\/author\/gaprsa\/\"}]}<\/script>\n<!-- \/ Yoast SEO plugin. -->","yoast_head_json":{"title":"El Aula de Cine de la ULL abre sus puertas a los estudiantes de la instituci\u00f3n acad\u00e9mica - ULL - Noticias","robots":{"index":"index","follow":"follow","max-snippet":"max-snippet:-1","max-image-preview":"max-image-preview:large","max-video-preview":"max-video-preview:-1"},"canonical":"https:\/\/www.ull.es\/portal\/noticias\/2016\/el-aula-de-cine-de-la-ull-abre-sus-puertas-a-los-estudiantes-de-la-institucion-academica\/","og_locale":"es_ES","og_type":"article","og_title":"El Aula de Cine de la ULL abre sus puertas a los estudiantes de la instituci\u00f3n acad\u00e9mica - ULL - Noticias","og_description":"El Aula de Cine de la Universidad de La Laguna, dependiente del Vicerrectorado de Relaciones con la Sociedad, celebrar\u00e1 el...","og_url":"https:\/\/www.ull.es\/portal\/noticias\/2016\/el-aula-de-cine-de-la-ull-abre-sus-puertas-a-los-estudiantes-de-la-institucion-academica\/","og_site_name":"ULL - Noticias","article_publisher":"https:\/\/www.facebook.com\/universidaddelalaguna\/","article_published_time":"2016-09-20T10:34:49+00:00","og_image":[{"width":483,"height":171,"url":"https:\/\/www.ull.es\/portal\/noticias\/wp-content\/uploads\/sites\/13\/2016\/09\/aula-cine-logo.jpg","type":"image\/jpeg"}],"author":"gaprsa","twitter_card":"summary_large_image","twitter_creator":"@CanalULL","twitter_site":"@CanalULL","twitter_misc":{"Escrito por":"gaprsa","Tiempo de lectura":"1 minuto"},"schema":{"@context":"https:\/\/schema.org","@graph":[{"@type":"WebPage","@id":"https:\/\/www.ull.es\/portal\/noticias\/2016\/el-aula-de-cine-de-la-ull-abre-sus-puertas-a-los-estudiantes-de-la-institucion-academica\/","url":"https:\/\/www.ull.es\/portal\/noticias\/2016\/el-aula-de-cine-de-la-ull-abre-sus-puertas-a-los-estudiantes-de-la-institucion-academica\/","name":"El Aula de Cine de la ULL abre sus puertas a los estudiantes de la instituci\u00f3n acad\u00e9mica - ULL - Noticias","isPartOf":{"@id":"https:\/\/www.ull.es\/portal\/noticias\/#website"},"datePublished":"2016-09-20T10:34:49+00:00","dateModified":"2016-09-20T10:34:49+00:00","author":{"@id":"https:\/\/www.ull.es\/portal\/noticias\/#\/schema\/person\/b2b1a89d43ffa609e591f7df8ef3e817"},"breadcrumb":{"@id":"https:\/\/www.ull.es\/portal\/noticias\/2016\/el-aula-de-cine-de-la-ull-abre-sus-puertas-a-los-estudiantes-de-la-institucion-academica\/#breadcrumb"},"inLanguage":"es","potentialAction":[{"@type":"ReadAction","target":["https:\/\/www.ull.es\/portal\/noticias\/2016\/el-aula-de-cine-de-la-ull-abre-sus-puertas-a-los-estudiantes-de-la-institucion-academica\/"]}]},{"@type":"BreadcrumbList","@id":"https:\/\/www.ull.es\/portal\/noticias\/2016\/el-aula-de-cine-de-la-ull-abre-sus-puertas-a-los-estudiantes-de-la-institucion-academica\/#breadcrumb","itemListElement":[{"@type":"ListItem","position":1,"name":"Portada","item":"https:\/\/www.ull.es\/portal\/noticias\/"},{"@type":"ListItem","position":2,"name":"El Aula de Cine de la ULL abre sus puertas a los estudiantes de la instituci\u00f3n acad\u00e9mica"}]},{"@type":"WebSite","@id":"https:\/\/www.ull.es\/portal\/noticias\/#website","url":"https:\/\/www.ull.es\/portal\/noticias\/","name":"ULL - Noticias","description":"","potentialAction":[{"@type":"SearchAction","target":{"@type":"EntryPoint","urlTemplate":"https:\/\/www.ull.es\/portal\/noticias\/?s={search_term_string}"},"query-input":"required name=search_term_string"}],"inLanguage":"es"},{"@type":"Person","@id":"https:\/\/www.ull.es\/portal\/noticias\/#\/schema\/person\/b2b1a89d43ffa609e591f7df8ef3e817","name":"gaprsa","image":{"@type":"ImageObject","inLanguage":"es","@id":"https:\/\/www.ull.es\/portal\/noticias\/#\/schema\/person\/image\/","url":"https:\/\/secure.gravatar.com\/avatar\/443820550921091458b4823867723b3d?s=96&d=mm&r=g","contentUrl":"https:\/\/secure.gravatar.com\/avatar\/443820550921091458b4823867723b3d?s=96&d=mm&r=g","caption":"gaprsa"},"url":"https:\/\/www.ull.es\/portal\/noticias\/author\/gaprsa\/"}]}},"primary_category":null,"featured_image_thumbnail_url":"https:\/\/www.ull.es\/portal\/noticias\/wp-content\/uploads\/sites\/13\/2016\/09\/aula-cine-logo-300x106.jpg","_links":{"self":[{"href":"https:\/\/www.ull.es\/portal\/noticias\/wp-json\/wp\/v2\/posts\/28600"}],"collection":[{"href":"https:\/\/www.ull.es\/portal\/noticias\/wp-json\/wp\/v2\/posts"}],"about":[{"href":"https:\/\/www.ull.es\/portal\/noticias\/wp-json\/wp\/v2\/types\/post"}],"author":[{"embeddable":true,"href":"https:\/\/www.ull.es\/portal\/noticias\/wp-json\/wp\/v2\/users\/23"}],"replies":[{"embeddable":true,"href":"https:\/\/www.ull.es\/portal\/noticias\/wp-json\/wp\/v2\/comments?post=28600"}],"version-history":[{"count":0,"href":"https:\/\/www.ull.es\/portal\/noticias\/wp-json\/wp\/v2\/posts\/28600\/revisions"}],"wp:featuredmedia":[{"embeddable":true,"href":"https:\/\/www.ull.es\/portal\/noticias\/wp-json\/wp\/v2\/media\/28601"}],"wp:attachment":[{"href":"https:\/\/www.ull.es\/portal\/noticias\/wp-json\/wp\/v2\/media?parent=28600"}],"wp:term":[{"taxonomy":"category","embeddable":true,"href":"https:\/\/www.ull.es\/portal\/noticias\/wp-json\/wp\/v2\/categories?post=28600"},{"taxonomy":"post_tag","embeddable":true,"href":"https:\/\/www.ull.es\/portal\/noticias\/wp-json\/wp\/v2\/tags?post=28600"}],"curies":[{"name":"wp","href":"https:\/\/api.w.org\/{rel}","templated":true}]}}