{"id":28626,"date":"2016-09-21T14:39:11","date_gmt":"2016-09-21T14:39:11","guid":{"rendered":"http:\/\/ddigital.webs.ull.es\/?p=28626"},"modified":"2016-09-21T14:39:11","modified_gmt":"2016-09-21T14:39:11","slug":"claudia-martinez-cree-que-la-ue-considera-una-oportunidad-la-economia-colaborativa-aunque-apuesta-por-no-legislar","status":"publish","type":"post","link":"https:\/\/www.ull.es\/portal\/noticias\/2016\/claudia-martinez-cree-que-la-ue-considera-una-oportunidad-la-economia-colaborativa-aunque-apuesta-por-no-legislar\/","title":{"rendered":"Claudia Mart\u00ednez cree que la UE considera \u201cuna oportunidad\u201d la econom\u00eda colaborativa aunque apuesta por no legislar"},"content":{"rendered":"<p>La Uni\u00f3n Europea considera una oportunidad para el crecimiento econ\u00f3mico, el modelo de la econom\u00eda colaborativa. Sin embargo, ha decidido no legislar al respecto sino ofrecer directrices a las autoridades y administraciones locales sobre la necesidad de adaptar la normativa vigente. Se trata de la postura que la UE ha decidido mantener, seg\u00fan indic\u00f3 hoy, mi\u00e9rcoles 21 de septiembre, Claudia Mart\u00ednez, de la Direcci\u00f3n General de Mercado Interior, Industria, Emprendimiento y Pyme de la Uni\u00f3n Europea, en la sesi\u00f3n de ULL Debates celebrada en la Universidad de La Laguna..<\/p>\n<p>\u201cConsideramos que la econom\u00eda colaborativa es una oportunidad y los estados deben aprovecharla para revisar la legislaci\u00f3n sectorial\u201d, matiz\u00f3 durante la apertura del ciclo ULL Debates, en el que se analiz\u00f3 los pormenores sobre la regulaci\u00f3n de este fen\u00f3meno. El evento se enmarca en las jornadas \u201cTenerife Isla Colaborativa\u201d, organizadas conjuntamente entre la ULL a trav\u00e9s de su Vicerrectorado de Relaciones con la Sociedad y el Parque Cient\u00edfico y Tecnol\u00f3gico de Tenerife.<\/p>\n<p>Seg\u00fan Claudia Mart\u00ednez, la UE reconoce el crecimiento que la econom\u00eda colaborativa ha experimentado en los \u00faltimos a\u00f1os y mencion\u00f3 que en 2015 movi\u00f3 cifras que rondaron los 28 millones de euros en toda Europa. Apunt\u00f3 a varias problem\u00e1ticas al respecto, como la preocupaci\u00f3n tanto de las autoridades como de los consumidores, sobre la inseguridad jur\u00eddica en la que se encuentra, seg\u00fan las consultas p\u00fablicas que desarrollaron el pasado a\u00f1o entre los grupos de inter\u00e9s de este modelo.<\/p>\n<p>Otro inconveniente es que no se puede hablar en general de la econom\u00eda colaborativa, sino que \u201chay una gran variedad de actores, como aquellos que buscan un fin de lucro y otros que s\u00f3lo quieren compartir gastos\u201d. Por otra parte, apel\u00f3 a la falta de responsabilidad de las plataformas colaborativas en cuanto a la calidad de los servicios que ofrecen y sus pol\u00edticas de empleo, como otros de los inconvenientes. Por \u00faltimo, resalt\u00f3 la existencia de tantas legislaciones como estados.<\/p>\n<p>Con este entorno es por lo que afirm\u00f3 que la UE apuesta no por legislar sino por dar directrices pol\u00edticas para las autoridades locales. \u201cLes asesoramos sobre los requisitos aceptables que deben de exigir a los proveedores, en base a la situaci\u00f3n de cada estado y localidad. viendo todas las circunstancias. Las autoridades competentes deben saber que cualquier norma que limite el acceso a este tipo de econom\u00eda debe ser justificado y proporcionado para alcanzar un inter\u00e9s p\u00fablico\u201d. Insisti\u00f3 en que \u201ccada estado debe revisar y actualizar su normativa, para diferenciar el lucro de lo que no lo es. Establecer umbrales entre una actuaci\u00f3n econ\u00f3mica profesional y lo que se puede considerar una cooperaci\u00f3n entre dos\u201d.<\/p>\n<p>Por su parte Pedro Hinojo, vocal asesor de la Subdirecci\u00f3n de Estudios e Informes de la Comisi\u00f3n Nacional de los Mercados y la Competencia afirm\u00f3 que este modelo \u201cnos lleva a atender que la econom\u00eda en el siglo XXI es masiva, lo que permite realizar transacciones a gran escala, entre iguales. Valoramos el empoderamiento del consumidor y del individuo, ahora se le da mayor libertad de elecci\u00f3n lo que supone mejor calidad y variedad de precios, siendo positivo para la generaci\u00f3n de empresas y el crecimiento econ\u00f3mico\u201d.<\/p>\n<p>Para Hinojo, el peligro est\u00e1 centrado en que muchas de esta empresas \u201cno pagan impuestos o no cumplen con la legislaci\u00f3n laboral o sanitaria, por tanto nosotros vemos retos y ventajas en la econom\u00eda colaborativa\u201d, y afirm\u00f3 que la entidad que representa advierte a las administraciones p\u00fablicas de que deben de estar preparadas para estos retos y la respuesta debe ser que cuando hay una necesidad de intervenir se haga siempre que sea justificada y justa para todas. En este sentido insisti\u00f3 en que \u201cestamos intentando que las administraciones regulen esta situaci\u00f3n y adapten la legislaci\u00f3n actual.\u201d<\/p>\n<p>Por \u00faltimo, Javier Valent\u00edn de la Asociaci\u00f3n Canaria de Alojamiento Vacacional (ASCAV) afirm\u00f3 que \u201cel turismo es patrimonio de todos y no de las grandes cadenas hoteleras\u201d, para abogar por el turismo como \u201cuna manera de redistribuir la riqueza o favorecer la sostenibilidad\u201d.<\/p>\n<p>&nbsp;<\/p>\n","protected":false},"excerpt":{"rendered":"<p>La Uni\u00f3n Europea considera una oportunidad para el crecimiento econ\u00f3mico, el modelo de la econom\u00eda colaborativa. Sin embargo, ha decidido&#8230;<\/p>\n","protected":false},"author":23,"featured_media":28627,"comment_status":"open","ping_status":"open","sticky":false,"template":"","format":"gallery","meta":{"inline_featured_image":false,"footnotes":""},"categories":[345,348,1],"tags":[],"acf":[],"yoast_head":"<!-- This site is optimized with the Yoast SEO plugin v21.3 - https:\/\/yoast.com\/wordpress\/plugins\/seo\/ -->\n<title>Claudia Mart\u00ednez cree que la UE considera \u201cuna oportunidad\u201d la econom\u00eda colaborativa aunque apuesta por no legislar - ULL - Noticias<\/title>\n<meta name=\"robots\" content=\"index, follow, max-snippet:-1, max-image-preview:large, max-video-preview:-1\" \/>\n<link rel=\"canonical\" href=\"https:\/\/www.ull.es\/portal\/noticias\/2016\/claudia-martinez-cree-que-la-ue-considera-una-oportunidad-la-economia-colaborativa-aunque-apuesta-por-no-legislar\/\" \/>\n<meta property=\"og:locale\" content=\"es_ES\" \/>\n<meta property=\"og:type\" content=\"article\" \/>\n<meta property=\"og:title\" content=\"Claudia Mart\u00ednez cree que la UE considera \u201cuna oportunidad\u201d la econom\u00eda colaborativa aunque apuesta por no legislar - ULL - Noticias\" \/>\n<meta property=\"og:description\" content=\"La Uni\u00f3n Europea considera una oportunidad para el crecimiento econ\u00f3mico, el modelo de la econom\u00eda colaborativa. Sin embargo, ha decidido...\" \/>\n<meta property=\"og:url\" content=\"https:\/\/www.ull.es\/portal\/noticias\/2016\/claudia-martinez-cree-que-la-ue-considera-una-oportunidad-la-economia-colaborativa-aunque-apuesta-por-no-legislar\/\" \/>\n<meta property=\"og:site_name\" content=\"ULL - Noticias\" \/>\n<meta property=\"article:publisher\" content=\"https:\/\/www.facebook.com\/universidaddelalaguna\/\" \/>\n<meta property=\"article:published_time\" content=\"2016-09-21T14:39:11+00:00\" \/>\n<meta property=\"og:image\" content=\"https:\/\/www.ull.es\/portal\/noticias\/wp-content\/uploads\/sites\/13\/2016\/09\/ULL-debate-06.jpg\" \/>\n\t<meta property=\"og:image:width\" content=\"1034\" \/>\n\t<meta property=\"og:image:height\" content=\"708\" \/>\n\t<meta property=\"og:image:type\" content=\"image\/jpeg\" \/>\n<meta name=\"author\" content=\"gaprsa\" \/>\n<meta name=\"twitter:card\" content=\"summary_large_image\" \/>\n<meta name=\"twitter:creator\" content=\"@CanalULL\" \/>\n<meta name=\"twitter:site\" content=\"@CanalULL\" \/>\n<meta name=\"twitter:label1\" content=\"Escrito por\" \/>\n\t<meta name=\"twitter:data1\" content=\"gaprsa\" \/>\n\t<meta name=\"twitter:label2\" content=\"Tiempo de lectura\" \/>\n\t<meta name=\"twitter:data2\" content=\"4 minutos\" \/>\n<script type=\"application\/ld+json\" class=\"yoast-schema-graph\">{\"@context\":\"https:\/\/schema.org\",\"@graph\":[{\"@type\":\"WebPage\",\"@id\":\"https:\/\/www.ull.es\/portal\/noticias\/2016\/claudia-martinez-cree-que-la-ue-considera-una-oportunidad-la-economia-colaborativa-aunque-apuesta-por-no-legislar\/\",\"url\":\"https:\/\/www.ull.es\/portal\/noticias\/2016\/claudia-martinez-cree-que-la-ue-considera-una-oportunidad-la-economia-colaborativa-aunque-apuesta-por-no-legislar\/\",\"name\":\"Claudia Mart\u00ednez cree que la UE considera \u201cuna oportunidad\u201d la econom\u00eda colaborativa aunque apuesta por no legislar - ULL - Noticias\",\"isPartOf\":{\"@id\":\"https:\/\/www.ull.es\/portal\/noticias\/#website\"},\"datePublished\":\"2016-09-21T14:39:11+00:00\",\"dateModified\":\"2016-09-21T14:39:11+00:00\",\"author\":{\"@id\":\"https:\/\/www.ull.es\/portal\/noticias\/#\/schema\/person\/b2b1a89d43ffa609e591f7df8ef3e817\"},\"breadcrumb\":{\"@id\":\"https:\/\/www.ull.es\/portal\/noticias\/2016\/claudia-martinez-cree-que-la-ue-considera-una-oportunidad-la-economia-colaborativa-aunque-apuesta-por-no-legislar\/#breadcrumb\"},\"inLanguage\":\"es\",\"potentialAction\":[{\"@type\":\"ReadAction\",\"target\":[\"https:\/\/www.ull.es\/portal\/noticias\/2016\/claudia-martinez-cree-que-la-ue-considera-una-oportunidad-la-economia-colaborativa-aunque-apuesta-por-no-legislar\/\"]}]},{\"@type\":\"BreadcrumbList\",\"@id\":\"https:\/\/www.ull.es\/portal\/noticias\/2016\/claudia-martinez-cree-que-la-ue-considera-una-oportunidad-la-economia-colaborativa-aunque-apuesta-por-no-legislar\/#breadcrumb\",\"itemListElement\":[{\"@type\":\"ListItem\",\"position\":1,\"name\":\"Portada\",\"item\":\"https:\/\/www.ull.es\/portal\/noticias\/\"},{\"@type\":\"ListItem\",\"position\":2,\"name\":\"Claudia Mart\u00ednez cree que la UE considera \u201cuna oportunidad\u201d la econom\u00eda colaborativa aunque apuesta por no legislar\"}]},{\"@type\":\"WebSite\",\"@id\":\"https:\/\/www.ull.es\/portal\/noticias\/#website\",\"url\":\"https:\/\/www.ull.es\/portal\/noticias\/\",\"name\":\"ULL - Noticias\",\"description\":\"\",\"potentialAction\":[{\"@type\":\"SearchAction\",\"target\":{\"@type\":\"EntryPoint\",\"urlTemplate\":\"https:\/\/www.ull.es\/portal\/noticias\/?s={search_term_string}\"},\"query-input\":\"required name=search_term_string\"}],\"inLanguage\":\"es\"},{\"@type\":\"Person\",\"@id\":\"https:\/\/www.ull.es\/portal\/noticias\/#\/schema\/person\/b2b1a89d43ffa609e591f7df8ef3e817\",\"name\":\"gaprsa\",\"image\":{\"@type\":\"ImageObject\",\"inLanguage\":\"es\",\"@id\":\"https:\/\/www.ull.es\/portal\/noticias\/#\/schema\/person\/image\/\",\"url\":\"https:\/\/secure.gravatar.com\/avatar\/443820550921091458b4823867723b3d?s=96&d=mm&r=g\",\"contentUrl\":\"https:\/\/secure.gravatar.com\/avatar\/443820550921091458b4823867723b3d?s=96&d=mm&r=g\",\"caption\":\"gaprsa\"},\"url\":\"https:\/\/www.ull.es\/portal\/noticias\/author\/gaprsa\/\"}]}<\/script>\n<!-- \/ Yoast SEO plugin. -->","yoast_head_json":{"title":"Claudia Mart\u00ednez cree que la UE considera \u201cuna oportunidad\u201d la econom\u00eda colaborativa aunque apuesta por no legislar - ULL - Noticias","robots":{"index":"index","follow":"follow","max-snippet":"max-snippet:-1","max-image-preview":"max-image-preview:large","max-video-preview":"max-video-preview:-1"},"canonical":"https:\/\/www.ull.es\/portal\/noticias\/2016\/claudia-martinez-cree-que-la-ue-considera-una-oportunidad-la-economia-colaborativa-aunque-apuesta-por-no-legislar\/","og_locale":"es_ES","og_type":"article","og_title":"Claudia Mart\u00ednez cree que la UE considera \u201cuna oportunidad\u201d la econom\u00eda colaborativa aunque apuesta por no legislar - ULL - Noticias","og_description":"La Uni\u00f3n Europea considera una oportunidad para el crecimiento econ\u00f3mico, el modelo de la econom\u00eda colaborativa. Sin embargo, ha decidido...","og_url":"https:\/\/www.ull.es\/portal\/noticias\/2016\/claudia-martinez-cree-que-la-ue-considera-una-oportunidad-la-economia-colaborativa-aunque-apuesta-por-no-legislar\/","og_site_name":"ULL - Noticias","article_publisher":"https:\/\/www.facebook.com\/universidaddelalaguna\/","article_published_time":"2016-09-21T14:39:11+00:00","og_image":[{"width":1034,"height":708,"url":"https:\/\/www.ull.es\/portal\/noticias\/wp-content\/uploads\/sites\/13\/2016\/09\/ULL-debate-06.jpg","type":"image\/jpeg"}],"author":"gaprsa","twitter_card":"summary_large_image","twitter_creator":"@CanalULL","twitter_site":"@CanalULL","twitter_misc":{"Escrito por":"gaprsa","Tiempo de lectura":"4 minutos"},"schema":{"@context":"https:\/\/schema.org","@graph":[{"@type":"WebPage","@id":"https:\/\/www.ull.es\/portal\/noticias\/2016\/claudia-martinez-cree-que-la-ue-considera-una-oportunidad-la-economia-colaborativa-aunque-apuesta-por-no-legislar\/","url":"https:\/\/www.ull.es\/portal\/noticias\/2016\/claudia-martinez-cree-que-la-ue-considera-una-oportunidad-la-economia-colaborativa-aunque-apuesta-por-no-legislar\/","name":"Claudia Mart\u00ednez cree que la UE considera \u201cuna oportunidad\u201d la econom\u00eda colaborativa aunque apuesta por no legislar - ULL - Noticias","isPartOf":{"@id":"https:\/\/www.ull.es\/portal\/noticias\/#website"},"datePublished":"2016-09-21T14:39:11+00:00","dateModified":"2016-09-21T14:39:11+00:00","author":{"@id":"https:\/\/www.ull.es\/portal\/noticias\/#\/schema\/person\/b2b1a89d43ffa609e591f7df8ef3e817"},"breadcrumb":{"@id":"https:\/\/www.ull.es\/portal\/noticias\/2016\/claudia-martinez-cree-que-la-ue-considera-una-oportunidad-la-economia-colaborativa-aunque-apuesta-por-no-legislar\/#breadcrumb"},"inLanguage":"es","potentialAction":[{"@type":"ReadAction","target":["https:\/\/www.ull.es\/portal\/noticias\/2016\/claudia-martinez-cree-que-la-ue-considera-una-oportunidad-la-economia-colaborativa-aunque-apuesta-por-no-legislar\/"]}]},{"@type":"BreadcrumbList","@id":"https:\/\/www.ull.es\/portal\/noticias\/2016\/claudia-martinez-cree-que-la-ue-considera-una-oportunidad-la-economia-colaborativa-aunque-apuesta-por-no-legislar\/#breadcrumb","itemListElement":[{"@type":"ListItem","position":1,"name":"Portada","item":"https:\/\/www.ull.es\/portal\/noticias\/"},{"@type":"ListItem","position":2,"name":"Claudia Mart\u00ednez cree que la UE considera \u201cuna oportunidad\u201d la econom\u00eda colaborativa aunque apuesta por no legislar"}]},{"@type":"WebSite","@id":"https:\/\/www.ull.es\/portal\/noticias\/#website","url":"https:\/\/www.ull.es\/portal\/noticias\/","name":"ULL - Noticias","description":"","potentialAction":[{"@type":"SearchAction","target":{"@type":"EntryPoint","urlTemplate":"https:\/\/www.ull.es\/portal\/noticias\/?s={search_term_string}"},"query-input":"required name=search_term_string"}],"inLanguage":"es"},{"@type":"Person","@id":"https:\/\/www.ull.es\/portal\/noticias\/#\/schema\/person\/b2b1a89d43ffa609e591f7df8ef3e817","name":"gaprsa","image":{"@type":"ImageObject","inLanguage":"es","@id":"https:\/\/www.ull.es\/portal\/noticias\/#\/schema\/person\/image\/","url":"https:\/\/secure.gravatar.com\/avatar\/443820550921091458b4823867723b3d?s=96&d=mm&r=g","contentUrl":"https:\/\/secure.gravatar.com\/avatar\/443820550921091458b4823867723b3d?s=96&d=mm&r=g","caption":"gaprsa"},"url":"https:\/\/www.ull.es\/portal\/noticias\/author\/gaprsa\/"}]}},"primary_category":null,"featured_image_thumbnail_url":"https:\/\/www.ull.es\/portal\/noticias\/wp-content\/uploads\/sites\/13\/2016\/09\/ULL-debate-06-300x205.jpg","_links":{"self":[{"href":"https:\/\/www.ull.es\/portal\/noticias\/wp-json\/wp\/v2\/posts\/28626"}],"collection":[{"href":"https:\/\/www.ull.es\/portal\/noticias\/wp-json\/wp\/v2\/posts"}],"about":[{"href":"https:\/\/www.ull.es\/portal\/noticias\/wp-json\/wp\/v2\/types\/post"}],"author":[{"embeddable":true,"href":"https:\/\/www.ull.es\/portal\/noticias\/wp-json\/wp\/v2\/users\/23"}],"replies":[{"embeddable":true,"href":"https:\/\/www.ull.es\/portal\/noticias\/wp-json\/wp\/v2\/comments?post=28626"}],"version-history":[{"count":0,"href":"https:\/\/www.ull.es\/portal\/noticias\/wp-json\/wp\/v2\/posts\/28626\/revisions"}],"wp:featuredmedia":[{"embeddable":true,"href":"https:\/\/www.ull.es\/portal\/noticias\/wp-json\/wp\/v2\/media\/28627"}],"wp:attachment":[{"href":"https:\/\/www.ull.es\/portal\/noticias\/wp-json\/wp\/v2\/media?parent=28626"}],"wp:term":[{"taxonomy":"category","embeddable":true,"href":"https:\/\/www.ull.es\/portal\/noticias\/wp-json\/wp\/v2\/categories?post=28626"},{"taxonomy":"post_tag","embeddable":true,"href":"https:\/\/www.ull.es\/portal\/noticias\/wp-json\/wp\/v2\/tags?post=28626"}],"curies":[{"name":"wp","href":"https:\/\/api.w.org\/{rel}","templated":true}]}}