{"id":28643,"date":"2016-09-23T08:42:14","date_gmt":"2016-09-23T08:42:14","guid":{"rendered":"http:\/\/ddigital.webs.ull.es\/?p=28643"},"modified":"2016-09-23T08:42:14","modified_gmt":"2016-09-23T08:42:14","slug":"la-consejeria-de-%ef%bb%bf%ef%bb%bf%ef%bb%bfeconomia-busca-talento-innovador-en-las-universidades-para-la-tercera-temporada-de-demola-canarias","status":"publish","type":"post","link":"https:\/\/www.ull.es\/portal\/noticias\/2016\/la-consejeria-de-%ef%bb%bf%ef%bb%bf%ef%bb%bfeconomia-busca-talento-innovador-en-las-universidades-para-la-tercera-temporada-de-demola-canarias\/","title":{"rendered":"La Consejer\u00eda de \ufeff\ufeff\ufeffEconom\u00eda busca talento innovador en las universidades para la tercera temporada de DEMOLA Canarias"},"content":{"rendered":"<p>La Consejer\u00eda de Econom\u00eda, Industria, Comercio y Conocimiento, a trav\u00e9s de la Agencia Canaria de Investigaci\u00f3n, Innovaci\u00f3n y Sociedad de la Informaci\u00f3n (ACIISI) y en colaboraci\u00f3n con las Universidades de La Laguna (ULL) y de Las Palmas de Gran Canaria (ULPGC), pone en marcha la tercera convocatoria de la iniciativa DEMOLA Canarias, con catorce proyectos de organizaciones privadas y p\u00fablicas que buscan su fuente de innovaci\u00f3n en el entorno acad\u00e9mico.<\/p>\n<p>El plazo para los alumnos de la ULL y ULPGC que deseen participar en esta tercera temporada DEMOLA permanecer\u00e1 abierto hasta el d\u00eda 2 de octubre, con el objetivo de que estudiantes de cualquier disciplina que est\u00e9n cursando un Grado, Postgrado, Master o curso de doctorado, puedan sacar partido a sus conocimientos y explotar su creatividad, a trav\u00e9s de la inmersi\u00f3n en el entorno empresarial para buscar soluciones innovadoras a necesidades reales junto con los administradores de la entidad. Se trata de una oportunidad \u00fanica para que los j\u00f3venes con ingenio y ambici\u00f3n por emprender nuevos retos, participen en el engranaje del \u00e9xito de una empresa, a trav\u00e9s de una colaboraci\u00f3n creativa que les ayudar\u00e1 a crecer en experiencias y competencias.<\/p>\n<p>Los estudiantes, pieza clave en el programa, se agrupar\u00e1n en equipos de hasta cinco personas y se asignar\u00e1n, en funci\u00f3n de la idoneidad de sus perfiles acad\u00e9micos, a uno de los retos de su provincia. Esta edici\u00f3n cuenta con un total de catorce proyectos en cartera, siete en cada provincia, que han sido promovidos por Aperitivos Snack, Boinsel, Dos Santos, Fundaci\u00f3n DISA, Haricana y Spar, desde Gran Canaria; y, por Tenerife, Cetecal, Instituto Tecnol\u00f3gico y de Energ\u00edas Renovables (ITER), Mentor Day, PlasticEnergy Tenerife, Schreiber de Canarias, Tagua y Teidagua.<\/p>\n<p>DEMOLA es un modelo de innovaci\u00f3n abierta nacido en Finlandia e implantado en Canarias desde 2015, con el objetivo de fomentar el ecosistema innovador en el Archipi\u00e9lago, conectando la Universidad, principal centro de conocimiento, con los sectores productivos de las Islas, para desarrollar soluciones a medida de las necesidades de empresas y organizaciones, y tambi\u00e9n instituciones p\u00fablicas, que deseen explorar nuevas oportunidades de mejora junto con un equipo multidisciplinar de j\u00f3venes talentos.<\/p>\n<p>En la actualidad, la plataforma DEMOLA opera en 12 pa\u00edses de Europa, \u00c1frica y Latinoam\u00e9rica, a trav\u00e9s de una red que engloba a cerca de 6.000 estudiantes de unas 60 universidades y a m\u00e1s de 500 empresas, con aproximadamente un millar de proyectos en cartera.<br \/>\n<a href=\"http:\/\/canaryislands.demola.net\/apply\" target=\"_blank\" target=\"_blank\" rel=\"noopener\">Inscripci\u00f3n<\/a><\/p>\n<p>(Nota e im\u00e1genes cedidas por la ACIISI)<\/p>\n","protected":false},"excerpt":{"rendered":"<p>La Consejer\u00eda de Econom\u00eda, Industria, Comercio y Conocimiento, a trav\u00e9s de la Agencia Canaria de Investigaci\u00f3n, Innovaci\u00f3n y Sociedad de&#8230;<\/p>\n","protected":false},"author":23,"featured_media":28645,"comment_status":"open","ping_status":"open","sticky":false,"template":"","format":"gallery","meta":{"inline_featured_image":false,"footnotes":""},"categories":[343,345,1],"tags":[376,409,994,2527,2560],"acf":[],"yoast_head":"<!-- This site is optimized with the Yoast SEO plugin v21.3 - https:\/\/yoast.com\/wordpress\/plugins\/seo\/ -->\n<title>La Consejer\u00eda de \ufeff\ufeff\ufeffEconom\u00eda busca talento innovador en las universidades para la tercera temporada de DEMOLA Canarias - ULL - Noticias<\/title>\n<meta name=\"robots\" content=\"index, follow, max-snippet:-1, max-image-preview:large, max-video-preview:-1\" \/>\n<link rel=\"canonical\" href=\"https:\/\/www.ull.es\/portal\/noticias\/2016\/la-consejeria-de-\ufeff\ufeff\ufeffeconomia-busca-talento-innovador-en-las-universidades-para-la-tercera-temporada-de-demola-canarias\/\" \/>\n<meta property=\"og:locale\" content=\"es_ES\" \/>\n<meta property=\"og:type\" content=\"article\" \/>\n<meta property=\"og:title\" content=\"La Consejer\u00eda de \ufeff\ufeff\ufeffEconom\u00eda busca talento innovador en las universidades para la tercera temporada de DEMOLA Canarias - ULL - Noticias\" \/>\n<meta property=\"og:description\" content=\"La Consejer\u00eda de Econom\u00eda, Industria, Comercio y Conocimiento, a trav\u00e9s de la Agencia Canaria de Investigaci\u00f3n, Innovaci\u00f3n y Sociedad de...\" \/>\n<meta property=\"og:url\" content=\"https:\/\/www.ull.es\/portal\/noticias\/2016\/la-consejeria-de-\ufeff\ufeff\ufeffeconomia-busca-talento-innovador-en-las-universidades-para-la-tercera-temporada-de-demola-canarias\/\" \/>\n<meta property=\"og:site_name\" content=\"ULL - Noticias\" \/>\n<meta property=\"article:publisher\" content=\"https:\/\/www.facebook.com\/universidaddelalaguna\/\" \/>\n<meta property=\"article:published_time\" content=\"2016-09-23T08:42:14+00:00\" \/>\n<meta property=\"og:image\" content=\"https:\/\/www.ull.es\/portal\/noticias\/wp-content\/uploads\/sites\/13\/2016\/09\/demola1.png\" \/>\n\t<meta property=\"og:image:width\" content=\"5570\" \/>\n\t<meta property=\"og:image:height\" content=\"2924\" \/>\n\t<meta property=\"og:image:type\" content=\"image\/png\" \/>\n<meta name=\"author\" content=\"gaprsa\" \/>\n<meta name=\"twitter:card\" content=\"summary_large_image\" \/>\n<meta name=\"twitter:creator\" content=\"@CanalULL\" \/>\n<meta name=\"twitter:site\" content=\"@CanalULL\" \/>\n<meta name=\"twitter:label1\" content=\"Escrito por\" \/>\n\t<meta name=\"twitter:data1\" content=\"gaprsa\" \/>\n\t<meta name=\"twitter:label2\" content=\"Tiempo de lectura\" \/>\n\t<meta name=\"twitter:data2\" content=\"2 minutos\" \/>\n<script type=\"application\/ld+json\" class=\"yoast-schema-graph\">{\"@context\":\"https:\/\/schema.org\",\"@graph\":[{\"@type\":\"WebPage\",\"@id\":\"https:\/\/www.ull.es\/portal\/noticias\/2016\/la-consejeria-de-%ef%bb%bf%ef%bb%bf%ef%bb%bfeconomia-busca-talento-innovador-en-las-universidades-para-la-tercera-temporada-de-demola-canarias\/\",\"url\":\"https:\/\/www.ull.es\/portal\/noticias\/2016\/la-consejeria-de-%ef%bb%bf%ef%bb%bf%ef%bb%bfeconomia-busca-talento-innovador-en-las-universidades-para-la-tercera-temporada-de-demola-canarias\/\",\"name\":\"La Consejer\u00eda de \ufeff\ufeff\ufeffEconom\u00eda busca talento innovador en las universidades para la tercera temporada de DEMOLA Canarias - ULL - Noticias\",\"isPartOf\":{\"@id\":\"https:\/\/www.ull.es\/portal\/noticias\/#website\"},\"datePublished\":\"2016-09-23T08:42:14+00:00\",\"dateModified\":\"2016-09-23T08:42:14+00:00\",\"author\":{\"@id\":\"https:\/\/www.ull.es\/portal\/noticias\/#\/schema\/person\/b2b1a89d43ffa609e591f7df8ef3e817\"},\"breadcrumb\":{\"@id\":\"https:\/\/www.ull.es\/portal\/noticias\/2016\/la-consejeria-de-%ef%bb%bf%ef%bb%bf%ef%bb%bfeconomia-busca-talento-innovador-en-las-universidades-para-la-tercera-temporada-de-demola-canarias\/#breadcrumb\"},\"inLanguage\":\"es\",\"potentialAction\":[{\"@type\":\"ReadAction\",\"target\":[\"https:\/\/www.ull.es\/portal\/noticias\/2016\/la-consejeria-de-%ef%bb%bf%ef%bb%bf%ef%bb%bfeconomia-busca-talento-innovador-en-las-universidades-para-la-tercera-temporada-de-demola-canarias\/\"]}]},{\"@type\":\"BreadcrumbList\",\"@id\":\"https:\/\/www.ull.es\/portal\/noticias\/2016\/la-consejeria-de-%ef%bb%bf%ef%bb%bf%ef%bb%bfeconomia-busca-talento-innovador-en-las-universidades-para-la-tercera-temporada-de-demola-canarias\/#breadcrumb\",\"itemListElement\":[{\"@type\":\"ListItem\",\"position\":1,\"name\":\"Portada\",\"item\":\"https:\/\/www.ull.es\/portal\/noticias\/\"},{\"@type\":\"ListItem\",\"position\":2,\"name\":\"La Consejer\u00eda de \ufeff\ufeff\ufeffEconom\u00eda busca talento innovador en las universidades para la tercera temporada de DEMOLA Canarias\"}]},{\"@type\":\"WebSite\",\"@id\":\"https:\/\/www.ull.es\/portal\/noticias\/#website\",\"url\":\"https:\/\/www.ull.es\/portal\/noticias\/\",\"name\":\"ULL - Noticias\",\"description\":\"\",\"potentialAction\":[{\"@type\":\"SearchAction\",\"target\":{\"@type\":\"EntryPoint\",\"urlTemplate\":\"https:\/\/www.ull.es\/portal\/noticias\/?s={search_term_string}\"},\"query-input\":\"required name=search_term_string\"}],\"inLanguage\":\"es\"},{\"@type\":\"Person\",\"@id\":\"https:\/\/www.ull.es\/portal\/noticias\/#\/schema\/person\/b2b1a89d43ffa609e591f7df8ef3e817\",\"name\":\"gaprsa\",\"image\":{\"@type\":\"ImageObject\",\"inLanguage\":\"es\",\"@id\":\"https:\/\/www.ull.es\/portal\/noticias\/#\/schema\/person\/image\/\",\"url\":\"https:\/\/secure.gravatar.com\/avatar\/443820550921091458b4823867723b3d?s=96&d=mm&r=g\",\"contentUrl\":\"https:\/\/secure.gravatar.com\/avatar\/443820550921091458b4823867723b3d?s=96&d=mm&r=g\",\"caption\":\"gaprsa\"},\"url\":\"https:\/\/www.ull.es\/portal\/noticias\/author\/gaprsa\/\"}]}<\/script>\n<!-- \/ Yoast SEO plugin. -->","yoast_head_json":{"title":"La Consejer\u00eda de \ufeff\ufeff\ufeffEconom\u00eda busca talento innovador en las universidades para la tercera temporada de DEMOLA Canarias - ULL - Noticias","robots":{"index":"index","follow":"follow","max-snippet":"max-snippet:-1","max-image-preview":"max-image-preview:large","max-video-preview":"max-video-preview:-1"},"canonical":"https:\/\/www.ull.es\/portal\/noticias\/2016\/la-consejeria-de-\ufeff\ufeff\ufeffeconomia-busca-talento-innovador-en-las-universidades-para-la-tercera-temporada-de-demola-canarias\/","og_locale":"es_ES","og_type":"article","og_title":"La Consejer\u00eda de \ufeff\ufeff\ufeffEconom\u00eda busca talento innovador en las universidades para la tercera temporada de DEMOLA Canarias - ULL - Noticias","og_description":"La Consejer\u00eda de Econom\u00eda, Industria, Comercio y Conocimiento, a trav\u00e9s de la Agencia Canaria de Investigaci\u00f3n, Innovaci\u00f3n y Sociedad de...","og_url":"https:\/\/www.ull.es\/portal\/noticias\/2016\/la-consejeria-de-\ufeff\ufeff\ufeffeconomia-busca-talento-innovador-en-las-universidades-para-la-tercera-temporada-de-demola-canarias\/","og_site_name":"ULL - Noticias","article_publisher":"https:\/\/www.facebook.com\/universidaddelalaguna\/","article_published_time":"2016-09-23T08:42:14+00:00","og_image":[{"width":5570,"height":2924,"url":"https:\/\/www.ull.es\/portal\/noticias\/wp-content\/uploads\/sites\/13\/2016\/09\/demola1.png","type":"image\/png"}],"author":"gaprsa","twitter_card":"summary_large_image","twitter_creator":"@CanalULL","twitter_site":"@CanalULL","twitter_misc":{"Escrito por":"gaprsa","Tiempo de lectura":"2 minutos"},"schema":{"@context":"https:\/\/schema.org","@graph":[{"@type":"WebPage","@id":"https:\/\/www.ull.es\/portal\/noticias\/2016\/la-consejeria-de-%ef%bb%bf%ef%bb%bf%ef%bb%bfeconomia-busca-talento-innovador-en-las-universidades-para-la-tercera-temporada-de-demola-canarias\/","url":"https:\/\/www.ull.es\/portal\/noticias\/2016\/la-consejeria-de-%ef%bb%bf%ef%bb%bf%ef%bb%bfeconomia-busca-talento-innovador-en-las-universidades-para-la-tercera-temporada-de-demola-canarias\/","name":"La Consejer\u00eda de \ufeff\ufeff\ufeffEconom\u00eda busca talento innovador en las universidades para la tercera temporada de DEMOLA Canarias - ULL - Noticias","isPartOf":{"@id":"https:\/\/www.ull.es\/portal\/noticias\/#website"},"datePublished":"2016-09-23T08:42:14+00:00","dateModified":"2016-09-23T08:42:14+00:00","author":{"@id":"https:\/\/www.ull.es\/portal\/noticias\/#\/schema\/person\/b2b1a89d43ffa609e591f7df8ef3e817"},"breadcrumb":{"@id":"https:\/\/www.ull.es\/portal\/noticias\/2016\/la-consejeria-de-%ef%bb%bf%ef%bb%bf%ef%bb%bfeconomia-busca-talento-innovador-en-las-universidades-para-la-tercera-temporada-de-demola-canarias\/#breadcrumb"},"inLanguage":"es","potentialAction":[{"@type":"ReadAction","target":["https:\/\/www.ull.es\/portal\/noticias\/2016\/la-consejeria-de-%ef%bb%bf%ef%bb%bf%ef%bb%bfeconomia-busca-talento-innovador-en-las-universidades-para-la-tercera-temporada-de-demola-canarias\/"]}]},{"@type":"BreadcrumbList","@id":"https:\/\/www.ull.es\/portal\/noticias\/2016\/la-consejeria-de-%ef%bb%bf%ef%bb%bf%ef%bb%bfeconomia-busca-talento-innovador-en-las-universidades-para-la-tercera-temporada-de-demola-canarias\/#breadcrumb","itemListElement":[{"@type":"ListItem","position":1,"name":"Portada","item":"https:\/\/www.ull.es\/portal\/noticias\/"},{"@type":"ListItem","position":2,"name":"La Consejer\u00eda de \ufeff\ufeff\ufeffEconom\u00eda busca talento innovador en las universidades para la tercera temporada de DEMOLA Canarias"}]},{"@type":"WebSite","@id":"https:\/\/www.ull.es\/portal\/noticias\/#website","url":"https:\/\/www.ull.es\/portal\/noticias\/","name":"ULL - Noticias","description":"","potentialAction":[{"@type":"SearchAction","target":{"@type":"EntryPoint","urlTemplate":"https:\/\/www.ull.es\/portal\/noticias\/?s={search_term_string}"},"query-input":"required name=search_term_string"}],"inLanguage":"es"},{"@type":"Person","@id":"https:\/\/www.ull.es\/portal\/noticias\/#\/schema\/person\/b2b1a89d43ffa609e591f7df8ef3e817","name":"gaprsa","image":{"@type":"ImageObject","inLanguage":"es","@id":"https:\/\/www.ull.es\/portal\/noticias\/#\/schema\/person\/image\/","url":"https:\/\/secure.gravatar.com\/avatar\/443820550921091458b4823867723b3d?s=96&d=mm&r=g","contentUrl":"https:\/\/secure.gravatar.com\/avatar\/443820550921091458b4823867723b3d?s=96&d=mm&r=g","caption":"gaprsa"},"url":"https:\/\/www.ull.es\/portal\/noticias\/author\/gaprsa\/"}]}},"primary_category":null,"featured_image_thumbnail_url":"https:\/\/www.ull.es\/portal\/noticias\/wp-content\/uploads\/sites\/13\/2016\/09\/demola1-300x157.png","_links":{"self":[{"href":"https:\/\/www.ull.es\/portal\/noticias\/wp-json\/wp\/v2\/posts\/28643"}],"collection":[{"href":"https:\/\/www.ull.es\/portal\/noticias\/wp-json\/wp\/v2\/posts"}],"about":[{"href":"https:\/\/www.ull.es\/portal\/noticias\/wp-json\/wp\/v2\/types\/post"}],"author":[{"embeddable":true,"href":"https:\/\/www.ull.es\/portal\/noticias\/wp-json\/wp\/v2\/users\/23"}],"replies":[{"embeddable":true,"href":"https:\/\/www.ull.es\/portal\/noticias\/wp-json\/wp\/v2\/comments?post=28643"}],"version-history":[{"count":0,"href":"https:\/\/www.ull.es\/portal\/noticias\/wp-json\/wp\/v2\/posts\/28643\/revisions"}],"wp:featuredmedia":[{"embeddable":true,"href":"https:\/\/www.ull.es\/portal\/noticias\/wp-json\/wp\/v2\/media\/28645"}],"wp:attachment":[{"href":"https:\/\/www.ull.es\/portal\/noticias\/wp-json\/wp\/v2\/media?parent=28643"}],"wp:term":[{"taxonomy":"category","embeddable":true,"href":"https:\/\/www.ull.es\/portal\/noticias\/wp-json\/wp\/v2\/categories?post=28643"},{"taxonomy":"post_tag","embeddable":true,"href":"https:\/\/www.ull.es\/portal\/noticias\/wp-json\/wp\/v2\/tags?post=28643"}],"curies":[{"name":"wp","href":"https:\/\/api.w.org\/{rel}","templated":true}]}}