{"id":28682,"date":"2016-09-27T08:28:25","date_gmt":"2016-09-27T08:28:25","guid":{"rendered":"http:\/\/ddigital.webs.ull.es\/?p=28682"},"modified":"2016-09-27T08:28:25","modified_gmt":"2016-09-27T08:28:25","slug":"la-ull-colabora-en-la-obra-ganadora-del-premio-nacional-de-ediciones-universitarias-2015","status":"publish","type":"post","link":"https:\/\/www.ull.es\/portal\/noticias\/2016\/la-ull-colabora-en-la-obra-ganadora-del-premio-nacional-de-ediciones-universitarias-2015\/","title":{"rendered":"La ULL colabora en la obra ganadora del Premio Nacional de Ediciones Universitarias 2015"},"content":{"rendered":"<p>El libro <em>Incunabula Universitatis. Los incunables de las bibliotecas universitarias espa\u00f1olas<\/em>, editado por la universidad de Oviedo, ha recibido el Premio Nacional de Ediciones Universitarias 2015. En la elaboraci\u00f3n de esta monograf\u00eda han colaborado catorce autores de nueve instituciones acad\u00e9micas espa\u00f1olas, entre quienes se encuentra Paz Fern\u00e1ndez Palomeque, responsable del Fondo Antiguo de la Biblioteca de la Universidad de La Laguna.<\/p>\n<p>La obra presenta un completo estudio de las ricas colecciones que se conservan en las bibliotecas universitarias, que re\u00fanen 3.659 ediciones incunables (4.115 ejemplares). El estudio realiza el control bibliogr\u00e1fico y analiza la composici\u00f3n de la colecci\u00f3n de los primeros impresos europeos, muestra los ejemplares m\u00e1s relevantes por su rareza, ilustraci\u00f3n o encuadernaci\u00f3n e informa sobre sus distintas procedencias.<\/p>\n<p>Bajo el sello editorial de la Universidad de Oviedo, la edici\u00f3n de la obra estuvo a cargo del director de la biblioteca de dicho centro y presidente del \u00abGrupo de Patrimonio Bibliogr\u00e1fico\u00bb de REBIUN (Sectorial CRUE Red de Bibliotecas Universitarias), Ram\u00f3n Rodr\u00edguez \u00c1lvarez. El dise\u00f1o y la maquetaci\u00f3n de la obra corri\u00f3 a cargo de Manuel Fern\u00e1ndez.<\/p>\n<p>Desde su creaci\u00f3n, el Grupo de Patrimonio Bibliogr\u00e1fico de REBIUN, en el cual participa la ULL, se ha preocupado de dar a conocer las colecciones antiguas conservadas en las bibliotecas universitarias, a trav\u00e9s sobre todo de la organizaci\u00f3n de exposiciones, con sus respectivos cat\u00e1logos, y de la elaboraci\u00f3n de gu\u00edas de fondos. Esta nueva gu\u00eda de incunables viene a complementar a la <em>Gu\u00eda de Manuscritos en las Bibliotecas Universitarias Espa\u00f1olas<\/em>, publicada en 2008 por la Universidad de Castilla La Mancha.<\/p>\n<p>El tribunal encargado de fallar los premios estuvo compuesto por V\u00edctor Garc\u00eda de la Concha, director del Instituto Cervantes; Vicent Climent, rector de la Universitat Jaume I en representaci\u00f3n de la CRUE; Manuel Rodr\u00edguez Rivero, cr\u00edtico literario; Manuel Toharia, divulgador cient\u00edfico; Nuria Azancot, jefa de redacci\u00f3n de El Cultural de El Mundo; y Francisco Javier Rodr\u00edguez Marcos, responsable de Libros de Babelia (El Pa\u00eds).<\/p>\n<p>&nbsp;<\/p>\n","protected":false},"excerpt":{"rendered":"<p>El libro Incunabula Universitatis. Los incunables de las bibliotecas universitarias espa\u00f1olas, editado por la universidad de Oviedo, ha recibido el&#8230;<\/p>\n","protected":false},"author":23,"featured_media":28683,"comment_status":"open","ping_status":"open","sticky":false,"template":"","format":"standard","meta":{"inline_featured_image":false,"footnotes":""},"categories":[344,345,1],"tags":[2069,2386,2421,2527,2560],"acf":[],"yoast_head":"<!-- This site is optimized with the Yoast SEO plugin v21.3 - https:\/\/yoast.com\/wordpress\/plugins\/seo\/ -->\n<title>La ULL colabora en la obra ganadora del Premio Nacional de Ediciones Universitarias 2015 - ULL - Noticias<\/title>\n<meta name=\"robots\" content=\"index, follow, max-snippet:-1, max-image-preview:large, max-video-preview:-1\" \/>\n<link rel=\"canonical\" href=\"https:\/\/www.ull.es\/portal\/noticias\/2016\/la-ull-colabora-en-la-obra-ganadora-del-premio-nacional-de-ediciones-universitarias-2015\/\" \/>\n<meta property=\"og:locale\" content=\"es_ES\" \/>\n<meta property=\"og:type\" content=\"article\" \/>\n<meta property=\"og:title\" content=\"La ULL colabora en la obra ganadora del Premio Nacional de Ediciones Universitarias 2015 - ULL - Noticias\" \/>\n<meta property=\"og:description\" content=\"El libro Incunabula Universitatis. Los incunables de las bibliotecas universitarias espa\u00f1olas, editado por la universidad de Oviedo, ha recibido el...\" \/>\n<meta property=\"og:url\" content=\"https:\/\/www.ull.es\/portal\/noticias\/2016\/la-ull-colabora-en-la-obra-ganadora-del-premio-nacional-de-ediciones-universitarias-2015\/\" \/>\n<meta property=\"og:site_name\" content=\"ULL - Noticias\" \/>\n<meta property=\"article:publisher\" content=\"https:\/\/www.facebook.com\/universidaddelalaguna\/\" \/>\n<meta property=\"article:published_time\" content=\"2016-09-27T08:28:25+00:00\" \/>\n<meta property=\"og:image\" content=\"https:\/\/www.ull.es\/portal\/noticias\/wp-content\/uploads\/sites\/13\/2016\/09\/premio-nacional-ediciones-universitarias.jpg\" \/>\n\t<meta property=\"og:image:width\" content=\"799\" \/>\n\t<meta property=\"og:image:height\" content=\"1024\" \/>\n\t<meta property=\"og:image:type\" content=\"image\/jpeg\" \/>\n<meta name=\"author\" content=\"gaprsa\" \/>\n<meta name=\"twitter:card\" content=\"summary_large_image\" \/>\n<meta name=\"twitter:creator\" content=\"@CanalULL\" \/>\n<meta name=\"twitter:site\" content=\"@CanalULL\" \/>\n<meta name=\"twitter:label1\" content=\"Escrito por\" \/>\n\t<meta name=\"twitter:data1\" content=\"gaprsa\" \/>\n\t<meta name=\"twitter:label2\" content=\"Tiempo de lectura\" \/>\n\t<meta name=\"twitter:data2\" content=\"2 minutos\" \/>\n<script type=\"application\/ld+json\" class=\"yoast-schema-graph\">{\"@context\":\"https:\/\/schema.org\",\"@graph\":[{\"@type\":\"WebPage\",\"@id\":\"https:\/\/www.ull.es\/portal\/noticias\/2016\/la-ull-colabora-en-la-obra-ganadora-del-premio-nacional-de-ediciones-universitarias-2015\/\",\"url\":\"https:\/\/www.ull.es\/portal\/noticias\/2016\/la-ull-colabora-en-la-obra-ganadora-del-premio-nacional-de-ediciones-universitarias-2015\/\",\"name\":\"La ULL colabora en la obra ganadora del Premio Nacional de Ediciones Universitarias 2015 - ULL - Noticias\",\"isPartOf\":{\"@id\":\"https:\/\/www.ull.es\/portal\/noticias\/#website\"},\"datePublished\":\"2016-09-27T08:28:25+00:00\",\"dateModified\":\"2016-09-27T08:28:25+00:00\",\"author\":{\"@id\":\"https:\/\/www.ull.es\/portal\/noticias\/#\/schema\/person\/b2b1a89d43ffa609e591f7df8ef3e817\"},\"breadcrumb\":{\"@id\":\"https:\/\/www.ull.es\/portal\/noticias\/2016\/la-ull-colabora-en-la-obra-ganadora-del-premio-nacional-de-ediciones-universitarias-2015\/#breadcrumb\"},\"inLanguage\":\"es\",\"potentialAction\":[{\"@type\":\"ReadAction\",\"target\":[\"https:\/\/www.ull.es\/portal\/noticias\/2016\/la-ull-colabora-en-la-obra-ganadora-del-premio-nacional-de-ediciones-universitarias-2015\/\"]}]},{\"@type\":\"BreadcrumbList\",\"@id\":\"https:\/\/www.ull.es\/portal\/noticias\/2016\/la-ull-colabora-en-la-obra-ganadora-del-premio-nacional-de-ediciones-universitarias-2015\/#breadcrumb\",\"itemListElement\":[{\"@type\":\"ListItem\",\"position\":1,\"name\":\"Portada\",\"item\":\"https:\/\/www.ull.es\/portal\/noticias\/\"},{\"@type\":\"ListItem\",\"position\":2,\"name\":\"La ULL colabora en la obra ganadora del Premio Nacional de Ediciones Universitarias 2015\"}]},{\"@type\":\"WebSite\",\"@id\":\"https:\/\/www.ull.es\/portal\/noticias\/#website\",\"url\":\"https:\/\/www.ull.es\/portal\/noticias\/\",\"name\":\"ULL - Noticias\",\"description\":\"\",\"potentialAction\":[{\"@type\":\"SearchAction\",\"target\":{\"@type\":\"EntryPoint\",\"urlTemplate\":\"https:\/\/www.ull.es\/portal\/noticias\/?s={search_term_string}\"},\"query-input\":\"required name=search_term_string\"}],\"inLanguage\":\"es\"},{\"@type\":\"Person\",\"@id\":\"https:\/\/www.ull.es\/portal\/noticias\/#\/schema\/person\/b2b1a89d43ffa609e591f7df8ef3e817\",\"name\":\"gaprsa\",\"image\":{\"@type\":\"ImageObject\",\"inLanguage\":\"es\",\"@id\":\"https:\/\/www.ull.es\/portal\/noticias\/#\/schema\/person\/image\/\",\"url\":\"https:\/\/secure.gravatar.com\/avatar\/443820550921091458b4823867723b3d?s=96&d=mm&r=g\",\"contentUrl\":\"https:\/\/secure.gravatar.com\/avatar\/443820550921091458b4823867723b3d?s=96&d=mm&r=g\",\"caption\":\"gaprsa\"},\"url\":\"https:\/\/www.ull.es\/portal\/noticias\/author\/gaprsa\/\"}]}<\/script>\n<!-- \/ Yoast SEO plugin. -->","yoast_head_json":{"title":"La ULL colabora en la obra ganadora del Premio Nacional de Ediciones Universitarias 2015 - ULL - Noticias","robots":{"index":"index","follow":"follow","max-snippet":"max-snippet:-1","max-image-preview":"max-image-preview:large","max-video-preview":"max-video-preview:-1"},"canonical":"https:\/\/www.ull.es\/portal\/noticias\/2016\/la-ull-colabora-en-la-obra-ganadora-del-premio-nacional-de-ediciones-universitarias-2015\/","og_locale":"es_ES","og_type":"article","og_title":"La ULL colabora en la obra ganadora del Premio Nacional de Ediciones Universitarias 2015 - ULL - Noticias","og_description":"El libro Incunabula Universitatis. Los incunables de las bibliotecas universitarias espa\u00f1olas, editado por la universidad de Oviedo, ha recibido el...","og_url":"https:\/\/www.ull.es\/portal\/noticias\/2016\/la-ull-colabora-en-la-obra-ganadora-del-premio-nacional-de-ediciones-universitarias-2015\/","og_site_name":"ULL - Noticias","article_publisher":"https:\/\/www.facebook.com\/universidaddelalaguna\/","article_published_time":"2016-09-27T08:28:25+00:00","og_image":[{"width":799,"height":1024,"url":"https:\/\/www.ull.es\/portal\/noticias\/wp-content\/uploads\/sites\/13\/2016\/09\/premio-nacional-ediciones-universitarias.jpg","type":"image\/jpeg"}],"author":"gaprsa","twitter_card":"summary_large_image","twitter_creator":"@CanalULL","twitter_site":"@CanalULL","twitter_misc":{"Escrito por":"gaprsa","Tiempo de lectura":"2 minutos"},"schema":{"@context":"https:\/\/schema.org","@graph":[{"@type":"WebPage","@id":"https:\/\/www.ull.es\/portal\/noticias\/2016\/la-ull-colabora-en-la-obra-ganadora-del-premio-nacional-de-ediciones-universitarias-2015\/","url":"https:\/\/www.ull.es\/portal\/noticias\/2016\/la-ull-colabora-en-la-obra-ganadora-del-premio-nacional-de-ediciones-universitarias-2015\/","name":"La ULL colabora en la obra ganadora del Premio Nacional de Ediciones Universitarias 2015 - ULL - Noticias","isPartOf":{"@id":"https:\/\/www.ull.es\/portal\/noticias\/#website"},"datePublished":"2016-09-27T08:28:25+00:00","dateModified":"2016-09-27T08:28:25+00:00","author":{"@id":"https:\/\/www.ull.es\/portal\/noticias\/#\/schema\/person\/b2b1a89d43ffa609e591f7df8ef3e817"},"breadcrumb":{"@id":"https:\/\/www.ull.es\/portal\/noticias\/2016\/la-ull-colabora-en-la-obra-ganadora-del-premio-nacional-de-ediciones-universitarias-2015\/#breadcrumb"},"inLanguage":"es","potentialAction":[{"@type":"ReadAction","target":["https:\/\/www.ull.es\/portal\/noticias\/2016\/la-ull-colabora-en-la-obra-ganadora-del-premio-nacional-de-ediciones-universitarias-2015\/"]}]},{"@type":"BreadcrumbList","@id":"https:\/\/www.ull.es\/portal\/noticias\/2016\/la-ull-colabora-en-la-obra-ganadora-del-premio-nacional-de-ediciones-universitarias-2015\/#breadcrumb","itemListElement":[{"@type":"ListItem","position":1,"name":"Portada","item":"https:\/\/www.ull.es\/portal\/noticias\/"},{"@type":"ListItem","position":2,"name":"La ULL colabora en la obra ganadora del Premio Nacional de Ediciones Universitarias 2015"}]},{"@type":"WebSite","@id":"https:\/\/www.ull.es\/portal\/noticias\/#website","url":"https:\/\/www.ull.es\/portal\/noticias\/","name":"ULL - Noticias","description":"","potentialAction":[{"@type":"SearchAction","target":{"@type":"EntryPoint","urlTemplate":"https:\/\/www.ull.es\/portal\/noticias\/?s={search_term_string}"},"query-input":"required name=search_term_string"}],"inLanguage":"es"},{"@type":"Person","@id":"https:\/\/www.ull.es\/portal\/noticias\/#\/schema\/person\/b2b1a89d43ffa609e591f7df8ef3e817","name":"gaprsa","image":{"@type":"ImageObject","inLanguage":"es","@id":"https:\/\/www.ull.es\/portal\/noticias\/#\/schema\/person\/image\/","url":"https:\/\/secure.gravatar.com\/avatar\/443820550921091458b4823867723b3d?s=96&d=mm&r=g","contentUrl":"https:\/\/secure.gravatar.com\/avatar\/443820550921091458b4823867723b3d?s=96&d=mm&r=g","caption":"gaprsa"},"url":"https:\/\/www.ull.es\/portal\/noticias\/author\/gaprsa\/"}]}},"primary_category":null,"featured_image_thumbnail_url":"https:\/\/www.ull.es\/portal\/noticias\/wp-content\/uploads\/sites\/13\/2016\/09\/premio-nacional-ediciones-universitarias-234x300.jpg","_links":{"self":[{"href":"https:\/\/www.ull.es\/portal\/noticias\/wp-json\/wp\/v2\/posts\/28682"}],"collection":[{"href":"https:\/\/www.ull.es\/portal\/noticias\/wp-json\/wp\/v2\/posts"}],"about":[{"href":"https:\/\/www.ull.es\/portal\/noticias\/wp-json\/wp\/v2\/types\/post"}],"author":[{"embeddable":true,"href":"https:\/\/www.ull.es\/portal\/noticias\/wp-json\/wp\/v2\/users\/23"}],"replies":[{"embeddable":true,"href":"https:\/\/www.ull.es\/portal\/noticias\/wp-json\/wp\/v2\/comments?post=28682"}],"version-history":[{"count":0,"href":"https:\/\/www.ull.es\/portal\/noticias\/wp-json\/wp\/v2\/posts\/28682\/revisions"}],"wp:featuredmedia":[{"embeddable":true,"href":"https:\/\/www.ull.es\/portal\/noticias\/wp-json\/wp\/v2\/media\/28683"}],"wp:attachment":[{"href":"https:\/\/www.ull.es\/portal\/noticias\/wp-json\/wp\/v2\/media?parent=28682"}],"wp:term":[{"taxonomy":"category","embeddable":true,"href":"https:\/\/www.ull.es\/portal\/noticias\/wp-json\/wp\/v2\/categories?post=28682"},{"taxonomy":"post_tag","embeddable":true,"href":"https:\/\/www.ull.es\/portal\/noticias\/wp-json\/wp\/v2\/tags?post=28682"}],"curies":[{"name":"wp","href":"https:\/\/api.w.org\/{rel}","templated":true}]}}