{"id":28810,"date":"2016-10-06T12:47:20","date_gmt":"2016-10-06T12:47:20","guid":{"rendered":"http:\/\/ddigital.webs.ull.es\/?p=28810"},"modified":"2016-10-06T12:47:20","modified_gmt":"2016-10-06T12:47:20","slug":"alejandro-abrante-presento-al-publico-universitario-la-actividad-de-opera-de-tenerife","status":"publish","type":"post","link":"https:\/\/www.ull.es\/portal\/noticias\/2016\/alejandro-abrante-presento-al-publico-universitario-la-actividad-de-opera-de-tenerife\/","title":{"rendered":"Alejandro Abrante present\u00f3 al p\u00fablico universitario la actividad de \u00d3pera de Tenerife"},"content":{"rendered":"<p>Alejandro Abrante, intendente de \u00d3pera de Tenerife, ofreci\u00f3 hoy, jueves 6 de octubre en el Campus de Guajara de la Universidad de La Laguna, una conferencia dirigida especialmente al alumnado de la instituci\u00f3n en la que explic\u00f3 los vericuetos organizativos que conlleva la gesti\u00f3n de una programaci\u00f3n profesional de teatro l\u00edrico como la del auditorio tinerfe\u00f1o.<\/p>\n<p>El objetivo de esta charla era incentivar el inter\u00e9s del p\u00fablico m\u00e1s joven por la programaci\u00f3n de \u00d3pera de Tenerife. Por ello, tambi\u00e9n aprovech\u00f3 la ocasi\u00f3n para presentar el Abono Joven, disponible para menores de 26 a\u00f1os, que permite disfrutar de todos los t\u00edtulos de la temporada por solo 20 euros y, adem\u00e1s, ofrece otras ventajas exclusivas, como encuentros con artistas o visitas a zonas de montaje y escenograf\u00eda. Se puede solicitar en taquilla del auditorio o en el tel\u00e9fono 902 317 327, hasta el 27 de octubre.<\/p>\n<p>Adem\u00e1s, como parte de la promoci\u00f3n en la ULL del programa de \u00d3pera de Tenerife, durante la charla se record\u00f3 que el pr\u00f3ximo jueves 13 de octubre el Paraninfo acoger\u00e1 el recital l\u00edrico \u201cDon Pasquale. Donizetti\u201d, que sirve como medio para presentar el montaje de dicha \u00f3pera que se desarrollar\u00e1 del 27 al 30 de octubre en el Auditorio de Tenerife Ad\u00e1n Mart\u00edn.<\/p>\n","protected":false},"excerpt":{"rendered":"<p>Alejandro Abrante, intendente de \u00d3pera de Tenerife, ofreci\u00f3 hoy, jueves 6 de octubre en el Campus de Guajara de la&#8230;<\/p>\n","protected":false},"author":23,"featured_media":28813,"comment_status":"open","ping_status":"open","sticky":false,"template":"","format":"gallery","meta":{"inline_featured_image":false,"footnotes":""},"categories":[344,345,1],"tags":[438,876,1304,2014,2015,2047,2527,2560,2614],"acf":[],"yoast_head":"<!-- This site is optimized with the Yoast SEO plugin v21.3 - https:\/\/yoast.com\/wordpress\/plugins\/seo\/ -->\n<title>Alejandro Abrante present\u00f3 al p\u00fablico universitario la actividad de \u00d3pera de Tenerife - ULL - Noticias<\/title>\n<meta name=\"robots\" content=\"index, follow, max-snippet:-1, max-image-preview:large, max-video-preview:-1\" \/>\n<link rel=\"canonical\" href=\"https:\/\/www.ull.es\/portal\/noticias\/2016\/alejandro-abrante-presento-al-publico-universitario-la-actividad-de-opera-de-tenerife\/\" \/>\n<meta property=\"og:locale\" content=\"es_ES\" \/>\n<meta property=\"og:type\" content=\"article\" \/>\n<meta property=\"og:title\" content=\"Alejandro Abrante present\u00f3 al p\u00fablico universitario la actividad de \u00d3pera de Tenerife - ULL - Noticias\" \/>\n<meta property=\"og:description\" content=\"Alejandro Abrante, intendente de \u00d3pera de Tenerife, ofreci\u00f3 hoy, jueves 6 de octubre en el Campus de Guajara de la...\" \/>\n<meta property=\"og:url\" content=\"https:\/\/www.ull.es\/portal\/noticias\/2016\/alejandro-abrante-presento-al-publico-universitario-la-actividad-de-opera-de-tenerife\/\" \/>\n<meta property=\"og:site_name\" content=\"ULL - Noticias\" \/>\n<meta property=\"article:publisher\" content=\"https:\/\/www.facebook.com\/universidaddelalaguna\/\" \/>\n<meta property=\"article:published_time\" content=\"2016-10-06T12:47:20+00:00\" \/>\n<meta property=\"og:image\" content=\"https:\/\/www.ull.es\/portal\/noticias\/wp-content\/uploads\/sites\/13\/2016\/10\/conferencia-alejandro-abrante-opera-tenerife-2.jpg\" \/>\n\t<meta property=\"og:image:width\" content=\"1034\" \/>\n\t<meta property=\"og:image:height\" content=\"708\" \/>\n\t<meta property=\"og:image:type\" content=\"image\/jpeg\" \/>\n<meta name=\"author\" content=\"gaprsa\" \/>\n<meta name=\"twitter:card\" content=\"summary_large_image\" \/>\n<meta name=\"twitter:creator\" content=\"@CanalULL\" \/>\n<meta name=\"twitter:site\" content=\"@CanalULL\" \/>\n<meta name=\"twitter:label1\" content=\"Escrito por\" \/>\n\t<meta name=\"twitter:data1\" content=\"gaprsa\" \/>\n\t<meta name=\"twitter:label2\" content=\"Tiempo de lectura\" \/>\n\t<meta name=\"twitter:data2\" content=\"1 minuto\" \/>\n<script type=\"application\/ld+json\" class=\"yoast-schema-graph\">{\"@context\":\"https:\/\/schema.org\",\"@graph\":[{\"@type\":\"WebPage\",\"@id\":\"https:\/\/www.ull.es\/portal\/noticias\/2016\/alejandro-abrante-presento-al-publico-universitario-la-actividad-de-opera-de-tenerife\/\",\"url\":\"https:\/\/www.ull.es\/portal\/noticias\/2016\/alejandro-abrante-presento-al-publico-universitario-la-actividad-de-opera-de-tenerife\/\",\"name\":\"Alejandro Abrante present\u00f3 al p\u00fablico universitario la actividad de \u00d3pera de Tenerife - ULL - Noticias\",\"isPartOf\":{\"@id\":\"https:\/\/www.ull.es\/portal\/noticias\/#website\"},\"datePublished\":\"2016-10-06T12:47:20+00:00\",\"dateModified\":\"2016-10-06T12:47:20+00:00\",\"author\":{\"@id\":\"https:\/\/www.ull.es\/portal\/noticias\/#\/schema\/person\/b2b1a89d43ffa609e591f7df8ef3e817\"},\"breadcrumb\":{\"@id\":\"https:\/\/www.ull.es\/portal\/noticias\/2016\/alejandro-abrante-presento-al-publico-universitario-la-actividad-de-opera-de-tenerife\/#breadcrumb\"},\"inLanguage\":\"es\",\"potentialAction\":[{\"@type\":\"ReadAction\",\"target\":[\"https:\/\/www.ull.es\/portal\/noticias\/2016\/alejandro-abrante-presento-al-publico-universitario-la-actividad-de-opera-de-tenerife\/\"]}]},{\"@type\":\"BreadcrumbList\",\"@id\":\"https:\/\/www.ull.es\/portal\/noticias\/2016\/alejandro-abrante-presento-al-publico-universitario-la-actividad-de-opera-de-tenerife\/#breadcrumb\",\"itemListElement\":[{\"@type\":\"ListItem\",\"position\":1,\"name\":\"Portada\",\"item\":\"https:\/\/www.ull.es\/portal\/noticias\/\"},{\"@type\":\"ListItem\",\"position\":2,\"name\":\"Alejandro Abrante present\u00f3 al p\u00fablico universitario la actividad de \u00d3pera de Tenerife\"}]},{\"@type\":\"WebSite\",\"@id\":\"https:\/\/www.ull.es\/portal\/noticias\/#website\",\"url\":\"https:\/\/www.ull.es\/portal\/noticias\/\",\"name\":\"ULL - Noticias\",\"description\":\"\",\"potentialAction\":[{\"@type\":\"SearchAction\",\"target\":{\"@type\":\"EntryPoint\",\"urlTemplate\":\"https:\/\/www.ull.es\/portal\/noticias\/?s={search_term_string}\"},\"query-input\":\"required name=search_term_string\"}],\"inLanguage\":\"es\"},{\"@type\":\"Person\",\"@id\":\"https:\/\/www.ull.es\/portal\/noticias\/#\/schema\/person\/b2b1a89d43ffa609e591f7df8ef3e817\",\"name\":\"gaprsa\",\"image\":{\"@type\":\"ImageObject\",\"inLanguage\":\"es\",\"@id\":\"https:\/\/www.ull.es\/portal\/noticias\/#\/schema\/person\/image\/\",\"url\":\"https:\/\/secure.gravatar.com\/avatar\/443820550921091458b4823867723b3d?s=96&d=mm&r=g\",\"contentUrl\":\"https:\/\/secure.gravatar.com\/avatar\/443820550921091458b4823867723b3d?s=96&d=mm&r=g\",\"caption\":\"gaprsa\"},\"url\":\"https:\/\/www.ull.es\/portal\/noticias\/author\/gaprsa\/\"}]}<\/script>\n<!-- \/ Yoast SEO plugin. -->","yoast_head_json":{"title":"Alejandro Abrante present\u00f3 al p\u00fablico universitario la actividad de \u00d3pera de Tenerife - ULL - Noticias","robots":{"index":"index","follow":"follow","max-snippet":"max-snippet:-1","max-image-preview":"max-image-preview:large","max-video-preview":"max-video-preview:-1"},"canonical":"https:\/\/www.ull.es\/portal\/noticias\/2016\/alejandro-abrante-presento-al-publico-universitario-la-actividad-de-opera-de-tenerife\/","og_locale":"es_ES","og_type":"article","og_title":"Alejandro Abrante present\u00f3 al p\u00fablico universitario la actividad de \u00d3pera de Tenerife - ULL - Noticias","og_description":"Alejandro Abrante, intendente de \u00d3pera de Tenerife, ofreci\u00f3 hoy, jueves 6 de octubre en el Campus de Guajara de la...","og_url":"https:\/\/www.ull.es\/portal\/noticias\/2016\/alejandro-abrante-presento-al-publico-universitario-la-actividad-de-opera-de-tenerife\/","og_site_name":"ULL - Noticias","article_publisher":"https:\/\/www.facebook.com\/universidaddelalaguna\/","article_published_time":"2016-10-06T12:47:20+00:00","og_image":[{"width":1034,"height":708,"url":"https:\/\/www.ull.es\/portal\/noticias\/wp-content\/uploads\/sites\/13\/2016\/10\/conferencia-alejandro-abrante-opera-tenerife-2.jpg","type":"image\/jpeg"}],"author":"gaprsa","twitter_card":"summary_large_image","twitter_creator":"@CanalULL","twitter_site":"@CanalULL","twitter_misc":{"Escrito por":"gaprsa","Tiempo de lectura":"1 minuto"},"schema":{"@context":"https:\/\/schema.org","@graph":[{"@type":"WebPage","@id":"https:\/\/www.ull.es\/portal\/noticias\/2016\/alejandro-abrante-presento-al-publico-universitario-la-actividad-de-opera-de-tenerife\/","url":"https:\/\/www.ull.es\/portal\/noticias\/2016\/alejandro-abrante-presento-al-publico-universitario-la-actividad-de-opera-de-tenerife\/","name":"Alejandro Abrante present\u00f3 al p\u00fablico universitario la actividad de \u00d3pera de Tenerife - ULL - Noticias","isPartOf":{"@id":"https:\/\/www.ull.es\/portal\/noticias\/#website"},"datePublished":"2016-10-06T12:47:20+00:00","dateModified":"2016-10-06T12:47:20+00:00","author":{"@id":"https:\/\/www.ull.es\/portal\/noticias\/#\/schema\/person\/b2b1a89d43ffa609e591f7df8ef3e817"},"breadcrumb":{"@id":"https:\/\/www.ull.es\/portal\/noticias\/2016\/alejandro-abrante-presento-al-publico-universitario-la-actividad-de-opera-de-tenerife\/#breadcrumb"},"inLanguage":"es","potentialAction":[{"@type":"ReadAction","target":["https:\/\/www.ull.es\/portal\/noticias\/2016\/alejandro-abrante-presento-al-publico-universitario-la-actividad-de-opera-de-tenerife\/"]}]},{"@type":"BreadcrumbList","@id":"https:\/\/www.ull.es\/portal\/noticias\/2016\/alejandro-abrante-presento-al-publico-universitario-la-actividad-de-opera-de-tenerife\/#breadcrumb","itemListElement":[{"@type":"ListItem","position":1,"name":"Portada","item":"https:\/\/www.ull.es\/portal\/noticias\/"},{"@type":"ListItem","position":2,"name":"Alejandro Abrante present\u00f3 al p\u00fablico universitario la actividad de \u00d3pera de Tenerife"}]},{"@type":"WebSite","@id":"https:\/\/www.ull.es\/portal\/noticias\/#website","url":"https:\/\/www.ull.es\/portal\/noticias\/","name":"ULL - Noticias","description":"","potentialAction":[{"@type":"SearchAction","target":{"@type":"EntryPoint","urlTemplate":"https:\/\/www.ull.es\/portal\/noticias\/?s={search_term_string}"},"query-input":"required name=search_term_string"}],"inLanguage":"es"},{"@type":"Person","@id":"https:\/\/www.ull.es\/portal\/noticias\/#\/schema\/person\/b2b1a89d43ffa609e591f7df8ef3e817","name":"gaprsa","image":{"@type":"ImageObject","inLanguage":"es","@id":"https:\/\/www.ull.es\/portal\/noticias\/#\/schema\/person\/image\/","url":"https:\/\/secure.gravatar.com\/avatar\/443820550921091458b4823867723b3d?s=96&d=mm&r=g","contentUrl":"https:\/\/secure.gravatar.com\/avatar\/443820550921091458b4823867723b3d?s=96&d=mm&r=g","caption":"gaprsa"},"url":"https:\/\/www.ull.es\/portal\/noticias\/author\/gaprsa\/"}]}},"primary_category":null,"featured_image_thumbnail_url":"https:\/\/www.ull.es\/portal\/noticias\/wp-content\/uploads\/sites\/13\/2016\/10\/conferencia-alejandro-abrante-opera-tenerife-2-300x205.jpg","_links":{"self":[{"href":"https:\/\/www.ull.es\/portal\/noticias\/wp-json\/wp\/v2\/posts\/28810"}],"collection":[{"href":"https:\/\/www.ull.es\/portal\/noticias\/wp-json\/wp\/v2\/posts"}],"about":[{"href":"https:\/\/www.ull.es\/portal\/noticias\/wp-json\/wp\/v2\/types\/post"}],"author":[{"embeddable":true,"href":"https:\/\/www.ull.es\/portal\/noticias\/wp-json\/wp\/v2\/users\/23"}],"replies":[{"embeddable":true,"href":"https:\/\/www.ull.es\/portal\/noticias\/wp-json\/wp\/v2\/comments?post=28810"}],"version-history":[{"count":0,"href":"https:\/\/www.ull.es\/portal\/noticias\/wp-json\/wp\/v2\/posts\/28810\/revisions"}],"wp:featuredmedia":[{"embeddable":true,"href":"https:\/\/www.ull.es\/portal\/noticias\/wp-json\/wp\/v2\/media\/28813"}],"wp:attachment":[{"href":"https:\/\/www.ull.es\/portal\/noticias\/wp-json\/wp\/v2\/media?parent=28810"}],"wp:term":[{"taxonomy":"category","embeddable":true,"href":"https:\/\/www.ull.es\/portal\/noticias\/wp-json\/wp\/v2\/categories?post=28810"},{"taxonomy":"post_tag","embeddable":true,"href":"https:\/\/www.ull.es\/portal\/noticias\/wp-json\/wp\/v2\/tags?post=28810"}],"curies":[{"name":"wp","href":"https:\/\/api.w.org\/{rel}","templated":true}]}}