{"id":29073,"date":"2016-10-26T13:03:51","date_gmt":"2016-10-26T13:03:51","guid":{"rendered":"http:\/\/ddigital.webs.ull.es\/?p=29073"},"modified":"2016-10-26T13:03:51","modified_gmt":"2016-10-26T13:03:51","slug":"el-campus-de-guajara-acoge-la-iv-reunion-espanola-de-nucleos-activos-de-galaxias-en-tenerife-organizada-por-el-iac-y-la-red-de-infraestructuras-de-astronomia","status":"publish","type":"post","link":"https:\/\/www.ull.es\/portal\/noticias\/2016\/el-campus-de-guajara-acoge-la-iv-reunion-espanola-de-nucleos-activos-de-galaxias-en-tenerife-organizada-por-el-iac-y-la-red-de-infraestructuras-de-astronomia\/","title":{"rendered":"El Campus de guajara acoge la IV Reuni\u00f3n Espa\u00f1ola de N\u00facleos Activos de Galaxias en Tenerife, organizada por el IAC y la Red de Infraestructuras de Astronom\u00eda"},"content":{"rendered":"<p>Organizada por el Instituto de Astrof\u00edsica de Canarias (IAC) y la Red de Infraestructuras de Astronom\u00eda (RIA), el sal\u00f3n de actos del Campus de Guajara de la Universidad de La Laguna acoger\u00e1 los d\u00edas 27 y 28 de octubre la <a href=\"http:\/\/www.iac.es\/congreso\/AGNSpain2016\/\" target=\"_blank\" target=\"_blank\" rel=\"noopener\">IV Reuni\u00f3n Espa\u00f1ola de N\u00facleos Activos de Galaxias en Tenerife<\/a>. Su objetivo es reunir a cient\u00edficos espa\u00f1oles expertos en esta materia para presentar los \u00faltimos resultados, as\u00ed como debatir sobre los desaf\u00edos a los que se enfrenta y las capacidades tecnol\u00f3gicas e instrumentales para estudiar este campo de la Astrof\u00edsica.<\/p>\n<p>\u201cEn esta ocasi\u00f3n \u2013explica Jos\u00e9 Antonio Acosta Pulido, investigador del IAC y uno de los organizadores del encuentro-, la reuni\u00f3n tiene especial relevancia debido a que estamos en un momento en el que la comunidad espa\u00f1ola tendr\u00e1 pr\u00f3ximamente acceso a nueva instrumentaci\u00f3n instalada en el Gran Telescopio CANARIAS (GTC)\u2013<a href=\"http:\/\/www.gtc.iac.es\/instruments\/emir\/emir.php\" target=\"_blank\" rel=\"noopener\">EMIR<\/a>, <a href=\"http:\/\/www.gtc.iac.es\/instruments\/frida\/frida.php\" target=\"_blank\" rel=\"noopener\">FRIDA<\/a>, <a href=\"http:\/\/www.gtc.iac.es\/instruments\/megara\/megara.php\" target=\"_blank\" rel=\"noopener\">MEGARA<\/a> y <a href=\"http:\/\/www.gtc.iac.es\/instruments\/miradas\/miradas.php\" target=\"_blank\" rel=\"noopener\">MIRADAS<\/a>-, as\u00ed como aquella para\u00a0los observatorios espaciales ASTRON, <em>James Webb Space Telescope<\/em> (JWST), SPICA y\u00a0 ATHENA\u201d.<\/p>\n<p>Las presentaciones se organizar\u00e1n en charlas cortas, distribuidas en diferentes sesiones y dedicadas a ciertos temas, a las que se a\u00f1aden dos sesiones especiales con ponencias invitadas destinadas a revisar los avances en instrumentaci\u00f3n m\u00e1s relevantes para el estudio de los AGN. Para cubrir este aspecto, la Red de Infraestructuras de Astronom\u00eda (RIA) contribuye patrocinando y subvencionando los gastos de transporte de estudiantes de doctorado.<\/p>\n<p><strong>\u00bfQu\u00e9 es un AGN?<\/strong><\/p>\n<p>Una galaxia con n\u00facleo activo (AGN) es aquella que alberga en su centro un agujero negro muy masivo, m\u00e1s de un mill\u00f3n de veces la masa del Sol, que atrae y engulle el gas y el polvo de su alrededor, incluso algunas estrellas cercanas. Este material no cae directamente, sino que va rotando y cayendo lentamente, formando un disco de acreci\u00f3n en torno al agujero negro. Este proceso \u00a0tambi\u00e9n favorece la formaci\u00f3n de vientos muy energ\u00e9ticos y eyecciones en forma de chorros gigantescos de rayos X y rayos gamma, capaces de alcanzar largas distancias lejos del agujero negro, y retornando parte del gas y la energ\u00eda a la galaxia.<\/p>\n<p>Tambi\u00e9n se piensa que existe una estructura m\u00e1s externa que el disco ya mencionado, en forma de toroide o \u201crosquilla\u201d y que, seg\u00fan la orientaci\u00f3n de nuestra l\u00ednea de visi\u00f3n, puede impedir la observaci\u00f3n directa de lo que ocurre en la parte m\u00e1s interna y condicionar las caracter\u00edsticas de la luz que recibimos de ella. Aun as\u00ed, el tama\u00f1o de un n\u00facleo activo es tan compacto \u2013apenas unos pocos a\u00f1os-luz- que supone un reto para los astrof\u00edsicos resolver su estructura interna, incluso en los AGN m\u00e1s cercanos y usando grandes telescopios.<\/p>\n<p>La relevancia de estudiarlos radica en que diversas evidencias sugieren que todas las galaxias albergan un agujero negro muy masivo en su n\u00facleo y que el periodo de actividad nuclear es una fase por la que pasan las galaxias durante su formaci\u00f3n y evoluci\u00f3n. Cuando el proceso de acreci\u00f3n se detiene, el n\u00facleo de la galaxia se apaga, dejando en su centro un agujero negro inactivo, como ocurre en nuestra V\u00eda L\u00e1ctea.<\/p>\n<p>Esta\u00a0 reuni\u00f3n es la cuarta celebrada por el grupo de investigadores espa\u00f1oles de AGN, comunidad que ha ido creciendo, ampliando las cuestiones abordadas y consiguiendo mayor repercusi\u00f3n internacional con sus contribuciones.<\/p>\n<p>(Nota y fotos cedidas por el IAC)<\/p>\n","protected":false},"excerpt":{"rendered":"<p>Organizada por el Instituto de Astrof\u00edsica de Canarias (IAC) y la Red de Infraestructuras de Astronom\u00eda (RIA), el sal\u00f3n de&#8230;<\/p>\n","protected":false},"author":23,"featured_media":29074,"comment_status":"open","ping_status":"open","sticky":false,"template":"","format":"standard","meta":{"inline_featured_image":false,"footnotes":""},"categories":[345,350,1],"tags":[561,689,1454,2527,2560],"acf":[],"yoast_head":"<!-- This site is optimized with the Yoast SEO plugin v21.3 - https:\/\/yoast.com\/wordpress\/plugins\/seo\/ -->\n<title>El Campus de guajara acoge la IV Reuni\u00f3n Espa\u00f1ola de N\u00facleos Activos de Galaxias en Tenerife, organizada por el IAC y la Red de Infraestructuras de Astronom\u00eda - ULL - Noticias<\/title>\n<meta name=\"robots\" content=\"index, follow, max-snippet:-1, max-image-preview:large, max-video-preview:-1\" \/>\n<link rel=\"canonical\" href=\"https:\/\/www.ull.es\/portal\/noticias\/2016\/el-campus-de-guajara-acoge-la-iv-reunion-espanola-de-nucleos-activos-de-galaxias-en-tenerife-organizada-por-el-iac-y-la-red-de-infraestructuras-de-astronomia\/\" \/>\n<meta property=\"og:locale\" content=\"es_ES\" \/>\n<meta property=\"og:type\" content=\"article\" \/>\n<meta property=\"og:title\" content=\"El Campus de guajara acoge la IV Reuni\u00f3n Espa\u00f1ola de N\u00facleos Activos de Galaxias en Tenerife, organizada por el IAC y la Red de Infraestructuras de Astronom\u00eda - ULL - Noticias\" \/>\n<meta property=\"og:description\" content=\"Organizada por el Instituto de Astrof\u00edsica de Canarias (IAC) y la Red de Infraestructuras de Astronom\u00eda (RIA), el sal\u00f3n de...\" \/>\n<meta property=\"og:url\" content=\"https:\/\/www.ull.es\/portal\/noticias\/2016\/el-campus-de-guajara-acoge-la-iv-reunion-espanola-de-nucleos-activos-de-galaxias-en-tenerife-organizada-por-el-iac-y-la-red-de-infraestructuras-de-astronomia\/\" \/>\n<meta property=\"og:site_name\" content=\"ULL - Noticias\" \/>\n<meta property=\"article:publisher\" content=\"https:\/\/www.facebook.com\/universidaddelalaguna\/\" \/>\n<meta property=\"article:published_time\" content=\"2016-10-26T13:03:51+00:00\" \/>\n<meta property=\"og:image\" content=\"https:\/\/www.ull.es\/portal\/noticias\/wp-content\/uploads\/sites\/13\/2016\/10\/prensa1123_2252.jpg\" \/>\n\t<meta property=\"og:image:width\" content=\"650\" \/>\n\t<meta property=\"og:image:height\" content=\"520\" \/>\n\t<meta property=\"og:image:type\" content=\"image\/jpeg\" \/>\n<meta name=\"author\" content=\"gaprsa\" \/>\n<meta name=\"twitter:card\" content=\"summary_large_image\" \/>\n<meta name=\"twitter:creator\" content=\"@CanalULL\" \/>\n<meta name=\"twitter:site\" content=\"@CanalULL\" \/>\n<meta name=\"twitter:label1\" content=\"Escrito por\" \/>\n\t<meta name=\"twitter:data1\" content=\"gaprsa\" \/>\n\t<meta name=\"twitter:label2\" content=\"Tiempo de lectura\" \/>\n\t<meta name=\"twitter:data2\" content=\"3 minutos\" \/>\n<script type=\"application\/ld+json\" class=\"yoast-schema-graph\">{\"@context\":\"https:\/\/schema.org\",\"@graph\":[{\"@type\":\"WebPage\",\"@id\":\"https:\/\/www.ull.es\/portal\/noticias\/2016\/el-campus-de-guajara-acoge-la-iv-reunion-espanola-de-nucleos-activos-de-galaxias-en-tenerife-organizada-por-el-iac-y-la-red-de-infraestructuras-de-astronomia\/\",\"url\":\"https:\/\/www.ull.es\/portal\/noticias\/2016\/el-campus-de-guajara-acoge-la-iv-reunion-espanola-de-nucleos-activos-de-galaxias-en-tenerife-organizada-por-el-iac-y-la-red-de-infraestructuras-de-astronomia\/\",\"name\":\"El Campus de guajara acoge la IV Reuni\u00f3n Espa\u00f1ola de N\u00facleos Activos de Galaxias en Tenerife, organizada por el IAC y la Red de Infraestructuras de Astronom\u00eda - ULL - Noticias\",\"isPartOf\":{\"@id\":\"https:\/\/www.ull.es\/portal\/noticias\/#website\"},\"datePublished\":\"2016-10-26T13:03:51+00:00\",\"dateModified\":\"2016-10-26T13:03:51+00:00\",\"author\":{\"@id\":\"https:\/\/www.ull.es\/portal\/noticias\/#\/schema\/person\/b2b1a89d43ffa609e591f7df8ef3e817\"},\"breadcrumb\":{\"@id\":\"https:\/\/www.ull.es\/portal\/noticias\/2016\/el-campus-de-guajara-acoge-la-iv-reunion-espanola-de-nucleos-activos-de-galaxias-en-tenerife-organizada-por-el-iac-y-la-red-de-infraestructuras-de-astronomia\/#breadcrumb\"},\"inLanguage\":\"es\",\"potentialAction\":[{\"@type\":\"ReadAction\",\"target\":[\"https:\/\/www.ull.es\/portal\/noticias\/2016\/el-campus-de-guajara-acoge-la-iv-reunion-espanola-de-nucleos-activos-de-galaxias-en-tenerife-organizada-por-el-iac-y-la-red-de-infraestructuras-de-astronomia\/\"]}]},{\"@type\":\"BreadcrumbList\",\"@id\":\"https:\/\/www.ull.es\/portal\/noticias\/2016\/el-campus-de-guajara-acoge-la-iv-reunion-espanola-de-nucleos-activos-de-galaxias-en-tenerife-organizada-por-el-iac-y-la-red-de-infraestructuras-de-astronomia\/#breadcrumb\",\"itemListElement\":[{\"@type\":\"ListItem\",\"position\":1,\"name\":\"Portada\",\"item\":\"https:\/\/www.ull.es\/portal\/noticias\/\"},{\"@type\":\"ListItem\",\"position\":2,\"name\":\"El Campus de guajara acoge la IV Reuni\u00f3n Espa\u00f1ola de N\u00facleos Activos de Galaxias en Tenerife, organizada por el IAC y la Red de Infraestructuras de Astronom\u00eda\"}]},{\"@type\":\"WebSite\",\"@id\":\"https:\/\/www.ull.es\/portal\/noticias\/#website\",\"url\":\"https:\/\/www.ull.es\/portal\/noticias\/\",\"name\":\"ULL - Noticias\",\"description\":\"\",\"potentialAction\":[{\"@type\":\"SearchAction\",\"target\":{\"@type\":\"EntryPoint\",\"urlTemplate\":\"https:\/\/www.ull.es\/portal\/noticias\/?s={search_term_string}\"},\"query-input\":\"required name=search_term_string\"}],\"inLanguage\":\"es\"},{\"@type\":\"Person\",\"@id\":\"https:\/\/www.ull.es\/portal\/noticias\/#\/schema\/person\/b2b1a89d43ffa609e591f7df8ef3e817\",\"name\":\"gaprsa\",\"image\":{\"@type\":\"ImageObject\",\"inLanguage\":\"es\",\"@id\":\"https:\/\/www.ull.es\/portal\/noticias\/#\/schema\/person\/image\/\",\"url\":\"https:\/\/secure.gravatar.com\/avatar\/443820550921091458b4823867723b3d?s=96&d=mm&r=g\",\"contentUrl\":\"https:\/\/secure.gravatar.com\/avatar\/443820550921091458b4823867723b3d?s=96&d=mm&r=g\",\"caption\":\"gaprsa\"},\"url\":\"https:\/\/www.ull.es\/portal\/noticias\/author\/gaprsa\/\"}]}<\/script>\n<!-- \/ Yoast SEO plugin. -->","yoast_head_json":{"title":"El Campus de guajara acoge la IV Reuni\u00f3n Espa\u00f1ola de N\u00facleos Activos de Galaxias en Tenerife, organizada por el IAC y la Red de Infraestructuras de Astronom\u00eda - ULL - Noticias","robots":{"index":"index","follow":"follow","max-snippet":"max-snippet:-1","max-image-preview":"max-image-preview:large","max-video-preview":"max-video-preview:-1"},"canonical":"https:\/\/www.ull.es\/portal\/noticias\/2016\/el-campus-de-guajara-acoge-la-iv-reunion-espanola-de-nucleos-activos-de-galaxias-en-tenerife-organizada-por-el-iac-y-la-red-de-infraestructuras-de-astronomia\/","og_locale":"es_ES","og_type":"article","og_title":"El Campus de guajara acoge la IV Reuni\u00f3n Espa\u00f1ola de N\u00facleos Activos de Galaxias en Tenerife, organizada por el IAC y la Red de Infraestructuras de Astronom\u00eda - ULL - Noticias","og_description":"Organizada por el Instituto de Astrof\u00edsica de Canarias (IAC) y la Red de Infraestructuras de Astronom\u00eda (RIA), el sal\u00f3n de...","og_url":"https:\/\/www.ull.es\/portal\/noticias\/2016\/el-campus-de-guajara-acoge-la-iv-reunion-espanola-de-nucleos-activos-de-galaxias-en-tenerife-organizada-por-el-iac-y-la-red-de-infraestructuras-de-astronomia\/","og_site_name":"ULL - Noticias","article_publisher":"https:\/\/www.facebook.com\/universidaddelalaguna\/","article_published_time":"2016-10-26T13:03:51+00:00","og_image":[{"width":650,"height":520,"url":"https:\/\/www.ull.es\/portal\/noticias\/wp-content\/uploads\/sites\/13\/2016\/10\/prensa1123_2252.jpg","type":"image\/jpeg"}],"author":"gaprsa","twitter_card":"summary_large_image","twitter_creator":"@CanalULL","twitter_site":"@CanalULL","twitter_misc":{"Escrito por":"gaprsa","Tiempo de lectura":"3 minutos"},"schema":{"@context":"https:\/\/schema.org","@graph":[{"@type":"WebPage","@id":"https:\/\/www.ull.es\/portal\/noticias\/2016\/el-campus-de-guajara-acoge-la-iv-reunion-espanola-de-nucleos-activos-de-galaxias-en-tenerife-organizada-por-el-iac-y-la-red-de-infraestructuras-de-astronomia\/","url":"https:\/\/www.ull.es\/portal\/noticias\/2016\/el-campus-de-guajara-acoge-la-iv-reunion-espanola-de-nucleos-activos-de-galaxias-en-tenerife-organizada-por-el-iac-y-la-red-de-infraestructuras-de-astronomia\/","name":"El Campus de guajara acoge la IV Reuni\u00f3n Espa\u00f1ola de N\u00facleos Activos de Galaxias en Tenerife, organizada por el IAC y la Red de Infraestructuras de Astronom\u00eda - ULL - Noticias","isPartOf":{"@id":"https:\/\/www.ull.es\/portal\/noticias\/#website"},"datePublished":"2016-10-26T13:03:51+00:00","dateModified":"2016-10-26T13:03:51+00:00","author":{"@id":"https:\/\/www.ull.es\/portal\/noticias\/#\/schema\/person\/b2b1a89d43ffa609e591f7df8ef3e817"},"breadcrumb":{"@id":"https:\/\/www.ull.es\/portal\/noticias\/2016\/el-campus-de-guajara-acoge-la-iv-reunion-espanola-de-nucleos-activos-de-galaxias-en-tenerife-organizada-por-el-iac-y-la-red-de-infraestructuras-de-astronomia\/#breadcrumb"},"inLanguage":"es","potentialAction":[{"@type":"ReadAction","target":["https:\/\/www.ull.es\/portal\/noticias\/2016\/el-campus-de-guajara-acoge-la-iv-reunion-espanola-de-nucleos-activos-de-galaxias-en-tenerife-organizada-por-el-iac-y-la-red-de-infraestructuras-de-astronomia\/"]}]},{"@type":"BreadcrumbList","@id":"https:\/\/www.ull.es\/portal\/noticias\/2016\/el-campus-de-guajara-acoge-la-iv-reunion-espanola-de-nucleos-activos-de-galaxias-en-tenerife-organizada-por-el-iac-y-la-red-de-infraestructuras-de-astronomia\/#breadcrumb","itemListElement":[{"@type":"ListItem","position":1,"name":"Portada","item":"https:\/\/www.ull.es\/portal\/noticias\/"},{"@type":"ListItem","position":2,"name":"El Campus de guajara acoge la IV Reuni\u00f3n Espa\u00f1ola de N\u00facleos Activos de Galaxias en Tenerife, organizada por el IAC y la Red de Infraestructuras de Astronom\u00eda"}]},{"@type":"WebSite","@id":"https:\/\/www.ull.es\/portal\/noticias\/#website","url":"https:\/\/www.ull.es\/portal\/noticias\/","name":"ULL - Noticias","description":"","potentialAction":[{"@type":"SearchAction","target":{"@type":"EntryPoint","urlTemplate":"https:\/\/www.ull.es\/portal\/noticias\/?s={search_term_string}"},"query-input":"required name=search_term_string"}],"inLanguage":"es"},{"@type":"Person","@id":"https:\/\/www.ull.es\/portal\/noticias\/#\/schema\/person\/b2b1a89d43ffa609e591f7df8ef3e817","name":"gaprsa","image":{"@type":"ImageObject","inLanguage":"es","@id":"https:\/\/www.ull.es\/portal\/noticias\/#\/schema\/person\/image\/","url":"https:\/\/secure.gravatar.com\/avatar\/443820550921091458b4823867723b3d?s=96&d=mm&r=g","contentUrl":"https:\/\/secure.gravatar.com\/avatar\/443820550921091458b4823867723b3d?s=96&d=mm&r=g","caption":"gaprsa"},"url":"https:\/\/www.ull.es\/portal\/noticias\/author\/gaprsa\/"}]}},"primary_category":null,"featured_image_thumbnail_url":"https:\/\/www.ull.es\/portal\/noticias\/wp-content\/uploads\/sites\/13\/2016\/10\/prensa1123_2252-300x240.jpg","_links":{"self":[{"href":"https:\/\/www.ull.es\/portal\/noticias\/wp-json\/wp\/v2\/posts\/29073"}],"collection":[{"href":"https:\/\/www.ull.es\/portal\/noticias\/wp-json\/wp\/v2\/posts"}],"about":[{"href":"https:\/\/www.ull.es\/portal\/noticias\/wp-json\/wp\/v2\/types\/post"}],"author":[{"embeddable":true,"href":"https:\/\/www.ull.es\/portal\/noticias\/wp-json\/wp\/v2\/users\/23"}],"replies":[{"embeddable":true,"href":"https:\/\/www.ull.es\/portal\/noticias\/wp-json\/wp\/v2\/comments?post=29073"}],"version-history":[{"count":0,"href":"https:\/\/www.ull.es\/portal\/noticias\/wp-json\/wp\/v2\/posts\/29073\/revisions"}],"wp:featuredmedia":[{"embeddable":true,"href":"https:\/\/www.ull.es\/portal\/noticias\/wp-json\/wp\/v2\/media\/29074"}],"wp:attachment":[{"href":"https:\/\/www.ull.es\/portal\/noticias\/wp-json\/wp\/v2\/media?parent=29073"}],"wp:term":[{"taxonomy":"category","embeddable":true,"href":"https:\/\/www.ull.es\/portal\/noticias\/wp-json\/wp\/v2\/categories?post=29073"},{"taxonomy":"post_tag","embeddable":true,"href":"https:\/\/www.ull.es\/portal\/noticias\/wp-json\/wp\/v2\/tags?post=29073"}],"curies":[{"name":"wp","href":"https:\/\/api.w.org\/{rel}","templated":true}]}}